{"id":6587,"date":"2024-06-21T18:16:56","date_gmt":"2024-06-21T18:16:56","guid":{"rendered":"https:\/\/challengeseconomiques.com\/?p=6587"},"modified":"2024-06-21T18:17:23","modified_gmt":"2024-06-21T18:17:23","slug":"le-cnc-acte-officiellement-les-nouveaux-prix-de-certaines-denrees","status":"publish","type":"post","link":"https:\/\/challengeseconomiques.com\/?p=6587","title":{"rendered":"Le CNC acte officiellement les nouveaux prix de certaines denr\u00e9es"},"content":{"rendered":"<p>Notons que ces annonces font suite aux directives du Pr\u00e9sident de la R\u00e9publique, Bassirou Diomaye Faye et sous l\u2019autorit\u00e9 du Premier Ministre, Ousmane Sonko, qui avaient fait part de leur v\u0153u de baisser les prix de certaines denr\u00e9es de premi\u00e8re n\u00e9cessit\u00e9, afin de soulager les consommateurs s\u00e9n\u00e9galais, qui ont beaucoup souffert du co\u00fbt \u00e9lev\u00e9 de la vie.<\/p>\n<p>Les administrations, des op\u00e9rateurs \u00e9conomiques ont tenu des r\u00e9unions, pour convenir de la baisse des prix de l\u2019huile de palme, du sucre cristallis\u00e9, du riz bris\u00e9 ordinaire, de la farine de bl\u00e9, du pain et du ciment, annonce un communiqu\u00e9.<\/p>\n<p>Ainsi, pour ce qui concerne l\u2019huile raffin\u00e9e, le prix du bidon de 20 litres va d\u00e9sormais revenir aux consommateurs s\u00e9n\u00e9galais \u00e0 18 500 francs CFA. Le prix en gros est arr\u00eat\u00e9 \u00e0 17 750 francs CFA alors que le demi-gros est \u00e0 19 000 francs CFA et le prix de la bouteille de un litre est \u00e0 1000 francs CFA.<\/p>\n<p>A propos du riz bris\u00e9 ordinaire, les nouveaux tarifs fixent le prix du kilogramme \u00e0 410 francs CFA et celui du sucre \u00e0 600 francs CFA au lieu de 650 francs CFA. Pr\u00e9cisons que pour ce qui est du sucre cristallis\u00e9 produit g\u00e9n\u00e9ralement \u00e0 Richard Toll, le prix de la tonne est fix\u00e9 \u00e0 558\u00a0000 francs CFA, pour le sucre import\u00e9, le prix de gros sera 566\u00a0000 francs CFA, le demi gros \u00e0 557\u00a0000 francs CFA.<\/p>\n<p>En ce qui concerne le prix de la farine de bl\u00e9 du boulanger de type 55, le communiqu\u00e9 note qu\u2019il est maintenant fix\u00e9 \u00e0 15 200 francs CFA le sac de 50 kilogrammes, ce qui a comme cons\u00e9quence une baisse not\u00e9e sur le prix de la baguette, qui passe notamment de 175 francs CFA \u00e0 150 francs CFA, soit une baisse de 25 francs CFA.<\/p>\n<p>La baisse des prix concerne aussi le ciment dont le prix exclusif est d\u00e9sormais de 66 000 francs CFA la tonne. Le prix au distributeur est fix\u00e9 \u00e0 71\u00a0000 francs CFA la tonne. Quant au prix du sac, il\u00a0 va d\u00e9sormais passer \u00e0 3 550 francs CFA.<\/p>\n<p>Pour rappel, ces mesures d\u2019all\u00e8gement du panier de la m\u00e9nag\u00e8re ont n\u00e9cessit\u00e9 une enveloppe de 53,7 milliards de francs CFA d\u00e9gag\u00e9e par le gouvernement.<\/p>\n","protected":false},"excerpt":{"rendered":"<p>Notons que ces annonces font suite aux directives du Pr\u00e9sident de la R\u00e9publique, Bassirou Diomaye Faye et sous l\u2019autorit\u00e9 du Premier Ministre, Ousmane Sonko, qui&#8230;<\/p>\n","protected":false},"author":1,"featured_media":6588,"comment_status":"closed","ping_status":"open","sticky":false,"template":"","format":"standard","meta":{"_jetpack_memberships_contains_paid_content":false,"footnotes":""},"categories":[23,8],"tags":[],"class_list":["post-6587","post","type-post","status-publish","format-standard","has-post-thumbnail","hentry","category-a-la-une","category-actualite-economique","wpcat-23-id","wpcat-8-id"],"yoast_head":"<!-- This site is optimized with the Yoast SEO plugin v27.1.1 - https:\/\/yoast.com\/product\/yoast-seo-wordpress\/ -->\n<title>Le CNC acte officiellement les nouveaux prix de certaines denr\u00e9es - challenges economiques<\/title>\n<meta name=\"robots\" content=\"index, follow, max-snippet:-1, max-image-preview:large, max-video-preview:-1\" \/>\n<link rel=\"canonical\" href=\"https:\/\/challengeseconomiques.com\/?p=6587\" \/>\n<meta property=\"og:locale\" content=\"fr_FR\" \/>\n<meta property=\"og:type\" content=\"article\" \/>\n<meta property=\"og:title\" content=\"Le CNC acte officiellement les nouveaux prix de certaines denr\u00e9es - challenges economiques\" \/>\n<meta property=\"og:description\" content=\"Notons que ces annonces font suite aux directives du Pr\u00e9sident de la R\u00e9publique, Bassirou Diomaye Faye et sous l\u2019autorit\u00e9 du Premier Ministre, Ousmane Sonko, qui...\" \/>\n<meta property=\"og:url\" content=\"https:\/\/challengeseconomiques.com\/?p=6587\" \/>\n<meta property=\"og:site_name\" content=\"challenges economiques\" \/>\n<meta property=\"article:published_time\" content=\"2024-06-21T18:16:56+00:00\" \/>\n<meta property=\"article:modified_time\" content=\"2024-06-21T18:17:23+00:00\" \/>\n<meta property=\"og:image\" content=\"https:\/\/challengeseconomiques.com\/wp-content\/uploads\/2024\/06\/denrees.jpg\" \/>\n\t<meta property=\"og:image:width\" content=\"480\" \/>\n\t<meta property=\"og:image:height\" content=\"360\" \/>\n\t<meta property=\"og:image:type\" content=\"image\/jpeg\" \/>\n<meta name=\"author\" content=\"admin\" \/>\n<meta name=\"twitter:card\" content=\"summary_large_image\" \/>\n<meta name=\"twitter:label1\" content=\"\u00c9crit par\" \/>\n\t<meta name=\"twitter:data1\" content=\"admin\" \/>\n\t<meta name=\"twitter:label2\" content=\"Dur\u00e9e de lecture estim\u00e9e\" \/>\n\t<meta name=\"twitter:data2\" content=\"2 minutes\" \/>\n<script type=\"application\/ld+json\" class=\"yoast-schema-graph\">{\"@context\":\"https:\/\/schema.org\",\"@graph\":[{\"@type\":\"Article\",\"@id\":\"https:\/\/challengeseconomiques.com\/?p=6587#article\",\"isPartOf\":{\"@id\":\"https:\/\/challengeseconomiques.com\/?p=6587\"},\"author\":{\"name\":\"admin\",\"@id\":\"https:\/\/challengeseconomiques.com\/#\/schema\/person\/b4568c9afebc5a9238a771873801e349\"},\"headline\":\"Le CNC acte officiellement les nouveaux prix de certaines denr\u00e9es\",\"datePublished\":\"2024-06-21T18:16:56+00:00\",\"dateModified\":\"2024-06-21T18:17:23+00:00\",\"mainEntityOfPage\":{\"@id\":\"https:\/\/challengeseconomiques.com\/?p=6587\"},\"wordCount\":374,\"image\":{\"@id\":\"https:\/\/challengeseconomiques.com\/?p=6587#primaryimage\"},\"thumbnailUrl\":\"https:\/\/challengeseconomiques.com\/wp-content\/uploads\/2024\/06\/denrees.jpg\",\"articleSection\":[\"A la une\",\"Actualit\u00e9 \u00e9conomique\"],\"inLanguage\":\"fr-FR\"},{\"@type\":\"WebPage\",\"@id\":\"https:\/\/challengeseconomiques.com\/?p=6587\",\"url\":\"https:\/\/challengeseconomiques.com\/?p=6587\",\"name\":\"Le CNC acte officiellement les nouveaux prix de certaines denr\u00e9es - challenges economiques\",\"isPartOf\":{\"@id\":\"https:\/\/challengeseconomiques.com\/#website\"},\"primaryImageOfPage\":{\"@id\":\"https:\/\/challengeseconomiques.com\/?p=6587#primaryimage\"},\"image\":{\"@id\":\"https:\/\/challengeseconomiques.com\/?p=6587#primaryimage\"},\"thumbnailUrl\":\"https:\/\/challengeseconomiques.com\/wp-content\/uploads\/2024\/06\/denrees.jpg\",\"datePublished\":\"2024-06-21T18:16:56+00:00\",\"dateModified\":\"2024-06-21T18:17:23+00:00\",\"author\":{\"@id\":\"https:\/\/challengeseconomiques.com\/#\/schema\/person\/b4568c9afebc5a9238a771873801e349\"},\"breadcrumb\":{\"@id\":\"https:\/\/challengeseconomiques.com\/?p=6587#breadcrumb\"},\"inLanguage\":\"fr-FR\",\"potentialAction\":[{\"@type\":\"ReadAction\",\"target\":[\"https:\/\/challengeseconomiques.com\/?p=6587\"]}]},{\"@type\":\"ImageObject\",\"inLanguage\":\"fr-FR\",\"@id\":\"https:\/\/challengeseconomiques.com\/?p=6587#primaryimage\",\"url\":\"https:\/\/challengeseconomiques.com\/wp-content\/uploads\/2024\/06\/denrees.jpg\",\"contentUrl\":\"https:\/\/challengeseconomiques.com\/wp-content\/uploads\/2024\/06\/denrees.jpg\",\"width\":480,\"height\":360},{\"@type\":\"BreadcrumbList\",\"@id\":\"https:\/\/challengeseconomiques.com\/?p=6587#breadcrumb\",\"itemListElement\":[{\"@type\":\"ListItem\",\"position\":1,\"name\":\"Home\",\"item\":\"https:\/\/challengeseconomiques.com\/\"},{\"@type\":\"ListItem\",\"position\":2,\"name\":\"Le CNC acte officiellement les nouveaux prix de certaines denr\u00e9es\"}]},{\"@type\":\"WebSite\",\"@id\":\"https:\/\/challengeseconomiques.com\/#website\",\"url\":\"https:\/\/challengeseconomiques.com\/\",\"name\":\"challenges economiques\",\"description\":\"\",\"potentialAction\":[{\"@type\":\"SearchAction\",\"target\":{\"@type\":\"EntryPoint\",\"urlTemplate\":\"https:\/\/challengeseconomiques.com\/?s={search_term_string}\"},\"query-input\":{\"@type\":\"PropertyValueSpecification\",\"valueRequired\":true,\"valueName\":\"search_term_string\"}}],\"inLanguage\":\"fr-FR\"},{\"@type\":\"Person\",\"@id\":\"https:\/\/challengeseconomiques.com\/#\/schema\/person\/b4568c9afebc5a9238a771873801e349\",\"name\":\"admin\",\"image\":{\"@type\":\"ImageObject\",\"inLanguage\":\"fr-FR\",\"@id\":\"https:\/\/challengeseconomiques.com\/#\/schema\/person\/image\/\",\"url\":\"https:\/\/secure.gravatar.com\/avatar\/099e42240b5eea11acdb72751fcce0dd918603f0749d24974b7984ea47ed9fd9?s=96&d=mm&r=g\",\"contentUrl\":\"https:\/\/secure.gravatar.com\/avatar\/099e42240b5eea11acdb72751fcce0dd918603f0749d24974b7984ea47ed9fd9?s=96&d=mm&r=g\",\"caption\":\"admin\"},\"sameAs\":[\"https:\/\/challengeseconomiques.com\"],\"url\":\"https:\/\/challengeseconomiques.com\/?author=1\"}]}<\/script>\n<!-- \/ Yoast SEO plugin. -->","yoast_head_json":{"title":"Le CNC acte officiellement les nouveaux prix de certaines denr\u00e9es - challenges economiques","robots":{"index":"index","follow":"follow","max-snippet":"max-snippet:-1","max-image-preview":"max-image-preview:large","max-video-preview":"max-video-preview:-1"},"canonical":"https:\/\/challengeseconomiques.com\/?p=6587","og_locale":"fr_FR","og_type":"article","og_title":"Le CNC acte officiellement les nouveaux prix de certaines denr\u00e9es - challenges economiques","og_description":"Notons que ces annonces font suite aux directives du Pr\u00e9sident de la R\u00e9publique, Bassirou Diomaye Faye et sous l\u2019autorit\u00e9 du Premier Ministre, Ousmane Sonko, qui...","og_url":"https:\/\/challengeseconomiques.com\/?p=6587","og_site_name":"challenges economiques","article_published_time":"2024-06-21T18:16:56+00:00","article_modified_time":"2024-06-21T18:17:23+00:00","og_image":[{"width":480,"height":360,"url":"https:\/\/challengeseconomiques.com\/wp-content\/uploads\/2024\/06\/denrees.jpg","type":"image\/jpeg"}],"author":"admin","twitter_card":"summary_large_image","twitter_misc":{"\u00c9crit par":"admin","Dur\u00e9e de lecture estim\u00e9e":"2 minutes"},"schema":{"@context":"https:\/\/schema.org","@graph":[{"@type":"Article","@id":"https:\/\/challengeseconomiques.com\/?p=6587#article","isPartOf":{"@id":"https:\/\/challengeseconomiques.com\/?p=6587"},"author":{"name":"admin","@id":"https:\/\/challengeseconomiques.com\/#\/schema\/person\/b4568c9afebc5a9238a771873801e349"},"headline":"Le CNC acte officiellement les nouveaux prix de certaines denr\u00e9es","datePublished":"2024-06-21T18:16:56+00:00","dateModified":"2024-06-21T18:17:23+00:00","mainEntityOfPage":{"@id":"https:\/\/challengeseconomiques.com\/?p=6587"},"wordCount":374,"image":{"@id":"https:\/\/challengeseconomiques.com\/?p=6587#primaryimage"},"thumbnailUrl":"https:\/\/challengeseconomiques.com\/wp-content\/uploads\/2024\/06\/denrees.jpg","articleSection":["A la une","Actualit\u00e9 \u00e9conomique"],"inLanguage":"fr-FR"},{"@type":"WebPage","@id":"https:\/\/challengeseconomiques.com\/?p=6587","url":"https:\/\/challengeseconomiques.com\/?p=6587","name":"Le CNC acte officiellement les nouveaux prix de certaines denr\u00e9es - challenges economiques","isPartOf":{"@id":"https:\/\/challengeseconomiques.com\/#website"},"primaryImageOfPage":{"@id":"https:\/\/challengeseconomiques.com\/?p=6587#primaryimage"},"image":{"@id":"https:\/\/challengeseconomiques.com\/?p=6587#primaryimage"},"thumbnailUrl":"https:\/\/challengeseconomiques.com\/wp-content\/uploads\/2024\/06\/denrees.jpg","datePublished":"2024-06-21T18:16:56+00:00","dateModified":"2024-06-21T18:17:23+00:00","author":{"@id":"https:\/\/challengeseconomiques.com\/#\/schema\/person\/b4568c9afebc5a9238a771873801e349"},"breadcrumb":{"@id":"https:\/\/challengeseconomiques.com\/?p=6587#breadcrumb"},"inLanguage":"fr-FR","potentialAction":[{"@type":"ReadAction","target":["https:\/\/challengeseconomiques.com\/?p=6587"]}]},{"@type":"ImageObject","inLanguage":"fr-FR","@id":"https:\/\/challengeseconomiques.com\/?p=6587#primaryimage","url":"https:\/\/challengeseconomiques.com\/wp-content\/uploads\/2024\/06\/denrees.jpg","contentUrl":"https:\/\/challengeseconomiques.com\/wp-content\/uploads\/2024\/06\/denrees.jpg","width":480,"height":360},{"@type":"BreadcrumbList","@id":"https:\/\/challengeseconomiques.com\/?p=6587#breadcrumb","itemListElement":[{"@type":"ListItem","position":1,"name":"Home","item":"https:\/\/challengeseconomiques.com\/"},{"@type":"ListItem","position":2,"name":"Le CNC acte officiellement les nouveaux prix de certaines denr\u00e9es"}]},{"@type":"WebSite","@id":"https:\/\/challengeseconomiques.com\/#website","url":"https:\/\/challengeseconomiques.com\/","name":"challenges economiques","description":"","potentialAction":[{"@type":"SearchAction","target":{"@type":"EntryPoint","urlTemplate":"https:\/\/challengeseconomiques.com\/?s={search_term_string}"},"query-input":{"@type":"PropertyValueSpecification","valueRequired":true,"valueName":"search_term_string"}}],"inLanguage":"fr-FR"},{"@type":"Person","@id":"https:\/\/challengeseconomiques.com\/#\/schema\/person\/b4568c9afebc5a9238a771873801e349","name":"admin","image":{"@type":"ImageObject","inLanguage":"fr-FR","@id":"https:\/\/challengeseconomiques.com\/#\/schema\/person\/image\/","url":"https:\/\/secure.gravatar.com\/avatar\/099e42240b5eea11acdb72751fcce0dd918603f0749d24974b7984ea47ed9fd9?s=96&d=mm&r=g","contentUrl":"https:\/\/secure.gravatar.com\/avatar\/099e42240b5eea11acdb72751fcce0dd918603f0749d24974b7984ea47ed9fd9?s=96&d=mm&r=g","caption":"admin"},"sameAs":["https:\/\/challengeseconomiques.com"],"url":"https:\/\/challengeseconomiques.com\/?author=1"}]}},"jetpack_featured_media_url":"https:\/\/challengeseconomiques.com\/wp-content\/uploads\/2024\/06\/denrees.jpg","jetpack_sharing_enabled":true,"_links":{"self":[{"href":"https:\/\/challengeseconomiques.com\/index.php?rest_route=\/wp\/v2\/posts\/6587","targetHints":{"allow":["GET"]}}],"collection":[{"href":"https:\/\/challengeseconomiques.com\/index.php?rest_route=\/wp\/v2\/posts"}],"about":[{"href":"https:\/\/challengeseconomiques.com\/index.php?rest_route=\/wp\/v2\/types\/post"}],"author":[{"embeddable":true,"href":"https:\/\/challengeseconomiques.com\/index.php?rest_route=\/wp\/v2\/users\/1"}],"replies":[{"embeddable":true,"href":"https:\/\/challengeseconomiques.com\/index.php?rest_route=%2Fwp%2Fv2%2Fcomments&post=6587"}],"version-history":[{"count":1,"href":"https:\/\/challengeseconomiques.com\/index.php?rest_route=\/wp\/v2\/posts\/6587\/revisions"}],"predecessor-version":[{"id":6589,"href":"https:\/\/challengeseconomiques.com\/index.php?rest_route=\/wp\/v2\/posts\/6587\/revisions\/6589"}],"wp:featuredmedia":[{"embeddable":true,"href":"https:\/\/challengeseconomiques.com\/index.php?rest_route=\/wp\/v2\/media\/6588"}],"wp:attachment":[{"href":"https:\/\/challengeseconomiques.com\/index.php?rest_route=%2Fwp%2Fv2%2Fmedia&parent=6587"}],"wp:term":[{"taxonomy":"category","embeddable":true,"href":"https:\/\/challengeseconomiques.com\/index.php?rest_route=%2Fwp%2Fv2%2Fcategories&post=6587"},{"taxonomy":"post_tag","embeddable":true,"href":"https:\/\/challengeseconomiques.com\/index.php?rest_route=%2Fwp%2Fv2%2Ftags&post=6587"}],"curies":[{"name":"wp","href":"https:\/\/api.w.org\/{rel}","templated":true}]}}