{"id":6583,"date":"2024-06-20T11:11:21","date_gmt":"2024-06-20T11:11:21","guid":{"rendered":"https:\/\/challengeseconomiques.com\/?p=6583"},"modified":"2024-06-20T11:11:46","modified_gmt":"2024-06-20T11:11:46","slug":"la-croissance-economique-projetee-a-plus-de-10-en-2025-fmi","status":"publish","type":"post","link":"https:\/\/challengeseconomiques.com\/?p=6583","title":{"rendered":"La croissance \u00e9conomique projet\u00e9e \u00e0 plus de 10 % en 2025 (FMI)"},"content":{"rendered":"<p>Le S\u00e9n\u00e9gal va conna\u00eetre en 2025 une croissance estim\u00e9e \u00e0 10,1% et une diminution de l\u2019inflation de 2%, a fait savoir mercredi le chef d\u2019une mission du Fonds mon\u00e9taire international, Edouard Gemayel.<\/p>\n<p>\u201cPour 2025, les projections de croissance sont au-del\u00e0 de 10%, et l\u2019inflation va continuer \u00e0 baisser \u00e0 pr\u00e8s de 2%, a-t-il dit.<\/p>\n<p>Edouard Gemayel s\u2019exprimait devant la presse au cours de la pr\u00e9sentation de la 2<sup>e<\/sup>\u00a0revue du programme des r\u00e9formes \u00e9conomiques du gouvernement du S\u00e9n\u00e9gal soutenues par le FMI.<\/p>\n<p>Selon lui, les projections de croissance pour 2024 sont maintenues \u00e0 7,1%, constituant une baisse par rapport aux 8,3% qui \u00e9taient initialement pr\u00e9vus.<\/p>\n<p>\u201cOn sera \u00e0 4,8% cette ann\u00e9e, a t-il dit, pour ce qui est de la croissance non hydrocarbures\u201d.<\/p>\n<p>Il a annonc\u00e9 que l\u2019inflation allait continuer \u00e0 baisser passant de 4% \u00e0 3,9%.<\/p>\n<p>\u201cSi on met ces chiffres en perspective en les comparant \u00e0 la moyenne en Afrique subsaharienne, pour 2024, la moyenne est \u00e0 pr\u00e8s 3,8% alors que le S\u00e9n\u00e9gal est \u00e0 7,1%\u201d, a d\u00e9clar\u00e9 Edouard Gemayel.<\/p>\n<p>Selon le fonctionnaire du FMI, \u201dpour 2025, la moyenne de la croissance subsaharienne est \u00e0 4% alors que le S\u00e9n\u00e9gal est au-del\u00e0 de 10%\u201d.<\/p>\n<p>De m\u00eame, a t-il part, \u201dpour l\u2019inflation de 2024 et 2025, la moyenne subsaharienne est au-del\u00e0 de 10% alors que le S\u00e9n\u00e9gal sera \u00e0 3,9 % cette ann\u00e9e et 2% l\u2019ann\u00e9e prochaine\u201d.<\/p>\n<p>\u201cPour 2025, nous pensons que le d\u00e9ficit doit \u00e0 3% du PIB afin de cr\u00e9er un coussin budg\u00e9taire pour avoir de la marge en cas d\u2019une autre crise\u201d, a-t-il dit.<\/p>\n<p>Concernant la politique budg\u00e9taire, le d\u00e9ficit de cette ann\u00e9e qui \u00e9tait initialement estim\u00e9 \u00e0 3,9%, sera de 4,6% du PIB\u201d.<\/p>\n<p>Selon M. Gemayel, cette situation est particuli\u00e8rement due \u00e0 trois facteurs : \u201cle paiement des int\u00e9r\u00eats des services de la dette, l\u2019allocution accrue pour les subventions \u00e9nerg\u00e9tiques en raison de l\u2019absence d\u2019actions politiques et les bons impay\u00e9s des ann\u00e9es pr\u00e9c\u00e9dentes, ainsi que\u00a0 l\u2019impact de la croissance d\u2019une valeur qui \u00e9tait r\u00e9vis\u00e9e l\u00e9g\u00e8rement \u00e0 la baisse\u201d.<\/p>\n<p><strong>(APS) \u2013<\/strong><\/p>\n","protected":false},"excerpt":{"rendered":"<p>Le S\u00e9n\u00e9gal va conna\u00eetre en 2025 une croissance estim\u00e9e \u00e0 10,1% et une diminution de l\u2019inflation de 2%, a fait savoir mercredi le chef d\u2019une&#8230;<\/p>\n","protected":false},"author":1,"featured_media":6584,"comment_status":"closed","ping_status":"open","sticky":false,"template":"","format":"standard","meta":{"_jetpack_memberships_contains_paid_content":false,"footnotes":""},"categories":[23],"tags":[],"class_list":["post-6583","post","type-post","status-publish","format-standard","has-post-thumbnail","hentry","category-a-la-une","wpcat-23-id"],"yoast_head":"<!-- This site is optimized with the Yoast SEO plugin v27.1.1 - https:\/\/yoast.com\/product\/yoast-seo-wordpress\/ -->\n<title>La croissance \u00e9conomique projet\u00e9e \u00e0 plus de 10 % en 2025 (FMI) - challenges economiques<\/title>\n<meta name=\"robots\" content=\"index, follow, max-snippet:-1, max-image-preview:large, max-video-preview:-1\" \/>\n<link rel=\"canonical\" href=\"https:\/\/challengeseconomiques.com\/?p=6583\" \/>\n<meta property=\"og:locale\" content=\"fr_FR\" \/>\n<meta property=\"og:type\" content=\"article\" \/>\n<meta property=\"og:title\" content=\"La croissance \u00e9conomique projet\u00e9e \u00e0 plus de 10 % en 2025 (FMI) - challenges economiques\" \/>\n<meta property=\"og:description\" content=\"Le S\u00e9n\u00e9gal va conna\u00eetre en 2025 une croissance estim\u00e9e \u00e0 10,1% et une diminution de l\u2019inflation de 2%, a fait savoir mercredi le chef d\u2019une...\" \/>\n<meta property=\"og:url\" content=\"https:\/\/challengeseconomiques.com\/?p=6583\" \/>\n<meta property=\"og:site_name\" content=\"challenges economiques\" \/>\n<meta property=\"article:published_time\" content=\"2024-06-20T11:11:21+00:00\" \/>\n<meta property=\"article:modified_time\" content=\"2024-06-20T11:11:46+00:00\" \/>\n<meta property=\"og:image\" content=\"https:\/\/challengeseconomiques.com\/wp-content\/uploads\/2024\/06\/Edward-Gemayelfmi.jpeg\" \/>\n\t<meta property=\"og:image:width\" content=\"1280\" \/>\n\t<meta property=\"og:image:height\" content=\"853\" \/>\n\t<meta property=\"og:image:type\" content=\"image\/jpeg\" \/>\n<meta name=\"author\" content=\"admin\" \/>\n<meta name=\"twitter:card\" content=\"summary_large_image\" \/>\n<meta name=\"twitter:label1\" content=\"\u00c9crit par\" \/>\n\t<meta name=\"twitter:data1\" content=\"admin\" \/>\n\t<meta name=\"twitter:label2\" content=\"Dur\u00e9e de lecture estim\u00e9e\" \/>\n\t<meta name=\"twitter:data2\" content=\"2 minutes\" \/>\n<script type=\"application\/ld+json\" class=\"yoast-schema-graph\">{\"@context\":\"https:\/\/schema.org\",\"@graph\":[{\"@type\":\"Article\",\"@id\":\"https:\/\/challengeseconomiques.com\/?p=6583#article\",\"isPartOf\":{\"@id\":\"https:\/\/challengeseconomiques.com\/?p=6583\"},\"author\":{\"name\":\"admin\",\"@id\":\"https:\/\/challengeseconomiques.com\/#\/schema\/person\/b4568c9afebc5a9238a771873801e349\"},\"headline\":\"La croissance \u00e9conomique projet\u00e9e \u00e0 plus de 10 % en 2025 (FMI)\",\"datePublished\":\"2024-06-20T11:11:21+00:00\",\"dateModified\":\"2024-06-20T11:11:46+00:00\",\"mainEntityOfPage\":{\"@id\":\"https:\/\/challengeseconomiques.com\/?p=6583\"},\"wordCount\":352,\"image\":{\"@id\":\"https:\/\/challengeseconomiques.com\/?p=6583#primaryimage\"},\"thumbnailUrl\":\"https:\/\/challengeseconomiques.com\/wp-content\/uploads\/2024\/06\/Edward-Gemayelfmi.jpeg\",\"articleSection\":[\"A la une\"],\"inLanguage\":\"fr-FR\"},{\"@type\":\"WebPage\",\"@id\":\"https:\/\/challengeseconomiques.com\/?p=6583\",\"url\":\"https:\/\/challengeseconomiques.com\/?p=6583\",\"name\":\"La croissance \u00e9conomique projet\u00e9e \u00e0 plus de 10 % en 2025 (FMI) - challenges economiques\",\"isPartOf\":{\"@id\":\"https:\/\/challengeseconomiques.com\/#website\"},\"primaryImageOfPage\":{\"@id\":\"https:\/\/challengeseconomiques.com\/?p=6583#primaryimage\"},\"image\":{\"@id\":\"https:\/\/challengeseconomiques.com\/?p=6583#primaryimage\"},\"thumbnailUrl\":\"https:\/\/challengeseconomiques.com\/wp-content\/uploads\/2024\/06\/Edward-Gemayelfmi.jpeg\",\"datePublished\":\"2024-06-20T11:11:21+00:00\",\"dateModified\":\"2024-06-20T11:11:46+00:00\",\"author\":{\"@id\":\"https:\/\/challengeseconomiques.com\/#\/schema\/person\/b4568c9afebc5a9238a771873801e349\"},\"breadcrumb\":{\"@id\":\"https:\/\/challengeseconomiques.com\/?p=6583#breadcrumb\"},\"inLanguage\":\"fr-FR\",\"potentialAction\":[{\"@type\":\"ReadAction\",\"target\":[\"https:\/\/challengeseconomiques.com\/?p=6583\"]}]},{\"@type\":\"ImageObject\",\"inLanguage\":\"fr-FR\",\"@id\":\"https:\/\/challengeseconomiques.com\/?p=6583#primaryimage\",\"url\":\"https:\/\/challengeseconomiques.com\/wp-content\/uploads\/2024\/06\/Edward-Gemayelfmi.jpeg\",\"contentUrl\":\"https:\/\/challengeseconomiques.com\/wp-content\/uploads\/2024\/06\/Edward-Gemayelfmi.jpeg\",\"width\":1280,\"height\":853},{\"@type\":\"BreadcrumbList\",\"@id\":\"https:\/\/challengeseconomiques.com\/?p=6583#breadcrumb\",\"itemListElement\":[{\"@type\":\"ListItem\",\"position\":1,\"name\":\"Home\",\"item\":\"https:\/\/challengeseconomiques.com\/\"},{\"@type\":\"ListItem\",\"position\":2,\"name\":\"La croissance \u00e9conomique projet\u00e9e \u00e0 plus de 10 % en 2025 (FMI)\"}]},{\"@type\":\"WebSite\",\"@id\":\"https:\/\/challengeseconomiques.com\/#website\",\"url\":\"https:\/\/challengeseconomiques.com\/\",\"name\":\"challenges economiques\",\"description\":\"\",\"potentialAction\":[{\"@type\":\"SearchAction\",\"target\":{\"@type\":\"EntryPoint\",\"urlTemplate\":\"https:\/\/challengeseconomiques.com\/?s={search_term_string}\"},\"query-input\":{\"@type\":\"PropertyValueSpecification\",\"valueRequired\":true,\"valueName\":\"search_term_string\"}}],\"inLanguage\":\"fr-FR\"},{\"@type\":\"Person\",\"@id\":\"https:\/\/challengeseconomiques.com\/#\/schema\/person\/b4568c9afebc5a9238a771873801e349\",\"name\":\"admin\",\"image\":{\"@type\":\"ImageObject\",\"inLanguage\":\"fr-FR\",\"@id\":\"https:\/\/challengeseconomiques.com\/#\/schema\/person\/image\/\",\"url\":\"https:\/\/secure.gravatar.com\/avatar\/099e42240b5eea11acdb72751fcce0dd918603f0749d24974b7984ea47ed9fd9?s=96&d=mm&r=g\",\"contentUrl\":\"https:\/\/secure.gravatar.com\/avatar\/099e42240b5eea11acdb72751fcce0dd918603f0749d24974b7984ea47ed9fd9?s=96&d=mm&r=g\",\"caption\":\"admin\"},\"sameAs\":[\"https:\/\/challengeseconomiques.com\"],\"url\":\"https:\/\/challengeseconomiques.com\/?author=1\"}]}<\/script>\n<!-- \/ Yoast SEO plugin. -->","yoast_head_json":{"title":"La croissance \u00e9conomique projet\u00e9e \u00e0 plus de 10 % en 2025 (FMI) - challenges economiques","robots":{"index":"index","follow":"follow","max-snippet":"max-snippet:-1","max-image-preview":"max-image-preview:large","max-video-preview":"max-video-preview:-1"},"canonical":"https:\/\/challengeseconomiques.com\/?p=6583","og_locale":"fr_FR","og_type":"article","og_title":"La croissance \u00e9conomique projet\u00e9e \u00e0 plus de 10 % en 2025 (FMI) - challenges economiques","og_description":"Le S\u00e9n\u00e9gal va conna\u00eetre en 2025 une croissance estim\u00e9e \u00e0 10,1% et une diminution de l\u2019inflation de 2%, a fait savoir mercredi le chef d\u2019une...","og_url":"https:\/\/challengeseconomiques.com\/?p=6583","og_site_name":"challenges economiques","article_published_time":"2024-06-20T11:11:21+00:00","article_modified_time":"2024-06-20T11:11:46+00:00","og_image":[{"width":1280,"height":853,"url":"https:\/\/challengeseconomiques.com\/wp-content\/uploads\/2024\/06\/Edward-Gemayelfmi.jpeg","type":"image\/jpeg"}],"author":"admin","twitter_card":"summary_large_image","twitter_misc":{"\u00c9crit par":"admin","Dur\u00e9e de lecture estim\u00e9e":"2 minutes"},"schema":{"@context":"https:\/\/schema.org","@graph":[{"@type":"Article","@id":"https:\/\/challengeseconomiques.com\/?p=6583#article","isPartOf":{"@id":"https:\/\/challengeseconomiques.com\/?p=6583"},"author":{"name":"admin","@id":"https:\/\/challengeseconomiques.com\/#\/schema\/person\/b4568c9afebc5a9238a771873801e349"},"headline":"La croissance \u00e9conomique projet\u00e9e \u00e0 plus de 10 % en 2025 (FMI)","datePublished":"2024-06-20T11:11:21+00:00","dateModified":"2024-06-20T11:11:46+00:00","mainEntityOfPage":{"@id":"https:\/\/challengeseconomiques.com\/?p=6583"},"wordCount":352,"image":{"@id":"https:\/\/challengeseconomiques.com\/?p=6583#primaryimage"},"thumbnailUrl":"https:\/\/challengeseconomiques.com\/wp-content\/uploads\/2024\/06\/Edward-Gemayelfmi.jpeg","articleSection":["A la une"],"inLanguage":"fr-FR"},{"@type":"WebPage","@id":"https:\/\/challengeseconomiques.com\/?p=6583","url":"https:\/\/challengeseconomiques.com\/?p=6583","name":"La croissance \u00e9conomique projet\u00e9e \u00e0 plus de 10 % en 2025 (FMI) - challenges economiques","isPartOf":{"@id":"https:\/\/challengeseconomiques.com\/#website"},"primaryImageOfPage":{"@id":"https:\/\/challengeseconomiques.com\/?p=6583#primaryimage"},"image":{"@id":"https:\/\/challengeseconomiques.com\/?p=6583#primaryimage"},"thumbnailUrl":"https:\/\/challengeseconomiques.com\/wp-content\/uploads\/2024\/06\/Edward-Gemayelfmi.jpeg","datePublished":"2024-06-20T11:11:21+00:00","dateModified":"2024-06-20T11:11:46+00:00","author":{"@id":"https:\/\/challengeseconomiques.com\/#\/schema\/person\/b4568c9afebc5a9238a771873801e349"},"breadcrumb":{"@id":"https:\/\/challengeseconomiques.com\/?p=6583#breadcrumb"},"inLanguage":"fr-FR","potentialAction":[{"@type":"ReadAction","target":["https:\/\/challengeseconomiques.com\/?p=6583"]}]},{"@type":"ImageObject","inLanguage":"fr-FR","@id":"https:\/\/challengeseconomiques.com\/?p=6583#primaryimage","url":"https:\/\/challengeseconomiques.com\/wp-content\/uploads\/2024\/06\/Edward-Gemayelfmi.jpeg","contentUrl":"https:\/\/challengeseconomiques.com\/wp-content\/uploads\/2024\/06\/Edward-Gemayelfmi.jpeg","width":1280,"height":853},{"@type":"BreadcrumbList","@id":"https:\/\/challengeseconomiques.com\/?p=6583#breadcrumb","itemListElement":[{"@type":"ListItem","position":1,"name":"Home","item":"https:\/\/challengeseconomiques.com\/"},{"@type":"ListItem","position":2,"name":"La croissance \u00e9conomique projet\u00e9e \u00e0 plus de 10 % en 2025 (FMI)"}]},{"@type":"WebSite","@id":"https:\/\/challengeseconomiques.com\/#website","url":"https:\/\/challengeseconomiques.com\/","name":"challenges economiques","description":"","potentialAction":[{"@type":"SearchAction","target":{"@type":"EntryPoint","urlTemplate":"https:\/\/challengeseconomiques.com\/?s={search_term_string}"},"query-input":{"@type":"PropertyValueSpecification","valueRequired":true,"valueName":"search_term_string"}}],"inLanguage":"fr-FR"},{"@type":"Person","@id":"https:\/\/challengeseconomiques.com\/#\/schema\/person\/b4568c9afebc5a9238a771873801e349","name":"admin","image":{"@type":"ImageObject","inLanguage":"fr-FR","@id":"https:\/\/challengeseconomiques.com\/#\/schema\/person\/image\/","url":"https:\/\/secure.gravatar.com\/avatar\/099e42240b5eea11acdb72751fcce0dd918603f0749d24974b7984ea47ed9fd9?s=96&d=mm&r=g","contentUrl":"https:\/\/secure.gravatar.com\/avatar\/099e42240b5eea11acdb72751fcce0dd918603f0749d24974b7984ea47ed9fd9?s=96&d=mm&r=g","caption":"admin"},"sameAs":["https:\/\/challengeseconomiques.com"],"url":"https:\/\/challengeseconomiques.com\/?author=1"}]}},"jetpack_featured_media_url":"https:\/\/challengeseconomiques.com\/wp-content\/uploads\/2024\/06\/Edward-Gemayelfmi.jpeg","jetpack_sharing_enabled":true,"_links":{"self":[{"href":"https:\/\/challengeseconomiques.com\/index.php?rest_route=\/wp\/v2\/posts\/6583","targetHints":{"allow":["GET"]}}],"collection":[{"href":"https:\/\/challengeseconomiques.com\/index.php?rest_route=\/wp\/v2\/posts"}],"about":[{"href":"https:\/\/challengeseconomiques.com\/index.php?rest_route=\/wp\/v2\/types\/post"}],"author":[{"embeddable":true,"href":"https:\/\/challengeseconomiques.com\/index.php?rest_route=\/wp\/v2\/users\/1"}],"replies":[{"embeddable":true,"href":"https:\/\/challengeseconomiques.com\/index.php?rest_route=%2Fwp%2Fv2%2Fcomments&post=6583"}],"version-history":[{"count":1,"href":"https:\/\/challengeseconomiques.com\/index.php?rest_route=\/wp\/v2\/posts\/6583\/revisions"}],"predecessor-version":[{"id":6585,"href":"https:\/\/challengeseconomiques.com\/index.php?rest_route=\/wp\/v2\/posts\/6583\/revisions\/6585"}],"wp:featuredmedia":[{"embeddable":true,"href":"https:\/\/challengeseconomiques.com\/index.php?rest_route=\/wp\/v2\/media\/6584"}],"wp:attachment":[{"href":"https:\/\/challengeseconomiques.com\/index.php?rest_route=%2Fwp%2Fv2%2Fmedia&parent=6583"}],"wp:term":[{"taxonomy":"category","embeddable":true,"href":"https:\/\/challengeseconomiques.com\/index.php?rest_route=%2Fwp%2Fv2%2Fcategories&post=6583"},{"taxonomy":"post_tag","embeddable":true,"href":"https:\/\/challengeseconomiques.com\/index.php?rest_route=%2Fwp%2Fv2%2Ftags&post=6583"}],"curies":[{"name":"wp","href":"https:\/\/api.w.org\/{rel}","templated":true}]}}