{"id":6581,"date":"2024-06-20T10:58:18","date_gmt":"2024-06-20T10:58:18","guid":{"rendered":"https:\/\/challengeseconomiques.com\/?p=6581"},"modified":"2024-06-20T13:44:18","modified_gmt":"2024-06-20T13:44:18","slug":"relations-economiques-franco-senegalaises-plaidoyer-pour-plus-dequilibre","status":"publish","type":"post","link":"https:\/\/challengeseconomiques.com\/?p=6581","title":{"rendered":"Relations \u00e9conomiques franco-s\u00e9n\u00e9galaises : plaidoyer pour plus d\u2019\u00e9quilibre"},"content":{"rendered":"<p><strong>La premi\u00e8re visite officielle du nouveau pr\u00e9sident s\u00e9n\u00e9galais\u00a0<\/strong><strong>Bassirou Diomaye Faye\u00a0en France, ce 19\u00a0juin, sera \u00a0peut \u00eatre d\u00e9cisive dans les relations futures entre le S\u00e9n\u00e9gal et la France. Or Dakar, point d&rsquo;entr\u00e9e strat\u00e9gique situ\u00e9e \u00e0 l&rsquo;extr\u00eame ouest du continent et ancienne capitale de l&rsquo;Afrique occidentale fran\u00e7aise, n&rsquo;a jamais paru aussi \u00e9loign\u00e9 de Paris.<\/strong><\/p>\n<p>Il faut rappeler que les relations franco-s\u00e9n\u00e9galaises font depuis quelques ann\u00e9es, l\u2019objet de d\u00e9bats contradictoires entre les diff\u00e9rents acteurs politiques s\u00e9n\u00e9galais dont certains plaident pour des relations plus \u00e9quilibr\u00e9es, notamment sur le plan \u00e9conomique.<\/p>\n<p>En effet, ceux qui critiquent l\u2019\u00e9tat des relations \u00e9conomiques entre la France et le S\u00e9n\u00e9gal, estiment que celles-ci profitent beaucoup plus \u00e0 la France, notamment les filiales de certaines de ses grandes entreprises implant\u00e9es au S\u00e9n\u00e9gal.<\/p>\n<p>Il faut dire que les entreprises fran\u00e7aises sont bien repr\u00e9sent\u00e9es au S\u00e9n\u00e9gal. Elles sont au nombre de 250, selon l\u2019ambassade de France au S\u00e9n\u00e9gal. Ces entreprises font un chiffre d\u2019affaires d\u2019environ 2000 milliards de francs CFA et emploient 30 mille personnes.<\/p>\n<p>En outre, le Premier ministre Ousmane Sonko avait \u00e0 l\u2019occasion de la visite \u00e0 Dakar de son alli\u00e9 politique\u00a0Jean-Luc M\u00e9lenchon, vivement critiqu\u00e9 le pr\u00e9sident fran\u00e7ais Emmanuel Macron, devant des \u00e9tudiants \u00e0 l&rsquo;universit\u00e9 Cheikh-Anta-Diop, totalement acquis \u00e0 sa cause.<\/p>\n<p>En somme, Sonko reprochait au Pr\u00e9sident fran\u00e7ais d&rsquo;avoir, selon lui, ferm\u00e9 les yeux, ces derni\u00e8res ann\u00e9es, sur la r\u00e9pression exerc\u00e9e par l&rsquo;ancien pr\u00e9sident Macky Sall sur ses partisans.<\/p>\n<p>Le tr\u00e9sor fran\u00e7ais indique sur son site officiel que <em>les \u00e9conomies s\u00e9n\u00e9galaise et fran\u00e7aise se distinguent par une proximit\u00e9\u00a0commerciale, financi\u00e8re\u00a0institutionnelle particuli\u00e8rement forte et les \u00e9changes commerciaux sont fortement d\u00e9s\u00e9quilibr\u00e9s.<\/em><\/p>\n<p>\u00ab\u00a0Les \u00e9changes commerciaux entre les deux pays se sont \u00e9lev\u00e9s \u00e0\u00a01,059 milliards d\u2019euros en 2022, selon les services des douanes fran\u00e7aises (en\u00a0hausse de 18%). L\u2019exc\u00e9dent commercial en faveur de la France s\u2019\u00e9tablit \u00e0 877 millions d\u2019euros, en hausse de 17,6%, en raison de la hausse des exportations fran\u00e7aises (+17,8%, \u00e0\u00a0968 millions d\u2019euros)\u00a0\u00bb, peut-on lire sur le site internet du tr\u00e9sor fran\u00e7ais.<\/p>\n<p>La source pr\u00e9cise que ces r\u00e9sultats s\u2019inscrivent dans l\u2019ordre de grandeur des chiffres des 10 derni\u00e8res ann\u00e9es\u00a0: moyenne de 904,1 millions d\u2019euros pour les \u00e9changes commerciaux totaux et de 737 millions d\u2019euros pour l\u2019exc\u00e9dent commercial fran\u00e7ais.<\/p>\n<p>Les exportations fran\u00e7aises vers le S\u00e9n\u00e9gal ont atteint\u00a0968 millions en 2022, en hausse de 17,8% par rapport \u00e0 2021 alors que les importations s\u00e9n\u00e9galaises globales ont cru de 40,4%.\u00a0Le S\u00e9n\u00e9gal est le 56<sup>\u00e8me<\/sup>\u00a0client de la France en 2022 et le 3<sup>\u00e8me\u00a0<\/sup>\u00a0en Afrique subsaharienne, derri\u00e8re l\u2019Afrique du Sud et la C\u00f4te d\u2019Ivoire.<\/p>\n<p>Selon l\u2019Agence Nationale des Statistiques et de la d\u00e9mographie (ANSD),\u00a0malgr\u00e9 la hausse de ses exportations vers le S\u00e9n\u00e9gal, la France perdrait sa place de premier fournisseur du pays pour les biens avec des parts de march\u00e9 \u00e0 9,2%, apr\u00e8s environ 12% en 2021, au profit de la Chine (10%)\u00a0qui reste stable.<\/p>\n<p>Au plan sectoriel, les principales exportations fran\u00e7aises vers le S\u00e9n\u00e9gal sont les\u00a0produits des \u00ab\u00a0industries agroalimentaires\u00a0\u00bb\u00a0\u00e0 152 millions d\u2019euros en 2022 (+16,8% par rapport \u00e0 2021) qui repr\u00e9sentent 15,7% des exportations totales, port\u00e9es notamment par les \u00ab\u00a0produits laitiers et fromages\u00a0\u00bb \u00e0 40 millions d\u2019euros (+17%), les \u00ab\u00a0machines industrielles et agricoles\u00a0\u00bb \u00e0 130 millions d\u2019euros (+34%) avec pour principaux produits les \u00ab\u00a0moteurs et turbines\u00a0\u00bb pour 27,4 millions d\u2019euros.<\/p>\n<p>Les \u00ab\u00a0produits de la culture et de l\u2019\u00e9levage\u00a0\u00bb \u00e0 116 millions d\u2019euros en 2022 (12% du total), dont le bl\u00e9 repr\u00e9sente la grande majorit\u00e9 (100 millions d\u2019euros), en tr\u00e8s forte augmentation par rapport \u00e0 2021 (+106%).<\/p>\n<p>Enfin, les\u00a0produits pharmaceutiques\u00a0ont repr\u00e9sent\u00e9 113,7 millions d\u2019euros d\u2019exportations en 2022, en l\u00e9g\u00e8re baisse par rapport \u00e0 2021 (-2,4%). Ces 4 cat\u00e9gories de produits repr\u00e9sentent 53% des exportations fran\u00e7aises vers le S\u00e9n\u00e9gal en 2022.<\/p>\n<p><strong>Idrissa GUEYE<\/strong><\/p>\n","protected":false},"excerpt":{"rendered":"<p>La premi\u00e8re visite officielle du nouveau pr\u00e9sident s\u00e9n\u00e9galais\u00a0Bassirou Diomaye Faye\u00a0en France, ce 19\u00a0juin, sera \u00a0peut \u00eatre d\u00e9cisive dans les relations futures entre le S\u00e9n\u00e9gal et&#8230;<\/p>\n","protected":false},"author":1,"featured_media":6586,"comment_status":"closed","ping_status":"open","sticky":false,"template":"","format":"standard","meta":{"_jetpack_memberships_contains_paid_content":false,"footnotes":""},"categories":[23,8],"tags":[],"class_list":["post-6581","post","type-post","status-publish","format-standard","has-post-thumbnail","hentry","category-a-la-une","category-actualite-economique","wpcat-23-id","wpcat-8-id"],"yoast_head":"<!-- This site is optimized with the Yoast SEO plugin v27.1.1 - https:\/\/yoast.com\/product\/yoast-seo-wordpress\/ -->\n<title>Relations \u00e9conomiques franco-s\u00e9n\u00e9galaises : plaidoyer pour plus d\u2019\u00e9quilibre - challenges economiques<\/title>\n<meta name=\"robots\" content=\"index, follow, max-snippet:-1, max-image-preview:large, max-video-preview:-1\" \/>\n<link rel=\"canonical\" href=\"https:\/\/challengeseconomiques.com\/?p=6581\" \/>\n<meta property=\"og:locale\" content=\"fr_FR\" \/>\n<meta property=\"og:type\" content=\"article\" \/>\n<meta property=\"og:title\" content=\"Relations \u00e9conomiques franco-s\u00e9n\u00e9galaises : plaidoyer pour plus d\u2019\u00e9quilibre - challenges economiques\" \/>\n<meta property=\"og:description\" content=\"La premi\u00e8re visite officielle du nouveau pr\u00e9sident s\u00e9n\u00e9galais\u00a0Bassirou Diomaye Faye\u00a0en France, ce 19\u00a0juin, sera \u00a0peut \u00eatre d\u00e9cisive dans les relations futures entre le S\u00e9n\u00e9gal et...\" \/>\n<meta property=\"og:url\" content=\"https:\/\/challengeseconomiques.com\/?p=6581\" \/>\n<meta property=\"og:site_name\" content=\"challenges economiques\" \/>\n<meta property=\"article:published_time\" content=\"2024-06-20T10:58:18+00:00\" \/>\n<meta property=\"article:modified_time\" content=\"2024-06-20T13:44:18+00:00\" \/>\n<meta property=\"og:image\" content=\"https:\/\/challengeseconomiques.com\/wp-content\/uploads\/2024\/06\/D.jpg\" \/>\n\t<meta property=\"og:image:width\" content=\"980\" \/>\n\t<meta property=\"og:image:height\" content=\"551\" \/>\n\t<meta property=\"og:image:type\" content=\"image\/jpeg\" \/>\n<meta name=\"author\" content=\"admin\" \/>\n<meta name=\"twitter:card\" content=\"summary_large_image\" \/>\n<meta name=\"twitter:label1\" content=\"\u00c9crit par\" \/>\n\t<meta name=\"twitter:data1\" content=\"admin\" \/>\n\t<meta name=\"twitter:label2\" content=\"Dur\u00e9e de lecture estim\u00e9e\" \/>\n\t<meta name=\"twitter:data2\" content=\"3 minutes\" \/>\n<script type=\"application\/ld+json\" class=\"yoast-schema-graph\">{\"@context\":\"https:\/\/schema.org\",\"@graph\":[{\"@type\":\"Article\",\"@id\":\"https:\/\/challengeseconomiques.com\/?p=6581#article\",\"isPartOf\":{\"@id\":\"https:\/\/challengeseconomiques.com\/?p=6581\"},\"author\":{\"name\":\"admin\",\"@id\":\"https:\/\/challengeseconomiques.com\/#\/schema\/person\/b4568c9afebc5a9238a771873801e349\"},\"headline\":\"Relations \u00e9conomiques franco-s\u00e9n\u00e9galaises : plaidoyer pour plus d\u2019\u00e9quilibre\",\"datePublished\":\"2024-06-20T10:58:18+00:00\",\"dateModified\":\"2024-06-20T13:44:18+00:00\",\"mainEntityOfPage\":{\"@id\":\"https:\/\/challengeseconomiques.com\/?p=6581\"},\"wordCount\":686,\"image\":{\"@id\":\"https:\/\/challengeseconomiques.com\/?p=6581#primaryimage\"},\"thumbnailUrl\":\"https:\/\/challengeseconomiques.com\/wp-content\/uploads\/2024\/06\/D.jpg\",\"articleSection\":[\"A la une\",\"Actualit\u00e9 \u00e9conomique\"],\"inLanguage\":\"fr-FR\"},{\"@type\":\"WebPage\",\"@id\":\"https:\/\/challengeseconomiques.com\/?p=6581\",\"url\":\"https:\/\/challengeseconomiques.com\/?p=6581\",\"name\":\"Relations \u00e9conomiques franco-s\u00e9n\u00e9galaises : plaidoyer pour plus d\u2019\u00e9quilibre - challenges economiques\",\"isPartOf\":{\"@id\":\"https:\/\/challengeseconomiques.com\/#website\"},\"primaryImageOfPage\":{\"@id\":\"https:\/\/challengeseconomiques.com\/?p=6581#primaryimage\"},\"image\":{\"@id\":\"https:\/\/challengeseconomiques.com\/?p=6581#primaryimage\"},\"thumbnailUrl\":\"https:\/\/challengeseconomiques.com\/wp-content\/uploads\/2024\/06\/D.jpg\",\"datePublished\":\"2024-06-20T10:58:18+00:00\",\"dateModified\":\"2024-06-20T13:44:18+00:00\",\"author\":{\"@id\":\"https:\/\/challengeseconomiques.com\/#\/schema\/person\/b4568c9afebc5a9238a771873801e349\"},\"breadcrumb\":{\"@id\":\"https:\/\/challengeseconomiques.com\/?p=6581#breadcrumb\"},\"inLanguage\":\"fr-FR\",\"potentialAction\":[{\"@type\":\"ReadAction\",\"target\":[\"https:\/\/challengeseconomiques.com\/?p=6581\"]}]},{\"@type\":\"ImageObject\",\"inLanguage\":\"fr-FR\",\"@id\":\"https:\/\/challengeseconomiques.com\/?p=6581#primaryimage\",\"url\":\"https:\/\/challengeseconomiques.com\/wp-content\/uploads\/2024\/06\/D.jpg\",\"contentUrl\":\"https:\/\/challengeseconomiques.com\/wp-content\/uploads\/2024\/06\/D.jpg\",\"width\":980,\"height\":551},{\"@type\":\"BreadcrumbList\",\"@id\":\"https:\/\/challengeseconomiques.com\/?p=6581#breadcrumb\",\"itemListElement\":[{\"@type\":\"ListItem\",\"position\":1,\"name\":\"Home\",\"item\":\"https:\/\/challengeseconomiques.com\/\"},{\"@type\":\"ListItem\",\"position\":2,\"name\":\"Relations \u00e9conomiques franco-s\u00e9n\u00e9galaises : plaidoyer pour plus d\u2019\u00e9quilibre\"}]},{\"@type\":\"WebSite\",\"@id\":\"https:\/\/challengeseconomiques.com\/#website\",\"url\":\"https:\/\/challengeseconomiques.com\/\",\"name\":\"challenges economiques\",\"description\":\"\",\"potentialAction\":[{\"@type\":\"SearchAction\",\"target\":{\"@type\":\"EntryPoint\",\"urlTemplate\":\"https:\/\/challengeseconomiques.com\/?s={search_term_string}\"},\"query-input\":{\"@type\":\"PropertyValueSpecification\",\"valueRequired\":true,\"valueName\":\"search_term_string\"}}],\"inLanguage\":\"fr-FR\"},{\"@type\":\"Person\",\"@id\":\"https:\/\/challengeseconomiques.com\/#\/schema\/person\/b4568c9afebc5a9238a771873801e349\",\"name\":\"admin\",\"image\":{\"@type\":\"ImageObject\",\"inLanguage\":\"fr-FR\",\"@id\":\"https:\/\/challengeseconomiques.com\/#\/schema\/person\/image\/\",\"url\":\"https:\/\/secure.gravatar.com\/avatar\/099e42240b5eea11acdb72751fcce0dd918603f0749d24974b7984ea47ed9fd9?s=96&d=mm&r=g\",\"contentUrl\":\"https:\/\/secure.gravatar.com\/avatar\/099e42240b5eea11acdb72751fcce0dd918603f0749d24974b7984ea47ed9fd9?s=96&d=mm&r=g\",\"caption\":\"admin\"},\"sameAs\":[\"https:\/\/challengeseconomiques.com\"],\"url\":\"https:\/\/challengeseconomiques.com\/?author=1\"}]}<\/script>\n<!-- \/ Yoast SEO plugin. -->","yoast_head_json":{"title":"Relations \u00e9conomiques franco-s\u00e9n\u00e9galaises : plaidoyer pour plus d\u2019\u00e9quilibre - challenges economiques","robots":{"index":"index","follow":"follow","max-snippet":"max-snippet:-1","max-image-preview":"max-image-preview:large","max-video-preview":"max-video-preview:-1"},"canonical":"https:\/\/challengeseconomiques.com\/?p=6581","og_locale":"fr_FR","og_type":"article","og_title":"Relations \u00e9conomiques franco-s\u00e9n\u00e9galaises : plaidoyer pour plus d\u2019\u00e9quilibre - challenges economiques","og_description":"La premi\u00e8re visite officielle du nouveau pr\u00e9sident s\u00e9n\u00e9galais\u00a0Bassirou Diomaye Faye\u00a0en France, ce 19\u00a0juin, sera \u00a0peut \u00eatre d\u00e9cisive dans les relations futures entre le S\u00e9n\u00e9gal et...","og_url":"https:\/\/challengeseconomiques.com\/?p=6581","og_site_name":"challenges economiques","article_published_time":"2024-06-20T10:58:18+00:00","article_modified_time":"2024-06-20T13:44:18+00:00","og_image":[{"width":980,"height":551,"url":"https:\/\/challengeseconomiques.com\/wp-content\/uploads\/2024\/06\/D.jpg","type":"image\/jpeg"}],"author":"admin","twitter_card":"summary_large_image","twitter_misc":{"\u00c9crit par":"admin","Dur\u00e9e de lecture estim\u00e9e":"3 minutes"},"schema":{"@context":"https:\/\/schema.org","@graph":[{"@type":"Article","@id":"https:\/\/challengeseconomiques.com\/?p=6581#article","isPartOf":{"@id":"https:\/\/challengeseconomiques.com\/?p=6581"},"author":{"name":"admin","@id":"https:\/\/challengeseconomiques.com\/#\/schema\/person\/b4568c9afebc5a9238a771873801e349"},"headline":"Relations \u00e9conomiques franco-s\u00e9n\u00e9galaises : plaidoyer pour plus d\u2019\u00e9quilibre","datePublished":"2024-06-20T10:58:18+00:00","dateModified":"2024-06-20T13:44:18+00:00","mainEntityOfPage":{"@id":"https:\/\/challengeseconomiques.com\/?p=6581"},"wordCount":686,"image":{"@id":"https:\/\/challengeseconomiques.com\/?p=6581#primaryimage"},"thumbnailUrl":"https:\/\/challengeseconomiques.com\/wp-content\/uploads\/2024\/06\/D.jpg","articleSection":["A la une","Actualit\u00e9 \u00e9conomique"],"inLanguage":"fr-FR"},{"@type":"WebPage","@id":"https:\/\/challengeseconomiques.com\/?p=6581","url":"https:\/\/challengeseconomiques.com\/?p=6581","name":"Relations \u00e9conomiques franco-s\u00e9n\u00e9galaises : plaidoyer pour plus d\u2019\u00e9quilibre - challenges economiques","isPartOf":{"@id":"https:\/\/challengeseconomiques.com\/#website"},"primaryImageOfPage":{"@id":"https:\/\/challengeseconomiques.com\/?p=6581#primaryimage"},"image":{"@id":"https:\/\/challengeseconomiques.com\/?p=6581#primaryimage"},"thumbnailUrl":"https:\/\/challengeseconomiques.com\/wp-content\/uploads\/2024\/06\/D.jpg","datePublished":"2024-06-20T10:58:18+00:00","dateModified":"2024-06-20T13:44:18+00:00","author":{"@id":"https:\/\/challengeseconomiques.com\/#\/schema\/person\/b4568c9afebc5a9238a771873801e349"},"breadcrumb":{"@id":"https:\/\/challengeseconomiques.com\/?p=6581#breadcrumb"},"inLanguage":"fr-FR","potentialAction":[{"@type":"ReadAction","target":["https:\/\/challengeseconomiques.com\/?p=6581"]}]},{"@type":"ImageObject","inLanguage":"fr-FR","@id":"https:\/\/challengeseconomiques.com\/?p=6581#primaryimage","url":"https:\/\/challengeseconomiques.com\/wp-content\/uploads\/2024\/06\/D.jpg","contentUrl":"https:\/\/challengeseconomiques.com\/wp-content\/uploads\/2024\/06\/D.jpg","width":980,"height":551},{"@type":"BreadcrumbList","@id":"https:\/\/challengeseconomiques.com\/?p=6581#breadcrumb","itemListElement":[{"@type":"ListItem","position":1,"name":"Home","item":"https:\/\/challengeseconomiques.com\/"},{"@type":"ListItem","position":2,"name":"Relations \u00e9conomiques franco-s\u00e9n\u00e9galaises : plaidoyer pour plus d\u2019\u00e9quilibre"}]},{"@type":"WebSite","@id":"https:\/\/challengeseconomiques.com\/#website","url":"https:\/\/challengeseconomiques.com\/","name":"challenges economiques","description":"","potentialAction":[{"@type":"SearchAction","target":{"@type":"EntryPoint","urlTemplate":"https:\/\/challengeseconomiques.com\/?s={search_term_string}"},"query-input":{"@type":"PropertyValueSpecification","valueRequired":true,"valueName":"search_term_string"}}],"inLanguage":"fr-FR"},{"@type":"Person","@id":"https:\/\/challengeseconomiques.com\/#\/schema\/person\/b4568c9afebc5a9238a771873801e349","name":"admin","image":{"@type":"ImageObject","inLanguage":"fr-FR","@id":"https:\/\/challengeseconomiques.com\/#\/schema\/person\/image\/","url":"https:\/\/secure.gravatar.com\/avatar\/099e42240b5eea11acdb72751fcce0dd918603f0749d24974b7984ea47ed9fd9?s=96&d=mm&r=g","contentUrl":"https:\/\/secure.gravatar.com\/avatar\/099e42240b5eea11acdb72751fcce0dd918603f0749d24974b7984ea47ed9fd9?s=96&d=mm&r=g","caption":"admin"},"sameAs":["https:\/\/challengeseconomiques.com"],"url":"https:\/\/challengeseconomiques.com\/?author=1"}]}},"jetpack_featured_media_url":"https:\/\/challengeseconomiques.com\/wp-content\/uploads\/2024\/06\/D.jpg","jetpack_sharing_enabled":true,"_links":{"self":[{"href":"https:\/\/challengeseconomiques.com\/index.php?rest_route=\/wp\/v2\/posts\/6581","targetHints":{"allow":["GET"]}}],"collection":[{"href":"https:\/\/challengeseconomiques.com\/index.php?rest_route=\/wp\/v2\/posts"}],"about":[{"href":"https:\/\/challengeseconomiques.com\/index.php?rest_route=\/wp\/v2\/types\/post"}],"author":[{"embeddable":true,"href":"https:\/\/challengeseconomiques.com\/index.php?rest_route=\/wp\/v2\/users\/1"}],"replies":[{"embeddable":true,"href":"https:\/\/challengeseconomiques.com\/index.php?rest_route=%2Fwp%2Fv2%2Fcomments&post=6581"}],"version-history":[{"count":1,"href":"https:\/\/challengeseconomiques.com\/index.php?rest_route=\/wp\/v2\/posts\/6581\/revisions"}],"predecessor-version":[{"id":6582,"href":"https:\/\/challengeseconomiques.com\/index.php?rest_route=\/wp\/v2\/posts\/6581\/revisions\/6582"}],"wp:featuredmedia":[{"embeddable":true,"href":"https:\/\/challengeseconomiques.com\/index.php?rest_route=\/wp\/v2\/media\/6586"}],"wp:attachment":[{"href":"https:\/\/challengeseconomiques.com\/index.php?rest_route=%2Fwp%2Fv2%2Fmedia&parent=6581"}],"wp:term":[{"taxonomy":"category","embeddable":true,"href":"https:\/\/challengeseconomiques.com\/index.php?rest_route=%2Fwp%2Fv2%2Fcategories&post=6581"},{"taxonomy":"post_tag","embeddable":true,"href":"https:\/\/challengeseconomiques.com\/index.php?rest_route=%2Fwp%2Fv2%2Ftags&post=6581"}],"curies":[{"name":"wp","href":"https:\/\/api.w.org\/{rel}","templated":true}]}}