{"id":6561,"date":"2024-06-12T23:09:16","date_gmt":"2024-06-12T23:09:16","guid":{"rendered":"https:\/\/challengeseconomiques.com\/?p=6561"},"modified":"2024-06-12T23:21:18","modified_gmt":"2024-06-12T23:21:18","slug":"la-croissance-economique-senegalaise-considerablement-ralentie-au-cours-du-second-semestre-2023-selon-la-banque-mondiale","status":"publish","type":"post","link":"https:\/\/challengeseconomiques.com\/?p=6561","title":{"rendered":"La croissance \u00e9conomique s\u00e9n\u00e9galaise consid\u00e9rablement ralentie au cours du second semestre 2023, selon la banque mondiale"},"content":{"rendered":"<h5>\u00a0<\/h5>\n<p><strong>Un rapport de la baque mondiale sur la situation \u00e9conomique du S\u00e9n\u00e9gal en 2023 indique que l&rsquo;instabilit\u00e9 politique a consid\u00e9rablement ralenti la croissance du pays au cours du second semestre 2023, tandis que le resserrement des march\u00e9s financiers internationaux et r\u00e9gionaux a aggrav\u00e9 les d\u00e9s\u00e9quilibres budg\u00e9taires ext\u00e9rieurs.<\/strong><\/p>\n<p>Par rapport aux d\u00e9veloppements \u00e9conomiques r\u00e9cents, le rapport pr\u00e9cise toutefois que l\u2019\u00e9conomie s\u00e9n\u00e9galaise s\u2019est montr\u00e9e r\u00e9siliente en 2023 dans un contexte de tensions politiques conjugu\u00e9es \u00e0 une inflation persistante quoiqu\u2019en baisse. La croissance du PIB r\u00e9el est estim\u00e9e \u00e0 4,3 % \u2013 1,5 % par habitant en 2023 \u2013 soit sup\u00e9rieur au taux de croissance de 3,8 % enregistr\u00e9 en 2022 et au-dessus des projections initiales de 4,1 %.<\/p>\n<p>\u00ab\u00a0Apr\u00e8s avoir atteint un pic de 9,7 % en 2022, l\u2019inflation a recul\u00e9 \u00e0 5,9 % en 2023. L\u2019ambition de consolider les finances publiques envisag\u00e9e dans la loi de finances 2023 s\u2019est mat\u00e9rialis\u00e9e m\u00eame si le d\u00e9ficit global a \u00e9t\u00e9 un peu plus \u00e9lev\u00e9e que pr\u00e9vu. Le d\u00e9ficit du compte courant s\u2019est consid\u00e9rablement am\u00e9lior\u00e9, permettant ainsi d\u2019augmenter les r\u00e9serves internationales\u00a0\u00bb, souligne le rapport de l\u2019institution de Bretton Woods.<\/p>\n<p>l\u2019initiative prise par la banque centrale des \u00c9tats de l\u2019Afrique de l\u2019Ouest (BCEAO), qui a consist\u00e9 \u00e0 relever ses taux d\u2019int\u00e9r\u00eat directeurs de 150 points de base cumul\u00e9s depuis la mi-2022, \u00e0 3,5 % pour les appels de fonds et \u00e0 5,5 % pour la facilit\u00e9 de pr\u00eat marginal a aussi figur\u00e9 dans le rapport.<\/p>\n<p>A propos des perspectives, la banque mondiale affirme que celles-ci restent globalement positives, avec l\u2019engagement des autorit\u00e9s pour des r\u00e9formes structurelles majeures et l\u2019am\u00e9lioration de la transparence, mais elles d\u00e9pendent d\u2019un solide engagement en faveur de la stabilit\u00e9 macro\u00e9conomique.<\/p>\n<p>Le document ajoute aussi que le S\u00e9n\u00e9gal a relativement bien r\u00e9sist\u00e9 aux multiples chocs, l\u2019incidence de la pauvret\u00e9 restant relativement inchang\u00e9e \u00e0 37,5 % en 2021\/2022 contre 37,8 % en 2018\/2019, malgr\u00e9 la pand\u00e9mie.<\/p>\n<p>\u00ab\u00a0Les S\u00e9n\u00e9galais pauvres restent concentr\u00e9s dans les zones rurales et plus fortement dans le bassin arachidier. La baisse observ\u00e9e de la consommation par habitant a \u00e9t\u00e9 surtout ressentie par les m\u00e9nages plus ais\u00e9s\u00a0\u00bb, note le rapport.<\/p>\n<p>En ce qui concerne, le taux de croissance moyen des plus pauvres, la banque mondiale signale qu\u2019il a \u00e9t\u00e9 moins n\u00e9gatif que celui des plus ais\u00e9s, ce qui a entra\u00een\u00e9 une diminution des in\u00e9galit\u00e9s aux niveaux aussi bien national qu\u2019urbain et rural.<\/p>\n<p><strong>Idrissa GUEYE<\/strong><\/p>\n\n\n<p><\/p>\n","protected":false},"excerpt":{"rendered":"<p>\u00a0 Un rapport de la baque mondiale sur la situation \u00e9conomique du S\u00e9n\u00e9gal en 2023 indique que l&rsquo;instabilit\u00e9 politique a consid\u00e9rablement ralenti la croissance du&#8230;<\/p>\n","protected":false},"author":1,"featured_media":141,"comment_status":"closed","ping_status":"open","sticky":false,"template":"","format":"standard","meta":{"_jetpack_memberships_contains_paid_content":false,"footnotes":""},"categories":[8],"tags":[],"class_list":["post-6561","post","type-post","status-publish","format-standard","has-post-thumbnail","hentry","category-actualite-economique","wpcat-8-id"],"yoast_head":"<!-- This site is optimized with the Yoast SEO plugin v27.1.1 - https:\/\/yoast.com\/product\/yoast-seo-wordpress\/ -->\n<title>La croissance \u00e9conomique s\u00e9n\u00e9galaise consid\u00e9rablement ralentie au cours du second semestre 2023, selon la banque mondiale - challenges economiques<\/title>\n<meta name=\"robots\" content=\"index, follow, max-snippet:-1, max-image-preview:large, max-video-preview:-1\" \/>\n<link rel=\"canonical\" href=\"https:\/\/challengeseconomiques.com\/?p=6561\" \/>\n<meta property=\"og:locale\" content=\"fr_FR\" \/>\n<meta property=\"og:type\" content=\"article\" \/>\n<meta property=\"og:title\" content=\"La croissance \u00e9conomique s\u00e9n\u00e9galaise consid\u00e9rablement ralentie au cours du second semestre 2023, selon la banque mondiale - challenges economiques\" \/>\n<meta property=\"og:description\" content=\"\u00a0 Un rapport de la baque mondiale sur la situation \u00e9conomique du S\u00e9n\u00e9gal en 2023 indique que l&rsquo;instabilit\u00e9 politique a consid\u00e9rablement ralenti la croissance du...\" \/>\n<meta property=\"og:url\" content=\"https:\/\/challengeseconomiques.com\/?p=6561\" \/>\n<meta property=\"og:site_name\" content=\"challenges economiques\" \/>\n<meta property=\"article:published_time\" content=\"2024-06-12T23:09:16+00:00\" \/>\n<meta property=\"article:modified_time\" content=\"2024-06-12T23:21:18+00:00\" \/>\n<meta property=\"og:image\" content=\"https:\/\/challengeseconomiques.com\/wp-content\/uploads\/2020\/09\/la-banque-mondiale-finance.jpg\" \/>\n\t<meta property=\"og:image:width\" content=\"800\" \/>\n\t<meta property=\"og:image:height\" content=\"500\" \/>\n\t<meta property=\"og:image:type\" content=\"image\/jpeg\" \/>\n<meta name=\"author\" content=\"admin\" \/>\n<meta name=\"twitter:card\" content=\"summary_large_image\" \/>\n<meta name=\"twitter:label1\" content=\"\u00c9crit par\" \/>\n\t<meta name=\"twitter:data1\" content=\"admin\" \/>\n\t<meta name=\"twitter:label2\" content=\"Dur\u00e9e de lecture estim\u00e9e\" \/>\n\t<meta name=\"twitter:data2\" content=\"2 minutes\" \/>\n<script type=\"application\/ld+json\" class=\"yoast-schema-graph\">{\"@context\":\"https:\/\/schema.org\",\"@graph\":[{\"@type\":\"Article\",\"@id\":\"https:\/\/challengeseconomiques.com\/?p=6561#article\",\"isPartOf\":{\"@id\":\"https:\/\/challengeseconomiques.com\/?p=6561\"},\"author\":{\"name\":\"admin\",\"@id\":\"https:\/\/challengeseconomiques.com\/#\/schema\/person\/b4568c9afebc5a9238a771873801e349\"},\"headline\":\"La croissance \u00e9conomique s\u00e9n\u00e9galaise consid\u00e9rablement ralentie au cours du second semestre 2023, selon la banque mondiale\",\"datePublished\":\"2024-06-12T23:09:16+00:00\",\"dateModified\":\"2024-06-12T23:21:18+00:00\",\"mainEntityOfPage\":{\"@id\":\"https:\/\/challengeseconomiques.com\/?p=6561\"},\"wordCount\":447,\"image\":{\"@id\":\"https:\/\/challengeseconomiques.com\/?p=6561#primaryimage\"},\"thumbnailUrl\":\"https:\/\/challengeseconomiques.com\/wp-content\/uploads\/2020\/09\/la-banque-mondiale-finance.jpg\",\"articleSection\":[\"Actualit\u00e9 \u00e9conomique\"],\"inLanguage\":\"fr-FR\"},{\"@type\":\"WebPage\",\"@id\":\"https:\/\/challengeseconomiques.com\/?p=6561\",\"url\":\"https:\/\/challengeseconomiques.com\/?p=6561\",\"name\":\"La croissance \u00e9conomique s\u00e9n\u00e9galaise consid\u00e9rablement ralentie au cours du second semestre 2023, selon la banque mondiale - challenges economiques\",\"isPartOf\":{\"@id\":\"https:\/\/challengeseconomiques.com\/#website\"},\"primaryImageOfPage\":{\"@id\":\"https:\/\/challengeseconomiques.com\/?p=6561#primaryimage\"},\"image\":{\"@id\":\"https:\/\/challengeseconomiques.com\/?p=6561#primaryimage\"},\"thumbnailUrl\":\"https:\/\/challengeseconomiques.com\/wp-content\/uploads\/2020\/09\/la-banque-mondiale-finance.jpg\",\"datePublished\":\"2024-06-12T23:09:16+00:00\",\"dateModified\":\"2024-06-12T23:21:18+00:00\",\"author\":{\"@id\":\"https:\/\/challengeseconomiques.com\/#\/schema\/person\/b4568c9afebc5a9238a771873801e349\"},\"breadcrumb\":{\"@id\":\"https:\/\/challengeseconomiques.com\/?p=6561#breadcrumb\"},\"inLanguage\":\"fr-FR\",\"potentialAction\":[{\"@type\":\"ReadAction\",\"target\":[\"https:\/\/challengeseconomiques.com\/?p=6561\"]}]},{\"@type\":\"ImageObject\",\"inLanguage\":\"fr-FR\",\"@id\":\"https:\/\/challengeseconomiques.com\/?p=6561#primaryimage\",\"url\":\"https:\/\/challengeseconomiques.com\/wp-content\/uploads\/2020\/09\/la-banque-mondiale-finance.jpg\",\"contentUrl\":\"https:\/\/challengeseconomiques.com\/wp-content\/uploads\/2020\/09\/la-banque-mondiale-finance.jpg\",\"width\":800,\"height\":500},{\"@type\":\"BreadcrumbList\",\"@id\":\"https:\/\/challengeseconomiques.com\/?p=6561#breadcrumb\",\"itemListElement\":[{\"@type\":\"ListItem\",\"position\":1,\"name\":\"Home\",\"item\":\"https:\/\/challengeseconomiques.com\/\"},{\"@type\":\"ListItem\",\"position\":2,\"name\":\"La croissance \u00e9conomique s\u00e9n\u00e9galaise consid\u00e9rablement ralentie au cours du second semestre 2023, selon la banque mondiale\"}]},{\"@type\":\"WebSite\",\"@id\":\"https:\/\/challengeseconomiques.com\/#website\",\"url\":\"https:\/\/challengeseconomiques.com\/\",\"name\":\"challenges economiques\",\"description\":\"\",\"potentialAction\":[{\"@type\":\"SearchAction\",\"target\":{\"@type\":\"EntryPoint\",\"urlTemplate\":\"https:\/\/challengeseconomiques.com\/?s={search_term_string}\"},\"query-input\":{\"@type\":\"PropertyValueSpecification\",\"valueRequired\":true,\"valueName\":\"search_term_string\"}}],\"inLanguage\":\"fr-FR\"},{\"@type\":\"Person\",\"@id\":\"https:\/\/challengeseconomiques.com\/#\/schema\/person\/b4568c9afebc5a9238a771873801e349\",\"name\":\"admin\",\"image\":{\"@type\":\"ImageObject\",\"inLanguage\":\"fr-FR\",\"@id\":\"https:\/\/challengeseconomiques.com\/#\/schema\/person\/image\/\",\"url\":\"https:\/\/secure.gravatar.com\/avatar\/099e42240b5eea11acdb72751fcce0dd918603f0749d24974b7984ea47ed9fd9?s=96&d=mm&r=g\",\"contentUrl\":\"https:\/\/secure.gravatar.com\/avatar\/099e42240b5eea11acdb72751fcce0dd918603f0749d24974b7984ea47ed9fd9?s=96&d=mm&r=g\",\"caption\":\"admin\"},\"sameAs\":[\"https:\/\/challengeseconomiques.com\"],\"url\":\"https:\/\/challengeseconomiques.com\/?author=1\"}]}<\/script>\n<!-- \/ Yoast SEO plugin. -->","yoast_head_json":{"title":"La croissance \u00e9conomique s\u00e9n\u00e9galaise consid\u00e9rablement ralentie au cours du second semestre 2023, selon la banque mondiale - challenges economiques","robots":{"index":"index","follow":"follow","max-snippet":"max-snippet:-1","max-image-preview":"max-image-preview:large","max-video-preview":"max-video-preview:-1"},"canonical":"https:\/\/challengeseconomiques.com\/?p=6561","og_locale":"fr_FR","og_type":"article","og_title":"La croissance \u00e9conomique s\u00e9n\u00e9galaise consid\u00e9rablement ralentie au cours du second semestre 2023, selon la banque mondiale - challenges economiques","og_description":"\u00a0 Un rapport de la baque mondiale sur la situation \u00e9conomique du S\u00e9n\u00e9gal en 2023 indique que l&rsquo;instabilit\u00e9 politique a consid\u00e9rablement ralenti la croissance du...","og_url":"https:\/\/challengeseconomiques.com\/?p=6561","og_site_name":"challenges economiques","article_published_time":"2024-06-12T23:09:16+00:00","article_modified_time":"2024-06-12T23:21:18+00:00","og_image":[{"width":800,"height":500,"url":"https:\/\/challengeseconomiques.com\/wp-content\/uploads\/2020\/09\/la-banque-mondiale-finance.jpg","type":"image\/jpeg"}],"author":"admin","twitter_card":"summary_large_image","twitter_misc":{"\u00c9crit par":"admin","Dur\u00e9e de lecture estim\u00e9e":"2 minutes"},"schema":{"@context":"https:\/\/schema.org","@graph":[{"@type":"Article","@id":"https:\/\/challengeseconomiques.com\/?p=6561#article","isPartOf":{"@id":"https:\/\/challengeseconomiques.com\/?p=6561"},"author":{"name":"admin","@id":"https:\/\/challengeseconomiques.com\/#\/schema\/person\/b4568c9afebc5a9238a771873801e349"},"headline":"La croissance \u00e9conomique s\u00e9n\u00e9galaise consid\u00e9rablement ralentie au cours du second semestre 2023, selon la banque mondiale","datePublished":"2024-06-12T23:09:16+00:00","dateModified":"2024-06-12T23:21:18+00:00","mainEntityOfPage":{"@id":"https:\/\/challengeseconomiques.com\/?p=6561"},"wordCount":447,"image":{"@id":"https:\/\/challengeseconomiques.com\/?p=6561#primaryimage"},"thumbnailUrl":"https:\/\/challengeseconomiques.com\/wp-content\/uploads\/2020\/09\/la-banque-mondiale-finance.jpg","articleSection":["Actualit\u00e9 \u00e9conomique"],"inLanguage":"fr-FR"},{"@type":"WebPage","@id":"https:\/\/challengeseconomiques.com\/?p=6561","url":"https:\/\/challengeseconomiques.com\/?p=6561","name":"La croissance \u00e9conomique s\u00e9n\u00e9galaise consid\u00e9rablement ralentie au cours du second semestre 2023, selon la banque mondiale - challenges economiques","isPartOf":{"@id":"https:\/\/challengeseconomiques.com\/#website"},"primaryImageOfPage":{"@id":"https:\/\/challengeseconomiques.com\/?p=6561#primaryimage"},"image":{"@id":"https:\/\/challengeseconomiques.com\/?p=6561#primaryimage"},"thumbnailUrl":"https:\/\/challengeseconomiques.com\/wp-content\/uploads\/2020\/09\/la-banque-mondiale-finance.jpg","datePublished":"2024-06-12T23:09:16+00:00","dateModified":"2024-06-12T23:21:18+00:00","author":{"@id":"https:\/\/challengeseconomiques.com\/#\/schema\/person\/b4568c9afebc5a9238a771873801e349"},"breadcrumb":{"@id":"https:\/\/challengeseconomiques.com\/?p=6561#breadcrumb"},"inLanguage":"fr-FR","potentialAction":[{"@type":"ReadAction","target":["https:\/\/challengeseconomiques.com\/?p=6561"]}]},{"@type":"ImageObject","inLanguage":"fr-FR","@id":"https:\/\/challengeseconomiques.com\/?p=6561#primaryimage","url":"https:\/\/challengeseconomiques.com\/wp-content\/uploads\/2020\/09\/la-banque-mondiale-finance.jpg","contentUrl":"https:\/\/challengeseconomiques.com\/wp-content\/uploads\/2020\/09\/la-banque-mondiale-finance.jpg","width":800,"height":500},{"@type":"BreadcrumbList","@id":"https:\/\/challengeseconomiques.com\/?p=6561#breadcrumb","itemListElement":[{"@type":"ListItem","position":1,"name":"Home","item":"https:\/\/challengeseconomiques.com\/"},{"@type":"ListItem","position":2,"name":"La croissance \u00e9conomique s\u00e9n\u00e9galaise consid\u00e9rablement ralentie au cours du second semestre 2023, selon la banque mondiale"}]},{"@type":"WebSite","@id":"https:\/\/challengeseconomiques.com\/#website","url":"https:\/\/challengeseconomiques.com\/","name":"challenges economiques","description":"","potentialAction":[{"@type":"SearchAction","target":{"@type":"EntryPoint","urlTemplate":"https:\/\/challengeseconomiques.com\/?s={search_term_string}"},"query-input":{"@type":"PropertyValueSpecification","valueRequired":true,"valueName":"search_term_string"}}],"inLanguage":"fr-FR"},{"@type":"Person","@id":"https:\/\/challengeseconomiques.com\/#\/schema\/person\/b4568c9afebc5a9238a771873801e349","name":"admin","image":{"@type":"ImageObject","inLanguage":"fr-FR","@id":"https:\/\/challengeseconomiques.com\/#\/schema\/person\/image\/","url":"https:\/\/secure.gravatar.com\/avatar\/099e42240b5eea11acdb72751fcce0dd918603f0749d24974b7984ea47ed9fd9?s=96&d=mm&r=g","contentUrl":"https:\/\/secure.gravatar.com\/avatar\/099e42240b5eea11acdb72751fcce0dd918603f0749d24974b7984ea47ed9fd9?s=96&d=mm&r=g","caption":"admin"},"sameAs":["https:\/\/challengeseconomiques.com"],"url":"https:\/\/challengeseconomiques.com\/?author=1"}]}},"jetpack_featured_media_url":"https:\/\/challengeseconomiques.com\/wp-content\/uploads\/2020\/09\/la-banque-mondiale-finance.jpg","jetpack_sharing_enabled":true,"_links":{"self":[{"href":"https:\/\/challengeseconomiques.com\/index.php?rest_route=\/wp\/v2\/posts\/6561","targetHints":{"allow":["GET"]}}],"collection":[{"href":"https:\/\/challengeseconomiques.com\/index.php?rest_route=\/wp\/v2\/posts"}],"about":[{"href":"https:\/\/challengeseconomiques.com\/index.php?rest_route=\/wp\/v2\/types\/post"}],"author":[{"embeddable":true,"href":"https:\/\/challengeseconomiques.com\/index.php?rest_route=\/wp\/v2\/users\/1"}],"replies":[{"embeddable":true,"href":"https:\/\/challengeseconomiques.com\/index.php?rest_route=%2Fwp%2Fv2%2Fcomments&post=6561"}],"version-history":[{"count":2,"href":"https:\/\/challengeseconomiques.com\/index.php?rest_route=\/wp\/v2\/posts\/6561\/revisions"}],"predecessor-version":[{"id":6564,"href":"https:\/\/challengeseconomiques.com\/index.php?rest_route=\/wp\/v2\/posts\/6561\/revisions\/6564"}],"wp:featuredmedia":[{"embeddable":true,"href":"https:\/\/challengeseconomiques.com\/index.php?rest_route=\/wp\/v2\/media\/141"}],"wp:attachment":[{"href":"https:\/\/challengeseconomiques.com\/index.php?rest_route=%2Fwp%2Fv2%2Fmedia&parent=6561"}],"wp:term":[{"taxonomy":"category","embeddable":true,"href":"https:\/\/challengeseconomiques.com\/index.php?rest_route=%2Fwp%2Fv2%2Fcategories&post=6561"},{"taxonomy":"post_tag","embeddable":true,"href":"https:\/\/challengeseconomiques.com\/index.php?rest_route=%2Fwp%2Fv2%2Ftags&post=6561"}],"curies":[{"name":"wp","href":"https:\/\/api.w.org\/{rel}","templated":true}]}}