{"id":6532,"date":"2024-06-06T16:04:54","date_gmt":"2024-06-06T16:04:54","guid":{"rendered":"https:\/\/challengeseconomiques.com\/?p=6532"},"modified":"2024-06-06T16:05:51","modified_gmt":"2024-06-06T16:05:51","slug":"letat-du-senegal-veut-diversifier-ses-instruments-de-financement-a-travers-les-marches-internationaux-de-capitaux","status":"publish","type":"post","link":"https:\/\/challengeseconomiques.com\/?p=6532","title":{"rendered":"L\u2019Etat du S\u00e9n\u00e9gal veut diversifier ses instruments de financement \u00e0 travers les march\u00e9s internationaux de capitaux"},"content":{"rendered":"<p><strong>Le minist\u00e8re des finances et du budget du S\u00e9n\u00e9gal a indiqu\u00e9 que son objectif en mati\u00e8re de financement <\/strong><strong>\u00e0 travers <\/strong><strong>les march\u00e9s internationaux de capitaux est de diversifier ses <\/strong><strong>instruments de financement, de l\u2019\u00e9largissement de la base des investisseurs et de gestion active de la dette, conform\u00e9ment \u00e0 la strat\u00e9gie de dette \u00e0 moyen terme de l\u2019Etat, annonce un communiqu\u00e9.<\/strong><\/p>\n<p>Il faut rappeler que l\u2019Etat du S\u00e9n\u00e9gal avait dans le cadre de la couverture des besoins de financement des op\u00e9rations de la loi de finances de l\u2019ann\u00e9e 2024, mandat\u00e9 JP Morgan Londres aux fins de mobiliser, \u00e0 des conditions align\u00e9es \u00e0 sa strat\u00e9gie de gestion de la dette, des ressources pour un montant de 500 millions de dollars US.<\/p>\n<p>A cet effet, il avait \u00e9t\u00e9 proc\u00e9d\u00e9, le lundi 03 juin 2024, au lancement d\u2019obligations de l\u2019Etat du S\u00e9n\u00e9gal, en placement priv\u00e9 aupr\u00e8s d\u2019investisseurs sur les march\u00e9s internationaux de capitaux.<\/p>\n<p>Ces titres sont \u00e9mis en dollars US \u00e0 un taux nominal d\u2019int\u00e9r\u00eat de 7,75% l\u2019an, pour une maturit\u00e9 de 7 ans. Afin d\u2019optimiser davantage le service de la dette, ces titres ont fait l\u2019objet, concomitamment, d\u2019une conversion en euros, \u00e0 un taux moyen de 6,47%.<\/p>\n<p>\u00ab\u00a0Ce placement priv\u00e9 d\u2019obligations, aupr\u00e8s d\u2019investisseurs internationaux, est une premi\u00e8re op\u00e9ration du genre pour l\u2019Etat du S\u00e9n\u00e9gal. Il s\u2019inscrit dans le cadre de la politique de diversification des instruments de financement, de l\u2019\u00e9largissement de la base des investisseurs et de gestion active de la dette, conform\u00e9ment \u00e0 la strat\u00e9gie de dette \u00e0 moyen terme de l\u2019Etat\u00a0\u00bb, a not\u00e9 la source du minist\u00e8re du budget.<\/p>\n<p>Le minist\u00e8re des finances et du budget souligne en outre que le succ\u00e8s de cette op\u00e9ration, innovante, est d\u00e9montr\u00e9 par le d\u00e9lai court d\u2019ex\u00e9cution, le volume de ressources, la qualit\u00e9 des investisseurs et les conditions financi\u00e8res obtenues.<\/p>\n<p>\u00ab\u00a0Cette transaction constitue une alternative au march\u00e9 domestique dont le profil actuel n\u2019aurait pas permis de mobiliser un tel montant suivant les m\u00eames conditions de financement et de liquidit\u00e9. Les r\u00e9sultats obtenus confortent l\u2019Etat du S\u00e9n\u00e9gal dans son statut d\u2019\u00e9metteur de r\u00e9f\u00e9rence, eu \u00e9gard notamment \u00e0 la qualit\u00e9 et \u00e0 la cr\u00e9dibilit\u00e9 de\u00a0sa politique \u00e9conomique\u00a0\u00bb, se f\u00e9licite notamment le minist\u00e8re des finances et du budget.<\/p>\n<p>\u00ab\u00a0L\u2019engouement pour ces titres, not\u00e9 apr\u00e8s leur lancement, a justifi\u00e9 l\u2019\u00e9mission, le mardi 04 juin 2024, d\u2019une tranche additionnelle de 250 millions de dollars US. Le succ\u00e8s de la transaction, \u00e9tabli par la forte adh\u00e9sion des investisseurs cibl\u00e9s, atteste de leur soutien constant aux initiatives de financement des politiques publiques de l\u2019Etat du S\u00e9n\u00e9gal, ainsi que de leur confiance renouvel\u00e9e en sa qualit\u00e9 de signature\u00a0\u00bb, ajoute le communiqu\u00e9.<\/p>\n<p><strong>Idrissa GUEYE<\/strong><\/p>\n<p>&nbsp;<\/p>\n","protected":false},"excerpt":{"rendered":"<p>Le minist\u00e8re des finances et du budget du S\u00e9n\u00e9gal a indiqu\u00e9 que son objectif en mati\u00e8re de financement \u00e0 travers les march\u00e9s internationaux de capitaux&#8230;<\/p>\n","protected":false},"author":1,"featured_media":6155,"comment_status":"closed","ping_status":"open","sticky":false,"template":"","format":"standard","meta":{"_jetpack_memberships_contains_paid_content":false,"footnotes":""},"categories":[23,8],"tags":[],"class_list":["post-6532","post","type-post","status-publish","format-standard","has-post-thumbnail","hentry","category-a-la-une","category-actualite-economique","wpcat-23-id","wpcat-8-id"],"yoast_head":"<!-- This site is optimized with the Yoast SEO plugin v27.1.1 - https:\/\/yoast.com\/product\/yoast-seo-wordpress\/ -->\n<title>L\u2019Etat du S\u00e9n\u00e9gal veut diversifier ses instruments de financement \u00e0 travers les march\u00e9s internationaux de capitaux - challenges economiques<\/title>\n<meta name=\"robots\" content=\"index, follow, max-snippet:-1, max-image-preview:large, max-video-preview:-1\" \/>\n<link rel=\"canonical\" href=\"https:\/\/challengeseconomiques.com\/?p=6532\" \/>\n<meta property=\"og:locale\" content=\"fr_FR\" \/>\n<meta property=\"og:type\" content=\"article\" \/>\n<meta property=\"og:title\" content=\"L\u2019Etat du S\u00e9n\u00e9gal veut diversifier ses instruments de financement \u00e0 travers les march\u00e9s internationaux de capitaux - challenges economiques\" \/>\n<meta property=\"og:description\" content=\"Le minist\u00e8re des finances et du budget du S\u00e9n\u00e9gal a indiqu\u00e9 que son objectif en mati\u00e8re de financement \u00e0 travers les march\u00e9s internationaux de capitaux...\" \/>\n<meta property=\"og:url\" content=\"https:\/\/challengeseconomiques.com\/?p=6532\" \/>\n<meta property=\"og:site_name\" content=\"challenges economiques\" \/>\n<meta property=\"article:published_time\" content=\"2024-06-06T16:04:54+00:00\" \/>\n<meta property=\"article:modified_time\" content=\"2024-06-06T16:05:51+00:00\" \/>\n<meta property=\"og:image\" content=\"https:\/\/challengeseconomiques.com\/wp-content\/uploads\/2024\/03\/bassfaye.jpg\" \/>\n\t<meta property=\"og:image:width\" content=\"1242\" \/>\n\t<meta property=\"og:image:height\" content=\"957\" \/>\n\t<meta property=\"og:image:type\" content=\"image\/jpeg\" \/>\n<meta name=\"author\" content=\"admin\" \/>\n<meta name=\"twitter:card\" content=\"summary_large_image\" \/>\n<meta name=\"twitter:label1\" content=\"\u00c9crit par\" \/>\n\t<meta name=\"twitter:data1\" content=\"admin\" \/>\n\t<meta name=\"twitter:label2\" content=\"Dur\u00e9e de lecture estim\u00e9e\" \/>\n\t<meta name=\"twitter:data2\" content=\"2 minutes\" \/>\n<script type=\"application\/ld+json\" class=\"yoast-schema-graph\">{\"@context\":\"https:\/\/schema.org\",\"@graph\":[{\"@type\":\"Article\",\"@id\":\"https:\/\/challengeseconomiques.com\/?p=6532#article\",\"isPartOf\":{\"@id\":\"https:\/\/challengeseconomiques.com\/?p=6532\"},\"author\":{\"name\":\"admin\",\"@id\":\"https:\/\/challengeseconomiques.com\/#\/schema\/person\/b4568c9afebc5a9238a771873801e349\"},\"headline\":\"L\u2019Etat du S\u00e9n\u00e9gal veut diversifier ses instruments de financement \u00e0 travers les march\u00e9s internationaux de capitaux\",\"datePublished\":\"2024-06-06T16:04:54+00:00\",\"dateModified\":\"2024-06-06T16:05:51+00:00\",\"mainEntityOfPage\":{\"@id\":\"https:\/\/challengeseconomiques.com\/?p=6532\"},\"wordCount\":507,\"image\":{\"@id\":\"https:\/\/challengeseconomiques.com\/?p=6532#primaryimage\"},\"thumbnailUrl\":\"https:\/\/challengeseconomiques.com\/wp-content\/uploads\/2024\/03\/bassfaye.jpg\",\"articleSection\":[\"A la une\",\"Actualit\u00e9 \u00e9conomique\"],\"inLanguage\":\"fr-FR\"},{\"@type\":\"WebPage\",\"@id\":\"https:\/\/challengeseconomiques.com\/?p=6532\",\"url\":\"https:\/\/challengeseconomiques.com\/?p=6532\",\"name\":\"L\u2019Etat du S\u00e9n\u00e9gal veut diversifier ses instruments de financement \u00e0 travers les march\u00e9s internationaux de capitaux - challenges economiques\",\"isPartOf\":{\"@id\":\"https:\/\/challengeseconomiques.com\/#website\"},\"primaryImageOfPage\":{\"@id\":\"https:\/\/challengeseconomiques.com\/?p=6532#primaryimage\"},\"image\":{\"@id\":\"https:\/\/challengeseconomiques.com\/?p=6532#primaryimage\"},\"thumbnailUrl\":\"https:\/\/challengeseconomiques.com\/wp-content\/uploads\/2024\/03\/bassfaye.jpg\",\"datePublished\":\"2024-06-06T16:04:54+00:00\",\"dateModified\":\"2024-06-06T16:05:51+00:00\",\"author\":{\"@id\":\"https:\/\/challengeseconomiques.com\/#\/schema\/person\/b4568c9afebc5a9238a771873801e349\"},\"breadcrumb\":{\"@id\":\"https:\/\/challengeseconomiques.com\/?p=6532#breadcrumb\"},\"inLanguage\":\"fr-FR\",\"potentialAction\":[{\"@type\":\"ReadAction\",\"target\":[\"https:\/\/challengeseconomiques.com\/?p=6532\"]}]},{\"@type\":\"ImageObject\",\"inLanguage\":\"fr-FR\",\"@id\":\"https:\/\/challengeseconomiques.com\/?p=6532#primaryimage\",\"url\":\"https:\/\/challengeseconomiques.com\/wp-content\/uploads\/2024\/03\/bassfaye.jpg\",\"contentUrl\":\"https:\/\/challengeseconomiques.com\/wp-content\/uploads\/2024\/03\/bassfaye.jpg\",\"width\":1242,\"height\":957},{\"@type\":\"BreadcrumbList\",\"@id\":\"https:\/\/challengeseconomiques.com\/?p=6532#breadcrumb\",\"itemListElement\":[{\"@type\":\"ListItem\",\"position\":1,\"name\":\"Home\",\"item\":\"https:\/\/challengeseconomiques.com\/\"},{\"@type\":\"ListItem\",\"position\":2,\"name\":\"L\u2019Etat du S\u00e9n\u00e9gal veut diversifier ses instruments de financement \u00e0 travers les march\u00e9s internationaux de capitaux\"}]},{\"@type\":\"WebSite\",\"@id\":\"https:\/\/challengeseconomiques.com\/#website\",\"url\":\"https:\/\/challengeseconomiques.com\/\",\"name\":\"challenges economiques\",\"description\":\"\",\"potentialAction\":[{\"@type\":\"SearchAction\",\"target\":{\"@type\":\"EntryPoint\",\"urlTemplate\":\"https:\/\/challengeseconomiques.com\/?s={search_term_string}\"},\"query-input\":{\"@type\":\"PropertyValueSpecification\",\"valueRequired\":true,\"valueName\":\"search_term_string\"}}],\"inLanguage\":\"fr-FR\"},{\"@type\":\"Person\",\"@id\":\"https:\/\/challengeseconomiques.com\/#\/schema\/person\/b4568c9afebc5a9238a771873801e349\",\"name\":\"admin\",\"image\":{\"@type\":\"ImageObject\",\"inLanguage\":\"fr-FR\",\"@id\":\"https:\/\/challengeseconomiques.com\/#\/schema\/person\/image\/\",\"url\":\"https:\/\/secure.gravatar.com\/avatar\/099e42240b5eea11acdb72751fcce0dd918603f0749d24974b7984ea47ed9fd9?s=96&d=mm&r=g\",\"contentUrl\":\"https:\/\/secure.gravatar.com\/avatar\/099e42240b5eea11acdb72751fcce0dd918603f0749d24974b7984ea47ed9fd9?s=96&d=mm&r=g\",\"caption\":\"admin\"},\"sameAs\":[\"https:\/\/challengeseconomiques.com\"],\"url\":\"https:\/\/challengeseconomiques.com\/?author=1\"}]}<\/script>\n<!-- \/ Yoast SEO plugin. -->","yoast_head_json":{"title":"L\u2019Etat du S\u00e9n\u00e9gal veut diversifier ses instruments de financement \u00e0 travers les march\u00e9s internationaux de capitaux - challenges economiques","robots":{"index":"index","follow":"follow","max-snippet":"max-snippet:-1","max-image-preview":"max-image-preview:large","max-video-preview":"max-video-preview:-1"},"canonical":"https:\/\/challengeseconomiques.com\/?p=6532","og_locale":"fr_FR","og_type":"article","og_title":"L\u2019Etat du S\u00e9n\u00e9gal veut diversifier ses instruments de financement \u00e0 travers les march\u00e9s internationaux de capitaux - challenges economiques","og_description":"Le minist\u00e8re des finances et du budget du S\u00e9n\u00e9gal a indiqu\u00e9 que son objectif en mati\u00e8re de financement \u00e0 travers les march\u00e9s internationaux de capitaux...","og_url":"https:\/\/challengeseconomiques.com\/?p=6532","og_site_name":"challenges economiques","article_published_time":"2024-06-06T16:04:54+00:00","article_modified_time":"2024-06-06T16:05:51+00:00","og_image":[{"width":1242,"height":957,"url":"https:\/\/challengeseconomiques.com\/wp-content\/uploads\/2024\/03\/bassfaye.jpg","type":"image\/jpeg"}],"author":"admin","twitter_card":"summary_large_image","twitter_misc":{"\u00c9crit par":"admin","Dur\u00e9e de lecture estim\u00e9e":"2 minutes"},"schema":{"@context":"https:\/\/schema.org","@graph":[{"@type":"Article","@id":"https:\/\/challengeseconomiques.com\/?p=6532#article","isPartOf":{"@id":"https:\/\/challengeseconomiques.com\/?p=6532"},"author":{"name":"admin","@id":"https:\/\/challengeseconomiques.com\/#\/schema\/person\/b4568c9afebc5a9238a771873801e349"},"headline":"L\u2019Etat du S\u00e9n\u00e9gal veut diversifier ses instruments de financement \u00e0 travers les march\u00e9s internationaux de capitaux","datePublished":"2024-06-06T16:04:54+00:00","dateModified":"2024-06-06T16:05:51+00:00","mainEntityOfPage":{"@id":"https:\/\/challengeseconomiques.com\/?p=6532"},"wordCount":507,"image":{"@id":"https:\/\/challengeseconomiques.com\/?p=6532#primaryimage"},"thumbnailUrl":"https:\/\/challengeseconomiques.com\/wp-content\/uploads\/2024\/03\/bassfaye.jpg","articleSection":["A la une","Actualit\u00e9 \u00e9conomique"],"inLanguage":"fr-FR"},{"@type":"WebPage","@id":"https:\/\/challengeseconomiques.com\/?p=6532","url":"https:\/\/challengeseconomiques.com\/?p=6532","name":"L\u2019Etat du S\u00e9n\u00e9gal veut diversifier ses instruments de financement \u00e0 travers les march\u00e9s internationaux de capitaux - challenges economiques","isPartOf":{"@id":"https:\/\/challengeseconomiques.com\/#website"},"primaryImageOfPage":{"@id":"https:\/\/challengeseconomiques.com\/?p=6532#primaryimage"},"image":{"@id":"https:\/\/challengeseconomiques.com\/?p=6532#primaryimage"},"thumbnailUrl":"https:\/\/challengeseconomiques.com\/wp-content\/uploads\/2024\/03\/bassfaye.jpg","datePublished":"2024-06-06T16:04:54+00:00","dateModified":"2024-06-06T16:05:51+00:00","author":{"@id":"https:\/\/challengeseconomiques.com\/#\/schema\/person\/b4568c9afebc5a9238a771873801e349"},"breadcrumb":{"@id":"https:\/\/challengeseconomiques.com\/?p=6532#breadcrumb"},"inLanguage":"fr-FR","potentialAction":[{"@type":"ReadAction","target":["https:\/\/challengeseconomiques.com\/?p=6532"]}]},{"@type":"ImageObject","inLanguage":"fr-FR","@id":"https:\/\/challengeseconomiques.com\/?p=6532#primaryimage","url":"https:\/\/challengeseconomiques.com\/wp-content\/uploads\/2024\/03\/bassfaye.jpg","contentUrl":"https:\/\/challengeseconomiques.com\/wp-content\/uploads\/2024\/03\/bassfaye.jpg","width":1242,"height":957},{"@type":"BreadcrumbList","@id":"https:\/\/challengeseconomiques.com\/?p=6532#breadcrumb","itemListElement":[{"@type":"ListItem","position":1,"name":"Home","item":"https:\/\/challengeseconomiques.com\/"},{"@type":"ListItem","position":2,"name":"L\u2019Etat du S\u00e9n\u00e9gal veut diversifier ses instruments de financement \u00e0 travers les march\u00e9s internationaux de capitaux"}]},{"@type":"WebSite","@id":"https:\/\/challengeseconomiques.com\/#website","url":"https:\/\/challengeseconomiques.com\/","name":"challenges economiques","description":"","potentialAction":[{"@type":"SearchAction","target":{"@type":"EntryPoint","urlTemplate":"https:\/\/challengeseconomiques.com\/?s={search_term_string}"},"query-input":{"@type":"PropertyValueSpecification","valueRequired":true,"valueName":"search_term_string"}}],"inLanguage":"fr-FR"},{"@type":"Person","@id":"https:\/\/challengeseconomiques.com\/#\/schema\/person\/b4568c9afebc5a9238a771873801e349","name":"admin","image":{"@type":"ImageObject","inLanguage":"fr-FR","@id":"https:\/\/challengeseconomiques.com\/#\/schema\/person\/image\/","url":"https:\/\/secure.gravatar.com\/avatar\/099e42240b5eea11acdb72751fcce0dd918603f0749d24974b7984ea47ed9fd9?s=96&d=mm&r=g","contentUrl":"https:\/\/secure.gravatar.com\/avatar\/099e42240b5eea11acdb72751fcce0dd918603f0749d24974b7984ea47ed9fd9?s=96&d=mm&r=g","caption":"admin"},"sameAs":["https:\/\/challengeseconomiques.com"],"url":"https:\/\/challengeseconomiques.com\/?author=1"}]}},"jetpack_featured_media_url":"https:\/\/challengeseconomiques.com\/wp-content\/uploads\/2024\/03\/bassfaye.jpg","jetpack_sharing_enabled":true,"_links":{"self":[{"href":"https:\/\/challengeseconomiques.com\/index.php?rest_route=\/wp\/v2\/posts\/6532","targetHints":{"allow":["GET"]}}],"collection":[{"href":"https:\/\/challengeseconomiques.com\/index.php?rest_route=\/wp\/v2\/posts"}],"about":[{"href":"https:\/\/challengeseconomiques.com\/index.php?rest_route=\/wp\/v2\/types\/post"}],"author":[{"embeddable":true,"href":"https:\/\/challengeseconomiques.com\/index.php?rest_route=\/wp\/v2\/users\/1"}],"replies":[{"embeddable":true,"href":"https:\/\/challengeseconomiques.com\/index.php?rest_route=%2Fwp%2Fv2%2Fcomments&post=6532"}],"version-history":[{"count":1,"href":"https:\/\/challengeseconomiques.com\/index.php?rest_route=\/wp\/v2\/posts\/6532\/revisions"}],"predecessor-version":[{"id":6533,"href":"https:\/\/challengeseconomiques.com\/index.php?rest_route=\/wp\/v2\/posts\/6532\/revisions\/6533"}],"wp:featuredmedia":[{"embeddable":true,"href":"https:\/\/challengeseconomiques.com\/index.php?rest_route=\/wp\/v2\/media\/6155"}],"wp:attachment":[{"href":"https:\/\/challengeseconomiques.com\/index.php?rest_route=%2Fwp%2Fv2%2Fmedia&parent=6532"}],"wp:term":[{"taxonomy":"category","embeddable":true,"href":"https:\/\/challengeseconomiques.com\/index.php?rest_route=%2Fwp%2Fv2%2Fcategories&post=6532"},{"taxonomy":"post_tag","embeddable":true,"href":"https:\/\/challengeseconomiques.com\/index.php?rest_route=%2Fwp%2Fv2%2Ftags&post=6532"}],"curies":[{"name":"wp","href":"https:\/\/api.w.org\/{rel}","templated":true}]}}