{"id":6505,"date":"2024-06-03T18:38:30","date_gmt":"2024-06-03T18:38:30","guid":{"rendered":"https:\/\/challengeseconomiques.com\/?p=6505"},"modified":"2024-06-03T18:40:21","modified_gmt":"2024-06-03T18:40:21","slug":"le-modele-de-reussite-de-dubai-peut-etre-une-source-dinspiration-pour-les-pays-en-developpement-selon-serigne-gueye-diop","status":"publish","type":"post","link":"https:\/\/challengeseconomiques.com\/?p=6505","title":{"rendered":"Le mod\u00e8le de r\u00e9ussite de Duba\u00ef peut \u00eatre une source d\u2019inspiration pour les pays en d\u00e9veloppement, selon Serigne Gueye Diop"},"content":{"rendered":"<p><strong>Serigne Gueye Diop<\/strong><strong>, le ministre du commerce et de l\u2019industrie a indiqu\u00e9 lundi 3 juin 2024 que <\/strong><strong>la transformation rapide de Duba\u00ef, qui est pass\u00e9e d\u2019une bourgade, il y a quelques d\u00e9cennies seulement, en une puissance \u00e9conomique mondiale, est un mod\u00e8le de r\u00e9ussite et une source d\u2019inspiration pour nos pays en voie de d\u00e9veloppement<\/strong>.<\/p>\n<p>A propos des atouts et leviers sur lesquels, s\u2019est appuy\u00e9s ce pays du golfe, pour se d\u00e9velopper, Serigne Gueye Diop a affirm\u00e9 que les facteurs cl\u00e9s de cette transformation sont sa position g\u00e9ographique strat\u00e9gique, sa diversification \u00e9conomique et ses politiques favorables aux entreprises.<\/p>\n<p>\u00ab\u00a0Le succ\u00e8s de Duba\u00ef attire les investissements \u00e9trangers et elle compte parmi les villes les plus rayonnantes du monde\u00a0\u00bb, a insist\u00e9 M. Diop.<\/p>\n<p>A propos des atouts du S\u00e9n\u00e9gal, Serigne Gueye Diop soutient qu\u2019\u00e0 l\u2019instar des Emirats Arabes Unis, le S\u00e9n\u00e9gal dispose \u00e9galement d\u2019atouts, qui pourraient lui permettre de transformer structurellement et substantiellement son \u00e9conomie.<\/p>\n<p>\u00ab\u00a0Notre \u00e9conomie est tr\u00e8s dynamique et repose sur plusieurs piliers : l\u2019agriculture, la p\u00eache, les industries extractives mini\u00e8res, les services ainsi que le p\u00e9trole et le gaz dont l\u2019exploitation devrait d\u00e9marrer au courant de cette ann\u00e9e. Plusieurs r\u00e9formes ont permis d\u2019am\u00e9liorer l\u2019environnement des affaires et de r\u00e9duire les co\u00fbts des facteurs de production\u00a0\u00bb, a-t-il relev\u00e9.<\/p>\n<p>Il a aussi not\u00e9 que les politiques publiques men\u00e9es depuis quelques d\u00e9cennies ont fait du S\u00e9n\u00e9gal, l\u2019un des pays les mieux dot\u00e9s en infrastructures d\u2019Afrique subsaharienne.<\/p>\n<p>\u00ab\u00a0Avec la construction d\u2019un r\u00e9seau routier moderne, y compris des autoroutes \u00e0 p\u00e9age, la r\u00e9alisation et la modernisation des infrastructures portuaires et a\u00e9roportuaires r\u00e9pondant aux normes internationales ainsi que la r\u00e9habilitation des infrastructures ferroviaires comprenant \u00e9galement des trains de derni\u00e8res g\u00e9n\u00e9ration avec le train express r\u00e9gional\u00a0\u00bb, a-t-il list\u00e9.<\/p>\n<p>Parall\u00e8lement \u00e0 ces atouts, le ministre du commerce et de l\u2019industrie a rappel\u00e9 que les Emirats Arabes Unis comptent parmi les principaux partenaires commerciaux du S\u00e9n\u00e9gal.<\/p>\n<p>\u00ab\u00a0en 2022, les importations du S\u00e9n\u00e9gal en provenance des Emirats Arabes Unis \u00e9taient \u00e9valu\u00e9es \u00e0 363,7 milliards de FCFA, juste derri\u00e8re la Chine (756,9 milliards de FCFA) et l\u2019Inde (568,2 milliards de FCFA)\u00a0\u00bb, a-t-il \u00e9num\u00e9r\u00e9.<\/p>\n<p>Il s\u2019est cependant d\u00e9sol\u00e9 du fait que le S\u00e9n\u00e9gal exporte peu vers les Emirats arabes unis, avec une valeur de 35 millions de FCFA en 2022, m\u00eame si une tendance haussi\u00e8re est observ\u00e9e.<\/p>\n<p>Rappelons que le ministre du commerce et de l\u2019industrie intervenait \u00e0 l\u2019occasion de la c\u00e9r\u00e9monie d\u2019ouverture du forum \u00ab\u00a0 Doing business with S\u00e9n\u00e9gal\u00a0\u00bb , \u00e0 l\u2019initiative des chambres de Duba\u00ef en partenariat avec la chambre de commerce d\u2019industries et d\u2019agriculture de Dakar (CCIAD).<\/p>\n<p>Des dirigeants d\u2019entreprises bas\u00e9es \u00e0 Duba\u00ef et des hommes d\u2019affaires s\u00e9n\u00e9galais prennent part \u00e0 cette activit\u00e9, qui est un concept qui vise l\u2019expansion des entreprises de Duba\u00ef sur de nouveaux march\u00e9s.<\/p>\n<p>Abdoulaye Sow, le pr\u00e9sident de la chambre de Dakar a dit \u00e0 propos de cette rencontre, nourrir l\u2019espoir qu\u2019elle permettra d&rsquo;explorer des possibilit\u00e9s de coop\u00e9ration gagnant-gagnant, et d\u2019\u00e9tablir de nouveaux accords de commerce et d&rsquo;investissement.<\/p>\n<p>\u00ab\u00a0Les chambres de commerce au S\u00e9n\u00e9gal sont de nature mixtes. Elles polarisent les m\u00e9tiers de l\u2019agriculture, du commerce et de l\u2019industrie. C\u2019est en ce sens que la signature de notre accord de coop\u00e9ration est important, car, elle pose le cadre d\u2019un partenariat dans lequel nos deux institutions vont se mouvoir, afin de renforcer la coop\u00e9ration \u00e9conomique et commerciale entre nos entreprises pour des affaires mutuellement b\u00e9n\u00e9fiques\u00a0\u00bb, a expliqu\u00e9 Abdoulaye Sow.<\/p>\n<p>Abondant dans le m\u00eame sens que Serigne Gueye Diop, le pr\u00e9sident de la CCIAD est aussi revenu sur les atouts du S\u00e9n\u00e9gal en d\u00e9clarant que ces atouts sont non n\u00e9gligeables, notamment dans les secteurs identifi\u00e9s pour porter la croissance : l\u2019agroalimentaire, les produits de la mer, le tourisme, l\u2019artisanat, les TIC et T\u00e9l\u00e9 services, secteurs qui ont un fort potentiel \u00e0 l\u2019exportation.<\/p>\n<p><img fetchpriority=\"high\" decoding=\"async\" class=\"alignnone  wp-image-6507\" src=\"https:\/\/challengeseconomiques.com\/wp-content\/uploads\/2024\/06\/dubaichamber2-300x200.jpg\" alt=\"\" width=\"611\" height=\"407\" srcset=\"https:\/\/challengeseconomiques.com\/wp-content\/uploads\/2024\/06\/dubaichamber2-300x200.jpg 300w, https:\/\/challengeseconomiques.com\/wp-content\/uploads\/2024\/06\/dubaichamber2-1024x683.jpg 1024w, https:\/\/challengeseconomiques.com\/wp-content\/uploads\/2024\/06\/dubaichamber2-768x512.jpg 768w, https:\/\/challengeseconomiques.com\/wp-content\/uploads\/2024\/06\/dubaichamber2-1118x746.jpg 1118w, https:\/\/challengeseconomiques.com\/wp-content\/uploads\/2024\/06\/dubaichamber2-272x182.jpg 272w, https:\/\/challengeseconomiques.com\/wp-content\/uploads\/2024\/06\/dubaichamber2.jpg 1280w\" sizes=\"(max-width: 611px) 100vw, 611px\" \/><\/p>\n","protected":false},"excerpt":{"rendered":"<p>Serigne Gueye Diop, le ministre du commerce et de l\u2019industrie a indiqu\u00e9 lundi 3 juin 2024 que la transformation rapide de Duba\u00ef, qui est pass\u00e9e&#8230;<\/p>\n","protected":false},"author":3,"featured_media":6506,"comment_status":"closed","ping_status":"open","sticky":false,"template":"","format":"standard","meta":{"_jetpack_memberships_contains_paid_content":false,"footnotes":""},"categories":[23,8],"tags":[],"class_list":["post-6505","post","type-post","status-publish","format-standard","has-post-thumbnail","hentry","category-a-la-une","category-actualite-economique","wpcat-23-id","wpcat-8-id"],"yoast_head":"<!-- This site is optimized with the Yoast SEO plugin v27.1.1 - https:\/\/yoast.com\/product\/yoast-seo-wordpress\/ -->\n<title>Le mod\u00e8le de r\u00e9ussite de Duba\u00ef peut \u00eatre une source d\u2019inspiration pour les pays en d\u00e9veloppement, selon Serigne Gueye Diop - challenges economiques<\/title>\n<meta name=\"robots\" content=\"index, follow, max-snippet:-1, max-image-preview:large, max-video-preview:-1\" \/>\n<link rel=\"canonical\" href=\"https:\/\/challengeseconomiques.com\/?p=6505\" \/>\n<meta property=\"og:locale\" content=\"fr_FR\" \/>\n<meta property=\"og:type\" content=\"article\" \/>\n<meta property=\"og:title\" content=\"Le mod\u00e8le de r\u00e9ussite de Duba\u00ef peut \u00eatre une source d\u2019inspiration pour les pays en d\u00e9veloppement, selon Serigne Gueye Diop - challenges economiques\" \/>\n<meta property=\"og:description\" content=\"Serigne Gueye Diop, le ministre du commerce et de l\u2019industrie a indiqu\u00e9 lundi 3 juin 2024 que la transformation rapide de Duba\u00ef, qui est pass\u00e9e...\" \/>\n<meta property=\"og:url\" content=\"https:\/\/challengeseconomiques.com\/?p=6505\" \/>\n<meta property=\"og:site_name\" content=\"challenges economiques\" \/>\n<meta property=\"article:published_time\" content=\"2024-06-03T18:38:30+00:00\" \/>\n<meta property=\"article:modified_time\" content=\"2024-06-03T18:40:21+00:00\" \/>\n<meta property=\"og:image\" content=\"https:\/\/challengeseconomiques.com\/wp-content\/uploads\/2024\/06\/dubaichamber1.jpg\" \/>\n\t<meta property=\"og:image:width\" content=\"1280\" \/>\n\t<meta property=\"og:image:height\" content=\"854\" \/>\n\t<meta property=\"og:image:type\" content=\"image\/jpeg\" \/>\n<meta name=\"author\" content=\"aliou kane ndiaye\" \/>\n<meta name=\"twitter:card\" content=\"summary_large_image\" \/>\n<meta name=\"twitter:label1\" content=\"\u00c9crit par\" \/>\n\t<meta name=\"twitter:data1\" content=\"aliou kane ndiaye\" \/>\n\t<meta name=\"twitter:label2\" content=\"Dur\u00e9e de lecture estim\u00e9e\" \/>\n\t<meta name=\"twitter:data2\" content=\"4 minutes\" \/>\n<script type=\"application\/ld+json\" class=\"yoast-schema-graph\">{\"@context\":\"https:\/\/schema.org\",\"@graph\":[{\"@type\":\"Article\",\"@id\":\"https:\/\/challengeseconomiques.com\/?p=6505#article\",\"isPartOf\":{\"@id\":\"https:\/\/challengeseconomiques.com\/?p=6505\"},\"author\":{\"name\":\"aliou kane ndiaye\",\"@id\":\"https:\/\/challengeseconomiques.com\/#\/schema\/person\/2f70a31e102db1741c1a1c00c2bbd8a6\"},\"headline\":\"Le mod\u00e8le de r\u00e9ussite de Duba\u00ef peut \u00eatre une source d\u2019inspiration pour les pays en d\u00e9veloppement, selon Serigne Gueye Diop\",\"datePublished\":\"2024-06-03T18:38:30+00:00\",\"dateModified\":\"2024-06-03T18:40:21+00:00\",\"mainEntityOfPage\":{\"@id\":\"https:\/\/challengeseconomiques.com\/?p=6505\"},\"wordCount\":736,\"image\":{\"@id\":\"https:\/\/challengeseconomiques.com\/?p=6505#primaryimage\"},\"thumbnailUrl\":\"https:\/\/challengeseconomiques.com\/wp-content\/uploads\/2024\/06\/dubaichamber1.jpg\",\"articleSection\":[\"A la une\",\"Actualit\u00e9 \u00e9conomique\"],\"inLanguage\":\"fr-FR\"},{\"@type\":\"WebPage\",\"@id\":\"https:\/\/challengeseconomiques.com\/?p=6505\",\"url\":\"https:\/\/challengeseconomiques.com\/?p=6505\",\"name\":\"Le mod\u00e8le de r\u00e9ussite de Duba\u00ef peut \u00eatre une source d\u2019inspiration pour les pays en d\u00e9veloppement, selon Serigne Gueye Diop - challenges economiques\",\"isPartOf\":{\"@id\":\"https:\/\/challengeseconomiques.com\/#website\"},\"primaryImageOfPage\":{\"@id\":\"https:\/\/challengeseconomiques.com\/?p=6505#primaryimage\"},\"image\":{\"@id\":\"https:\/\/challengeseconomiques.com\/?p=6505#primaryimage\"},\"thumbnailUrl\":\"https:\/\/challengeseconomiques.com\/wp-content\/uploads\/2024\/06\/dubaichamber1.jpg\",\"datePublished\":\"2024-06-03T18:38:30+00:00\",\"dateModified\":\"2024-06-03T18:40:21+00:00\",\"author\":{\"@id\":\"https:\/\/challengeseconomiques.com\/#\/schema\/person\/2f70a31e102db1741c1a1c00c2bbd8a6\"},\"breadcrumb\":{\"@id\":\"https:\/\/challengeseconomiques.com\/?p=6505#breadcrumb\"},\"inLanguage\":\"fr-FR\",\"potentialAction\":[{\"@type\":\"ReadAction\",\"target\":[\"https:\/\/challengeseconomiques.com\/?p=6505\"]}]},{\"@type\":\"ImageObject\",\"inLanguage\":\"fr-FR\",\"@id\":\"https:\/\/challengeseconomiques.com\/?p=6505#primaryimage\",\"url\":\"https:\/\/challengeseconomiques.com\/wp-content\/uploads\/2024\/06\/dubaichamber1.jpg\",\"contentUrl\":\"https:\/\/challengeseconomiques.com\/wp-content\/uploads\/2024\/06\/dubaichamber1.jpg\",\"width\":1280,\"height\":854},{\"@type\":\"BreadcrumbList\",\"@id\":\"https:\/\/challengeseconomiques.com\/?p=6505#breadcrumb\",\"itemListElement\":[{\"@type\":\"ListItem\",\"position\":1,\"name\":\"Home\",\"item\":\"https:\/\/challengeseconomiques.com\/\"},{\"@type\":\"ListItem\",\"position\":2,\"name\":\"Le mod\u00e8le de r\u00e9ussite de Duba\u00ef peut \u00eatre une source d\u2019inspiration pour les pays en d\u00e9veloppement, selon Serigne Gueye Diop\"}]},{\"@type\":\"WebSite\",\"@id\":\"https:\/\/challengeseconomiques.com\/#website\",\"url\":\"https:\/\/challengeseconomiques.com\/\",\"name\":\"challenges economiques\",\"description\":\"\",\"potentialAction\":[{\"@type\":\"SearchAction\",\"target\":{\"@type\":\"EntryPoint\",\"urlTemplate\":\"https:\/\/challengeseconomiques.com\/?s={search_term_string}\"},\"query-input\":{\"@type\":\"PropertyValueSpecification\",\"valueRequired\":true,\"valueName\":\"search_term_string\"}}],\"inLanguage\":\"fr-FR\"},{\"@type\":\"Person\",\"@id\":\"https:\/\/challengeseconomiques.com\/#\/schema\/person\/2f70a31e102db1741c1a1c00c2bbd8a6\",\"name\":\"aliou kane ndiaye\",\"image\":{\"@type\":\"ImageObject\",\"inLanguage\":\"fr-FR\",\"@id\":\"https:\/\/challengeseconomiques.com\/#\/schema\/person\/image\/\",\"url\":\"https:\/\/secure.gravatar.com\/avatar\/df942321e58711a9f1fee838e446766660477bacd4b42fa20400d2c7cf4da7ca?s=96&d=mm&r=g\",\"contentUrl\":\"https:\/\/secure.gravatar.com\/avatar\/df942321e58711a9f1fee838e446766660477bacd4b42fa20400d2c7cf4da7ca?s=96&d=mm&r=g\",\"caption\":\"aliou kane ndiaye\"},\"sameAs\":[\"http:\/\/www.challengeseconomiques.com\"],\"url\":\"https:\/\/challengeseconomiques.com\/?author=3\"}]}<\/script>\n<!-- \/ Yoast SEO plugin. -->","yoast_head_json":{"title":"Le mod\u00e8le de r\u00e9ussite de Duba\u00ef peut \u00eatre une source d\u2019inspiration pour les pays en d\u00e9veloppement, selon Serigne Gueye Diop - challenges economiques","robots":{"index":"index","follow":"follow","max-snippet":"max-snippet:-1","max-image-preview":"max-image-preview:large","max-video-preview":"max-video-preview:-1"},"canonical":"https:\/\/challengeseconomiques.com\/?p=6505","og_locale":"fr_FR","og_type":"article","og_title":"Le mod\u00e8le de r\u00e9ussite de Duba\u00ef peut \u00eatre une source d\u2019inspiration pour les pays en d\u00e9veloppement, selon Serigne Gueye Diop - challenges economiques","og_description":"Serigne Gueye Diop, le ministre du commerce et de l\u2019industrie a indiqu\u00e9 lundi 3 juin 2024 que la transformation rapide de Duba\u00ef, qui est pass\u00e9e...","og_url":"https:\/\/challengeseconomiques.com\/?p=6505","og_site_name":"challenges economiques","article_published_time":"2024-06-03T18:38:30+00:00","article_modified_time":"2024-06-03T18:40:21+00:00","og_image":[{"width":1280,"height":854,"url":"https:\/\/challengeseconomiques.com\/wp-content\/uploads\/2024\/06\/dubaichamber1.jpg","type":"image\/jpeg"}],"author":"aliou kane ndiaye","twitter_card":"summary_large_image","twitter_misc":{"\u00c9crit par":"aliou kane ndiaye","Dur\u00e9e de lecture estim\u00e9e":"4 minutes"},"schema":{"@context":"https:\/\/schema.org","@graph":[{"@type":"Article","@id":"https:\/\/challengeseconomiques.com\/?p=6505#article","isPartOf":{"@id":"https:\/\/challengeseconomiques.com\/?p=6505"},"author":{"name":"aliou kane ndiaye","@id":"https:\/\/challengeseconomiques.com\/#\/schema\/person\/2f70a31e102db1741c1a1c00c2bbd8a6"},"headline":"Le mod\u00e8le de r\u00e9ussite de Duba\u00ef peut \u00eatre une source d\u2019inspiration pour les pays en d\u00e9veloppement, selon Serigne Gueye Diop","datePublished":"2024-06-03T18:38:30+00:00","dateModified":"2024-06-03T18:40:21+00:00","mainEntityOfPage":{"@id":"https:\/\/challengeseconomiques.com\/?p=6505"},"wordCount":736,"image":{"@id":"https:\/\/challengeseconomiques.com\/?p=6505#primaryimage"},"thumbnailUrl":"https:\/\/challengeseconomiques.com\/wp-content\/uploads\/2024\/06\/dubaichamber1.jpg","articleSection":["A la une","Actualit\u00e9 \u00e9conomique"],"inLanguage":"fr-FR"},{"@type":"WebPage","@id":"https:\/\/challengeseconomiques.com\/?p=6505","url":"https:\/\/challengeseconomiques.com\/?p=6505","name":"Le mod\u00e8le de r\u00e9ussite de Duba\u00ef peut \u00eatre une source d\u2019inspiration pour les pays en d\u00e9veloppement, selon Serigne Gueye Diop - challenges economiques","isPartOf":{"@id":"https:\/\/challengeseconomiques.com\/#website"},"primaryImageOfPage":{"@id":"https:\/\/challengeseconomiques.com\/?p=6505#primaryimage"},"image":{"@id":"https:\/\/challengeseconomiques.com\/?p=6505#primaryimage"},"thumbnailUrl":"https:\/\/challengeseconomiques.com\/wp-content\/uploads\/2024\/06\/dubaichamber1.jpg","datePublished":"2024-06-03T18:38:30+00:00","dateModified":"2024-06-03T18:40:21+00:00","author":{"@id":"https:\/\/challengeseconomiques.com\/#\/schema\/person\/2f70a31e102db1741c1a1c00c2bbd8a6"},"breadcrumb":{"@id":"https:\/\/challengeseconomiques.com\/?p=6505#breadcrumb"},"inLanguage":"fr-FR","potentialAction":[{"@type":"ReadAction","target":["https:\/\/challengeseconomiques.com\/?p=6505"]}]},{"@type":"ImageObject","inLanguage":"fr-FR","@id":"https:\/\/challengeseconomiques.com\/?p=6505#primaryimage","url":"https:\/\/challengeseconomiques.com\/wp-content\/uploads\/2024\/06\/dubaichamber1.jpg","contentUrl":"https:\/\/challengeseconomiques.com\/wp-content\/uploads\/2024\/06\/dubaichamber1.jpg","width":1280,"height":854},{"@type":"BreadcrumbList","@id":"https:\/\/challengeseconomiques.com\/?p=6505#breadcrumb","itemListElement":[{"@type":"ListItem","position":1,"name":"Home","item":"https:\/\/challengeseconomiques.com\/"},{"@type":"ListItem","position":2,"name":"Le mod\u00e8le de r\u00e9ussite de Duba\u00ef peut \u00eatre une source d\u2019inspiration pour les pays en d\u00e9veloppement, selon Serigne Gueye Diop"}]},{"@type":"WebSite","@id":"https:\/\/challengeseconomiques.com\/#website","url":"https:\/\/challengeseconomiques.com\/","name":"challenges economiques","description":"","potentialAction":[{"@type":"SearchAction","target":{"@type":"EntryPoint","urlTemplate":"https:\/\/challengeseconomiques.com\/?s={search_term_string}"},"query-input":{"@type":"PropertyValueSpecification","valueRequired":true,"valueName":"search_term_string"}}],"inLanguage":"fr-FR"},{"@type":"Person","@id":"https:\/\/challengeseconomiques.com\/#\/schema\/person\/2f70a31e102db1741c1a1c00c2bbd8a6","name":"aliou kane ndiaye","image":{"@type":"ImageObject","inLanguage":"fr-FR","@id":"https:\/\/challengeseconomiques.com\/#\/schema\/person\/image\/","url":"https:\/\/secure.gravatar.com\/avatar\/df942321e58711a9f1fee838e446766660477bacd4b42fa20400d2c7cf4da7ca?s=96&d=mm&r=g","contentUrl":"https:\/\/secure.gravatar.com\/avatar\/df942321e58711a9f1fee838e446766660477bacd4b42fa20400d2c7cf4da7ca?s=96&d=mm&r=g","caption":"aliou kane ndiaye"},"sameAs":["http:\/\/www.challengeseconomiques.com"],"url":"https:\/\/challengeseconomiques.com\/?author=3"}]}},"jetpack_featured_media_url":"https:\/\/challengeseconomiques.com\/wp-content\/uploads\/2024\/06\/dubaichamber1.jpg","jetpack_sharing_enabled":true,"_links":{"self":[{"href":"https:\/\/challengeseconomiques.com\/index.php?rest_route=\/wp\/v2\/posts\/6505","targetHints":{"allow":["GET"]}}],"collection":[{"href":"https:\/\/challengeseconomiques.com\/index.php?rest_route=\/wp\/v2\/posts"}],"about":[{"href":"https:\/\/challengeseconomiques.com\/index.php?rest_route=\/wp\/v2\/types\/post"}],"author":[{"embeddable":true,"href":"https:\/\/challengeseconomiques.com\/index.php?rest_route=\/wp\/v2\/users\/3"}],"replies":[{"embeddable":true,"href":"https:\/\/challengeseconomiques.com\/index.php?rest_route=%2Fwp%2Fv2%2Fcomments&post=6505"}],"version-history":[{"count":2,"href":"https:\/\/challengeseconomiques.com\/index.php?rest_route=\/wp\/v2\/posts\/6505\/revisions"}],"predecessor-version":[{"id":6509,"href":"https:\/\/challengeseconomiques.com\/index.php?rest_route=\/wp\/v2\/posts\/6505\/revisions\/6509"}],"wp:featuredmedia":[{"embeddable":true,"href":"https:\/\/challengeseconomiques.com\/index.php?rest_route=\/wp\/v2\/media\/6506"}],"wp:attachment":[{"href":"https:\/\/challengeseconomiques.com\/index.php?rest_route=%2Fwp%2Fv2%2Fmedia&parent=6505"}],"wp:term":[{"taxonomy":"category","embeddable":true,"href":"https:\/\/challengeseconomiques.com\/index.php?rest_route=%2Fwp%2Fv2%2Fcategories&post=6505"},{"taxonomy":"post_tag","embeddable":true,"href":"https:\/\/challengeseconomiques.com\/index.php?rest_route=%2Fwp%2Fv2%2Ftags&post=6505"}],"curies":[{"name":"wp","href":"https:\/\/api.w.org\/{rel}","templated":true}]}}