{"id":6493,"date":"2024-05-31T13:11:39","date_gmt":"2024-05-31T13:11:39","guid":{"rendered":"https:\/\/challengeseconomiques.com\/?p=6493"},"modified":"2024-05-31T13:44:47","modified_gmt":"2024-05-31T13:44:47","slug":"transports-avec-laide-de-lue-le-senegal-entame-un-projet-de-restructuration-du-transport-en-commun-a-dakar","status":"publish","type":"post","link":"https:\/\/challengeseconomiques.com\/?p=6493","title":{"rendered":"TRANSPORTS \/ Avec l\u2019aide de l\u2019UE, le S\u00e9n\u00e9gal entame un projet de restructuration du transport en commun \u00e0 Dakar"},"content":{"rendered":"<p><span style=\"font-family: arial, helvetica, sans-serif;\">\u00a0L\u2019\u00c9tat du S\u00e9n\u00e9gal et ses partenaires financiers europ\u00e9ens ont lanc\u00e9, jeudi, \u00e0 Dakar, la premi\u00e8re phase d\u2019un projet de restructuration du r\u00e9seau de transport en commun de la capitale, d\u2019un co\u00fbt de 267 milliards de francs CFA.<\/span><\/p>\n<p style=\"text-align: justify;\"><span style=\"font-family: arial, helvetica, sans-serif;\">Le but de cette initiative est d\u2019am\u00e9liorer les services de transport en commun, selon le gouvernement s\u00e9n\u00e9galais et la Team Europe, qui r\u00e9unit les pays membres de l\u2019Union europ\u00e9enne entretenant un partenariat \u00e9conomique avec le S\u00e9n\u00e9gal.<\/span><\/p>\n<p style=\"text-align: justify;\"><span style=\"font-family: arial, helvetica, sans-serif;\">Cette partie du projet venant d\u2019\u00eatre lanc\u00e9e concerne la p\u00e9riode 2024-2026 et va consister \u00e0 acqu\u00e9rir 380 \u00e0 400 autobus neufs \u00e0 motorisation au gaz.<\/span><\/p>\n<p style=\"text-align: justify;\"><span style=\"font-family: arial, helvetica, sans-serif;\">Il s\u2019agit de renforcer et de moderniser le parc de mat\u00e9riel roulant sur 14 lignes et de construire deux ateliers-d\u00e9p\u00f4ts pour la maintenance et le remisage des bus, selon Serigne Ahmadou Bamba Sy, le secr\u00e9taire g\u00e9n\u00e9ral du minist\u00e8re des Infrastructures et des Transports terrestres et a\u00e9riens.<\/span><\/p>\n<p style=\"text-align: justify;\"><span style=\"font-family: arial, helvetica, sans-serif;\">Le projet comprend en m\u00eame temps des travaux d\u2019am\u00e9nagement urbain et de voirie portant sur 30 km, neuf carrefours, des arr\u00eats de bus et 13 terminus, a-t-il ajout\u00e9.<\/span><\/p>\n<p style=\"text-align: justify;\">\n<p style=\"text-align: justify;\"><span style=\"font-family: arial, helvetica, sans-serif;\">Apr\u00e8s la construction du Train express r\u00e9gional et du Bus rapid transit, deux infrastructures de transport de masse \u00e0 Dakar, le Conseil ex\u00e9cutif des transports urbains durables (CETUD) \u2018\u2019a entrepris la restructuration du r\u00e9seau de transport en commun de Dakar, dont l\u2019objectif est d\u2019am\u00e9liorer et de renforcer l\u2019offre de transport public urbain\u2019\u2019, a expliqu\u00e9 M. Sy lors du lancement du projet.<\/span><\/p>\n<p style=\"text-align: justify;\"><span style=\"font-family: arial, helvetica, sans-serif;\">Plus de 400.000 voyageurs vont emprunter les futures lignes, qui leur offriront des \u2018\u2019conditions de confort, de s\u00e9curit\u00e9, de ponctualit\u00e9 et de r\u00e9gularit\u00e9\u2019\u2019, a ajout\u00e9 Serigne Ahmadou Bamba Sy.<\/span><\/p>\n<p style=\"text-align: justify;\"><span style=\"font-family: arial, helvetica, sans-serif;\">Il affirme que l\u2019\u00c9tat du S\u00e9n\u00e9gal s\u2019est lanc\u00e9 dans cette initiative pour r\u00e9duire en m\u00eame temps la pollution caus\u00e9e par le transport.<\/span><\/p>\n<p style=\"text-align: justify;\"><span style=\"font-family: arial, helvetica, sans-serif;\">Selon les autorit\u00e9s s\u00e9n\u00e9galaises et la Team Europe, l\u2019\u00c9tat du S\u00e9n\u00e9gal va fournir 57 milliards de francs CFA du budget pr\u00e9vu pour la r\u00e9alisation du projet, la Banque europ\u00e9enne d\u2019investissement 109,5 milliards, l\u2019Agence fran\u00e7aise de d\u00e9veloppement 67,9 milliards, l\u2019Allemagne, par le biais de la banque KfW, 19,7 milliards, et l\u2019Union europ\u00e9enne 12,9 milliards.<\/span><\/p>\n<p style=\"text-align: justify;\"><span style=\"font-family: arial, helvetica, sans-serif;\"><strong>\u2018\u2019L\u2019am\u00e9lioration de la mobilit\u00e9 urbaine est d\u2019un enjeu crucial\u2019\u2019<\/strong><\/span><\/p>\n<p style=\"text-align: justify;\"><span style=\"font-family: arial, helvetica, sans-serif;\">L\u2019initiative va \u2018\u2019faire de Dakar une ville viable et durable\u2019\u2019, a assur\u00e9 Simon Vanden Broeke, le chef de l\u2019\u00e9quipe charg\u00e9e de la connectivit\u00e9 et de l\u2019investissement durable \u00e0 la d\u00e9l\u00e9gation de l\u2019Union europ\u00e9enne au S\u00e9n\u00e9gal.<\/span><\/p>\n<p style=\"text-align: justify;\"><span style=\"font-family: arial, helvetica, sans-serif;\">\u2018\u2019L\u2019am\u00e9lioration de la mobilit\u00e9 urbaine est d\u2019un enjeu crucial\u2019\u2019, a-t-il ajout\u00e9 pour parler de l\u2019importance du projet.<\/span><\/p>\n<p style=\"text-align: justify;\"><span style=\"font-family: arial, helvetica, sans-serif;\">\u2018\u2019Une \u00e9tape est franchie pour faire de Dakar une ville plus durable et plus viable pour tous ses habitants\u2019\u2019, a dit Lisa Steinacher, la directrice de la KfW au S\u00e9n\u00e9gal.<\/span><\/p>\n<p style=\"text-align: justify;\"><span style=\"font-family: arial, helvetica, sans-serif;\">La premi\u00e8re phase du projet de restructuration va g\u00e9n\u00e9rer quelque 1.500 emplois, selon le S\u00e9n\u00e9gal et la Team Europe.<\/span><\/p>\n<p style=\"text-align: justify;\"><span style=\"font-family: arial, helvetica, sans-serif;\">\u2018\u2019D\u00e9congestionner Dakar est devenu une n\u00e9cessit\u00e9, car les conditions de mobilit\u00e9 dans la capitale s\u00e9n\u00e9galaise entra\u00eenent des pertes \u00e9conomiques de 900 milliards de francs CFA par an\u2019\u2019, a soulign\u00e9 Thierno Birahim Aw, le directeur g\u00e9n\u00e9ral du CETUD, lors du lancement de l\u2019initiative.<\/span><\/p>\n<p><strong>(APS)<\/strong><\/p>\n","protected":false},"excerpt":{"rendered":"<p>\u00a0L\u2019\u00c9tat du S\u00e9n\u00e9gal et ses partenaires financiers europ\u00e9ens ont lanc\u00e9, jeudi, \u00e0 Dakar, la premi\u00e8re phase d\u2019un projet de restructuration du r\u00e9seau de transport en&#8230;<\/p>\n","protected":false},"author":1,"featured_media":6494,"comment_status":"closed","ping_status":"open","sticky":false,"template":"","format":"standard","meta":{"_jetpack_memberships_contains_paid_content":false,"footnotes":""},"categories":[8],"tags":[],"class_list":["post-6493","post","type-post","status-publish","format-standard","has-post-thumbnail","hentry","category-actualite-economique","wpcat-8-id"],"yoast_head":"<!-- This site is optimized with the Yoast SEO plugin v27.1.1 - https:\/\/yoast.com\/product\/yoast-seo-wordpress\/ -->\n<title>TRANSPORTS \/ Avec l\u2019aide de l\u2019UE, le S\u00e9n\u00e9gal entame un projet de restructuration du transport en commun \u00e0 Dakar - challenges economiques<\/title>\n<meta name=\"robots\" content=\"index, follow, max-snippet:-1, max-image-preview:large, max-video-preview:-1\" \/>\n<link rel=\"canonical\" href=\"https:\/\/challengeseconomiques.com\/?p=6493\" \/>\n<meta property=\"og:locale\" content=\"fr_FR\" \/>\n<meta property=\"og:type\" content=\"article\" \/>\n<meta property=\"og:title\" content=\"TRANSPORTS \/ Avec l\u2019aide de l\u2019UE, le S\u00e9n\u00e9gal entame un projet de restructuration du transport en commun \u00e0 Dakar - challenges economiques\" \/>\n<meta property=\"og:description\" content=\"\u00a0L\u2019\u00c9tat du S\u00e9n\u00e9gal et ses partenaires financiers europ\u00e9ens ont lanc\u00e9, jeudi, \u00e0 Dakar, la premi\u00e8re phase d\u2019un projet de restructuration du r\u00e9seau de transport en...\" \/>\n<meta property=\"og:url\" content=\"https:\/\/challengeseconomiques.com\/?p=6493\" \/>\n<meta property=\"og:site_name\" content=\"challenges economiques\" \/>\n<meta property=\"article:published_time\" content=\"2024-05-31T13:11:39+00:00\" \/>\n<meta property=\"article:modified_time\" content=\"2024-05-31T13:44:47+00:00\" \/>\n<meta property=\"og:image\" content=\"https:\/\/challengeseconomiques.com\/wp-content\/uploads\/2024\/05\/pdg.jpg\" \/>\n\t<meta property=\"og:image:width\" content=\"850\" \/>\n\t<meta property=\"og:image:height\" content=\"491\" \/>\n\t<meta property=\"og:image:type\" content=\"image\/jpeg\" \/>\n<meta name=\"author\" content=\"admin\" \/>\n<meta name=\"twitter:card\" content=\"summary_large_image\" \/>\n<meta name=\"twitter:label1\" content=\"\u00c9crit par\" \/>\n\t<meta name=\"twitter:data1\" content=\"admin\" \/>\n\t<meta name=\"twitter:label2\" content=\"Dur\u00e9e de lecture estim\u00e9e\" \/>\n\t<meta name=\"twitter:data2\" content=\"3 minutes\" \/>\n<script type=\"application\/ld+json\" class=\"yoast-schema-graph\">{\"@context\":\"https:\/\/schema.org\",\"@graph\":[{\"@type\":\"Article\",\"@id\":\"https:\/\/challengeseconomiques.com\/?p=6493#article\",\"isPartOf\":{\"@id\":\"https:\/\/challengeseconomiques.com\/?p=6493\"},\"author\":{\"name\":\"admin\",\"@id\":\"https:\/\/challengeseconomiques.com\/#\/schema\/person\/b4568c9afebc5a9238a771873801e349\"},\"headline\":\"TRANSPORTS \/ Avec l\u2019aide de l\u2019UE, le S\u00e9n\u00e9gal entame un projet de restructuration du transport en commun \u00e0 Dakar\",\"datePublished\":\"2024-05-31T13:11:39+00:00\",\"dateModified\":\"2024-05-31T13:44:47+00:00\",\"mainEntityOfPage\":{\"@id\":\"https:\/\/challengeseconomiques.com\/?p=6493\"},\"wordCount\":591,\"image\":{\"@id\":\"https:\/\/challengeseconomiques.com\/?p=6493#primaryimage\"},\"thumbnailUrl\":\"https:\/\/challengeseconomiques.com\/wp-content\/uploads\/2024\/05\/pdg.jpg\",\"articleSection\":[\"Actualit\u00e9 \u00e9conomique\"],\"inLanguage\":\"fr-FR\"},{\"@type\":\"WebPage\",\"@id\":\"https:\/\/challengeseconomiques.com\/?p=6493\",\"url\":\"https:\/\/challengeseconomiques.com\/?p=6493\",\"name\":\"TRANSPORTS \/ Avec l\u2019aide de l\u2019UE, le S\u00e9n\u00e9gal entame un projet de restructuration du transport en commun \u00e0 Dakar - challenges economiques\",\"isPartOf\":{\"@id\":\"https:\/\/challengeseconomiques.com\/#website\"},\"primaryImageOfPage\":{\"@id\":\"https:\/\/challengeseconomiques.com\/?p=6493#primaryimage\"},\"image\":{\"@id\":\"https:\/\/challengeseconomiques.com\/?p=6493#primaryimage\"},\"thumbnailUrl\":\"https:\/\/challengeseconomiques.com\/wp-content\/uploads\/2024\/05\/pdg.jpg\",\"datePublished\":\"2024-05-31T13:11:39+00:00\",\"dateModified\":\"2024-05-31T13:44:47+00:00\",\"author\":{\"@id\":\"https:\/\/challengeseconomiques.com\/#\/schema\/person\/b4568c9afebc5a9238a771873801e349\"},\"breadcrumb\":{\"@id\":\"https:\/\/challengeseconomiques.com\/?p=6493#breadcrumb\"},\"inLanguage\":\"fr-FR\",\"potentialAction\":[{\"@type\":\"ReadAction\",\"target\":[\"https:\/\/challengeseconomiques.com\/?p=6493\"]}]},{\"@type\":\"ImageObject\",\"inLanguage\":\"fr-FR\",\"@id\":\"https:\/\/challengeseconomiques.com\/?p=6493#primaryimage\",\"url\":\"https:\/\/challengeseconomiques.com\/wp-content\/uploads\/2024\/05\/pdg.jpg\",\"contentUrl\":\"https:\/\/challengeseconomiques.com\/wp-content\/uploads\/2024\/05\/pdg.jpg\",\"width\":850,\"height\":491},{\"@type\":\"BreadcrumbList\",\"@id\":\"https:\/\/challengeseconomiques.com\/?p=6493#breadcrumb\",\"itemListElement\":[{\"@type\":\"ListItem\",\"position\":1,\"name\":\"Home\",\"item\":\"https:\/\/challengeseconomiques.com\/\"},{\"@type\":\"ListItem\",\"position\":2,\"name\":\"TRANSPORTS \/ Avec l\u2019aide de l\u2019UE, le S\u00e9n\u00e9gal entame un projet de restructuration du transport en commun \u00e0 Dakar\"}]},{\"@type\":\"WebSite\",\"@id\":\"https:\/\/challengeseconomiques.com\/#website\",\"url\":\"https:\/\/challengeseconomiques.com\/\",\"name\":\"challenges economiques\",\"description\":\"\",\"potentialAction\":[{\"@type\":\"SearchAction\",\"target\":{\"@type\":\"EntryPoint\",\"urlTemplate\":\"https:\/\/challengeseconomiques.com\/?s={search_term_string}\"},\"query-input\":{\"@type\":\"PropertyValueSpecification\",\"valueRequired\":true,\"valueName\":\"search_term_string\"}}],\"inLanguage\":\"fr-FR\"},{\"@type\":\"Person\",\"@id\":\"https:\/\/challengeseconomiques.com\/#\/schema\/person\/b4568c9afebc5a9238a771873801e349\",\"name\":\"admin\",\"image\":{\"@type\":\"ImageObject\",\"inLanguage\":\"fr-FR\",\"@id\":\"https:\/\/challengeseconomiques.com\/#\/schema\/person\/image\/\",\"url\":\"https:\/\/secure.gravatar.com\/avatar\/099e42240b5eea11acdb72751fcce0dd918603f0749d24974b7984ea47ed9fd9?s=96&d=mm&r=g\",\"contentUrl\":\"https:\/\/secure.gravatar.com\/avatar\/099e42240b5eea11acdb72751fcce0dd918603f0749d24974b7984ea47ed9fd9?s=96&d=mm&r=g\",\"caption\":\"admin\"},\"sameAs\":[\"https:\/\/challengeseconomiques.com\"],\"url\":\"https:\/\/challengeseconomiques.com\/?author=1\"}]}<\/script>\n<!-- \/ Yoast SEO plugin. -->","yoast_head_json":{"title":"TRANSPORTS \/ Avec l\u2019aide de l\u2019UE, le S\u00e9n\u00e9gal entame un projet de restructuration du transport en commun \u00e0 Dakar - challenges economiques","robots":{"index":"index","follow":"follow","max-snippet":"max-snippet:-1","max-image-preview":"max-image-preview:large","max-video-preview":"max-video-preview:-1"},"canonical":"https:\/\/challengeseconomiques.com\/?p=6493","og_locale":"fr_FR","og_type":"article","og_title":"TRANSPORTS \/ Avec l\u2019aide de l\u2019UE, le S\u00e9n\u00e9gal entame un projet de restructuration du transport en commun \u00e0 Dakar - challenges economiques","og_description":"\u00a0L\u2019\u00c9tat du S\u00e9n\u00e9gal et ses partenaires financiers europ\u00e9ens ont lanc\u00e9, jeudi, \u00e0 Dakar, la premi\u00e8re phase d\u2019un projet de restructuration du r\u00e9seau de transport en...","og_url":"https:\/\/challengeseconomiques.com\/?p=6493","og_site_name":"challenges economiques","article_published_time":"2024-05-31T13:11:39+00:00","article_modified_time":"2024-05-31T13:44:47+00:00","og_image":[{"width":850,"height":491,"url":"https:\/\/challengeseconomiques.com\/wp-content\/uploads\/2024\/05\/pdg.jpg","type":"image\/jpeg"}],"author":"admin","twitter_card":"summary_large_image","twitter_misc":{"\u00c9crit par":"admin","Dur\u00e9e de lecture estim\u00e9e":"3 minutes"},"schema":{"@context":"https:\/\/schema.org","@graph":[{"@type":"Article","@id":"https:\/\/challengeseconomiques.com\/?p=6493#article","isPartOf":{"@id":"https:\/\/challengeseconomiques.com\/?p=6493"},"author":{"name":"admin","@id":"https:\/\/challengeseconomiques.com\/#\/schema\/person\/b4568c9afebc5a9238a771873801e349"},"headline":"TRANSPORTS \/ Avec l\u2019aide de l\u2019UE, le S\u00e9n\u00e9gal entame un projet de restructuration du transport en commun \u00e0 Dakar","datePublished":"2024-05-31T13:11:39+00:00","dateModified":"2024-05-31T13:44:47+00:00","mainEntityOfPage":{"@id":"https:\/\/challengeseconomiques.com\/?p=6493"},"wordCount":591,"image":{"@id":"https:\/\/challengeseconomiques.com\/?p=6493#primaryimage"},"thumbnailUrl":"https:\/\/challengeseconomiques.com\/wp-content\/uploads\/2024\/05\/pdg.jpg","articleSection":["Actualit\u00e9 \u00e9conomique"],"inLanguage":"fr-FR"},{"@type":"WebPage","@id":"https:\/\/challengeseconomiques.com\/?p=6493","url":"https:\/\/challengeseconomiques.com\/?p=6493","name":"TRANSPORTS \/ Avec l\u2019aide de l\u2019UE, le S\u00e9n\u00e9gal entame un projet de restructuration du transport en commun \u00e0 Dakar - challenges economiques","isPartOf":{"@id":"https:\/\/challengeseconomiques.com\/#website"},"primaryImageOfPage":{"@id":"https:\/\/challengeseconomiques.com\/?p=6493#primaryimage"},"image":{"@id":"https:\/\/challengeseconomiques.com\/?p=6493#primaryimage"},"thumbnailUrl":"https:\/\/challengeseconomiques.com\/wp-content\/uploads\/2024\/05\/pdg.jpg","datePublished":"2024-05-31T13:11:39+00:00","dateModified":"2024-05-31T13:44:47+00:00","author":{"@id":"https:\/\/challengeseconomiques.com\/#\/schema\/person\/b4568c9afebc5a9238a771873801e349"},"breadcrumb":{"@id":"https:\/\/challengeseconomiques.com\/?p=6493#breadcrumb"},"inLanguage":"fr-FR","potentialAction":[{"@type":"ReadAction","target":["https:\/\/challengeseconomiques.com\/?p=6493"]}]},{"@type":"ImageObject","inLanguage":"fr-FR","@id":"https:\/\/challengeseconomiques.com\/?p=6493#primaryimage","url":"https:\/\/challengeseconomiques.com\/wp-content\/uploads\/2024\/05\/pdg.jpg","contentUrl":"https:\/\/challengeseconomiques.com\/wp-content\/uploads\/2024\/05\/pdg.jpg","width":850,"height":491},{"@type":"BreadcrumbList","@id":"https:\/\/challengeseconomiques.com\/?p=6493#breadcrumb","itemListElement":[{"@type":"ListItem","position":1,"name":"Home","item":"https:\/\/challengeseconomiques.com\/"},{"@type":"ListItem","position":2,"name":"TRANSPORTS \/ Avec l\u2019aide de l\u2019UE, le S\u00e9n\u00e9gal entame un projet de restructuration du transport en commun \u00e0 Dakar"}]},{"@type":"WebSite","@id":"https:\/\/challengeseconomiques.com\/#website","url":"https:\/\/challengeseconomiques.com\/","name":"challenges economiques","description":"","potentialAction":[{"@type":"SearchAction","target":{"@type":"EntryPoint","urlTemplate":"https:\/\/challengeseconomiques.com\/?s={search_term_string}"},"query-input":{"@type":"PropertyValueSpecification","valueRequired":true,"valueName":"search_term_string"}}],"inLanguage":"fr-FR"},{"@type":"Person","@id":"https:\/\/challengeseconomiques.com\/#\/schema\/person\/b4568c9afebc5a9238a771873801e349","name":"admin","image":{"@type":"ImageObject","inLanguage":"fr-FR","@id":"https:\/\/challengeseconomiques.com\/#\/schema\/person\/image\/","url":"https:\/\/secure.gravatar.com\/avatar\/099e42240b5eea11acdb72751fcce0dd918603f0749d24974b7984ea47ed9fd9?s=96&d=mm&r=g","contentUrl":"https:\/\/secure.gravatar.com\/avatar\/099e42240b5eea11acdb72751fcce0dd918603f0749d24974b7984ea47ed9fd9?s=96&d=mm&r=g","caption":"admin"},"sameAs":["https:\/\/challengeseconomiques.com"],"url":"https:\/\/challengeseconomiques.com\/?author=1"}]}},"jetpack_featured_media_url":"https:\/\/challengeseconomiques.com\/wp-content\/uploads\/2024\/05\/pdg.jpg","jetpack_sharing_enabled":true,"_links":{"self":[{"href":"https:\/\/challengeseconomiques.com\/index.php?rest_route=\/wp\/v2\/posts\/6493","targetHints":{"allow":["GET"]}}],"collection":[{"href":"https:\/\/challengeseconomiques.com\/index.php?rest_route=\/wp\/v2\/posts"}],"about":[{"href":"https:\/\/challengeseconomiques.com\/index.php?rest_route=\/wp\/v2\/types\/post"}],"author":[{"embeddable":true,"href":"https:\/\/challengeseconomiques.com\/index.php?rest_route=\/wp\/v2\/users\/1"}],"replies":[{"embeddable":true,"href":"https:\/\/challengeseconomiques.com\/index.php?rest_route=%2Fwp%2Fv2%2Fcomments&post=6493"}],"version-history":[{"count":1,"href":"https:\/\/challengeseconomiques.com\/index.php?rest_route=\/wp\/v2\/posts\/6493\/revisions"}],"predecessor-version":[{"id":6495,"href":"https:\/\/challengeseconomiques.com\/index.php?rest_route=\/wp\/v2\/posts\/6493\/revisions\/6495"}],"wp:featuredmedia":[{"embeddable":true,"href":"https:\/\/challengeseconomiques.com\/index.php?rest_route=\/wp\/v2\/media\/6494"}],"wp:attachment":[{"href":"https:\/\/challengeseconomiques.com\/index.php?rest_route=%2Fwp%2Fv2%2Fmedia&parent=6493"}],"wp:term":[{"taxonomy":"category","embeddable":true,"href":"https:\/\/challengeseconomiques.com\/index.php?rest_route=%2Fwp%2Fv2%2Fcategories&post=6493"},{"taxonomy":"post_tag","embeddable":true,"href":"https:\/\/challengeseconomiques.com\/index.php?rest_route=%2Fwp%2Fv2%2Ftags&post=6493"}],"curies":[{"name":"wp","href":"https:\/\/api.w.org\/{rel}","templated":true}]}}