{"id":6490,"date":"2024-05-30T21:54:09","date_gmt":"2024-05-30T21:54:09","guid":{"rendered":"https:\/\/challengeseconomiques.com\/?p=6490"},"modified":"2024-05-30T21:54:39","modified_gmt":"2024-05-30T21:54:39","slug":"sonatel-et-amazon-web-services-sallient-pour-installer-aws-wavelength-au-senegal","status":"publish","type":"post","link":"https:\/\/challengeseconomiques.com\/?p=6490","title":{"rendered":"Sonatel et Amazon Web Services s\u2019allient pour installer \u201cAWS Wavelength\u201d au S\u00e9n\u00e9gal"},"content":{"rendered":"<p>Sonatel et Amazon Web Services (AWS) signent un contrat de partenariat, pour installer une infrastructure locale \u00e0 Dakar, afin d\u2019offrir au S\u00e9n\u00e9gal et \u00e0 l\u2019Afrique de l\u2019Ouest les services Cloud d\u2019Amazon Web Service, annonce un communiqu\u00e9 de Sonatel transmis \u00e0 notre r\u00e9daction.<\/p>\n<p>L\u2019objectif de cet accord strat\u00e9gique, qui lie ces deux structures, est \u00e0 terme de favoriser le d\u00e9ploiement d\u2019\u00a0\u00ab\u00a0AWS Wavelength\u00a0\u00bb au S\u00e9n\u00e9gal. Le contrat de partenariat relatif \u00e0 ce d\u00e9ploiement a \u00e9t\u00e9 annonc\u00e9 officiellement ce 29 mai 2024 au Gitex Africa, qui se tient \u00e0 Marrakech, en pr\u00e9sence de S\u00e9kou Dram\u00e9, le directeur g\u00e9n\u00e9ral du groupe Sonatel.<\/p>\n<p>Il faut pr\u00e9ciser que la Wavelength est une plateforme flexible, robuste et particuli\u00e8rement performante permettant aux entreprises l\u2019acc\u00e8s, avec le cloud d\u2019AWS, \u00e0 des applications diverses et riches dans un environnement local, s\u00e9curis\u00e9 et avec un temps de latence tr\u00e8s faible.<\/p>\n<p>L\u2019h\u00e9bergement des donn\u00e9es se fera sur un data center certifi\u00e9 Tiers III+ de Sonatel \u00e0 Dakar dans le respect total des standards les plus strictes en termes de fonctionnement cloud et de connectivit\u00e9 \u00e0 l\u2019Internet.<\/p>\n<p>\u00ab\u00a0C\u2019est pour le groupe Sonatel, l\u2019opportunit\u00e9 d\u2019introduire, avec des infrastructures install\u00e9es en Afrique de l\u2019ouest, les services Cloud d\u2019AWS pour le march\u00e9 Entreprise et pour les besoins gouvernementaux\u00a0 avec des niveaux de service correspondant aux standards tr\u00e8s \u00e9lev\u00e9s d\u2019AWS\u00a0\u00bb, a indiqu\u00e9 S\u00e9kou Dram\u00e9.<\/p>\n<p>Le directeur g\u00e9n\u00e9ral de la Sonatel a ajout\u00e9 que cet accord est \u00e9galement une belle opportunit\u00e9 pour Sonatel d\u2019acc\u00e9l\u00e9rer sa propre transformation digitale avec un usage en interne de la technologie d\u2019AWS. Il a aussi pr\u00e9cis\u00e9 qu\u2019avec AWS, le projet sera aussi port\u00e9 \u00e0 grande \u00e9chelle dans toute la sous-r\u00e9gion en s\u2019appuyant dans un premier temps sur les op\u00e9rations du groupe Sonatel.<\/p>\n<p>En outre, le communiqu\u00e9 note que gr\u00e2ce \u00e0 AWS Wavelength, toutes les entreprises et organisations de l\u2019Afrique de l\u2019ouest peuvent d\u00e9ployer \u00e0 un co\u00fbt abordable et dans un d\u00e9lai record des applications professionnelles ayant des exigences strictes en termes de stockage, d\u2019h\u00e9bergement des donn\u00e9es ou de latence.<\/p>\n<p>\u00ab\u00a0Il s\u2019agit notamment des acteurs du secteur public, de la finance, de la sant\u00e9, du gaming, entre autres que Sonatel et AWS pourront accompagner dans leur projet d\u2019innovation, de s\u00e9curisation, d\u2019analyse de donn\u00e9es et de migration IT\u00a0\u00bb, signale la source.<\/p>\n<p><strong>Idrissa GUEYE<\/strong><\/p>\n","protected":false},"excerpt":{"rendered":"<p>Sonatel et Amazon Web Services (AWS) signent un contrat de partenariat, pour installer une infrastructure locale \u00e0 Dakar, afin d\u2019offrir au S\u00e9n\u00e9gal et \u00e0 l\u2019Afrique&#8230;<\/p>\n","protected":false},"author":3,"featured_media":6491,"comment_status":"closed","ping_status":"open","sticky":false,"template":"","format":"standard","meta":{"_jetpack_memberships_contains_paid_content":false,"footnotes":""},"categories":[8],"tags":[],"class_list":["post-6490","post","type-post","status-publish","format-standard","has-post-thumbnail","hentry","category-actualite-economique","wpcat-8-id"],"yoast_head":"<!-- This site is optimized with the Yoast SEO plugin v27.1.1 - https:\/\/yoast.com\/product\/yoast-seo-wordpress\/ -->\n<title>Sonatel et Amazon Web Services s\u2019allient pour installer \u201cAWS Wavelength\u201d au S\u00e9n\u00e9gal - challenges economiques<\/title>\n<meta name=\"robots\" content=\"index, follow, max-snippet:-1, max-image-preview:large, max-video-preview:-1\" \/>\n<link rel=\"canonical\" href=\"https:\/\/challengeseconomiques.com\/?p=6490\" \/>\n<meta property=\"og:locale\" content=\"fr_FR\" \/>\n<meta property=\"og:type\" content=\"article\" \/>\n<meta property=\"og:title\" content=\"Sonatel et Amazon Web Services s\u2019allient pour installer \u201cAWS Wavelength\u201d au S\u00e9n\u00e9gal - challenges economiques\" \/>\n<meta property=\"og:description\" content=\"Sonatel et Amazon Web Services (AWS) signent un contrat de partenariat, pour installer une infrastructure locale \u00e0 Dakar, afin d\u2019offrir au S\u00e9n\u00e9gal et \u00e0 l\u2019Afrique...\" \/>\n<meta property=\"og:url\" content=\"https:\/\/challengeseconomiques.com\/?p=6490\" \/>\n<meta property=\"og:site_name\" content=\"challenges economiques\" \/>\n<meta property=\"article:published_time\" content=\"2024-05-30T21:54:09+00:00\" \/>\n<meta property=\"article:modified_time\" content=\"2024-05-30T21:54:39+00:00\" \/>\n<meta property=\"og:image\" content=\"https:\/\/challengeseconomiques.com\/wp-content\/uploads\/2024\/05\/awsonatel.jpg\" \/>\n\t<meta property=\"og:image:width\" content=\"1080\" \/>\n\t<meta property=\"og:image:height\" content=\"810\" \/>\n\t<meta property=\"og:image:type\" content=\"image\/jpeg\" \/>\n<meta name=\"author\" content=\"aliou kane ndiaye\" \/>\n<meta name=\"twitter:card\" content=\"summary_large_image\" \/>\n<meta name=\"twitter:label1\" content=\"\u00c9crit par\" \/>\n\t<meta name=\"twitter:data1\" content=\"aliou kane ndiaye\" \/>\n\t<meta name=\"twitter:label2\" content=\"Dur\u00e9e de lecture estim\u00e9e\" \/>\n\t<meta name=\"twitter:data2\" content=\"2 minutes\" \/>\n<script type=\"application\/ld+json\" class=\"yoast-schema-graph\">{\"@context\":\"https:\/\/schema.org\",\"@graph\":[{\"@type\":\"Article\",\"@id\":\"https:\/\/challengeseconomiques.com\/?p=6490#article\",\"isPartOf\":{\"@id\":\"https:\/\/challengeseconomiques.com\/?p=6490\"},\"author\":{\"name\":\"aliou kane ndiaye\",\"@id\":\"https:\/\/challengeseconomiques.com\/#\/schema\/person\/2f70a31e102db1741c1a1c00c2bbd8a6\"},\"headline\":\"Sonatel et Amazon Web Services s\u2019allient pour installer \u201cAWS Wavelength\u201d au S\u00e9n\u00e9gal\",\"datePublished\":\"2024-05-30T21:54:09+00:00\",\"dateModified\":\"2024-05-30T21:54:39+00:00\",\"mainEntityOfPage\":{\"@id\":\"https:\/\/challengeseconomiques.com\/?p=6490\"},\"wordCount\":433,\"image\":{\"@id\":\"https:\/\/challengeseconomiques.com\/?p=6490#primaryimage\"},\"thumbnailUrl\":\"https:\/\/challengeseconomiques.com\/wp-content\/uploads\/2024\/05\/awsonatel.jpg\",\"articleSection\":[\"Actualit\u00e9 \u00e9conomique\"],\"inLanguage\":\"fr-FR\"},{\"@type\":\"WebPage\",\"@id\":\"https:\/\/challengeseconomiques.com\/?p=6490\",\"url\":\"https:\/\/challengeseconomiques.com\/?p=6490\",\"name\":\"Sonatel et Amazon Web Services s\u2019allient pour installer \u201cAWS Wavelength\u201d au S\u00e9n\u00e9gal - challenges economiques\",\"isPartOf\":{\"@id\":\"https:\/\/challengeseconomiques.com\/#website\"},\"primaryImageOfPage\":{\"@id\":\"https:\/\/challengeseconomiques.com\/?p=6490#primaryimage\"},\"image\":{\"@id\":\"https:\/\/challengeseconomiques.com\/?p=6490#primaryimage\"},\"thumbnailUrl\":\"https:\/\/challengeseconomiques.com\/wp-content\/uploads\/2024\/05\/awsonatel.jpg\",\"datePublished\":\"2024-05-30T21:54:09+00:00\",\"dateModified\":\"2024-05-30T21:54:39+00:00\",\"author\":{\"@id\":\"https:\/\/challengeseconomiques.com\/#\/schema\/person\/2f70a31e102db1741c1a1c00c2bbd8a6\"},\"breadcrumb\":{\"@id\":\"https:\/\/challengeseconomiques.com\/?p=6490#breadcrumb\"},\"inLanguage\":\"fr-FR\",\"potentialAction\":[{\"@type\":\"ReadAction\",\"target\":[\"https:\/\/challengeseconomiques.com\/?p=6490\"]}]},{\"@type\":\"ImageObject\",\"inLanguage\":\"fr-FR\",\"@id\":\"https:\/\/challengeseconomiques.com\/?p=6490#primaryimage\",\"url\":\"https:\/\/challengeseconomiques.com\/wp-content\/uploads\/2024\/05\/awsonatel.jpg\",\"contentUrl\":\"https:\/\/challengeseconomiques.com\/wp-content\/uploads\/2024\/05\/awsonatel.jpg\",\"width\":1080,\"height\":810},{\"@type\":\"BreadcrumbList\",\"@id\":\"https:\/\/challengeseconomiques.com\/?p=6490#breadcrumb\",\"itemListElement\":[{\"@type\":\"ListItem\",\"position\":1,\"name\":\"Home\",\"item\":\"https:\/\/challengeseconomiques.com\/\"},{\"@type\":\"ListItem\",\"position\":2,\"name\":\"Sonatel et Amazon Web Services s\u2019allient pour installer \u201cAWS Wavelength\u201d au S\u00e9n\u00e9gal\"}]},{\"@type\":\"WebSite\",\"@id\":\"https:\/\/challengeseconomiques.com\/#website\",\"url\":\"https:\/\/challengeseconomiques.com\/\",\"name\":\"challenges economiques\",\"description\":\"\",\"potentialAction\":[{\"@type\":\"SearchAction\",\"target\":{\"@type\":\"EntryPoint\",\"urlTemplate\":\"https:\/\/challengeseconomiques.com\/?s={search_term_string}\"},\"query-input\":{\"@type\":\"PropertyValueSpecification\",\"valueRequired\":true,\"valueName\":\"search_term_string\"}}],\"inLanguage\":\"fr-FR\"},{\"@type\":\"Person\",\"@id\":\"https:\/\/challengeseconomiques.com\/#\/schema\/person\/2f70a31e102db1741c1a1c00c2bbd8a6\",\"name\":\"aliou kane ndiaye\",\"image\":{\"@type\":\"ImageObject\",\"inLanguage\":\"fr-FR\",\"@id\":\"https:\/\/challengeseconomiques.com\/#\/schema\/person\/image\/\",\"url\":\"https:\/\/secure.gravatar.com\/avatar\/df942321e58711a9f1fee838e446766660477bacd4b42fa20400d2c7cf4da7ca?s=96&d=mm&r=g\",\"contentUrl\":\"https:\/\/secure.gravatar.com\/avatar\/df942321e58711a9f1fee838e446766660477bacd4b42fa20400d2c7cf4da7ca?s=96&d=mm&r=g\",\"caption\":\"aliou kane ndiaye\"},\"sameAs\":[\"http:\/\/www.challengeseconomiques.com\"],\"url\":\"https:\/\/challengeseconomiques.com\/?author=3\"}]}<\/script>\n<!-- \/ Yoast SEO plugin. -->","yoast_head_json":{"title":"Sonatel et Amazon Web Services s\u2019allient pour installer \u201cAWS Wavelength\u201d au S\u00e9n\u00e9gal - challenges economiques","robots":{"index":"index","follow":"follow","max-snippet":"max-snippet:-1","max-image-preview":"max-image-preview:large","max-video-preview":"max-video-preview:-1"},"canonical":"https:\/\/challengeseconomiques.com\/?p=6490","og_locale":"fr_FR","og_type":"article","og_title":"Sonatel et Amazon Web Services s\u2019allient pour installer \u201cAWS Wavelength\u201d au S\u00e9n\u00e9gal - challenges economiques","og_description":"Sonatel et Amazon Web Services (AWS) signent un contrat de partenariat, pour installer une infrastructure locale \u00e0 Dakar, afin d\u2019offrir au S\u00e9n\u00e9gal et \u00e0 l\u2019Afrique...","og_url":"https:\/\/challengeseconomiques.com\/?p=6490","og_site_name":"challenges economiques","article_published_time":"2024-05-30T21:54:09+00:00","article_modified_time":"2024-05-30T21:54:39+00:00","og_image":[{"width":1080,"height":810,"url":"https:\/\/challengeseconomiques.com\/wp-content\/uploads\/2024\/05\/awsonatel.jpg","type":"image\/jpeg"}],"author":"aliou kane ndiaye","twitter_card":"summary_large_image","twitter_misc":{"\u00c9crit par":"aliou kane ndiaye","Dur\u00e9e de lecture estim\u00e9e":"2 minutes"},"schema":{"@context":"https:\/\/schema.org","@graph":[{"@type":"Article","@id":"https:\/\/challengeseconomiques.com\/?p=6490#article","isPartOf":{"@id":"https:\/\/challengeseconomiques.com\/?p=6490"},"author":{"name":"aliou kane ndiaye","@id":"https:\/\/challengeseconomiques.com\/#\/schema\/person\/2f70a31e102db1741c1a1c00c2bbd8a6"},"headline":"Sonatel et Amazon Web Services s\u2019allient pour installer \u201cAWS Wavelength\u201d au S\u00e9n\u00e9gal","datePublished":"2024-05-30T21:54:09+00:00","dateModified":"2024-05-30T21:54:39+00:00","mainEntityOfPage":{"@id":"https:\/\/challengeseconomiques.com\/?p=6490"},"wordCount":433,"image":{"@id":"https:\/\/challengeseconomiques.com\/?p=6490#primaryimage"},"thumbnailUrl":"https:\/\/challengeseconomiques.com\/wp-content\/uploads\/2024\/05\/awsonatel.jpg","articleSection":["Actualit\u00e9 \u00e9conomique"],"inLanguage":"fr-FR"},{"@type":"WebPage","@id":"https:\/\/challengeseconomiques.com\/?p=6490","url":"https:\/\/challengeseconomiques.com\/?p=6490","name":"Sonatel et Amazon Web Services s\u2019allient pour installer \u201cAWS Wavelength\u201d au S\u00e9n\u00e9gal - challenges economiques","isPartOf":{"@id":"https:\/\/challengeseconomiques.com\/#website"},"primaryImageOfPage":{"@id":"https:\/\/challengeseconomiques.com\/?p=6490#primaryimage"},"image":{"@id":"https:\/\/challengeseconomiques.com\/?p=6490#primaryimage"},"thumbnailUrl":"https:\/\/challengeseconomiques.com\/wp-content\/uploads\/2024\/05\/awsonatel.jpg","datePublished":"2024-05-30T21:54:09+00:00","dateModified":"2024-05-30T21:54:39+00:00","author":{"@id":"https:\/\/challengeseconomiques.com\/#\/schema\/person\/2f70a31e102db1741c1a1c00c2bbd8a6"},"breadcrumb":{"@id":"https:\/\/challengeseconomiques.com\/?p=6490#breadcrumb"},"inLanguage":"fr-FR","potentialAction":[{"@type":"ReadAction","target":["https:\/\/challengeseconomiques.com\/?p=6490"]}]},{"@type":"ImageObject","inLanguage":"fr-FR","@id":"https:\/\/challengeseconomiques.com\/?p=6490#primaryimage","url":"https:\/\/challengeseconomiques.com\/wp-content\/uploads\/2024\/05\/awsonatel.jpg","contentUrl":"https:\/\/challengeseconomiques.com\/wp-content\/uploads\/2024\/05\/awsonatel.jpg","width":1080,"height":810},{"@type":"BreadcrumbList","@id":"https:\/\/challengeseconomiques.com\/?p=6490#breadcrumb","itemListElement":[{"@type":"ListItem","position":1,"name":"Home","item":"https:\/\/challengeseconomiques.com\/"},{"@type":"ListItem","position":2,"name":"Sonatel et Amazon Web Services s\u2019allient pour installer \u201cAWS Wavelength\u201d au S\u00e9n\u00e9gal"}]},{"@type":"WebSite","@id":"https:\/\/challengeseconomiques.com\/#website","url":"https:\/\/challengeseconomiques.com\/","name":"challenges economiques","description":"","potentialAction":[{"@type":"SearchAction","target":{"@type":"EntryPoint","urlTemplate":"https:\/\/challengeseconomiques.com\/?s={search_term_string}"},"query-input":{"@type":"PropertyValueSpecification","valueRequired":true,"valueName":"search_term_string"}}],"inLanguage":"fr-FR"},{"@type":"Person","@id":"https:\/\/challengeseconomiques.com\/#\/schema\/person\/2f70a31e102db1741c1a1c00c2bbd8a6","name":"aliou kane ndiaye","image":{"@type":"ImageObject","inLanguage":"fr-FR","@id":"https:\/\/challengeseconomiques.com\/#\/schema\/person\/image\/","url":"https:\/\/secure.gravatar.com\/avatar\/df942321e58711a9f1fee838e446766660477bacd4b42fa20400d2c7cf4da7ca?s=96&d=mm&r=g","contentUrl":"https:\/\/secure.gravatar.com\/avatar\/df942321e58711a9f1fee838e446766660477bacd4b42fa20400d2c7cf4da7ca?s=96&d=mm&r=g","caption":"aliou kane ndiaye"},"sameAs":["http:\/\/www.challengeseconomiques.com"],"url":"https:\/\/challengeseconomiques.com\/?author=3"}]}},"jetpack_featured_media_url":"https:\/\/challengeseconomiques.com\/wp-content\/uploads\/2024\/05\/awsonatel.jpg","jetpack_sharing_enabled":true,"_links":{"self":[{"href":"https:\/\/challengeseconomiques.com\/index.php?rest_route=\/wp\/v2\/posts\/6490","targetHints":{"allow":["GET"]}}],"collection":[{"href":"https:\/\/challengeseconomiques.com\/index.php?rest_route=\/wp\/v2\/posts"}],"about":[{"href":"https:\/\/challengeseconomiques.com\/index.php?rest_route=\/wp\/v2\/types\/post"}],"author":[{"embeddable":true,"href":"https:\/\/challengeseconomiques.com\/index.php?rest_route=\/wp\/v2\/users\/3"}],"replies":[{"embeddable":true,"href":"https:\/\/challengeseconomiques.com\/index.php?rest_route=%2Fwp%2Fv2%2Fcomments&post=6490"}],"version-history":[{"count":1,"href":"https:\/\/challengeseconomiques.com\/index.php?rest_route=\/wp\/v2\/posts\/6490\/revisions"}],"predecessor-version":[{"id":6492,"href":"https:\/\/challengeseconomiques.com\/index.php?rest_route=\/wp\/v2\/posts\/6490\/revisions\/6492"}],"wp:featuredmedia":[{"embeddable":true,"href":"https:\/\/challengeseconomiques.com\/index.php?rest_route=\/wp\/v2\/media\/6491"}],"wp:attachment":[{"href":"https:\/\/challengeseconomiques.com\/index.php?rest_route=%2Fwp%2Fv2%2Fmedia&parent=6490"}],"wp:term":[{"taxonomy":"category","embeddable":true,"href":"https:\/\/challengeseconomiques.com\/index.php?rest_route=%2Fwp%2Fv2%2Fcategories&post=6490"},{"taxonomy":"post_tag","embeddable":true,"href":"https:\/\/challengeseconomiques.com\/index.php?rest_route=%2Fwp%2Fv2%2Ftags&post=6490"}],"curies":[{"name":"wp","href":"https:\/\/api.w.org\/{rel}","templated":true}]}}