{"id":6476,"date":"2024-05-29T16:27:51","date_gmt":"2024-05-29T16:27:51","guid":{"rendered":"https:\/\/challengeseconomiques.com\/?p=6476"},"modified":"2024-05-29T16:36:36","modified_gmt":"2024-05-29T16:36:36","slug":"lunion-europeenne-exhorte-le-senegal-a-lutter-contre-les-peches-illicites","status":"publish","type":"post","link":"https:\/\/challengeseconomiques.com\/?p=6476","title":{"rendered":"L\u2019Union europ\u00e9enne exhorte le S\u00e9n\u00e9gal \u00e0 lutter contre les p\u00eaches illicites"},"content":{"rendered":"<p><strong>La Commission europ\u00e9enne a\u00a0adress\u00e9 un avertissement \u00e0 l\u2019Etat du S\u00e9n\u00e9gal, notamment par rapport aux pratiques li\u00e9es \u00e0 la p\u00eache jug\u00e9e illicite, alors m\u00eame qu\u2019un accord de p\u00eache entre le pays et l\u2019Union europ\u00e9enne (UE) expire en novembre.<\/strong><\/p>\n<p>En effet, dans un communiqu\u00e9 repris par nos conf\u00e8res du quotidien fran\u00e7ais le monde, l\u2019ex\u00e9cutif europ\u00e9en a identifi\u00e9 le S\u00e9n\u00e9gal comme\u00a0<em>\u00ab\u00a0pays non coop\u00e9ratif\u00a0\u00bb<\/em>\u00a0dans la lutte contre la p\u00eache illicite, non d\u00e9clar\u00e9e et non r\u00e9glement\u00e9e,\u00a0<em>\u00ab\u00a0\u00e0 la suite de plusieurs ann\u00e9es de lacunes et d\u2019un manque de coop\u00e9ration,<\/em> affichant sa\u00a0<em>\u00ab\u00a0tol\u00e9rance z\u00e9ro\u00a0\u00bb<\/em>.<\/p>\n<p>Il est \u00e0 noter qu\u2019en cas de non-conformit\u00e9 prolong\u00e9e et persistante, les pays vis\u00e9s par cet avertissement de l\u2019union europ\u00e9enne, peuvent se voir attribuer un\u00a0<em>\u00ab\u00a0carton rouge\u00a0\u00bb<\/em><em>,<\/em> entra\u00eenant des sanctions comme l\u2019interdiction d\u2019exporter leurs produits de la mer vers l\u2019UE.<\/p>\n<p>Pour l\u2019heure, la commission va entamer\u00a0<em>\u00ab\u00a0un dialogue formel\u00a0\u00bb<\/em>\u00a0avec Dakar, afin de lui laisser la possibilit\u00e9\u00a0<em>\u00ab\u00a0de r\u00e9agir et rem\u00e9dier \u00e0 la situation dans un d\u00e9lai raisonnable\u00a0\u00bb<\/em><em>.<\/em><\/p>\n<p>Il y a moins d\u2019un mois, l\u2019Etat du S\u00e9n\u00e9gal avait d\u00e9cid\u00e9 de proc\u00e9der \u00e0 une publication des titulaires de licence de p\u00eache, \u00a0une d\u00e9cision guid\u00e9e par un principe de transparence des nouvelles autorit\u00e9s du S\u00e9n\u00e9gal, notamment dans la gestion des ressources naturelles.<\/p>\n<p>Cette d\u00e9cision faisait suite \u00e0 la d\u00e9cision prise par le nouveau pouvoir s\u00e9n\u00e9galais de faire un audit sur la gestion du d\u00e9funt r\u00e9gime. Rappelons que les navires autoris\u00e9s \u00e0 p\u00eacher dans les eaux sous juridiction s\u00e9n\u00e9galaise sont estim\u00e9s \u00e0 151 dont 132 nationaux et 19 internationaux.<\/p>\n<p>Ces navires sont d\u00e9tenteurs de licences de p\u00eache, avait indiqu\u00e9 lundi, 6 mai 2024, le ministre des p\u00eaches, des infrastructures maritimes et portuaires, Dr Fatou Diouf.<\/p>\n<p>Certains acteurs de la soci\u00e9t\u00e9 civile, qui s\u2019int\u00e9ressent au secteur de la p\u00eache avaient salu\u00e9 cette\u00a0mesure gouvernementale.<\/p>\n<p><em>\u00ab\u00a0<\/em><em>\u00c7a fait deux ans qu\u2019on pousse (les autorit\u00e9s), pour que cette liste soit publi\u00e9e. Enfin, elle est l\u00e0. \u00c7a permet aux parties prenantes de la lutte contre la p\u00eache illicite, d\u2019avoir une base pour faire le contr\u00f4le<\/em><em>\u00a0\u00bb,<\/em> avait d\u00e9clar\u00e9 dans le journal Le Quotidien Bassirou Diarra, le charg\u00e9 de plaidoyer sur la th\u00e9matique Oc\u00e9ans chez Environmental justice foundation (EJF).<\/p>\n<p>M.Diarra consid\u00e9rait que sans <em>une liste des <\/em>navires autoris\u00e9s \u00e0 p\u00eacher dans les eaux s\u00e9n\u00e9galaises<em>, on ne peut pas savoir, qui est o\u00f9. A son avis, la liste des navires permet de savoir le nom du bateau, le nom du propri\u00e9taire, le TGB (tonneau de jauge brut), c\u2019est-\u00e0-dire la capacit\u00e9 du bateau, la zone de p\u00eache, l\u2019option de p\u00eache, la taille du filet utilis\u00e9, le d\u00e9but et la fin de la licence, entre autres \u00e9l\u00e9ments.<\/em><\/p>\n<p>Dans son communiqu\u00e9, la commission europ\u00e9enne d\u00e9plore de\u00a0<em>\u00ab\u00a0graves lacunes\u00a0\u00bb<\/em><em>\u00a0<\/em>dans les mesures du pays africain\u00a0<em>\u00ab\u00a0pour se conformer \u00e0 ses obligations internationales\u00a0\u00bb<\/em>, pointant des\u00a0<em>\u00ab\u00a0d\u00e9faillances dans les dispositifs de suivi, contr\u00f4le et surveillance\u00a0\u00bb<\/em>\u00a0pour les navires battant pavillon s\u00e9n\u00e9galais dans les eaux extraterritoriales comme pour les navires \u00e9trangers au port de Dakar.<\/p>\n<p>Par ailleurs,\u00a0<em>\u00ab<\/em><em>\u00a0des exportations ill\u00e9gales du S\u00e9n\u00e9gal vers l\u2019UE ont \u00e9t\u00e9 d\u00e9tect\u00e9es, ce qui compromet la fiabilit\u00e9 du syst\u00e8me de tra\u00e7abilit\u00e9 sur lequel repose la certification des produits de p\u00eache\u00a0\u00bb<\/em><em>, <\/em>poursuit la Commission, regrettant<em>\u00a0<\/em><em>\u00ab\u00a0une volont\u00e9 insuffisante de coop\u00e9ration\u00a0\u00bb<\/em><em>\u00a0<\/em>de Dakar. Pour autant, Bruxelles<em>\u00a0<\/em><em>\u00ab\u00a0reconna\u00eet l\u2019engagement du nouveau gouvernement s\u00e9n\u00e9galais\u00a0\u00bb<\/em><em>\u00a0<\/em>du pr\u00e9sident Bassirou Diomaye Faye<em>\u00a0<\/em><em>\u00ab\u00a0\u00e0 rem\u00e9dier aux lacunes\u00a0\u00bb<\/em><em>.<\/em><\/p>\n<p><strong>Idrissa GUEYE<\/strong><\/p>\n","protected":false},"excerpt":{"rendered":"<p>La Commission europ\u00e9enne a\u00a0adress\u00e9 un avertissement \u00e0 l\u2019Etat du S\u00e9n\u00e9gal, notamment par rapport aux pratiques li\u00e9es \u00e0 la p\u00eache jug\u00e9e illicite, alors m\u00eame qu\u2019un accord&#8230;<\/p>\n","protected":false},"author":1,"featured_media":5280,"comment_status":"closed","ping_status":"open","sticky":false,"template":"","format":"standard","meta":{"_jetpack_memberships_contains_paid_content":false,"footnotes":""},"categories":[23,8],"tags":[],"class_list":["post-6476","post","type-post","status-publish","format-standard","has-post-thumbnail","hentry","category-a-la-une","category-actualite-economique","wpcat-23-id","wpcat-8-id"],"yoast_head":"<!-- This site is optimized with the Yoast SEO plugin v27.1.1 - https:\/\/yoast.com\/product\/yoast-seo-wordpress\/ -->\n<title>L\u2019Union europ\u00e9enne exhorte le S\u00e9n\u00e9gal \u00e0 lutter contre les p\u00eaches illicites - challenges economiques<\/title>\n<meta name=\"robots\" content=\"index, follow, max-snippet:-1, max-image-preview:large, max-video-preview:-1\" \/>\n<link rel=\"canonical\" href=\"https:\/\/challengeseconomiques.com\/?p=6476\" \/>\n<meta property=\"og:locale\" content=\"fr_FR\" \/>\n<meta property=\"og:type\" content=\"article\" \/>\n<meta property=\"og:title\" content=\"L\u2019Union europ\u00e9enne exhorte le S\u00e9n\u00e9gal \u00e0 lutter contre les p\u00eaches illicites - challenges economiques\" \/>\n<meta property=\"og:description\" content=\"La Commission europ\u00e9enne a\u00a0adress\u00e9 un avertissement \u00e0 l\u2019Etat du S\u00e9n\u00e9gal, notamment par rapport aux pratiques li\u00e9es \u00e0 la p\u00eache jug\u00e9e illicite, alors m\u00eame qu\u2019un accord...\" \/>\n<meta property=\"og:url\" content=\"https:\/\/challengeseconomiques.com\/?p=6476\" \/>\n<meta property=\"og:site_name\" content=\"challenges economiques\" \/>\n<meta property=\"article:published_time\" content=\"2024-05-29T16:27:51+00:00\" \/>\n<meta property=\"article:modified_time\" content=\"2024-05-29T16:36:36+00:00\" \/>\n<meta property=\"og:image\" content=\"https:\/\/challengeseconomiques.com\/wp-content\/uploads\/2023\/09\/PECHE.jpg\" \/>\n\t<meta property=\"og:image:width\" content=\"1772\" \/>\n\t<meta property=\"og:image:height\" content=\"1183\" \/>\n\t<meta property=\"og:image:type\" content=\"image\/jpeg\" \/>\n<meta name=\"author\" content=\"admin\" \/>\n<meta name=\"twitter:card\" content=\"summary_large_image\" \/>\n<meta name=\"twitter:label1\" content=\"\u00c9crit par\" \/>\n\t<meta name=\"twitter:data1\" content=\"admin\" \/>\n\t<meta name=\"twitter:label2\" content=\"Dur\u00e9e de lecture estim\u00e9e\" \/>\n\t<meta name=\"twitter:data2\" content=\"3 minutes\" \/>\n<script type=\"application\/ld+json\" class=\"yoast-schema-graph\">{\"@context\":\"https:\/\/schema.org\",\"@graph\":[{\"@type\":\"Article\",\"@id\":\"https:\/\/challengeseconomiques.com\/?p=6476#article\",\"isPartOf\":{\"@id\":\"https:\/\/challengeseconomiques.com\/?p=6476\"},\"author\":{\"name\":\"admin\",\"@id\":\"https:\/\/challengeseconomiques.com\/#\/schema\/person\/b4568c9afebc5a9238a771873801e349\"},\"headline\":\"L\u2019Union europ\u00e9enne exhorte le S\u00e9n\u00e9gal \u00e0 lutter contre les p\u00eaches illicites\",\"datePublished\":\"2024-05-29T16:27:51+00:00\",\"dateModified\":\"2024-05-29T16:36:36+00:00\",\"mainEntityOfPage\":{\"@id\":\"https:\/\/challengeseconomiques.com\/?p=6476\"},\"wordCount\":655,\"image\":{\"@id\":\"https:\/\/challengeseconomiques.com\/?p=6476#primaryimage\"},\"thumbnailUrl\":\"https:\/\/challengeseconomiques.com\/wp-content\/uploads\/2023\/09\/PECHE.jpg\",\"articleSection\":[\"A la une\",\"Actualit\u00e9 \u00e9conomique\"],\"inLanguage\":\"fr-FR\"},{\"@type\":\"WebPage\",\"@id\":\"https:\/\/challengeseconomiques.com\/?p=6476\",\"url\":\"https:\/\/challengeseconomiques.com\/?p=6476\",\"name\":\"L\u2019Union europ\u00e9enne exhorte le S\u00e9n\u00e9gal \u00e0 lutter contre les p\u00eaches illicites - challenges economiques\",\"isPartOf\":{\"@id\":\"https:\/\/challengeseconomiques.com\/#website\"},\"primaryImageOfPage\":{\"@id\":\"https:\/\/challengeseconomiques.com\/?p=6476#primaryimage\"},\"image\":{\"@id\":\"https:\/\/challengeseconomiques.com\/?p=6476#primaryimage\"},\"thumbnailUrl\":\"https:\/\/challengeseconomiques.com\/wp-content\/uploads\/2023\/09\/PECHE.jpg\",\"datePublished\":\"2024-05-29T16:27:51+00:00\",\"dateModified\":\"2024-05-29T16:36:36+00:00\",\"author\":{\"@id\":\"https:\/\/challengeseconomiques.com\/#\/schema\/person\/b4568c9afebc5a9238a771873801e349\"},\"breadcrumb\":{\"@id\":\"https:\/\/challengeseconomiques.com\/?p=6476#breadcrumb\"},\"inLanguage\":\"fr-FR\",\"potentialAction\":[{\"@type\":\"ReadAction\",\"target\":[\"https:\/\/challengeseconomiques.com\/?p=6476\"]}]},{\"@type\":\"ImageObject\",\"inLanguage\":\"fr-FR\",\"@id\":\"https:\/\/challengeseconomiques.com\/?p=6476#primaryimage\",\"url\":\"https:\/\/challengeseconomiques.com\/wp-content\/uploads\/2023\/09\/PECHE.jpg\",\"contentUrl\":\"https:\/\/challengeseconomiques.com\/wp-content\/uploads\/2023\/09\/PECHE.jpg\",\"width\":1772,\"height\":1183},{\"@type\":\"BreadcrumbList\",\"@id\":\"https:\/\/challengeseconomiques.com\/?p=6476#breadcrumb\",\"itemListElement\":[{\"@type\":\"ListItem\",\"position\":1,\"name\":\"Home\",\"item\":\"https:\/\/challengeseconomiques.com\/\"},{\"@type\":\"ListItem\",\"position\":2,\"name\":\"L\u2019Union europ\u00e9enne exhorte le S\u00e9n\u00e9gal \u00e0 lutter contre les p\u00eaches illicites\"}]},{\"@type\":\"WebSite\",\"@id\":\"https:\/\/challengeseconomiques.com\/#website\",\"url\":\"https:\/\/challengeseconomiques.com\/\",\"name\":\"challenges economiques\",\"description\":\"\",\"potentialAction\":[{\"@type\":\"SearchAction\",\"target\":{\"@type\":\"EntryPoint\",\"urlTemplate\":\"https:\/\/challengeseconomiques.com\/?s={search_term_string}\"},\"query-input\":{\"@type\":\"PropertyValueSpecification\",\"valueRequired\":true,\"valueName\":\"search_term_string\"}}],\"inLanguage\":\"fr-FR\"},{\"@type\":\"Person\",\"@id\":\"https:\/\/challengeseconomiques.com\/#\/schema\/person\/b4568c9afebc5a9238a771873801e349\",\"name\":\"admin\",\"image\":{\"@type\":\"ImageObject\",\"inLanguage\":\"fr-FR\",\"@id\":\"https:\/\/challengeseconomiques.com\/#\/schema\/person\/image\/\",\"url\":\"https:\/\/secure.gravatar.com\/avatar\/099e42240b5eea11acdb72751fcce0dd918603f0749d24974b7984ea47ed9fd9?s=96&d=mm&r=g\",\"contentUrl\":\"https:\/\/secure.gravatar.com\/avatar\/099e42240b5eea11acdb72751fcce0dd918603f0749d24974b7984ea47ed9fd9?s=96&d=mm&r=g\",\"caption\":\"admin\"},\"sameAs\":[\"https:\/\/challengeseconomiques.com\"],\"url\":\"https:\/\/challengeseconomiques.com\/?author=1\"}]}<\/script>\n<!-- \/ Yoast SEO plugin. -->","yoast_head_json":{"title":"L\u2019Union europ\u00e9enne exhorte le S\u00e9n\u00e9gal \u00e0 lutter contre les p\u00eaches illicites - challenges economiques","robots":{"index":"index","follow":"follow","max-snippet":"max-snippet:-1","max-image-preview":"max-image-preview:large","max-video-preview":"max-video-preview:-1"},"canonical":"https:\/\/challengeseconomiques.com\/?p=6476","og_locale":"fr_FR","og_type":"article","og_title":"L\u2019Union europ\u00e9enne exhorte le S\u00e9n\u00e9gal \u00e0 lutter contre les p\u00eaches illicites - challenges economiques","og_description":"La Commission europ\u00e9enne a\u00a0adress\u00e9 un avertissement \u00e0 l\u2019Etat du S\u00e9n\u00e9gal, notamment par rapport aux pratiques li\u00e9es \u00e0 la p\u00eache jug\u00e9e illicite, alors m\u00eame qu\u2019un accord...","og_url":"https:\/\/challengeseconomiques.com\/?p=6476","og_site_name":"challenges economiques","article_published_time":"2024-05-29T16:27:51+00:00","article_modified_time":"2024-05-29T16:36:36+00:00","og_image":[{"width":1772,"height":1183,"url":"https:\/\/challengeseconomiques.com\/wp-content\/uploads\/2023\/09\/PECHE.jpg","type":"image\/jpeg"}],"author":"admin","twitter_card":"summary_large_image","twitter_misc":{"\u00c9crit par":"admin","Dur\u00e9e de lecture estim\u00e9e":"3 minutes"},"schema":{"@context":"https:\/\/schema.org","@graph":[{"@type":"Article","@id":"https:\/\/challengeseconomiques.com\/?p=6476#article","isPartOf":{"@id":"https:\/\/challengeseconomiques.com\/?p=6476"},"author":{"name":"admin","@id":"https:\/\/challengeseconomiques.com\/#\/schema\/person\/b4568c9afebc5a9238a771873801e349"},"headline":"L\u2019Union europ\u00e9enne exhorte le S\u00e9n\u00e9gal \u00e0 lutter contre les p\u00eaches illicites","datePublished":"2024-05-29T16:27:51+00:00","dateModified":"2024-05-29T16:36:36+00:00","mainEntityOfPage":{"@id":"https:\/\/challengeseconomiques.com\/?p=6476"},"wordCount":655,"image":{"@id":"https:\/\/challengeseconomiques.com\/?p=6476#primaryimage"},"thumbnailUrl":"https:\/\/challengeseconomiques.com\/wp-content\/uploads\/2023\/09\/PECHE.jpg","articleSection":["A la une","Actualit\u00e9 \u00e9conomique"],"inLanguage":"fr-FR"},{"@type":"WebPage","@id":"https:\/\/challengeseconomiques.com\/?p=6476","url":"https:\/\/challengeseconomiques.com\/?p=6476","name":"L\u2019Union europ\u00e9enne exhorte le S\u00e9n\u00e9gal \u00e0 lutter contre les p\u00eaches illicites - challenges economiques","isPartOf":{"@id":"https:\/\/challengeseconomiques.com\/#website"},"primaryImageOfPage":{"@id":"https:\/\/challengeseconomiques.com\/?p=6476#primaryimage"},"image":{"@id":"https:\/\/challengeseconomiques.com\/?p=6476#primaryimage"},"thumbnailUrl":"https:\/\/challengeseconomiques.com\/wp-content\/uploads\/2023\/09\/PECHE.jpg","datePublished":"2024-05-29T16:27:51+00:00","dateModified":"2024-05-29T16:36:36+00:00","author":{"@id":"https:\/\/challengeseconomiques.com\/#\/schema\/person\/b4568c9afebc5a9238a771873801e349"},"breadcrumb":{"@id":"https:\/\/challengeseconomiques.com\/?p=6476#breadcrumb"},"inLanguage":"fr-FR","potentialAction":[{"@type":"ReadAction","target":["https:\/\/challengeseconomiques.com\/?p=6476"]}]},{"@type":"ImageObject","inLanguage":"fr-FR","@id":"https:\/\/challengeseconomiques.com\/?p=6476#primaryimage","url":"https:\/\/challengeseconomiques.com\/wp-content\/uploads\/2023\/09\/PECHE.jpg","contentUrl":"https:\/\/challengeseconomiques.com\/wp-content\/uploads\/2023\/09\/PECHE.jpg","width":1772,"height":1183},{"@type":"BreadcrumbList","@id":"https:\/\/challengeseconomiques.com\/?p=6476#breadcrumb","itemListElement":[{"@type":"ListItem","position":1,"name":"Home","item":"https:\/\/challengeseconomiques.com\/"},{"@type":"ListItem","position":2,"name":"L\u2019Union europ\u00e9enne exhorte le S\u00e9n\u00e9gal \u00e0 lutter contre les p\u00eaches illicites"}]},{"@type":"WebSite","@id":"https:\/\/challengeseconomiques.com\/#website","url":"https:\/\/challengeseconomiques.com\/","name":"challenges economiques","description":"","potentialAction":[{"@type":"SearchAction","target":{"@type":"EntryPoint","urlTemplate":"https:\/\/challengeseconomiques.com\/?s={search_term_string}"},"query-input":{"@type":"PropertyValueSpecification","valueRequired":true,"valueName":"search_term_string"}}],"inLanguage":"fr-FR"},{"@type":"Person","@id":"https:\/\/challengeseconomiques.com\/#\/schema\/person\/b4568c9afebc5a9238a771873801e349","name":"admin","image":{"@type":"ImageObject","inLanguage":"fr-FR","@id":"https:\/\/challengeseconomiques.com\/#\/schema\/person\/image\/","url":"https:\/\/secure.gravatar.com\/avatar\/099e42240b5eea11acdb72751fcce0dd918603f0749d24974b7984ea47ed9fd9?s=96&d=mm&r=g","contentUrl":"https:\/\/secure.gravatar.com\/avatar\/099e42240b5eea11acdb72751fcce0dd918603f0749d24974b7984ea47ed9fd9?s=96&d=mm&r=g","caption":"admin"},"sameAs":["https:\/\/challengeseconomiques.com"],"url":"https:\/\/challengeseconomiques.com\/?author=1"}]}},"jetpack_featured_media_url":"https:\/\/challengeseconomiques.com\/wp-content\/uploads\/2023\/09\/PECHE.jpg","jetpack_sharing_enabled":true,"_links":{"self":[{"href":"https:\/\/challengeseconomiques.com\/index.php?rest_route=\/wp\/v2\/posts\/6476","targetHints":{"allow":["GET"]}}],"collection":[{"href":"https:\/\/challengeseconomiques.com\/index.php?rest_route=\/wp\/v2\/posts"}],"about":[{"href":"https:\/\/challengeseconomiques.com\/index.php?rest_route=\/wp\/v2\/types\/post"}],"author":[{"embeddable":true,"href":"https:\/\/challengeseconomiques.com\/index.php?rest_route=\/wp\/v2\/users\/1"}],"replies":[{"embeddable":true,"href":"https:\/\/challengeseconomiques.com\/index.php?rest_route=%2Fwp%2Fv2%2Fcomments&post=6476"}],"version-history":[{"count":1,"href":"https:\/\/challengeseconomiques.com\/index.php?rest_route=\/wp\/v2\/posts\/6476\/revisions"}],"predecessor-version":[{"id":6477,"href":"https:\/\/challengeseconomiques.com\/index.php?rest_route=\/wp\/v2\/posts\/6476\/revisions\/6477"}],"wp:featuredmedia":[{"embeddable":true,"href":"https:\/\/challengeseconomiques.com\/index.php?rest_route=\/wp\/v2\/media\/5280"}],"wp:attachment":[{"href":"https:\/\/challengeseconomiques.com\/index.php?rest_route=%2Fwp%2Fv2%2Fmedia&parent=6476"}],"wp:term":[{"taxonomy":"category","embeddable":true,"href":"https:\/\/challengeseconomiques.com\/index.php?rest_route=%2Fwp%2Fv2%2Fcategories&post=6476"},{"taxonomy":"post_tag","embeddable":true,"href":"https:\/\/challengeseconomiques.com\/index.php?rest_route=%2Fwp%2Fv2%2Ftags&post=6476"}],"curies":[{"name":"wp","href":"https:\/\/api.w.org\/{rel}","templated":true}]}}