{"id":6473,"date":"2024-05-29T13:51:12","date_gmt":"2024-05-29T13:51:12","guid":{"rendered":"https:\/\/challengeseconomiques.com\/?p=6473"},"modified":"2024-05-29T13:51:38","modified_gmt":"2024-05-29T13:51:38","slug":"rencontre-entre-le-ministre-des-transports-et-les-responsables-de-laftu","status":"publish","type":"post","link":"https:\/\/challengeseconomiques.com\/?p=6473","title":{"rendered":"Rencontre entre le ministre des Transports et les responsables de l&rsquo;AFTU"},"content":{"rendered":"<p><strong>Le ministre des Infrastructures et des Transports Terrestres et A\u00e9riens, El Hadj Malick Ndiaye a rencontr\u00e9 les membres de l\u2019Association de financement des transports urbains (AFTU), ainsi que les responsables de MECTRANS, CAPTRANS et TRANSVIE. La rencontre s\u2019inscrit dans la s\u00e9rie de prises de contact entre le ministre et les acteurs du sous-secteur des transports routiers.<\/strong><\/p>\n<p>M.Ndiaye a expos\u00e9 \u00e0 ses invit\u00e9s la politique de l\u2019Etat pour la modernisation et le d\u00e9veloppement des transports routiers. Il a abord\u00e9 les probl\u00e8mes du secteur et donn\u00e9 des assurances aux membres de l\u2019AFTU concernant l\u2019acc\u00e9l\u00e9ration du renouvellement du parc urbain et interurbain. Apr\u00e8s avoir propos\u00e9 des solutions \u00e0 court, moyen et long terme, El Hadj Malick Ndiaye a pass\u00e9 en revue les maux du secteur. Ceux-ci sont, d\u2019apr\u00e8s lui, les textes l\u00e9gaux et r\u00e9glementaires et leur application rigoureuse, l\u2019infrastructure, le mat\u00e9riel roulant et le conducteur. Le ministre a insist\u00e9 sur la sant\u00e9 et la formation des conducteurs.<\/p>\n<p>El Hadj Malick Ndiaye a rappel\u00e9 l\u2019importance de mettre en place le Conseil national des transports terrestres (CNTT), qui sera un cadre l\u00e9gal d\u2019\u00e9changes et d\u2019interm\u00e9diation avec les autorit\u00e9s. Il a salu\u00e9 le professionnalisme de MECTRANS, CAPTRANS et TRANSVIE aux c\u00f4t\u00e9s de l\u2019AFTU pour l\u2019am\u00e9lioration de la mobilit\u00e9 urbaine et interurbaine.<\/p>\n<p>En r\u00e9action, les membres de l\u2019AFTU ont exprim\u00e9 leurs fortes attentes pour moderniser les secteurs des transports publics de voyageurs et pris rendez-vous pour les \u00c9tats g\u00e9n\u00e9raux des transports terrestres, qui se tiendront courant juillet 2024.<\/p>\n","protected":false},"excerpt":{"rendered":"<p>Le ministre des Infrastructures et des Transports Terrestres et A\u00e9riens, El Hadj Malick Ndiaye a rencontr\u00e9 les membres de l\u2019Association de financement des transports urbains&#8230;<\/p>\n","protected":false},"author":1,"featured_media":6474,"comment_status":"closed","ping_status":"open","sticky":false,"template":"","format":"standard","meta":{"_jetpack_memberships_contains_paid_content":false,"footnotes":""},"categories":[23,8],"tags":[],"class_list":["post-6473","post","type-post","status-publish","format-standard","has-post-thumbnail","hentry","category-a-la-une","category-actualite-economique","wpcat-23-id","wpcat-8-id"],"yoast_head":"<!-- This site is optimized with the Yoast SEO plugin v27.1.1 - https:\/\/yoast.com\/product\/yoast-seo-wordpress\/ -->\n<title>Rencontre entre le ministre des Transports et les responsables de l&#039;AFTU - challenges economiques<\/title>\n<meta name=\"robots\" content=\"index, follow, max-snippet:-1, max-image-preview:large, max-video-preview:-1\" \/>\n<link rel=\"canonical\" href=\"https:\/\/challengeseconomiques.com\/?p=6473\" \/>\n<meta property=\"og:locale\" content=\"fr_FR\" \/>\n<meta property=\"og:type\" content=\"article\" \/>\n<meta property=\"og:title\" content=\"Rencontre entre le ministre des Transports et les responsables de l&#039;AFTU - challenges economiques\" \/>\n<meta property=\"og:description\" content=\"Le ministre des Infrastructures et des Transports Terrestres et A\u00e9riens, El Hadj Malick Ndiaye a rencontr\u00e9 les membres de l\u2019Association de financement des transports urbains...\" \/>\n<meta property=\"og:url\" content=\"https:\/\/challengeseconomiques.com\/?p=6473\" \/>\n<meta property=\"og:site_name\" content=\"challenges economiques\" \/>\n<meta property=\"article:published_time\" content=\"2024-05-29T13:51:12+00:00\" \/>\n<meta property=\"article:modified_time\" content=\"2024-05-29T13:51:38+00:00\" \/>\n<meta property=\"og:image\" content=\"https:\/\/challengeseconomiques.com\/wp-content\/uploads\/2024\/05\/mndiayetransporteurs.jpg\" \/>\n\t<meta property=\"og:image:width\" content=\"1080\" \/>\n\t<meta property=\"og:image:height\" content=\"720\" \/>\n\t<meta property=\"og:image:type\" content=\"image\/jpeg\" \/>\n<meta name=\"author\" content=\"admin\" \/>\n<meta name=\"twitter:card\" content=\"summary_large_image\" \/>\n<meta name=\"twitter:label1\" content=\"\u00c9crit par\" \/>\n\t<meta name=\"twitter:data1\" content=\"admin\" \/>\n\t<meta name=\"twitter:label2\" content=\"Dur\u00e9e de lecture estim\u00e9e\" \/>\n\t<meta name=\"twitter:data2\" content=\"1 minute\" \/>\n<script type=\"application\/ld+json\" class=\"yoast-schema-graph\">{\"@context\":\"https:\/\/schema.org\",\"@graph\":[{\"@type\":\"Article\",\"@id\":\"https:\/\/challengeseconomiques.com\/?p=6473#article\",\"isPartOf\":{\"@id\":\"https:\/\/challengeseconomiques.com\/?p=6473\"},\"author\":{\"name\":\"admin\",\"@id\":\"https:\/\/challengeseconomiques.com\/#\/schema\/person\/b4568c9afebc5a9238a771873801e349\"},\"headline\":\"Rencontre entre le ministre des Transports et les responsables de l&rsquo;AFTU\",\"datePublished\":\"2024-05-29T13:51:12+00:00\",\"dateModified\":\"2024-05-29T13:51:38+00:00\",\"mainEntityOfPage\":{\"@id\":\"https:\/\/challengeseconomiques.com\/?p=6473\"},\"wordCount\":285,\"image\":{\"@id\":\"https:\/\/challengeseconomiques.com\/?p=6473#primaryimage\"},\"thumbnailUrl\":\"https:\/\/challengeseconomiques.com\/wp-content\/uploads\/2024\/05\/mndiayetransporteurs.jpg\",\"articleSection\":[\"A la une\",\"Actualit\u00e9 \u00e9conomique\"],\"inLanguage\":\"fr-FR\"},{\"@type\":\"WebPage\",\"@id\":\"https:\/\/challengeseconomiques.com\/?p=6473\",\"url\":\"https:\/\/challengeseconomiques.com\/?p=6473\",\"name\":\"Rencontre entre le ministre des Transports et les responsables de l'AFTU - challenges economiques\",\"isPartOf\":{\"@id\":\"https:\/\/challengeseconomiques.com\/#website\"},\"primaryImageOfPage\":{\"@id\":\"https:\/\/challengeseconomiques.com\/?p=6473#primaryimage\"},\"image\":{\"@id\":\"https:\/\/challengeseconomiques.com\/?p=6473#primaryimage\"},\"thumbnailUrl\":\"https:\/\/challengeseconomiques.com\/wp-content\/uploads\/2024\/05\/mndiayetransporteurs.jpg\",\"datePublished\":\"2024-05-29T13:51:12+00:00\",\"dateModified\":\"2024-05-29T13:51:38+00:00\",\"author\":{\"@id\":\"https:\/\/challengeseconomiques.com\/#\/schema\/person\/b4568c9afebc5a9238a771873801e349\"},\"breadcrumb\":{\"@id\":\"https:\/\/challengeseconomiques.com\/?p=6473#breadcrumb\"},\"inLanguage\":\"fr-FR\",\"potentialAction\":[{\"@type\":\"ReadAction\",\"target\":[\"https:\/\/challengeseconomiques.com\/?p=6473\"]}]},{\"@type\":\"ImageObject\",\"inLanguage\":\"fr-FR\",\"@id\":\"https:\/\/challengeseconomiques.com\/?p=6473#primaryimage\",\"url\":\"https:\/\/challengeseconomiques.com\/wp-content\/uploads\/2024\/05\/mndiayetransporteurs.jpg\",\"contentUrl\":\"https:\/\/challengeseconomiques.com\/wp-content\/uploads\/2024\/05\/mndiayetransporteurs.jpg\",\"width\":1080,\"height\":720},{\"@type\":\"BreadcrumbList\",\"@id\":\"https:\/\/challengeseconomiques.com\/?p=6473#breadcrumb\",\"itemListElement\":[{\"@type\":\"ListItem\",\"position\":1,\"name\":\"Home\",\"item\":\"https:\/\/challengeseconomiques.com\/\"},{\"@type\":\"ListItem\",\"position\":2,\"name\":\"Rencontre entre le ministre des Transports et les responsables de l&#8217;AFTU\"}]},{\"@type\":\"WebSite\",\"@id\":\"https:\/\/challengeseconomiques.com\/#website\",\"url\":\"https:\/\/challengeseconomiques.com\/\",\"name\":\"challenges economiques\",\"description\":\"\",\"potentialAction\":[{\"@type\":\"SearchAction\",\"target\":{\"@type\":\"EntryPoint\",\"urlTemplate\":\"https:\/\/challengeseconomiques.com\/?s={search_term_string}\"},\"query-input\":{\"@type\":\"PropertyValueSpecification\",\"valueRequired\":true,\"valueName\":\"search_term_string\"}}],\"inLanguage\":\"fr-FR\"},{\"@type\":\"Person\",\"@id\":\"https:\/\/challengeseconomiques.com\/#\/schema\/person\/b4568c9afebc5a9238a771873801e349\",\"name\":\"admin\",\"image\":{\"@type\":\"ImageObject\",\"inLanguage\":\"fr-FR\",\"@id\":\"https:\/\/challengeseconomiques.com\/#\/schema\/person\/image\/\",\"url\":\"https:\/\/secure.gravatar.com\/avatar\/099e42240b5eea11acdb72751fcce0dd918603f0749d24974b7984ea47ed9fd9?s=96&d=mm&r=g\",\"contentUrl\":\"https:\/\/secure.gravatar.com\/avatar\/099e42240b5eea11acdb72751fcce0dd918603f0749d24974b7984ea47ed9fd9?s=96&d=mm&r=g\",\"caption\":\"admin\"},\"sameAs\":[\"https:\/\/challengeseconomiques.com\"],\"url\":\"https:\/\/challengeseconomiques.com\/?author=1\"}]}<\/script>\n<!-- \/ Yoast SEO plugin. -->","yoast_head_json":{"title":"Rencontre entre le ministre des Transports et les responsables de l'AFTU - challenges economiques","robots":{"index":"index","follow":"follow","max-snippet":"max-snippet:-1","max-image-preview":"max-image-preview:large","max-video-preview":"max-video-preview:-1"},"canonical":"https:\/\/challengeseconomiques.com\/?p=6473","og_locale":"fr_FR","og_type":"article","og_title":"Rencontre entre le ministre des Transports et les responsables de l'AFTU - challenges economiques","og_description":"Le ministre des Infrastructures et des Transports Terrestres et A\u00e9riens, El Hadj Malick Ndiaye a rencontr\u00e9 les membres de l\u2019Association de financement des transports urbains...","og_url":"https:\/\/challengeseconomiques.com\/?p=6473","og_site_name":"challenges economiques","article_published_time":"2024-05-29T13:51:12+00:00","article_modified_time":"2024-05-29T13:51:38+00:00","og_image":[{"width":1080,"height":720,"url":"https:\/\/challengeseconomiques.com\/wp-content\/uploads\/2024\/05\/mndiayetransporteurs.jpg","type":"image\/jpeg"}],"author":"admin","twitter_card":"summary_large_image","twitter_misc":{"\u00c9crit par":"admin","Dur\u00e9e de lecture estim\u00e9e":"1 minute"},"schema":{"@context":"https:\/\/schema.org","@graph":[{"@type":"Article","@id":"https:\/\/challengeseconomiques.com\/?p=6473#article","isPartOf":{"@id":"https:\/\/challengeseconomiques.com\/?p=6473"},"author":{"name":"admin","@id":"https:\/\/challengeseconomiques.com\/#\/schema\/person\/b4568c9afebc5a9238a771873801e349"},"headline":"Rencontre entre le ministre des Transports et les responsables de l&rsquo;AFTU","datePublished":"2024-05-29T13:51:12+00:00","dateModified":"2024-05-29T13:51:38+00:00","mainEntityOfPage":{"@id":"https:\/\/challengeseconomiques.com\/?p=6473"},"wordCount":285,"image":{"@id":"https:\/\/challengeseconomiques.com\/?p=6473#primaryimage"},"thumbnailUrl":"https:\/\/challengeseconomiques.com\/wp-content\/uploads\/2024\/05\/mndiayetransporteurs.jpg","articleSection":["A la une","Actualit\u00e9 \u00e9conomique"],"inLanguage":"fr-FR"},{"@type":"WebPage","@id":"https:\/\/challengeseconomiques.com\/?p=6473","url":"https:\/\/challengeseconomiques.com\/?p=6473","name":"Rencontre entre le ministre des Transports et les responsables de l'AFTU - challenges economiques","isPartOf":{"@id":"https:\/\/challengeseconomiques.com\/#website"},"primaryImageOfPage":{"@id":"https:\/\/challengeseconomiques.com\/?p=6473#primaryimage"},"image":{"@id":"https:\/\/challengeseconomiques.com\/?p=6473#primaryimage"},"thumbnailUrl":"https:\/\/challengeseconomiques.com\/wp-content\/uploads\/2024\/05\/mndiayetransporteurs.jpg","datePublished":"2024-05-29T13:51:12+00:00","dateModified":"2024-05-29T13:51:38+00:00","author":{"@id":"https:\/\/challengeseconomiques.com\/#\/schema\/person\/b4568c9afebc5a9238a771873801e349"},"breadcrumb":{"@id":"https:\/\/challengeseconomiques.com\/?p=6473#breadcrumb"},"inLanguage":"fr-FR","potentialAction":[{"@type":"ReadAction","target":["https:\/\/challengeseconomiques.com\/?p=6473"]}]},{"@type":"ImageObject","inLanguage":"fr-FR","@id":"https:\/\/challengeseconomiques.com\/?p=6473#primaryimage","url":"https:\/\/challengeseconomiques.com\/wp-content\/uploads\/2024\/05\/mndiayetransporteurs.jpg","contentUrl":"https:\/\/challengeseconomiques.com\/wp-content\/uploads\/2024\/05\/mndiayetransporteurs.jpg","width":1080,"height":720},{"@type":"BreadcrumbList","@id":"https:\/\/challengeseconomiques.com\/?p=6473#breadcrumb","itemListElement":[{"@type":"ListItem","position":1,"name":"Home","item":"https:\/\/challengeseconomiques.com\/"},{"@type":"ListItem","position":2,"name":"Rencontre entre le ministre des Transports et les responsables de l&#8217;AFTU"}]},{"@type":"WebSite","@id":"https:\/\/challengeseconomiques.com\/#website","url":"https:\/\/challengeseconomiques.com\/","name":"challenges economiques","description":"","potentialAction":[{"@type":"SearchAction","target":{"@type":"EntryPoint","urlTemplate":"https:\/\/challengeseconomiques.com\/?s={search_term_string}"},"query-input":{"@type":"PropertyValueSpecification","valueRequired":true,"valueName":"search_term_string"}}],"inLanguage":"fr-FR"},{"@type":"Person","@id":"https:\/\/challengeseconomiques.com\/#\/schema\/person\/b4568c9afebc5a9238a771873801e349","name":"admin","image":{"@type":"ImageObject","inLanguage":"fr-FR","@id":"https:\/\/challengeseconomiques.com\/#\/schema\/person\/image\/","url":"https:\/\/secure.gravatar.com\/avatar\/099e42240b5eea11acdb72751fcce0dd918603f0749d24974b7984ea47ed9fd9?s=96&d=mm&r=g","contentUrl":"https:\/\/secure.gravatar.com\/avatar\/099e42240b5eea11acdb72751fcce0dd918603f0749d24974b7984ea47ed9fd9?s=96&d=mm&r=g","caption":"admin"},"sameAs":["https:\/\/challengeseconomiques.com"],"url":"https:\/\/challengeseconomiques.com\/?author=1"}]}},"jetpack_featured_media_url":"https:\/\/challengeseconomiques.com\/wp-content\/uploads\/2024\/05\/mndiayetransporteurs.jpg","jetpack_sharing_enabled":true,"_links":{"self":[{"href":"https:\/\/challengeseconomiques.com\/index.php?rest_route=\/wp\/v2\/posts\/6473","targetHints":{"allow":["GET"]}}],"collection":[{"href":"https:\/\/challengeseconomiques.com\/index.php?rest_route=\/wp\/v2\/posts"}],"about":[{"href":"https:\/\/challengeseconomiques.com\/index.php?rest_route=\/wp\/v2\/types\/post"}],"author":[{"embeddable":true,"href":"https:\/\/challengeseconomiques.com\/index.php?rest_route=\/wp\/v2\/users\/1"}],"replies":[{"embeddable":true,"href":"https:\/\/challengeseconomiques.com\/index.php?rest_route=%2Fwp%2Fv2%2Fcomments&post=6473"}],"version-history":[{"count":1,"href":"https:\/\/challengeseconomiques.com\/index.php?rest_route=\/wp\/v2\/posts\/6473\/revisions"}],"predecessor-version":[{"id":6475,"href":"https:\/\/challengeseconomiques.com\/index.php?rest_route=\/wp\/v2\/posts\/6473\/revisions\/6475"}],"wp:featuredmedia":[{"embeddable":true,"href":"https:\/\/challengeseconomiques.com\/index.php?rest_route=\/wp\/v2\/media\/6474"}],"wp:attachment":[{"href":"https:\/\/challengeseconomiques.com\/index.php?rest_route=%2Fwp%2Fv2%2Fmedia&parent=6473"}],"wp:term":[{"taxonomy":"category","embeddable":true,"href":"https:\/\/challengeseconomiques.com\/index.php?rest_route=%2Fwp%2Fv2%2Fcategories&post=6473"},{"taxonomy":"post_tag","embeddable":true,"href":"https:\/\/challengeseconomiques.com\/index.php?rest_route=%2Fwp%2Fv2%2Ftags&post=6473"}],"curies":[{"name":"wp","href":"https:\/\/api.w.org\/{rel}","templated":true}]}}