{"id":6469,"date":"2024-05-29T11:46:12","date_gmt":"2024-05-29T11:46:12","guid":{"rendered":"https:\/\/challengeseconomiques.com\/?p=6469"},"modified":"2024-05-29T11:58:29","modified_gmt":"2024-05-29T11:58:29","slug":"la-directrice-des-operations-de-la-bm-et-des-hommes-daffaires-suisses-recus-par-le-directeur-general-de-lapix","status":"publish","type":"post","link":"https:\/\/challengeseconomiques.com\/?p=6469","title":{"rendered":"La Directrice des Op\u00e9rations de la BM et des hommes d\u2019affaires suisses re\u00e7us par le Directeur g\u00e9n\u00e9ral de l\u2019APIX"},"content":{"rendered":"<p>Le Directeur g\u00e9n\u00e9ral de l\u2019APIX, Bakary S\u00e9ga Bathily, a re\u00e7u, mardi, une d\u00e9l\u00e9gation de la Banque mondiale conduite par la Directrice des Op\u00e9rations, Keiko Miwa, et des hommes d\u2019affaires suisses, a-t-on appris aupr\u00e8s de ses services.<\/p>\n<p>Selon une note transmise \u00e0 l\u2019APS, cette visite avait pour but \u2018\u2019d\u2019identifier et renforcer les axes de collaboration entre les deux entit\u00e9s\u2019\u2019.<\/p>\n<p>Elle a indiqu\u00e9 que les \u00e9changes ont port\u00e9 sur l\u2019ensemble des projets structurants ainsi que les programmes de r\u00e9formes \u00e0 mettre en \u0153uvre afin de r\u00e9soudre les probl\u00e8mes li\u00e9s \u00e0 la cr\u00e9ation de richesses et d\u2019emplois durables, au d\u00e9veloppement \u00e9conomique endog\u00e8ne du S\u00e9n\u00e9gal et \u00e0 l\u2019acc\u00e8s au financement des PME.<\/p>\n<p>La Banque mondiale s\u2019est engag\u00e9e \u00e0 \u2019\u2019accompagner\u2019\u2019 l\u2019APIX dans le d\u00e9ploiement de sa strat\u00e9gie de territorialisation de l\u2019investissement dans le but de \u2018\u2019rapprocher les services des populations afin d\u2019appuyer le secteur priv\u00e9 local dans le d\u00e9veloppement des activit\u00e9s \u00e9conomiques\u2019\u2019.<\/p>\n<p>La m\u00eame source signale \u00e9galement que le Directeur g\u00e9n\u00e9ral de l\u2019APIX s\u2019est entretenu avec une d\u00e9l\u00e9gation d\u2019hommes d\u2019affaires suisses qui ont eu droit \u00e0 une s\u00e9ance d\u2019explications sur le climat des affaires au S\u00e9n\u00e9gal.<\/p>\n<p><strong>(APS)<\/strong><\/p>\n<p>&nbsp;<\/p>\n","protected":false},"excerpt":{"rendered":"<p>Le Directeur g\u00e9n\u00e9ral de l\u2019APIX, Bakary S\u00e9ga Bathily, a re\u00e7u, mardi, une d\u00e9l\u00e9gation de la Banque mondiale conduite par la Directrice des Op\u00e9rations, Keiko Miwa,&#8230;<\/p>\n","protected":false},"author":1,"featured_media":6472,"comment_status":"closed","ping_status":"open","sticky":false,"template":"","format":"standard","meta":{"_jetpack_memberships_contains_paid_content":false,"footnotes":""},"categories":[1],"tags":[],"class_list":["post-6469","post","type-post","status-publish","format-standard","has-post-thumbnail","hentry","category-uncategorized","wpcat-1-id"],"yoast_head":"<!-- This site is optimized with the Yoast SEO plugin v27.1.1 - https:\/\/yoast.com\/product\/yoast-seo-wordpress\/ -->\n<title>La Directrice des Op\u00e9rations de la BM et des hommes d\u2019affaires suisses re\u00e7us par le Directeur g\u00e9n\u00e9ral de l\u2019APIX - challenges economiques<\/title>\n<meta name=\"robots\" content=\"index, follow, max-snippet:-1, max-image-preview:large, max-video-preview:-1\" \/>\n<link rel=\"canonical\" href=\"https:\/\/challengeseconomiques.com\/?p=6469\" \/>\n<meta property=\"og:locale\" content=\"fr_FR\" \/>\n<meta property=\"og:type\" content=\"article\" \/>\n<meta property=\"og:title\" content=\"La Directrice des Op\u00e9rations de la BM et des hommes d\u2019affaires suisses re\u00e7us par le Directeur g\u00e9n\u00e9ral de l\u2019APIX - challenges economiques\" \/>\n<meta property=\"og:description\" content=\"Le Directeur g\u00e9n\u00e9ral de l\u2019APIX, Bakary S\u00e9ga Bathily, a re\u00e7u, mardi, une d\u00e9l\u00e9gation de la Banque mondiale conduite par la Directrice des Op\u00e9rations, Keiko Miwa,...\" \/>\n<meta property=\"og:url\" content=\"https:\/\/challengeseconomiques.com\/?p=6469\" \/>\n<meta property=\"og:site_name\" content=\"challenges economiques\" \/>\n<meta property=\"article:published_time\" content=\"2024-05-29T11:46:12+00:00\" \/>\n<meta property=\"article:modified_time\" content=\"2024-05-29T11:58:29+00:00\" \/>\n<meta property=\"og:image\" content=\"https:\/\/challengeseconomiques.com\/wp-content\/uploads\/2024\/05\/apixbm2.jpg\" \/>\n\t<meta property=\"og:image:width\" content=\"556\" \/>\n\t<meta property=\"og:image:height\" content=\"376\" \/>\n\t<meta property=\"og:image:type\" content=\"image\/jpeg\" \/>\n<meta name=\"author\" content=\"admin\" \/>\n<meta name=\"twitter:card\" content=\"summary_large_image\" \/>\n<meta name=\"twitter:label1\" content=\"\u00c9crit par\" \/>\n\t<meta name=\"twitter:data1\" content=\"admin\" \/>\n\t<meta name=\"twitter:label2\" content=\"Dur\u00e9e de lecture estim\u00e9e\" \/>\n\t<meta name=\"twitter:data2\" content=\"1 minute\" \/>\n<script type=\"application\/ld+json\" class=\"yoast-schema-graph\">{\"@context\":\"https:\/\/schema.org\",\"@graph\":[{\"@type\":\"Article\",\"@id\":\"https:\/\/challengeseconomiques.com\/?p=6469#article\",\"isPartOf\":{\"@id\":\"https:\/\/challengeseconomiques.com\/?p=6469\"},\"author\":{\"name\":\"admin\",\"@id\":\"https:\/\/challengeseconomiques.com\/#\/schema\/person\/b4568c9afebc5a9238a771873801e349\"},\"headline\":\"La Directrice des Op\u00e9rations de la BM et des hommes d\u2019affaires suisses re\u00e7us par le Directeur g\u00e9n\u00e9ral de l\u2019APIX\",\"datePublished\":\"2024-05-29T11:46:12+00:00\",\"dateModified\":\"2024-05-29T11:58:29+00:00\",\"mainEntityOfPage\":{\"@id\":\"https:\/\/challengeseconomiques.com\/?p=6469\"},\"wordCount\":250,\"image\":{\"@id\":\"https:\/\/challengeseconomiques.com\/?p=6469#primaryimage\"},\"thumbnailUrl\":\"https:\/\/challengeseconomiques.com\/wp-content\/uploads\/2024\/05\/apixbm2.jpg\",\"articleSection\":[\"Uncategorized\"],\"inLanguage\":\"fr-FR\"},{\"@type\":\"WebPage\",\"@id\":\"https:\/\/challengeseconomiques.com\/?p=6469\",\"url\":\"https:\/\/challengeseconomiques.com\/?p=6469\",\"name\":\"La Directrice des Op\u00e9rations de la BM et des hommes d\u2019affaires suisses re\u00e7us par le Directeur g\u00e9n\u00e9ral de l\u2019APIX - challenges economiques\",\"isPartOf\":{\"@id\":\"https:\/\/challengeseconomiques.com\/#website\"},\"primaryImageOfPage\":{\"@id\":\"https:\/\/challengeseconomiques.com\/?p=6469#primaryimage\"},\"image\":{\"@id\":\"https:\/\/challengeseconomiques.com\/?p=6469#primaryimage\"},\"thumbnailUrl\":\"https:\/\/challengeseconomiques.com\/wp-content\/uploads\/2024\/05\/apixbm2.jpg\",\"datePublished\":\"2024-05-29T11:46:12+00:00\",\"dateModified\":\"2024-05-29T11:58:29+00:00\",\"author\":{\"@id\":\"https:\/\/challengeseconomiques.com\/#\/schema\/person\/b4568c9afebc5a9238a771873801e349\"},\"breadcrumb\":{\"@id\":\"https:\/\/challengeseconomiques.com\/?p=6469#breadcrumb\"},\"inLanguage\":\"fr-FR\",\"potentialAction\":[{\"@type\":\"ReadAction\",\"target\":[\"https:\/\/challengeseconomiques.com\/?p=6469\"]}]},{\"@type\":\"ImageObject\",\"inLanguage\":\"fr-FR\",\"@id\":\"https:\/\/challengeseconomiques.com\/?p=6469#primaryimage\",\"url\":\"https:\/\/challengeseconomiques.com\/wp-content\/uploads\/2024\/05\/apixbm2.jpg\",\"contentUrl\":\"https:\/\/challengeseconomiques.com\/wp-content\/uploads\/2024\/05\/apixbm2.jpg\",\"width\":556,\"height\":376},{\"@type\":\"BreadcrumbList\",\"@id\":\"https:\/\/challengeseconomiques.com\/?p=6469#breadcrumb\",\"itemListElement\":[{\"@type\":\"ListItem\",\"position\":1,\"name\":\"Home\",\"item\":\"https:\/\/challengeseconomiques.com\/\"},{\"@type\":\"ListItem\",\"position\":2,\"name\":\"La Directrice des Op\u00e9rations de la BM et des hommes d\u2019affaires suisses re\u00e7us par le Directeur g\u00e9n\u00e9ral de l\u2019APIX\"}]},{\"@type\":\"WebSite\",\"@id\":\"https:\/\/challengeseconomiques.com\/#website\",\"url\":\"https:\/\/challengeseconomiques.com\/\",\"name\":\"challenges economiques\",\"description\":\"\",\"potentialAction\":[{\"@type\":\"SearchAction\",\"target\":{\"@type\":\"EntryPoint\",\"urlTemplate\":\"https:\/\/challengeseconomiques.com\/?s={search_term_string}\"},\"query-input\":{\"@type\":\"PropertyValueSpecification\",\"valueRequired\":true,\"valueName\":\"search_term_string\"}}],\"inLanguage\":\"fr-FR\"},{\"@type\":\"Person\",\"@id\":\"https:\/\/challengeseconomiques.com\/#\/schema\/person\/b4568c9afebc5a9238a771873801e349\",\"name\":\"admin\",\"image\":{\"@type\":\"ImageObject\",\"inLanguage\":\"fr-FR\",\"@id\":\"https:\/\/challengeseconomiques.com\/#\/schema\/person\/image\/\",\"url\":\"https:\/\/secure.gravatar.com\/avatar\/099e42240b5eea11acdb72751fcce0dd918603f0749d24974b7984ea47ed9fd9?s=96&d=mm&r=g\",\"contentUrl\":\"https:\/\/secure.gravatar.com\/avatar\/099e42240b5eea11acdb72751fcce0dd918603f0749d24974b7984ea47ed9fd9?s=96&d=mm&r=g\",\"caption\":\"admin\"},\"sameAs\":[\"https:\/\/challengeseconomiques.com\"],\"url\":\"https:\/\/challengeseconomiques.com\/?author=1\"}]}<\/script>\n<!-- \/ Yoast SEO plugin. -->","yoast_head_json":{"title":"La Directrice des Op\u00e9rations de la BM et des hommes d\u2019affaires suisses re\u00e7us par le Directeur g\u00e9n\u00e9ral de l\u2019APIX - challenges economiques","robots":{"index":"index","follow":"follow","max-snippet":"max-snippet:-1","max-image-preview":"max-image-preview:large","max-video-preview":"max-video-preview:-1"},"canonical":"https:\/\/challengeseconomiques.com\/?p=6469","og_locale":"fr_FR","og_type":"article","og_title":"La Directrice des Op\u00e9rations de la BM et des hommes d\u2019affaires suisses re\u00e7us par le Directeur g\u00e9n\u00e9ral de l\u2019APIX - challenges economiques","og_description":"Le Directeur g\u00e9n\u00e9ral de l\u2019APIX, Bakary S\u00e9ga Bathily, a re\u00e7u, mardi, une d\u00e9l\u00e9gation de la Banque mondiale conduite par la Directrice des Op\u00e9rations, Keiko Miwa,...","og_url":"https:\/\/challengeseconomiques.com\/?p=6469","og_site_name":"challenges economiques","article_published_time":"2024-05-29T11:46:12+00:00","article_modified_time":"2024-05-29T11:58:29+00:00","og_image":[{"width":556,"height":376,"url":"https:\/\/challengeseconomiques.com\/wp-content\/uploads\/2024\/05\/apixbm2.jpg","type":"image\/jpeg"}],"author":"admin","twitter_card":"summary_large_image","twitter_misc":{"\u00c9crit par":"admin","Dur\u00e9e de lecture estim\u00e9e":"1 minute"},"schema":{"@context":"https:\/\/schema.org","@graph":[{"@type":"Article","@id":"https:\/\/challengeseconomiques.com\/?p=6469#article","isPartOf":{"@id":"https:\/\/challengeseconomiques.com\/?p=6469"},"author":{"name":"admin","@id":"https:\/\/challengeseconomiques.com\/#\/schema\/person\/b4568c9afebc5a9238a771873801e349"},"headline":"La Directrice des Op\u00e9rations de la BM et des hommes d\u2019affaires suisses re\u00e7us par le Directeur g\u00e9n\u00e9ral de l\u2019APIX","datePublished":"2024-05-29T11:46:12+00:00","dateModified":"2024-05-29T11:58:29+00:00","mainEntityOfPage":{"@id":"https:\/\/challengeseconomiques.com\/?p=6469"},"wordCount":250,"image":{"@id":"https:\/\/challengeseconomiques.com\/?p=6469#primaryimage"},"thumbnailUrl":"https:\/\/challengeseconomiques.com\/wp-content\/uploads\/2024\/05\/apixbm2.jpg","articleSection":["Uncategorized"],"inLanguage":"fr-FR"},{"@type":"WebPage","@id":"https:\/\/challengeseconomiques.com\/?p=6469","url":"https:\/\/challengeseconomiques.com\/?p=6469","name":"La Directrice des Op\u00e9rations de la BM et des hommes d\u2019affaires suisses re\u00e7us par le Directeur g\u00e9n\u00e9ral de l\u2019APIX - challenges economiques","isPartOf":{"@id":"https:\/\/challengeseconomiques.com\/#website"},"primaryImageOfPage":{"@id":"https:\/\/challengeseconomiques.com\/?p=6469#primaryimage"},"image":{"@id":"https:\/\/challengeseconomiques.com\/?p=6469#primaryimage"},"thumbnailUrl":"https:\/\/challengeseconomiques.com\/wp-content\/uploads\/2024\/05\/apixbm2.jpg","datePublished":"2024-05-29T11:46:12+00:00","dateModified":"2024-05-29T11:58:29+00:00","author":{"@id":"https:\/\/challengeseconomiques.com\/#\/schema\/person\/b4568c9afebc5a9238a771873801e349"},"breadcrumb":{"@id":"https:\/\/challengeseconomiques.com\/?p=6469#breadcrumb"},"inLanguage":"fr-FR","potentialAction":[{"@type":"ReadAction","target":["https:\/\/challengeseconomiques.com\/?p=6469"]}]},{"@type":"ImageObject","inLanguage":"fr-FR","@id":"https:\/\/challengeseconomiques.com\/?p=6469#primaryimage","url":"https:\/\/challengeseconomiques.com\/wp-content\/uploads\/2024\/05\/apixbm2.jpg","contentUrl":"https:\/\/challengeseconomiques.com\/wp-content\/uploads\/2024\/05\/apixbm2.jpg","width":556,"height":376},{"@type":"BreadcrumbList","@id":"https:\/\/challengeseconomiques.com\/?p=6469#breadcrumb","itemListElement":[{"@type":"ListItem","position":1,"name":"Home","item":"https:\/\/challengeseconomiques.com\/"},{"@type":"ListItem","position":2,"name":"La Directrice des Op\u00e9rations de la BM et des hommes d\u2019affaires suisses re\u00e7us par le Directeur g\u00e9n\u00e9ral de l\u2019APIX"}]},{"@type":"WebSite","@id":"https:\/\/challengeseconomiques.com\/#website","url":"https:\/\/challengeseconomiques.com\/","name":"challenges economiques","description":"","potentialAction":[{"@type":"SearchAction","target":{"@type":"EntryPoint","urlTemplate":"https:\/\/challengeseconomiques.com\/?s={search_term_string}"},"query-input":{"@type":"PropertyValueSpecification","valueRequired":true,"valueName":"search_term_string"}}],"inLanguage":"fr-FR"},{"@type":"Person","@id":"https:\/\/challengeseconomiques.com\/#\/schema\/person\/b4568c9afebc5a9238a771873801e349","name":"admin","image":{"@type":"ImageObject","inLanguage":"fr-FR","@id":"https:\/\/challengeseconomiques.com\/#\/schema\/person\/image\/","url":"https:\/\/secure.gravatar.com\/avatar\/099e42240b5eea11acdb72751fcce0dd918603f0749d24974b7984ea47ed9fd9?s=96&d=mm&r=g","contentUrl":"https:\/\/secure.gravatar.com\/avatar\/099e42240b5eea11acdb72751fcce0dd918603f0749d24974b7984ea47ed9fd9?s=96&d=mm&r=g","caption":"admin"},"sameAs":["https:\/\/challengeseconomiques.com"],"url":"https:\/\/challengeseconomiques.com\/?author=1"}]}},"jetpack_featured_media_url":"https:\/\/challengeseconomiques.com\/wp-content\/uploads\/2024\/05\/apixbm2.jpg","jetpack_sharing_enabled":true,"_links":{"self":[{"href":"https:\/\/challengeseconomiques.com\/index.php?rest_route=\/wp\/v2\/posts\/6469","targetHints":{"allow":["GET"]}}],"collection":[{"href":"https:\/\/challengeseconomiques.com\/index.php?rest_route=\/wp\/v2\/posts"}],"about":[{"href":"https:\/\/challengeseconomiques.com\/index.php?rest_route=\/wp\/v2\/types\/post"}],"author":[{"embeddable":true,"href":"https:\/\/challengeseconomiques.com\/index.php?rest_route=\/wp\/v2\/users\/1"}],"replies":[{"embeddable":true,"href":"https:\/\/challengeseconomiques.com\/index.php?rest_route=%2Fwp%2Fv2%2Fcomments&post=6469"}],"version-history":[{"count":1,"href":"https:\/\/challengeseconomiques.com\/index.php?rest_route=\/wp\/v2\/posts\/6469\/revisions"}],"predecessor-version":[{"id":6471,"href":"https:\/\/challengeseconomiques.com\/index.php?rest_route=\/wp\/v2\/posts\/6469\/revisions\/6471"}],"wp:featuredmedia":[{"embeddable":true,"href":"https:\/\/challengeseconomiques.com\/index.php?rest_route=\/wp\/v2\/media\/6472"}],"wp:attachment":[{"href":"https:\/\/challengeseconomiques.com\/index.php?rest_route=%2Fwp%2Fv2%2Fmedia&parent=6469"}],"wp:term":[{"taxonomy":"category","embeddable":true,"href":"https:\/\/challengeseconomiques.com\/index.php?rest_route=%2Fwp%2Fv2%2Fcategories&post=6469"},{"taxonomy":"post_tag","embeddable":true,"href":"https:\/\/challengeseconomiques.com\/index.php?rest_route=%2Fwp%2Fv2%2Ftags&post=6469"}],"curies":[{"name":"wp","href":"https:\/\/api.w.org\/{rel}","templated":true}]}}