{"id":6466,"date":"2024-05-28T21:24:24","date_gmt":"2024-05-28T21:24:24","guid":{"rendered":"https:\/\/challengeseconomiques.com\/?p=6466"},"modified":"2024-05-28T21:24:59","modified_gmt":"2024-05-28T21:24:59","slug":"plaidoyer-de-bassirou-diomaye-faye-pour-une-justice-refondee-en-profondeur-grace-a-une-approche-collective","status":"publish","type":"post","link":"https:\/\/challengeseconomiques.com\/?p=6466","title":{"rendered":"Plaidoyer de Bassirou Diomaye Faye pour une justice refond\u00e9e en profondeur, gr\u00e2ce \u00e0 une approche collective"},"content":{"rendered":"<p><strong>Bassirou Diomaye Faye, le Pr\u00e9sident de la R\u00e9publique du S\u00e9n\u00e9gal a plaid\u00e9 mardi, 28 mai 2024, pour une justice s\u00e9n\u00e9galaise, qui a besoin d\u2019une profonde refondation, que seule une approche inclusive permettra de r\u00e9ussir. Le chef de l\u2019Etat soutient qu\u2019une \u0153uvre collective, une d\u00e9marche participative et un exercice de co-construction doivent constituer le triptyque, qui doit guider les actions, qui doivent mener \u00e0 la modernisation de la justice.\u00a0\u00a0\u00a0\u00a0\u00a0\u00a0\u00a0 <\/strong><\/p>\n<p>Il est \u00e0 rappeler que Bassirou Diomaye Faye s\u2019exprimait \u00e0 l\u2019occasion de la journ\u00e9e d\u00e9di\u00e9e au dialogue national dont le th\u00e8me de cette ann\u00e9e porte sur \u00ab\u00a0la r\u00e9forme et la modernisation de la Justice\u00a0\u00bb. Et \u00e0 ce propos, il est revenu sur la r\u00e9forme d\u00e9j\u00e0 entreprise en avril 2018 par le r\u00e9gime de Macky Sall.<\/p>\n<p>Il a soulign\u00e9 qu\u2019\u00e0 l\u2019occasion de cette rencontre d\u00e9di\u00e9e \u00e0 la modernisation de la justice, le besoin de modernisation de l\u2019institution judiciaire avait fait l\u2019objet d\u2019un rapport d\u2019un Comit\u00e9 de concertation, mis en place par le garde des sceaux, ministre de la justice.<\/p>\n<p>\u00ab\u00a0Six ann\u00e9es apr\u00e8s ces concertations et apr\u00e8s avoir \u00e9t\u00e9 travers\u00e9 par de violentes secousses,\u00a0 force est de reconna\u00eetre que notre syst\u00e8me judiciaire a besoin d\u2019une profonde refondation que seule une approche inclusive permettra de r\u00e9ussir\u00a0\u00bb, a affirm\u00e9 le Pr\u00e9sident de la R\u00e9publique.<\/p>\n<p>Sous ce rapport, il a particuli\u00e8rement insist\u00e9 sur le fait que son r\u00e9gime ne veut pas ouvrir un proc\u00e8s en inquisition, pour d\u00e9signer un ou des coupables \u00e0 jeter aux orties. A son avis, il est plut\u00f4t question de tenir un d\u00e9bat lucide et serein, pos\u00e9 et apais\u00e9, pour ausculter le syst\u00e8me judiciaire s\u00e9n\u00e9galais, identifier ses forces et faiblesses et rechercher ensemble les solutions aptes \u00e0 refonder son fonctionnement et am\u00e9liorer ses performances.<\/p>\n<p>Revenant sur \u00a0les principes fondamentaux de la justice dans un Etat de droit, il a indiqu\u00e9 que la s\u00e9paration des pouvoirs, l\u2019ind\u00e9pendance, l\u2019impartialit\u00e9 et l\u2019intime conviction du juge, l\u2019\u00e9galit\u00e9 de tous devant la loi, la pr\u00e9somption d\u2019innocence, le principe du contradictoire, le droit \u00e0 un proc\u00e8s \u00e9quitable et l\u2019habeas corpus, bouclier contre les arrestations et d\u00e9tentions arbitraires, ne suffisent pas \u00e0 eux seuls pour jauger l\u2019ind\u00e9pendance, la cr\u00e9dibilit\u00e9 et l\u2019efficacit\u00e9 d\u2019un syst\u00e8me judicaire.<\/p>\n<p>\u00ab\u00a0En effet, quelle que soit la pertinence des textes, c\u2019est d\u2019abord et surtout \u00e0 l\u2019aune de la pratique qu\u2019on peut juger si un syst\u00e8me judiciaire r\u00e9pond aux id\u00e9aux et exigences de l\u2019Etat de droit. Voil\u00e0 pourquoi nous voulons, \u00e0 travers ces assises, interroger notre syst\u00e8me judiciaire en revisitant ses r\u00e8gles et m\u00e9canismes, afin de le perfectionner et le hisser \u00e0 la hauteur de nos ambitions et des aspirations de notre peuple\u00a0\u00bb, a pr\u00e9conis\u00e9 le Pr\u00e9sident Faye.<\/p>\n<p>Il faut noter que les th\u00e9matiques qui seront d\u00e9battues incluent notamment le statut des magistrats, l\u2019organisation et le fonctionnement du Conseil sup\u00e9rieur de la Magistrature, la d\u00e9mat\u00e9rialisation du service public de la justice, la justice et le num\u00e9rique, le temps du proc\u00e8s p\u00e9nal, le r\u00e9gime de la sanction p\u00e9nale.<\/p>\n<p>Le cadre juridique et institutionnel de l\u2019administration p\u00e9nitentiaire, les conditions de d\u00e9tention et de pr\u00e9paration \u00e0 la r\u00e9insertion sociale des d\u00e9tenus, le r\u00e9gime de la privation de libert\u00e9, la prise en charge des enfants en danger ou en conflit avec la loi, seront \u00e9galement au menu des d\u00e9bats.<\/p>\n<p>\u00ab\u00a0La finalit\u00e9 de cet exercice est de nous aider \u00e0 baliser la voie pour une r\u00e9forme pragmatique de notre syst\u00e8me judiciaire, afin qu\u2019il inspire davantage confiance au justiciable et pr\u00e9serve sa dignit\u00e9\u00a0\u00bb, a-t-il fait remarquer.<\/p>\n<p>Il a par ailleurs appel\u00e9 \u00e0 une prise en compte dans les d\u00e9bats, des affaires civiles, dont la mati\u00e8re commerciale constitue, selon lui, une composante majeure,<\/p>\n<p>\u00ab\u00a0Le droit du travail et le contentieux administratif sont autant de domaines dont la prise en charge conditionne le fonctionnement de la justice\u00a0\u00bb, a-t-il relev\u00e9.<\/p>\n<p><strong>Idrissa GUEYE<\/strong><\/p>\n","protected":false},"excerpt":{"rendered":"<p>Bassirou Diomaye Faye, le Pr\u00e9sident de la R\u00e9publique du S\u00e9n\u00e9gal a plaid\u00e9 mardi, 28 mai 2024, pour une justice s\u00e9n\u00e9galaise, qui a besoin d\u2019une profonde&#8230;<\/p>\n","protected":false},"author":1,"featured_media":6467,"comment_status":"closed","ping_status":"open","sticky":false,"template":"","format":"standard","meta":{"_jetpack_memberships_contains_paid_content":false,"footnotes":""},"categories":[23,8,10],"tags":[],"class_list":["post-6466","post","type-post","status-publish","format-standard","has-post-thumbnail","hentry","category-a-la-une","category-actualite-economique","category-infos-eco","wpcat-23-id","wpcat-8-id","wpcat-10-id"],"yoast_head":"<!-- This site is optimized with the Yoast SEO plugin v27.1.1 - https:\/\/yoast.com\/product\/yoast-seo-wordpress\/ -->\n<title>Plaidoyer de Bassirou Diomaye Faye pour une justice refond\u00e9e en profondeur, gr\u00e2ce \u00e0 une approche collective - challenges economiques<\/title>\n<meta name=\"robots\" content=\"index, follow, max-snippet:-1, max-image-preview:large, max-video-preview:-1\" \/>\n<link rel=\"canonical\" href=\"https:\/\/challengeseconomiques.com\/?p=6466\" \/>\n<meta property=\"og:locale\" content=\"fr_FR\" \/>\n<meta property=\"og:type\" content=\"article\" \/>\n<meta property=\"og:title\" content=\"Plaidoyer de Bassirou Diomaye Faye pour une justice refond\u00e9e en profondeur, gr\u00e2ce \u00e0 une approche collective - challenges economiques\" \/>\n<meta property=\"og:description\" content=\"Bassirou Diomaye Faye, le Pr\u00e9sident de la R\u00e9publique du S\u00e9n\u00e9gal a plaid\u00e9 mardi, 28 mai 2024, pour une justice s\u00e9n\u00e9galaise, qui a besoin d\u2019une profonde...\" \/>\n<meta property=\"og:url\" content=\"https:\/\/challengeseconomiques.com\/?p=6466\" \/>\n<meta property=\"og:site_name\" content=\"challenges economiques\" \/>\n<meta property=\"article:published_time\" content=\"2024-05-28T21:24:24+00:00\" \/>\n<meta property=\"article:modified_time\" content=\"2024-05-28T21:24:59+00:00\" \/>\n<meta property=\"og:image\" content=\"https:\/\/challengeseconomiques.com\/wp-content\/uploads\/2024\/05\/bassfayedialogue.jpg\" \/>\n\t<meta property=\"og:image:width\" content=\"1280\" \/>\n\t<meta property=\"og:image:height\" content=\"787\" \/>\n\t<meta property=\"og:image:type\" content=\"image\/jpeg\" \/>\n<meta name=\"author\" content=\"admin\" \/>\n<meta name=\"twitter:card\" content=\"summary_large_image\" \/>\n<meta name=\"twitter:label1\" content=\"\u00c9crit par\" \/>\n\t<meta name=\"twitter:data1\" content=\"admin\" \/>\n\t<meta name=\"twitter:label2\" content=\"Dur\u00e9e de lecture estim\u00e9e\" \/>\n\t<meta name=\"twitter:data2\" content=\"4 minutes\" \/>\n<script type=\"application\/ld+json\" class=\"yoast-schema-graph\">{\"@context\":\"https:\/\/schema.org\",\"@graph\":[{\"@type\":\"Article\",\"@id\":\"https:\/\/challengeseconomiques.com\/?p=6466#article\",\"isPartOf\":{\"@id\":\"https:\/\/challengeseconomiques.com\/?p=6466\"},\"author\":{\"name\":\"admin\",\"@id\":\"https:\/\/challengeseconomiques.com\/#\/schema\/person\/b4568c9afebc5a9238a771873801e349\"},\"headline\":\"Plaidoyer de Bassirou Diomaye Faye pour une justice refond\u00e9e en profondeur, gr\u00e2ce \u00e0 une approche collective\",\"datePublished\":\"2024-05-28T21:24:24+00:00\",\"dateModified\":\"2024-05-28T21:24:59+00:00\",\"mainEntityOfPage\":{\"@id\":\"https:\/\/challengeseconomiques.com\/?p=6466\"},\"wordCount\":717,\"image\":{\"@id\":\"https:\/\/challengeseconomiques.com\/?p=6466#primaryimage\"},\"thumbnailUrl\":\"https:\/\/challengeseconomiques.com\/wp-content\/uploads\/2024\/05\/bassfayedialogue.jpg\",\"articleSection\":[\"A la une\",\"Actualit\u00e9 \u00e9conomique\",\"Infos \u00e9co\"],\"inLanguage\":\"fr-FR\"},{\"@type\":\"WebPage\",\"@id\":\"https:\/\/challengeseconomiques.com\/?p=6466\",\"url\":\"https:\/\/challengeseconomiques.com\/?p=6466\",\"name\":\"Plaidoyer de Bassirou Diomaye Faye pour une justice refond\u00e9e en profondeur, gr\u00e2ce \u00e0 une approche collective - challenges economiques\",\"isPartOf\":{\"@id\":\"https:\/\/challengeseconomiques.com\/#website\"},\"primaryImageOfPage\":{\"@id\":\"https:\/\/challengeseconomiques.com\/?p=6466#primaryimage\"},\"image\":{\"@id\":\"https:\/\/challengeseconomiques.com\/?p=6466#primaryimage\"},\"thumbnailUrl\":\"https:\/\/challengeseconomiques.com\/wp-content\/uploads\/2024\/05\/bassfayedialogue.jpg\",\"datePublished\":\"2024-05-28T21:24:24+00:00\",\"dateModified\":\"2024-05-28T21:24:59+00:00\",\"author\":{\"@id\":\"https:\/\/challengeseconomiques.com\/#\/schema\/person\/b4568c9afebc5a9238a771873801e349\"},\"breadcrumb\":{\"@id\":\"https:\/\/challengeseconomiques.com\/?p=6466#breadcrumb\"},\"inLanguage\":\"fr-FR\",\"potentialAction\":[{\"@type\":\"ReadAction\",\"target\":[\"https:\/\/challengeseconomiques.com\/?p=6466\"]}]},{\"@type\":\"ImageObject\",\"inLanguage\":\"fr-FR\",\"@id\":\"https:\/\/challengeseconomiques.com\/?p=6466#primaryimage\",\"url\":\"https:\/\/challengeseconomiques.com\/wp-content\/uploads\/2024\/05\/bassfayedialogue.jpg\",\"contentUrl\":\"https:\/\/challengeseconomiques.com\/wp-content\/uploads\/2024\/05\/bassfayedialogue.jpg\",\"width\":1280,\"height\":787},{\"@type\":\"BreadcrumbList\",\"@id\":\"https:\/\/challengeseconomiques.com\/?p=6466#breadcrumb\",\"itemListElement\":[{\"@type\":\"ListItem\",\"position\":1,\"name\":\"Home\",\"item\":\"https:\/\/challengeseconomiques.com\/\"},{\"@type\":\"ListItem\",\"position\":2,\"name\":\"Plaidoyer de Bassirou Diomaye Faye pour une justice refond\u00e9e en profondeur, gr\u00e2ce \u00e0 une approche collective\"}]},{\"@type\":\"WebSite\",\"@id\":\"https:\/\/challengeseconomiques.com\/#website\",\"url\":\"https:\/\/challengeseconomiques.com\/\",\"name\":\"challenges economiques\",\"description\":\"\",\"potentialAction\":[{\"@type\":\"SearchAction\",\"target\":{\"@type\":\"EntryPoint\",\"urlTemplate\":\"https:\/\/challengeseconomiques.com\/?s={search_term_string}\"},\"query-input\":{\"@type\":\"PropertyValueSpecification\",\"valueRequired\":true,\"valueName\":\"search_term_string\"}}],\"inLanguage\":\"fr-FR\"},{\"@type\":\"Person\",\"@id\":\"https:\/\/challengeseconomiques.com\/#\/schema\/person\/b4568c9afebc5a9238a771873801e349\",\"name\":\"admin\",\"image\":{\"@type\":\"ImageObject\",\"inLanguage\":\"fr-FR\",\"@id\":\"https:\/\/challengeseconomiques.com\/#\/schema\/person\/image\/\",\"url\":\"https:\/\/secure.gravatar.com\/avatar\/099e42240b5eea11acdb72751fcce0dd918603f0749d24974b7984ea47ed9fd9?s=96&d=mm&r=g\",\"contentUrl\":\"https:\/\/secure.gravatar.com\/avatar\/099e42240b5eea11acdb72751fcce0dd918603f0749d24974b7984ea47ed9fd9?s=96&d=mm&r=g\",\"caption\":\"admin\"},\"sameAs\":[\"https:\/\/challengeseconomiques.com\"],\"url\":\"https:\/\/challengeseconomiques.com\/?author=1\"}]}<\/script>\n<!-- \/ Yoast SEO plugin. -->","yoast_head_json":{"title":"Plaidoyer de Bassirou Diomaye Faye pour une justice refond\u00e9e en profondeur, gr\u00e2ce \u00e0 une approche collective - challenges economiques","robots":{"index":"index","follow":"follow","max-snippet":"max-snippet:-1","max-image-preview":"max-image-preview:large","max-video-preview":"max-video-preview:-1"},"canonical":"https:\/\/challengeseconomiques.com\/?p=6466","og_locale":"fr_FR","og_type":"article","og_title":"Plaidoyer de Bassirou Diomaye Faye pour une justice refond\u00e9e en profondeur, gr\u00e2ce \u00e0 une approche collective - challenges economiques","og_description":"Bassirou Diomaye Faye, le Pr\u00e9sident de la R\u00e9publique du S\u00e9n\u00e9gal a plaid\u00e9 mardi, 28 mai 2024, pour une justice s\u00e9n\u00e9galaise, qui a besoin d\u2019une profonde...","og_url":"https:\/\/challengeseconomiques.com\/?p=6466","og_site_name":"challenges economiques","article_published_time":"2024-05-28T21:24:24+00:00","article_modified_time":"2024-05-28T21:24:59+00:00","og_image":[{"width":1280,"height":787,"url":"https:\/\/challengeseconomiques.com\/wp-content\/uploads\/2024\/05\/bassfayedialogue.jpg","type":"image\/jpeg"}],"author":"admin","twitter_card":"summary_large_image","twitter_misc":{"\u00c9crit par":"admin","Dur\u00e9e de lecture estim\u00e9e":"4 minutes"},"schema":{"@context":"https:\/\/schema.org","@graph":[{"@type":"Article","@id":"https:\/\/challengeseconomiques.com\/?p=6466#article","isPartOf":{"@id":"https:\/\/challengeseconomiques.com\/?p=6466"},"author":{"name":"admin","@id":"https:\/\/challengeseconomiques.com\/#\/schema\/person\/b4568c9afebc5a9238a771873801e349"},"headline":"Plaidoyer de Bassirou Diomaye Faye pour une justice refond\u00e9e en profondeur, gr\u00e2ce \u00e0 une approche collective","datePublished":"2024-05-28T21:24:24+00:00","dateModified":"2024-05-28T21:24:59+00:00","mainEntityOfPage":{"@id":"https:\/\/challengeseconomiques.com\/?p=6466"},"wordCount":717,"image":{"@id":"https:\/\/challengeseconomiques.com\/?p=6466#primaryimage"},"thumbnailUrl":"https:\/\/challengeseconomiques.com\/wp-content\/uploads\/2024\/05\/bassfayedialogue.jpg","articleSection":["A la une","Actualit\u00e9 \u00e9conomique","Infos \u00e9co"],"inLanguage":"fr-FR"},{"@type":"WebPage","@id":"https:\/\/challengeseconomiques.com\/?p=6466","url":"https:\/\/challengeseconomiques.com\/?p=6466","name":"Plaidoyer de Bassirou Diomaye Faye pour une justice refond\u00e9e en profondeur, gr\u00e2ce \u00e0 une approche collective - challenges economiques","isPartOf":{"@id":"https:\/\/challengeseconomiques.com\/#website"},"primaryImageOfPage":{"@id":"https:\/\/challengeseconomiques.com\/?p=6466#primaryimage"},"image":{"@id":"https:\/\/challengeseconomiques.com\/?p=6466#primaryimage"},"thumbnailUrl":"https:\/\/challengeseconomiques.com\/wp-content\/uploads\/2024\/05\/bassfayedialogue.jpg","datePublished":"2024-05-28T21:24:24+00:00","dateModified":"2024-05-28T21:24:59+00:00","author":{"@id":"https:\/\/challengeseconomiques.com\/#\/schema\/person\/b4568c9afebc5a9238a771873801e349"},"breadcrumb":{"@id":"https:\/\/challengeseconomiques.com\/?p=6466#breadcrumb"},"inLanguage":"fr-FR","potentialAction":[{"@type":"ReadAction","target":["https:\/\/challengeseconomiques.com\/?p=6466"]}]},{"@type":"ImageObject","inLanguage":"fr-FR","@id":"https:\/\/challengeseconomiques.com\/?p=6466#primaryimage","url":"https:\/\/challengeseconomiques.com\/wp-content\/uploads\/2024\/05\/bassfayedialogue.jpg","contentUrl":"https:\/\/challengeseconomiques.com\/wp-content\/uploads\/2024\/05\/bassfayedialogue.jpg","width":1280,"height":787},{"@type":"BreadcrumbList","@id":"https:\/\/challengeseconomiques.com\/?p=6466#breadcrumb","itemListElement":[{"@type":"ListItem","position":1,"name":"Home","item":"https:\/\/challengeseconomiques.com\/"},{"@type":"ListItem","position":2,"name":"Plaidoyer de Bassirou Diomaye Faye pour une justice refond\u00e9e en profondeur, gr\u00e2ce \u00e0 une approche collective"}]},{"@type":"WebSite","@id":"https:\/\/challengeseconomiques.com\/#website","url":"https:\/\/challengeseconomiques.com\/","name":"challenges economiques","description":"","potentialAction":[{"@type":"SearchAction","target":{"@type":"EntryPoint","urlTemplate":"https:\/\/challengeseconomiques.com\/?s={search_term_string}"},"query-input":{"@type":"PropertyValueSpecification","valueRequired":true,"valueName":"search_term_string"}}],"inLanguage":"fr-FR"},{"@type":"Person","@id":"https:\/\/challengeseconomiques.com\/#\/schema\/person\/b4568c9afebc5a9238a771873801e349","name":"admin","image":{"@type":"ImageObject","inLanguage":"fr-FR","@id":"https:\/\/challengeseconomiques.com\/#\/schema\/person\/image\/","url":"https:\/\/secure.gravatar.com\/avatar\/099e42240b5eea11acdb72751fcce0dd918603f0749d24974b7984ea47ed9fd9?s=96&d=mm&r=g","contentUrl":"https:\/\/secure.gravatar.com\/avatar\/099e42240b5eea11acdb72751fcce0dd918603f0749d24974b7984ea47ed9fd9?s=96&d=mm&r=g","caption":"admin"},"sameAs":["https:\/\/challengeseconomiques.com"],"url":"https:\/\/challengeseconomiques.com\/?author=1"}]}},"jetpack_featured_media_url":"https:\/\/challengeseconomiques.com\/wp-content\/uploads\/2024\/05\/bassfayedialogue.jpg","jetpack_sharing_enabled":true,"_links":{"self":[{"href":"https:\/\/challengeseconomiques.com\/index.php?rest_route=\/wp\/v2\/posts\/6466","targetHints":{"allow":["GET"]}}],"collection":[{"href":"https:\/\/challengeseconomiques.com\/index.php?rest_route=\/wp\/v2\/posts"}],"about":[{"href":"https:\/\/challengeseconomiques.com\/index.php?rest_route=\/wp\/v2\/types\/post"}],"author":[{"embeddable":true,"href":"https:\/\/challengeseconomiques.com\/index.php?rest_route=\/wp\/v2\/users\/1"}],"replies":[{"embeddable":true,"href":"https:\/\/challengeseconomiques.com\/index.php?rest_route=%2Fwp%2Fv2%2Fcomments&post=6466"}],"version-history":[{"count":1,"href":"https:\/\/challengeseconomiques.com\/index.php?rest_route=\/wp\/v2\/posts\/6466\/revisions"}],"predecessor-version":[{"id":6468,"href":"https:\/\/challengeseconomiques.com\/index.php?rest_route=\/wp\/v2\/posts\/6466\/revisions\/6468"}],"wp:featuredmedia":[{"embeddable":true,"href":"https:\/\/challengeseconomiques.com\/index.php?rest_route=\/wp\/v2\/media\/6467"}],"wp:attachment":[{"href":"https:\/\/challengeseconomiques.com\/index.php?rest_route=%2Fwp%2Fv2%2Fmedia&parent=6466"}],"wp:term":[{"taxonomy":"category","embeddable":true,"href":"https:\/\/challengeseconomiques.com\/index.php?rest_route=%2Fwp%2Fv2%2Fcategories&post=6466"},{"taxonomy":"post_tag","embeddable":true,"href":"https:\/\/challengeseconomiques.com\/index.php?rest_route=%2Fwp%2Fv2%2Ftags&post=6466"}],"curies":[{"name":"wp","href":"https:\/\/api.w.org\/{rel}","templated":true}]}}