{"id":6462,"date":"2024-05-28T13:09:52","date_gmt":"2024-05-28T13:09:52","guid":{"rendered":"https:\/\/challengeseconomiques.com\/?p=6462"},"modified":"2024-05-28T13:10:42","modified_gmt":"2024-05-28T13:10:42","slug":"saint-louis-gandon-va-accueillir-une-centrale-a-gaz-de-250-megawatts","status":"publish","type":"post","link":"https:\/\/challengeseconomiques.com\/?p=6462","title":{"rendered":"Saint-Louis : Gandon va accueillir une centrale \u00e0 gaz de 250 m\u00e9gawatts"},"content":{"rendered":"<p><strong>Une centrale \u00e9lectrique \u00e0 gaz de 250 m\u00e9gawatts sera implant\u00e9e dans la commune de Gandon (Saint-Louis, nord), a annonc\u00e9 le gouverneur de la r\u00e9gion de Saint-Louis, Alioune Badara Sambe.<\/strong><\/p>\n<p>\u201dCompte tenu des orientations fortes du niveau central des autorit\u00e9s \u00e9tatiques, il est pr\u00e9vu la r\u00e9alisation d\u2019une centrale \u00e0 gaz d\u2019un potentiel estim\u00e9 dans un premier temps \u00e0 250 m\u00e9gawatts et extensible \u00e0 500 m\u00e9gawatts\u201d, a-t-il d\u00e9clar\u00e9.<\/p>\n<p>M. Sambe pr\u00e9sidait le lundi 27 mai\u00a0 2024 une r\u00e9union du comit\u00e9 technique interr\u00e9gional (Saint-Louis\u2013Louga) sur l\u2019examin d\u2019une \u00e9tude d\u2019impact environnemental et social du gazoduc devant relier le hub\/terminal de GTA \u00e0 la centrale \u00e9lectrique de Gandon, pr\u00e8s de Saint-Louis.<\/p>\n<p>Il indique que cette centrale \u00e0 gaz sera approvisionn\u00e9e par du gaz provenant du gazoduc g\u00e9r\u00e9 par le R\u00e9seau gazier du S\u00e9n\u00e9gal (RGS) qui est, selon lui, une Soci\u00e9t\u00e9 nationale dont les partenaires sont PETROSEN, SENELEC et FONSIS.<\/p>\n<p>Le chef de l\u2019ex\u00e9cutif r\u00e9gional annonce que le S\u00e9n\u00e9gal va bient\u00f4t entrer dans le cercle restreint des pays gaziers. \u201dComme vous le savez, le S\u00e9n\u00e9gal va bient\u00f4t entrer dans le cercle restreint des pays gaziers avec la mise en exploitation du champ gazier Grand Tortue Ahmeyim (GTA), qu\u2019il partage avec la R\u00e9publique islamique s\u0153ur de Mauritanie\u201d, a-t-il dit.<\/p>\n<p>Cette r\u00e9union du comit\u00e9 technique a \u00e9t\u00e9 une occasion pour les comit\u00e9s techniques r\u00e9gionaux de Saint-Louis et de Louga d\u2019examiner le document portant sur l\u2019\u00e9tude d\u2019impact environnemental et social.<\/p>\n<p>\u201cJe dois avouer que les attentes sont extr\u00eamement fortes pour les populations mais \u00e9galement pour les hautes autorit\u00e9s de ce pays qui ont choisi, en tout cas, de faire du gaz un \u00e9l\u00e9ment extr\u00eamement important dans le sens du processus de d\u00e9veloppement du S\u00e9n\u00e9gal\u201d, a-t-il d\u00e9clar\u00e9.<\/p>\n<p>Venu prendre part \u00e0 cette r\u00e9union du comit\u00e9 technique, le directeur g\u00e9n\u00e9ral du R\u00e9seau gazier du S\u00e9n\u00e9gal (RGS), Joseph Oufom M\u00e9dou, s\u2019est dit heureux de venir \u00e0 Saint-Louis dans le cadre de ce projet.<\/p>\n<p>&nbsp;<\/p>\n<p>\u201dC\u2019est un plaisir d\u2019\u00eatre \u00e0 Saint-Louis dans le cadre de la validation du rapport de l\u2019\u00e9tude d\u2019impact. En fait, le projet gazoduc qui va relier le hub de GTA \u00e0 la nouvelle centrale qui va \u00eatre construite au niveau de Gandon, fait partie d\u2019un vaste projet\u2019\u2019, a-t-il pr\u00e9cis\u00e9.<\/p>\n<p>La strat\u00e9gie de l\u2019Etat s\u00e9n\u00e9galais est de construire un gazoduc de 400 kilom\u00e8tres entre Saint-Louis, Dakar et le d\u00e9partement de Mbour.<\/p>\n<p>Selon M. M\u00e9dou, cette premi\u00e8re phase consiste \u00e0 poser un gazoduc offshore de 45 kilom\u00e8tres et un autre segment onshore de 40 kilom\u00e8tres pour relier le hub \u00e0 la centrale de Gandon.<\/p>\n<p>Il a \u00e9galement rappel\u00e9 que d\u2019ici la fin de l\u2019ann\u00e9e en cours, la production de gaz va d\u00e9marrer au niveau de GTA. Il s\u2019agit, selon lui, de prendre une partie du gaz qui sera produit l\u00e0-bas et de l\u2019acheminer au niveau local pour la production d\u2019\u00e9lectricit\u00e9.<\/p>\n<p>Le directeur g\u00e9n\u00e9ral du RGS pr\u00e9cise que la dur\u00e9e de la r\u00e9alisation du projet est comprise entre 12 \u00e0 15 mois.<\/p>\n<p>\u2018\u2019Normalement, le projet va durer en phase construction entre 12 \u00e0 15 mois, et l\u2019\u00c9tat est en train de prendre toutes les dispositions, pour que le gazoduc soit pr\u00eat \u00e0 \u00eatre exploit\u00e9 avant que la centrale ne commence sa production d\u2019\u00e9lectricit\u00e9\u201d, a-t-il d\u00e9clar\u00e9.<\/p>\n<p>Le d\u00e9but d\u2019exploitation de la centrale est pr\u00e9vu au premier trimestre 2026, ce qui fait que le gazoduc doit \u00eatre disponible avant fin 2025.<\/p>\n<p>\u201cOn a finalis\u00e9 les \u00e9tudes de faisabilit\u00e9. L\u00e0, on est au niveau de l\u2019\u00e9tape de validation de l\u2019\u00e9tude d\u2019impact environnemental et social qui est tr\u00e8s importante\u201d, a assur\u00e9e M. Medou.<\/p>\n<p>Les services concern\u00e9s, \u00e0 l\u2019image de l\u2019Inspection r\u00e9gionale des eaux et for\u00eats (IREF), l\u2019aire marine prot\u00e9g\u00e9e (AMP), la Direction de la r\u00e9glementation environnementale et du contr\u00f4le (DREC), entre autres, ont pris part \u00e0 cette r\u00e9union du comit\u00e9 technique, \u00e0 laquelle a \u00e9galement particip\u00e9 le pr\u00e9fet du d\u00e9partement de Saint-Louis, Diadia Dia.<\/p>\n<p><strong>(APS)<\/strong><\/p>\n","protected":false},"excerpt":{"rendered":"<p>Une centrale \u00e9lectrique \u00e0 gaz de 250 m\u00e9gawatts sera implant\u00e9e dans la commune de Gandon (Saint-Louis, nord), a annonc\u00e9 le gouverneur de la r\u00e9gion de&#8230;<\/p>\n","protected":false},"author":1,"featured_media":400,"comment_status":"closed","ping_status":"open","sticky":false,"template":"","format":"standard","meta":{"_jetpack_memberships_contains_paid_content":false,"footnotes":""},"categories":[23],"tags":[],"class_list":["post-6462","post","type-post","status-publish","format-standard","has-post-thumbnail","hentry","category-a-la-une","wpcat-23-id"],"yoast_head":"<!-- This site is optimized with the Yoast SEO plugin v27.1.1 - https:\/\/yoast.com\/product\/yoast-seo-wordpress\/ -->\n<title>Saint-Louis : Gandon va accueillir une centrale \u00e0 gaz de 250 m\u00e9gawatts - challenges economiques<\/title>\n<meta name=\"robots\" content=\"index, follow, max-snippet:-1, max-image-preview:large, max-video-preview:-1\" \/>\n<link rel=\"canonical\" href=\"https:\/\/challengeseconomiques.com\/?p=6462\" \/>\n<meta property=\"og:locale\" content=\"fr_FR\" \/>\n<meta property=\"og:type\" content=\"article\" \/>\n<meta property=\"og:title\" content=\"Saint-Louis : Gandon va accueillir une centrale \u00e0 gaz de 250 m\u00e9gawatts - challenges economiques\" \/>\n<meta property=\"og:description\" content=\"Une centrale \u00e9lectrique \u00e0 gaz de 250 m\u00e9gawatts sera implant\u00e9e dans la commune de Gandon (Saint-Louis, nord), a annonc\u00e9 le gouverneur de la r\u00e9gion de...\" \/>\n<meta property=\"og:url\" content=\"https:\/\/challengeseconomiques.com\/?p=6462\" \/>\n<meta property=\"og:site_name\" content=\"challenges economiques\" \/>\n<meta property=\"article:published_time\" content=\"2024-05-28T13:09:52+00:00\" \/>\n<meta property=\"article:modified_time\" content=\"2024-05-28T13:10:42+00:00\" \/>\n<meta property=\"og:image\" content=\"https:\/\/challengeseconomiques.com\/wp-content\/uploads\/2020\/12\/petrol_gaz.jpg\" \/>\n\t<meta property=\"og:image:width\" content=\"700\" \/>\n\t<meta property=\"og:image:height\" content=\"476\" \/>\n\t<meta property=\"og:image:type\" content=\"image\/jpeg\" \/>\n<meta name=\"author\" content=\"admin\" \/>\n<meta name=\"twitter:card\" content=\"summary_large_image\" \/>\n<meta name=\"twitter:label1\" content=\"\u00c9crit par\" \/>\n\t<meta name=\"twitter:data1\" content=\"admin\" \/>\n\t<meta name=\"twitter:label2\" content=\"Dur\u00e9e de lecture estim\u00e9e\" \/>\n\t<meta name=\"twitter:data2\" content=\"4 minutes\" \/>\n<script type=\"application\/ld+json\" class=\"yoast-schema-graph\">{\"@context\":\"https:\/\/schema.org\",\"@graph\":[{\"@type\":\"Article\",\"@id\":\"https:\/\/challengeseconomiques.com\/?p=6462#article\",\"isPartOf\":{\"@id\":\"https:\/\/challengeseconomiques.com\/?p=6462\"},\"author\":{\"name\":\"admin\",\"@id\":\"https:\/\/challengeseconomiques.com\/#\/schema\/person\/b4568c9afebc5a9238a771873801e349\"},\"headline\":\"Saint-Louis : Gandon va accueillir une centrale \u00e0 gaz de 250 m\u00e9gawatts\",\"datePublished\":\"2024-05-28T13:09:52+00:00\",\"dateModified\":\"2024-05-28T13:10:42+00:00\",\"mainEntityOfPage\":{\"@id\":\"https:\/\/challengeseconomiques.com\/?p=6462\"},\"wordCount\":721,\"image\":{\"@id\":\"https:\/\/challengeseconomiques.com\/?p=6462#primaryimage\"},\"thumbnailUrl\":\"https:\/\/challengeseconomiques.com\/wp-content\/uploads\/2020\/12\/petrol_gaz.jpg\",\"articleSection\":[\"A la une\"],\"inLanguage\":\"fr-FR\"},{\"@type\":\"WebPage\",\"@id\":\"https:\/\/challengeseconomiques.com\/?p=6462\",\"url\":\"https:\/\/challengeseconomiques.com\/?p=6462\",\"name\":\"Saint-Louis : Gandon va accueillir une centrale \u00e0 gaz de 250 m\u00e9gawatts - challenges economiques\",\"isPartOf\":{\"@id\":\"https:\/\/challengeseconomiques.com\/#website\"},\"primaryImageOfPage\":{\"@id\":\"https:\/\/challengeseconomiques.com\/?p=6462#primaryimage\"},\"image\":{\"@id\":\"https:\/\/challengeseconomiques.com\/?p=6462#primaryimage\"},\"thumbnailUrl\":\"https:\/\/challengeseconomiques.com\/wp-content\/uploads\/2020\/12\/petrol_gaz.jpg\",\"datePublished\":\"2024-05-28T13:09:52+00:00\",\"dateModified\":\"2024-05-28T13:10:42+00:00\",\"author\":{\"@id\":\"https:\/\/challengeseconomiques.com\/#\/schema\/person\/b4568c9afebc5a9238a771873801e349\"},\"breadcrumb\":{\"@id\":\"https:\/\/challengeseconomiques.com\/?p=6462#breadcrumb\"},\"inLanguage\":\"fr-FR\",\"potentialAction\":[{\"@type\":\"ReadAction\",\"target\":[\"https:\/\/challengeseconomiques.com\/?p=6462\"]}]},{\"@type\":\"ImageObject\",\"inLanguage\":\"fr-FR\",\"@id\":\"https:\/\/challengeseconomiques.com\/?p=6462#primaryimage\",\"url\":\"https:\/\/challengeseconomiques.com\/wp-content\/uploads\/2020\/12\/petrol_gaz.jpg\",\"contentUrl\":\"https:\/\/challengeseconomiques.com\/wp-content\/uploads\/2020\/12\/petrol_gaz.jpg\",\"width\":700,\"height\":476},{\"@type\":\"BreadcrumbList\",\"@id\":\"https:\/\/challengeseconomiques.com\/?p=6462#breadcrumb\",\"itemListElement\":[{\"@type\":\"ListItem\",\"position\":1,\"name\":\"Home\",\"item\":\"https:\/\/challengeseconomiques.com\/\"},{\"@type\":\"ListItem\",\"position\":2,\"name\":\"Saint-Louis : Gandon va accueillir une centrale \u00e0 gaz de 250 m\u00e9gawatts\"}]},{\"@type\":\"WebSite\",\"@id\":\"https:\/\/challengeseconomiques.com\/#website\",\"url\":\"https:\/\/challengeseconomiques.com\/\",\"name\":\"challenges economiques\",\"description\":\"\",\"potentialAction\":[{\"@type\":\"SearchAction\",\"target\":{\"@type\":\"EntryPoint\",\"urlTemplate\":\"https:\/\/challengeseconomiques.com\/?s={search_term_string}\"},\"query-input\":{\"@type\":\"PropertyValueSpecification\",\"valueRequired\":true,\"valueName\":\"search_term_string\"}}],\"inLanguage\":\"fr-FR\"},{\"@type\":\"Person\",\"@id\":\"https:\/\/challengeseconomiques.com\/#\/schema\/person\/b4568c9afebc5a9238a771873801e349\",\"name\":\"admin\",\"image\":{\"@type\":\"ImageObject\",\"inLanguage\":\"fr-FR\",\"@id\":\"https:\/\/challengeseconomiques.com\/#\/schema\/person\/image\/\",\"url\":\"https:\/\/secure.gravatar.com\/avatar\/099e42240b5eea11acdb72751fcce0dd918603f0749d24974b7984ea47ed9fd9?s=96&d=mm&r=g\",\"contentUrl\":\"https:\/\/secure.gravatar.com\/avatar\/099e42240b5eea11acdb72751fcce0dd918603f0749d24974b7984ea47ed9fd9?s=96&d=mm&r=g\",\"caption\":\"admin\"},\"sameAs\":[\"https:\/\/challengeseconomiques.com\"],\"url\":\"https:\/\/challengeseconomiques.com\/?author=1\"}]}<\/script>\n<!-- \/ Yoast SEO plugin. -->","yoast_head_json":{"title":"Saint-Louis : Gandon va accueillir une centrale \u00e0 gaz de 250 m\u00e9gawatts - challenges economiques","robots":{"index":"index","follow":"follow","max-snippet":"max-snippet:-1","max-image-preview":"max-image-preview:large","max-video-preview":"max-video-preview:-1"},"canonical":"https:\/\/challengeseconomiques.com\/?p=6462","og_locale":"fr_FR","og_type":"article","og_title":"Saint-Louis : Gandon va accueillir une centrale \u00e0 gaz de 250 m\u00e9gawatts - challenges economiques","og_description":"Une centrale \u00e9lectrique \u00e0 gaz de 250 m\u00e9gawatts sera implant\u00e9e dans la commune de Gandon (Saint-Louis, nord), a annonc\u00e9 le gouverneur de la r\u00e9gion de...","og_url":"https:\/\/challengeseconomiques.com\/?p=6462","og_site_name":"challenges economiques","article_published_time":"2024-05-28T13:09:52+00:00","article_modified_time":"2024-05-28T13:10:42+00:00","og_image":[{"width":700,"height":476,"url":"https:\/\/challengeseconomiques.com\/wp-content\/uploads\/2020\/12\/petrol_gaz.jpg","type":"image\/jpeg"}],"author":"admin","twitter_card":"summary_large_image","twitter_misc":{"\u00c9crit par":"admin","Dur\u00e9e de lecture estim\u00e9e":"4 minutes"},"schema":{"@context":"https:\/\/schema.org","@graph":[{"@type":"Article","@id":"https:\/\/challengeseconomiques.com\/?p=6462#article","isPartOf":{"@id":"https:\/\/challengeseconomiques.com\/?p=6462"},"author":{"name":"admin","@id":"https:\/\/challengeseconomiques.com\/#\/schema\/person\/b4568c9afebc5a9238a771873801e349"},"headline":"Saint-Louis : Gandon va accueillir une centrale \u00e0 gaz de 250 m\u00e9gawatts","datePublished":"2024-05-28T13:09:52+00:00","dateModified":"2024-05-28T13:10:42+00:00","mainEntityOfPage":{"@id":"https:\/\/challengeseconomiques.com\/?p=6462"},"wordCount":721,"image":{"@id":"https:\/\/challengeseconomiques.com\/?p=6462#primaryimage"},"thumbnailUrl":"https:\/\/challengeseconomiques.com\/wp-content\/uploads\/2020\/12\/petrol_gaz.jpg","articleSection":["A la une"],"inLanguage":"fr-FR"},{"@type":"WebPage","@id":"https:\/\/challengeseconomiques.com\/?p=6462","url":"https:\/\/challengeseconomiques.com\/?p=6462","name":"Saint-Louis : Gandon va accueillir une centrale \u00e0 gaz de 250 m\u00e9gawatts - challenges economiques","isPartOf":{"@id":"https:\/\/challengeseconomiques.com\/#website"},"primaryImageOfPage":{"@id":"https:\/\/challengeseconomiques.com\/?p=6462#primaryimage"},"image":{"@id":"https:\/\/challengeseconomiques.com\/?p=6462#primaryimage"},"thumbnailUrl":"https:\/\/challengeseconomiques.com\/wp-content\/uploads\/2020\/12\/petrol_gaz.jpg","datePublished":"2024-05-28T13:09:52+00:00","dateModified":"2024-05-28T13:10:42+00:00","author":{"@id":"https:\/\/challengeseconomiques.com\/#\/schema\/person\/b4568c9afebc5a9238a771873801e349"},"breadcrumb":{"@id":"https:\/\/challengeseconomiques.com\/?p=6462#breadcrumb"},"inLanguage":"fr-FR","potentialAction":[{"@type":"ReadAction","target":["https:\/\/challengeseconomiques.com\/?p=6462"]}]},{"@type":"ImageObject","inLanguage":"fr-FR","@id":"https:\/\/challengeseconomiques.com\/?p=6462#primaryimage","url":"https:\/\/challengeseconomiques.com\/wp-content\/uploads\/2020\/12\/petrol_gaz.jpg","contentUrl":"https:\/\/challengeseconomiques.com\/wp-content\/uploads\/2020\/12\/petrol_gaz.jpg","width":700,"height":476},{"@type":"BreadcrumbList","@id":"https:\/\/challengeseconomiques.com\/?p=6462#breadcrumb","itemListElement":[{"@type":"ListItem","position":1,"name":"Home","item":"https:\/\/challengeseconomiques.com\/"},{"@type":"ListItem","position":2,"name":"Saint-Louis : Gandon va accueillir une centrale \u00e0 gaz de 250 m\u00e9gawatts"}]},{"@type":"WebSite","@id":"https:\/\/challengeseconomiques.com\/#website","url":"https:\/\/challengeseconomiques.com\/","name":"challenges economiques","description":"","potentialAction":[{"@type":"SearchAction","target":{"@type":"EntryPoint","urlTemplate":"https:\/\/challengeseconomiques.com\/?s={search_term_string}"},"query-input":{"@type":"PropertyValueSpecification","valueRequired":true,"valueName":"search_term_string"}}],"inLanguage":"fr-FR"},{"@type":"Person","@id":"https:\/\/challengeseconomiques.com\/#\/schema\/person\/b4568c9afebc5a9238a771873801e349","name":"admin","image":{"@type":"ImageObject","inLanguage":"fr-FR","@id":"https:\/\/challengeseconomiques.com\/#\/schema\/person\/image\/","url":"https:\/\/secure.gravatar.com\/avatar\/099e42240b5eea11acdb72751fcce0dd918603f0749d24974b7984ea47ed9fd9?s=96&d=mm&r=g","contentUrl":"https:\/\/secure.gravatar.com\/avatar\/099e42240b5eea11acdb72751fcce0dd918603f0749d24974b7984ea47ed9fd9?s=96&d=mm&r=g","caption":"admin"},"sameAs":["https:\/\/challengeseconomiques.com"],"url":"https:\/\/challengeseconomiques.com\/?author=1"}]}},"jetpack_featured_media_url":"https:\/\/challengeseconomiques.com\/wp-content\/uploads\/2020\/12\/petrol_gaz.jpg","jetpack_sharing_enabled":true,"_links":{"self":[{"href":"https:\/\/challengeseconomiques.com\/index.php?rest_route=\/wp\/v2\/posts\/6462","targetHints":{"allow":["GET"]}}],"collection":[{"href":"https:\/\/challengeseconomiques.com\/index.php?rest_route=\/wp\/v2\/posts"}],"about":[{"href":"https:\/\/challengeseconomiques.com\/index.php?rest_route=\/wp\/v2\/types\/post"}],"author":[{"embeddable":true,"href":"https:\/\/challengeseconomiques.com\/index.php?rest_route=\/wp\/v2\/users\/1"}],"replies":[{"embeddable":true,"href":"https:\/\/challengeseconomiques.com\/index.php?rest_route=%2Fwp%2Fv2%2Fcomments&post=6462"}],"version-history":[{"count":1,"href":"https:\/\/challengeseconomiques.com\/index.php?rest_route=\/wp\/v2\/posts\/6462\/revisions"}],"predecessor-version":[{"id":6463,"href":"https:\/\/challengeseconomiques.com\/index.php?rest_route=\/wp\/v2\/posts\/6462\/revisions\/6463"}],"wp:featuredmedia":[{"embeddable":true,"href":"https:\/\/challengeseconomiques.com\/index.php?rest_route=\/wp\/v2\/media\/400"}],"wp:attachment":[{"href":"https:\/\/challengeseconomiques.com\/index.php?rest_route=%2Fwp%2Fv2%2Fmedia&parent=6462"}],"wp:term":[{"taxonomy":"category","embeddable":true,"href":"https:\/\/challengeseconomiques.com\/index.php?rest_route=%2Fwp%2Fv2%2Fcategories&post=6462"},{"taxonomy":"post_tag","embeddable":true,"href":"https:\/\/challengeseconomiques.com\/index.php?rest_route=%2Fwp%2Fv2%2Ftags&post=6462"}],"curies":[{"name":"wp","href":"https:\/\/api.w.org\/{rel}","templated":true}]}}