{"id":6456,"date":"2024-05-27T11:13:38","date_gmt":"2024-05-27T11:13:38","guid":{"rendered":"https:\/\/challengeseconomiques.com\/?p=6456"},"modified":"2024-05-27T11:14:13","modified_gmt":"2024-05-27T11:14:13","slug":"forum-mondial-de-leau-cheikh-tidiane-dieye-satisfait-prend-date-pour-2026","status":"publish","type":"post","link":"https:\/\/challengeseconomiques.com\/?p=6456","title":{"rendered":"Forum Mondial de l\u2019Eau : Cheikh Tidiane Di\u00e8ye satisfait, prend date pour 2026"},"content":{"rendered":"<p>Le 10e Forum Mondial de l\u2019Eau (Bali 2024) plus de 20.000 participants a v\u00e9cu. En 2022, c\u2019est le S\u00e9n\u00e9gal qui avait organis\u00e9 le 9e forum de main de ma\u00eetre, avec des innovations et des r\u00e9sultats qui ont fait date, souligne, sur sa page facebook, le ministre de l\u2019Hydraulique Cheikh Tidiane Di\u00e8ye de retour de Bali. \u00ab Il nous fallait donc aller \u00e0 Bali non seulement pour passer le t\u00e9moin, mais aussi pour tenir notre rang et consolider notre r\u00f4le leader dans les conversations globales sur l\u2019eau et l\u2019assainissement \u00bb, note-t-il.<\/p>\n<p>Sortant des sentiers battus et de la langue de bois, pr\u00e9cise Cheikh Tidiane Di\u00e8ye, \u00ab nous avons exprim\u00e9 nos besoins et pr\u00e9occupations et partag\u00e9 nos exp\u00e9riences dans les domaines de l\u2019hydro-diplomatie, de la s\u00e9curit\u00e9 de l\u2019eau, des probl\u00e8mes li\u00e9s aux financements ainsi que des d\u00e9fis de la mise en \u0153uvre des engagements internationaux pour l\u2019atteinte des objectifs du d\u00e9veloppement durable (ODD), notamment l\u2019ODD 6 \u00bb. Ce qui lui fait dire que \u00ab notre pays a \u00e9t\u00e9 audible et visible \u00bb.<\/p>\n<p>Avant de f\u00e9liciter l\u2019ensemble des membres de la d\u00e9l\u00e9gation s\u00e9n\u00e9galaise, les directions et structures sous tutelle du minist\u00e8re de l\u2019Hydraulique et de l\u2019Assainissement comme les parlementaires et \u00e9lus locaux, le secteur priv\u00e9, la soci\u00e9t\u00e9 civile, les universitaires et chercheurs ainsi que les partenaires du S\u00e9n\u00e9gal dans le domaine de l\u2019eau et de l\u2019assainissement. Ils ont tous port\u00e9 tr\u00e8s haut le drapeau.<\/p>\n<p>Pour le ministre, c\u2019est le S\u00e9n\u00e9gal qui co-organisera, en 2026, avec les \u00c9mirats Arabes Unis, la 3e Conf\u00e9rence internationale des Nations-Unies sur l\u2019eau. Un autre d\u00e9fi \u00e0 relever!<\/p>\n<p><strong>www.espacedev.net<\/strong><\/p>\n","protected":false},"excerpt":{"rendered":"<p>Le 10e Forum Mondial de l\u2019Eau (Bali 2024) plus de 20.000 participants a v\u00e9cu. En 2022, c\u2019est le S\u00e9n\u00e9gal qui avait organis\u00e9 le 9e forum&#8230;<\/p>\n","protected":false},"author":1,"featured_media":6457,"comment_status":"closed","ping_status":"open","sticky":false,"template":"","format":"standard","meta":{"_jetpack_memberships_contains_paid_content":false,"footnotes":""},"categories":[8],"tags":[],"class_list":["post-6456","post","type-post","status-publish","format-standard","has-post-thumbnail","hentry","category-actualite-economique","wpcat-8-id"],"yoast_head":"<!-- This site is optimized with the Yoast SEO plugin v27.1.1 - https:\/\/yoast.com\/product\/yoast-seo-wordpress\/ -->\n<title>Forum Mondial de l\u2019Eau : Cheikh Tidiane Di\u00e8ye satisfait, prend date pour 2026 - challenges economiques<\/title>\n<meta name=\"robots\" content=\"index, follow, max-snippet:-1, max-image-preview:large, max-video-preview:-1\" \/>\n<link rel=\"canonical\" href=\"https:\/\/challengeseconomiques.com\/?p=6456\" \/>\n<meta property=\"og:locale\" content=\"fr_FR\" \/>\n<meta property=\"og:type\" content=\"article\" \/>\n<meta property=\"og:title\" content=\"Forum Mondial de l\u2019Eau : Cheikh Tidiane Di\u00e8ye satisfait, prend date pour 2026 - challenges economiques\" \/>\n<meta property=\"og:description\" content=\"Le 10e Forum Mondial de l\u2019Eau (Bali 2024) plus de 20.000 participants a v\u00e9cu. En 2022, c\u2019est le S\u00e9n\u00e9gal qui avait organis\u00e9 le 9e forum...\" \/>\n<meta property=\"og:url\" content=\"https:\/\/challengeseconomiques.com\/?p=6456\" \/>\n<meta property=\"og:site_name\" content=\"challenges economiques\" \/>\n<meta property=\"article:published_time\" content=\"2024-05-27T11:13:38+00:00\" \/>\n<meta property=\"article:modified_time\" content=\"2024-05-27T11:14:13+00:00\" \/>\n<meta property=\"og:image\" content=\"https:\/\/challengeseconomiques.com\/wp-content\/uploads\/2024\/05\/CTD-A-BALI-905x613-1.jpg\" \/>\n\t<meta property=\"og:image:width\" content=\"905\" \/>\n\t<meta property=\"og:image:height\" content=\"613\" \/>\n\t<meta property=\"og:image:type\" content=\"image\/jpeg\" \/>\n<meta name=\"author\" content=\"admin\" \/>\n<meta name=\"twitter:card\" content=\"summary_large_image\" \/>\n<meta name=\"twitter:label1\" content=\"\u00c9crit par\" \/>\n\t<meta name=\"twitter:data1\" content=\"admin\" \/>\n\t<meta name=\"twitter:label2\" content=\"Dur\u00e9e de lecture estim\u00e9e\" \/>\n\t<meta name=\"twitter:data2\" content=\"1 minute\" \/>\n<script type=\"application\/ld+json\" class=\"yoast-schema-graph\">{\"@context\":\"https:\/\/schema.org\",\"@graph\":[{\"@type\":\"Article\",\"@id\":\"https:\/\/challengeseconomiques.com\/?p=6456#article\",\"isPartOf\":{\"@id\":\"https:\/\/challengeseconomiques.com\/?p=6456\"},\"author\":{\"name\":\"admin\",\"@id\":\"https:\/\/challengeseconomiques.com\/#\/schema\/person\/b4568c9afebc5a9238a771873801e349\"},\"headline\":\"Forum Mondial de l\u2019Eau : Cheikh Tidiane Di\u00e8ye satisfait, prend date pour 2026\",\"datePublished\":\"2024-05-27T11:13:38+00:00\",\"dateModified\":\"2024-05-27T11:14:13+00:00\",\"mainEntityOfPage\":{\"@id\":\"https:\/\/challengeseconomiques.com\/?p=6456\"},\"wordCount\":309,\"image\":{\"@id\":\"https:\/\/challengeseconomiques.com\/?p=6456#primaryimage\"},\"thumbnailUrl\":\"https:\/\/challengeseconomiques.com\/wp-content\/uploads\/2024\/05\/CTD-A-BALI-905x613-1.jpg\",\"articleSection\":[\"Actualit\u00e9 \u00e9conomique\"],\"inLanguage\":\"fr-FR\"},{\"@type\":\"WebPage\",\"@id\":\"https:\/\/challengeseconomiques.com\/?p=6456\",\"url\":\"https:\/\/challengeseconomiques.com\/?p=6456\",\"name\":\"Forum Mondial de l\u2019Eau : Cheikh Tidiane Di\u00e8ye satisfait, prend date pour 2026 - challenges economiques\",\"isPartOf\":{\"@id\":\"https:\/\/challengeseconomiques.com\/#website\"},\"primaryImageOfPage\":{\"@id\":\"https:\/\/challengeseconomiques.com\/?p=6456#primaryimage\"},\"image\":{\"@id\":\"https:\/\/challengeseconomiques.com\/?p=6456#primaryimage\"},\"thumbnailUrl\":\"https:\/\/challengeseconomiques.com\/wp-content\/uploads\/2024\/05\/CTD-A-BALI-905x613-1.jpg\",\"datePublished\":\"2024-05-27T11:13:38+00:00\",\"dateModified\":\"2024-05-27T11:14:13+00:00\",\"author\":{\"@id\":\"https:\/\/challengeseconomiques.com\/#\/schema\/person\/b4568c9afebc5a9238a771873801e349\"},\"breadcrumb\":{\"@id\":\"https:\/\/challengeseconomiques.com\/?p=6456#breadcrumb\"},\"inLanguage\":\"fr-FR\",\"potentialAction\":[{\"@type\":\"ReadAction\",\"target\":[\"https:\/\/challengeseconomiques.com\/?p=6456\"]}]},{\"@type\":\"ImageObject\",\"inLanguage\":\"fr-FR\",\"@id\":\"https:\/\/challengeseconomiques.com\/?p=6456#primaryimage\",\"url\":\"https:\/\/challengeseconomiques.com\/wp-content\/uploads\/2024\/05\/CTD-A-BALI-905x613-1.jpg\",\"contentUrl\":\"https:\/\/challengeseconomiques.com\/wp-content\/uploads\/2024\/05\/CTD-A-BALI-905x613-1.jpg\",\"width\":905,\"height\":613},{\"@type\":\"BreadcrumbList\",\"@id\":\"https:\/\/challengeseconomiques.com\/?p=6456#breadcrumb\",\"itemListElement\":[{\"@type\":\"ListItem\",\"position\":1,\"name\":\"Home\",\"item\":\"https:\/\/challengeseconomiques.com\/\"},{\"@type\":\"ListItem\",\"position\":2,\"name\":\"Forum Mondial de l\u2019Eau : Cheikh Tidiane Di\u00e8ye satisfait, prend date pour 2026\"}]},{\"@type\":\"WebSite\",\"@id\":\"https:\/\/challengeseconomiques.com\/#website\",\"url\":\"https:\/\/challengeseconomiques.com\/\",\"name\":\"challenges economiques\",\"description\":\"\",\"potentialAction\":[{\"@type\":\"SearchAction\",\"target\":{\"@type\":\"EntryPoint\",\"urlTemplate\":\"https:\/\/challengeseconomiques.com\/?s={search_term_string}\"},\"query-input\":{\"@type\":\"PropertyValueSpecification\",\"valueRequired\":true,\"valueName\":\"search_term_string\"}}],\"inLanguage\":\"fr-FR\"},{\"@type\":\"Person\",\"@id\":\"https:\/\/challengeseconomiques.com\/#\/schema\/person\/b4568c9afebc5a9238a771873801e349\",\"name\":\"admin\",\"image\":{\"@type\":\"ImageObject\",\"inLanguage\":\"fr-FR\",\"@id\":\"https:\/\/challengeseconomiques.com\/#\/schema\/person\/image\/\",\"url\":\"https:\/\/secure.gravatar.com\/avatar\/099e42240b5eea11acdb72751fcce0dd918603f0749d24974b7984ea47ed9fd9?s=96&d=mm&r=g\",\"contentUrl\":\"https:\/\/secure.gravatar.com\/avatar\/099e42240b5eea11acdb72751fcce0dd918603f0749d24974b7984ea47ed9fd9?s=96&d=mm&r=g\",\"caption\":\"admin\"},\"sameAs\":[\"https:\/\/challengeseconomiques.com\"],\"url\":\"https:\/\/challengeseconomiques.com\/?author=1\"}]}<\/script>\n<!-- \/ Yoast SEO plugin. -->","yoast_head_json":{"title":"Forum Mondial de l\u2019Eau : Cheikh Tidiane Di\u00e8ye satisfait, prend date pour 2026 - challenges economiques","robots":{"index":"index","follow":"follow","max-snippet":"max-snippet:-1","max-image-preview":"max-image-preview:large","max-video-preview":"max-video-preview:-1"},"canonical":"https:\/\/challengeseconomiques.com\/?p=6456","og_locale":"fr_FR","og_type":"article","og_title":"Forum Mondial de l\u2019Eau : Cheikh Tidiane Di\u00e8ye satisfait, prend date pour 2026 - challenges economiques","og_description":"Le 10e Forum Mondial de l\u2019Eau (Bali 2024) plus de 20.000 participants a v\u00e9cu. En 2022, c\u2019est le S\u00e9n\u00e9gal qui avait organis\u00e9 le 9e forum...","og_url":"https:\/\/challengeseconomiques.com\/?p=6456","og_site_name":"challenges economiques","article_published_time":"2024-05-27T11:13:38+00:00","article_modified_time":"2024-05-27T11:14:13+00:00","og_image":[{"width":905,"height":613,"url":"https:\/\/challengeseconomiques.com\/wp-content\/uploads\/2024\/05\/CTD-A-BALI-905x613-1.jpg","type":"image\/jpeg"}],"author":"admin","twitter_card":"summary_large_image","twitter_misc":{"\u00c9crit par":"admin","Dur\u00e9e de lecture estim\u00e9e":"1 minute"},"schema":{"@context":"https:\/\/schema.org","@graph":[{"@type":"Article","@id":"https:\/\/challengeseconomiques.com\/?p=6456#article","isPartOf":{"@id":"https:\/\/challengeseconomiques.com\/?p=6456"},"author":{"name":"admin","@id":"https:\/\/challengeseconomiques.com\/#\/schema\/person\/b4568c9afebc5a9238a771873801e349"},"headline":"Forum Mondial de l\u2019Eau : Cheikh Tidiane Di\u00e8ye satisfait, prend date pour 2026","datePublished":"2024-05-27T11:13:38+00:00","dateModified":"2024-05-27T11:14:13+00:00","mainEntityOfPage":{"@id":"https:\/\/challengeseconomiques.com\/?p=6456"},"wordCount":309,"image":{"@id":"https:\/\/challengeseconomiques.com\/?p=6456#primaryimage"},"thumbnailUrl":"https:\/\/challengeseconomiques.com\/wp-content\/uploads\/2024\/05\/CTD-A-BALI-905x613-1.jpg","articleSection":["Actualit\u00e9 \u00e9conomique"],"inLanguage":"fr-FR"},{"@type":"WebPage","@id":"https:\/\/challengeseconomiques.com\/?p=6456","url":"https:\/\/challengeseconomiques.com\/?p=6456","name":"Forum Mondial de l\u2019Eau : Cheikh Tidiane Di\u00e8ye satisfait, prend date pour 2026 - challenges economiques","isPartOf":{"@id":"https:\/\/challengeseconomiques.com\/#website"},"primaryImageOfPage":{"@id":"https:\/\/challengeseconomiques.com\/?p=6456#primaryimage"},"image":{"@id":"https:\/\/challengeseconomiques.com\/?p=6456#primaryimage"},"thumbnailUrl":"https:\/\/challengeseconomiques.com\/wp-content\/uploads\/2024\/05\/CTD-A-BALI-905x613-1.jpg","datePublished":"2024-05-27T11:13:38+00:00","dateModified":"2024-05-27T11:14:13+00:00","author":{"@id":"https:\/\/challengeseconomiques.com\/#\/schema\/person\/b4568c9afebc5a9238a771873801e349"},"breadcrumb":{"@id":"https:\/\/challengeseconomiques.com\/?p=6456#breadcrumb"},"inLanguage":"fr-FR","potentialAction":[{"@type":"ReadAction","target":["https:\/\/challengeseconomiques.com\/?p=6456"]}]},{"@type":"ImageObject","inLanguage":"fr-FR","@id":"https:\/\/challengeseconomiques.com\/?p=6456#primaryimage","url":"https:\/\/challengeseconomiques.com\/wp-content\/uploads\/2024\/05\/CTD-A-BALI-905x613-1.jpg","contentUrl":"https:\/\/challengeseconomiques.com\/wp-content\/uploads\/2024\/05\/CTD-A-BALI-905x613-1.jpg","width":905,"height":613},{"@type":"BreadcrumbList","@id":"https:\/\/challengeseconomiques.com\/?p=6456#breadcrumb","itemListElement":[{"@type":"ListItem","position":1,"name":"Home","item":"https:\/\/challengeseconomiques.com\/"},{"@type":"ListItem","position":2,"name":"Forum Mondial de l\u2019Eau : Cheikh Tidiane Di\u00e8ye satisfait, prend date pour 2026"}]},{"@type":"WebSite","@id":"https:\/\/challengeseconomiques.com\/#website","url":"https:\/\/challengeseconomiques.com\/","name":"challenges economiques","description":"","potentialAction":[{"@type":"SearchAction","target":{"@type":"EntryPoint","urlTemplate":"https:\/\/challengeseconomiques.com\/?s={search_term_string}"},"query-input":{"@type":"PropertyValueSpecification","valueRequired":true,"valueName":"search_term_string"}}],"inLanguage":"fr-FR"},{"@type":"Person","@id":"https:\/\/challengeseconomiques.com\/#\/schema\/person\/b4568c9afebc5a9238a771873801e349","name":"admin","image":{"@type":"ImageObject","inLanguage":"fr-FR","@id":"https:\/\/challengeseconomiques.com\/#\/schema\/person\/image\/","url":"https:\/\/secure.gravatar.com\/avatar\/099e42240b5eea11acdb72751fcce0dd918603f0749d24974b7984ea47ed9fd9?s=96&d=mm&r=g","contentUrl":"https:\/\/secure.gravatar.com\/avatar\/099e42240b5eea11acdb72751fcce0dd918603f0749d24974b7984ea47ed9fd9?s=96&d=mm&r=g","caption":"admin"},"sameAs":["https:\/\/challengeseconomiques.com"],"url":"https:\/\/challengeseconomiques.com\/?author=1"}]}},"jetpack_featured_media_url":"https:\/\/challengeseconomiques.com\/wp-content\/uploads\/2024\/05\/CTD-A-BALI-905x613-1.jpg","jetpack_sharing_enabled":true,"_links":{"self":[{"href":"https:\/\/challengeseconomiques.com\/index.php?rest_route=\/wp\/v2\/posts\/6456","targetHints":{"allow":["GET"]}}],"collection":[{"href":"https:\/\/challengeseconomiques.com\/index.php?rest_route=\/wp\/v2\/posts"}],"about":[{"href":"https:\/\/challengeseconomiques.com\/index.php?rest_route=\/wp\/v2\/types\/post"}],"author":[{"embeddable":true,"href":"https:\/\/challengeseconomiques.com\/index.php?rest_route=\/wp\/v2\/users\/1"}],"replies":[{"embeddable":true,"href":"https:\/\/challengeseconomiques.com\/index.php?rest_route=%2Fwp%2Fv2%2Fcomments&post=6456"}],"version-history":[{"count":1,"href":"https:\/\/challengeseconomiques.com\/index.php?rest_route=\/wp\/v2\/posts\/6456\/revisions"}],"predecessor-version":[{"id":6458,"href":"https:\/\/challengeseconomiques.com\/index.php?rest_route=\/wp\/v2\/posts\/6456\/revisions\/6458"}],"wp:featuredmedia":[{"embeddable":true,"href":"https:\/\/challengeseconomiques.com\/index.php?rest_route=\/wp\/v2\/media\/6457"}],"wp:attachment":[{"href":"https:\/\/challengeseconomiques.com\/index.php?rest_route=%2Fwp%2Fv2%2Fmedia&parent=6456"}],"wp:term":[{"taxonomy":"category","embeddable":true,"href":"https:\/\/challengeseconomiques.com\/index.php?rest_route=%2Fwp%2Fv2%2Fcategories&post=6456"},{"taxonomy":"post_tag","embeddable":true,"href":"https:\/\/challengeseconomiques.com\/index.php?rest_route=%2Fwp%2Fv2%2Ftags&post=6456"}],"curies":[{"name":"wp","href":"https:\/\/api.w.org\/{rel}","templated":true}]}}