{"id":6444,"date":"2024-05-23T21:26:51","date_gmt":"2024-05-23T21:26:51","guid":{"rendered":"https:\/\/challengeseconomiques.com\/?p=6444"},"modified":"2024-05-24T12:17:45","modified_gmt":"2024-05-24T12:17:45","slug":"soutien-a-la-fipa-la-cciad-veut-sinscrire-dans-une-dynamique-dappuyer-lartisanat-senegalais-sous-regional-et-africain","status":"publish","type":"post","link":"https:\/\/challengeseconomiques.com\/?p=6444","title":{"rendered":"Soutien \u00e0 la FIPA : la CCIAD veut s\u2019inscrire dans une dynamique d\u2019appuyer l\u2019artisanat s\u00e9n\u00e9galais, sous r\u00e9gional et africain"},"content":{"rendered":"<p><strong>Abdoulaye Sow, le pr\u00e9sident de la chambre de commerce, d\u2019industrie et d\u2019agriculture de Dakar (CCIAD) a affirm\u00e9 jeudi, 23 mai 2024 que l\u2019objectif de son institution \u00e0 travers le soutien et l\u2019accompagnement, qu\u2019elle apporte \u00e0 la foire internationale des produits africains (FIPA), est d\u2019appuyer l\u2019artisanat s\u00e9n\u00e9galais, sous r\u00e9gional et africain.<\/strong><\/p>\n<p>En effet, le pr\u00e9sident de la CCIAD, qui intervenait \u00e0 l\u2019occasion de la campagne d\u2019information, de sensibilisation et de communication autour de la 5\u00e8me \u00e9dition de la FIPA de Dakar, a indiqu\u00e9 que l\u2019initiative de regrouper chaque ann\u00e9e dans la capitale s\u00e9n\u00e9galaise, les femmes entrepreneures et autres acteurs de l\u2019artisanat africain, pour des sessions de renforcement de capacit\u00e9s et de vente, est une formidable occasion de booster les produits artisanaux africains.<\/p>\n<p>Notons que la 5<sup>\u00e8me<\/sup> \u00e9dition de la FIPA se tiendra du 1<sup>er<\/sup> au 09 juin 2024 sur le site de l\u2019esplanade du Monument de la Renaissance Africaine. Le th\u00e8me de la pr\u00e9sente \u00e9dition est la \u00ab\u00a0promotion \u00e9conomique et culturelle, levier de coop\u00e9ration internationale\u00a0\u00bb.<\/p>\n<p>Abdoulaye Sow a estim\u00e9 \u00e0 ce propos que l\u2019\u00e9v\u00e9nement sera un rendez-vous, pour r\u00e9fl\u00e9chir sur de nouvelles orientations dans la perspective de d\u00e9velopper les segments de l\u2019artisanat s\u00e9n\u00e9galais et africain d\u2019une mani\u00e8re g\u00e9n\u00e9rale.<\/p>\n<p>\u00ab\u00a0Cette d\u00e9marche a toute sa pertinence, au regard de la cr\u00e9ation de richesses dont regorgent les produits artisanaux et les \u0153uvres culturelles entre autres. En effet, aujourd\u2019hui, \u00e0 l\u2019\u00e9chelle internationale les cr\u00e9ateurs rivalisent sur l\u2019offre de produits artisanaux et d\u2019\u0153uvres culturelles\u00a0\u00bb, a relev\u00e9 M. Sow.<\/p>\n<p>Il a parall\u00e8lement plaid\u00e9 pour qu\u2019au S\u00e9n\u00e9gal et dans la sous-r\u00e9gion africaine, l\u2019on d\u00e9veloppe un v\u00e9ritable march\u00e9 de produits made in Africa.<\/p>\n<p>S\u2019exprimant par ailleurs sur la probl\u00e9matique de l\u2019emploi des jeunes, il a pr\u00e9conis\u00e9 un encadrement cons\u00e9quent dans la confection de produits artisanaux et la cr\u00e9ation dans les \u0153uvres culturelles. A son avis, une telle d\u00e9marche peut constituer une alternative, pour r\u00e9sorber le fort taux de ch\u00f4mage des jeunes africains.<\/p>\n<p>Fatou Fabira Dram\u00e9, la commissaire g\u00e9n\u00e9rale \u00a0de la FIPA a rappel\u00e9 que la foire de cette ann\u00e9e se tient dans un contexte socio-\u00e9conomique caract\u00e9ris\u00e9 par la hausse g\u00e9n\u00e9ralis\u00e9e des denr\u00e9es et une situation politique sous r\u00e9gionale particuli\u00e8re, mettant en difficult\u00e9 le pouvoir d\u2019achat des populations.<\/p>\n<p>Et la commissaire g\u00e9n\u00e9rale a soutenu de ce point de vue que la FIPA vient \u00e0 point nomm\u00e9, pour redonner de l\u2019espoir et\u00a0 une bouff\u00e9e d\u2019oxyg\u00e8ne aux op\u00e9rateurs \u00e9conomiques de notre pays, notamment les artisans, les commer\u00e7ants, les acteurs culturels et les entreprises nationales et africaines.<\/p>\n<p>\u00ab\u00a0La FIPA est l\u2019occasion de rassembler non seulement des op\u00e9rateurs \u00e9conomiques, mais \u00e9galement des cultures de tout un continent. Elle va permettre de partager les exp\u00e9riences entre les peuples\u00a0 et\u00a0 \u00e9tablir ainsi des relations mutuellement avantageuses\u00a0\u00bb, a not\u00e9 Mme Dram\u00e9.<\/p>\n<p>Elle a aussi fait remarquer que la FIPA commence \u00e0 s\u2019imposer comme une r\u00e9f\u00e9rence en Afrique, pour jouer un r\u00f4le panafricaniste important avec l\u2019entr\u00e9e en vigueur de la Zone de libre-\u00e9change continentale africaine (ZLECAf)<em>, <\/em>laquelle est selon elle, un accord qui fait de l\u2019Afrique, un march\u00e9 int\u00e9gr\u00e9 de plus de 1milliard de consommateurs, v\u00e9ritable terrain de jeu de la concurrence.<\/p>\n","protected":false},"excerpt":{"rendered":"<p>Abdoulaye Sow, le pr\u00e9sident de la chambre de commerce, d\u2019industrie et d\u2019agriculture de Dakar (CCIAD) a affirm\u00e9 jeudi, 23 mai 2024 que l\u2019objectif de son&#8230;<\/p>\n","protected":false},"author":3,"featured_media":6449,"comment_status":"closed","ping_status":"open","sticky":false,"template":"","format":"standard","meta":{"_jetpack_memberships_contains_paid_content":false,"footnotes":""},"categories":[23,8],"tags":[],"class_list":["post-6444","post","type-post","status-publish","format-standard","has-post-thumbnail","hentry","category-a-la-une","category-actualite-economique","wpcat-23-id","wpcat-8-id"],"yoast_head":"<!-- This site is optimized with the Yoast SEO plugin v27.1.1 - https:\/\/yoast.com\/product\/yoast-seo-wordpress\/ -->\n<title>Soutien \u00e0 la FIPA : la CCIAD veut s\u2019inscrire dans une dynamique d\u2019appuyer l\u2019artisanat s\u00e9n\u00e9galais, sous r\u00e9gional et africain - challenges economiques<\/title>\n<meta name=\"robots\" content=\"index, follow, max-snippet:-1, max-image-preview:large, max-video-preview:-1\" \/>\n<link rel=\"canonical\" href=\"https:\/\/challengeseconomiques.com\/?p=6444\" \/>\n<meta property=\"og:locale\" content=\"fr_FR\" \/>\n<meta property=\"og:type\" content=\"article\" \/>\n<meta property=\"og:title\" content=\"Soutien \u00e0 la FIPA : la CCIAD veut s\u2019inscrire dans une dynamique d\u2019appuyer l\u2019artisanat s\u00e9n\u00e9galais, sous r\u00e9gional et africain - challenges economiques\" \/>\n<meta property=\"og:description\" content=\"Abdoulaye Sow, le pr\u00e9sident de la chambre de commerce, d\u2019industrie et d\u2019agriculture de Dakar (CCIAD) a affirm\u00e9 jeudi, 23 mai 2024 que l\u2019objectif de son...\" \/>\n<meta property=\"og:url\" content=\"https:\/\/challengeseconomiques.com\/?p=6444\" \/>\n<meta property=\"og:site_name\" content=\"challenges economiques\" \/>\n<meta property=\"article:published_time\" content=\"2024-05-23T21:26:51+00:00\" \/>\n<meta property=\"article:modified_time\" content=\"2024-05-24T12:17:45+00:00\" \/>\n<meta property=\"og:image\" content=\"https:\/\/challengeseconomiques.com\/wp-content\/uploads\/2024\/05\/FIPA_2024_7-1536x1018-1.jpeg\" \/>\n\t<meta property=\"og:image:width\" content=\"1536\" \/>\n\t<meta property=\"og:image:height\" content=\"1018\" \/>\n\t<meta property=\"og:image:type\" content=\"image\/jpeg\" \/>\n<meta name=\"author\" content=\"aliou kane ndiaye\" \/>\n<meta name=\"twitter:card\" content=\"summary_large_image\" \/>\n<meta name=\"twitter:label1\" content=\"\u00c9crit par\" \/>\n\t<meta name=\"twitter:data1\" content=\"aliou kane ndiaye\" \/>\n\t<meta name=\"twitter:label2\" content=\"Dur\u00e9e de lecture estim\u00e9e\" \/>\n\t<meta name=\"twitter:data2\" content=\"3 minutes\" \/>\n<script type=\"application\/ld+json\" class=\"yoast-schema-graph\">{\"@context\":\"https:\/\/schema.org\",\"@graph\":[{\"@type\":\"Article\",\"@id\":\"https:\/\/challengeseconomiques.com\/?p=6444#article\",\"isPartOf\":{\"@id\":\"https:\/\/challengeseconomiques.com\/?p=6444\"},\"author\":{\"name\":\"aliou kane ndiaye\",\"@id\":\"https:\/\/challengeseconomiques.com\/#\/schema\/person\/2f70a31e102db1741c1a1c00c2bbd8a6\"},\"headline\":\"Soutien \u00e0 la FIPA : la CCIAD veut s\u2019inscrire dans une dynamique d\u2019appuyer l\u2019artisanat s\u00e9n\u00e9galais, sous r\u00e9gional et africain\",\"datePublished\":\"2024-05-23T21:26:51+00:00\",\"dateModified\":\"2024-05-24T12:17:45+00:00\",\"mainEntityOfPage\":{\"@id\":\"https:\/\/challengeseconomiques.com\/?p=6444\"},\"wordCount\":609,\"image\":{\"@id\":\"https:\/\/challengeseconomiques.com\/?p=6444#primaryimage\"},\"thumbnailUrl\":\"https:\/\/challengeseconomiques.com\/wp-content\/uploads\/2024\/05\/FIPA_2024_7-1536x1018-1.jpeg\",\"articleSection\":[\"A la une\",\"Actualit\u00e9 \u00e9conomique\"],\"inLanguage\":\"fr-FR\"},{\"@type\":\"WebPage\",\"@id\":\"https:\/\/challengeseconomiques.com\/?p=6444\",\"url\":\"https:\/\/challengeseconomiques.com\/?p=6444\",\"name\":\"Soutien \u00e0 la FIPA : la CCIAD veut s\u2019inscrire dans une dynamique d\u2019appuyer l\u2019artisanat s\u00e9n\u00e9galais, sous r\u00e9gional et africain - challenges economiques\",\"isPartOf\":{\"@id\":\"https:\/\/challengeseconomiques.com\/#website\"},\"primaryImageOfPage\":{\"@id\":\"https:\/\/challengeseconomiques.com\/?p=6444#primaryimage\"},\"image\":{\"@id\":\"https:\/\/challengeseconomiques.com\/?p=6444#primaryimage\"},\"thumbnailUrl\":\"https:\/\/challengeseconomiques.com\/wp-content\/uploads\/2024\/05\/FIPA_2024_7-1536x1018-1.jpeg\",\"datePublished\":\"2024-05-23T21:26:51+00:00\",\"dateModified\":\"2024-05-24T12:17:45+00:00\",\"author\":{\"@id\":\"https:\/\/challengeseconomiques.com\/#\/schema\/person\/2f70a31e102db1741c1a1c00c2bbd8a6\"},\"breadcrumb\":{\"@id\":\"https:\/\/challengeseconomiques.com\/?p=6444#breadcrumb\"},\"inLanguage\":\"fr-FR\",\"potentialAction\":[{\"@type\":\"ReadAction\",\"target\":[\"https:\/\/challengeseconomiques.com\/?p=6444\"]}]},{\"@type\":\"ImageObject\",\"inLanguage\":\"fr-FR\",\"@id\":\"https:\/\/challengeseconomiques.com\/?p=6444#primaryimage\",\"url\":\"https:\/\/challengeseconomiques.com\/wp-content\/uploads\/2024\/05\/FIPA_2024_7-1536x1018-1.jpeg\",\"contentUrl\":\"https:\/\/challengeseconomiques.com\/wp-content\/uploads\/2024\/05\/FIPA_2024_7-1536x1018-1.jpeg\",\"width\":1536,\"height\":1018},{\"@type\":\"BreadcrumbList\",\"@id\":\"https:\/\/challengeseconomiques.com\/?p=6444#breadcrumb\",\"itemListElement\":[{\"@type\":\"ListItem\",\"position\":1,\"name\":\"Home\",\"item\":\"https:\/\/challengeseconomiques.com\/\"},{\"@type\":\"ListItem\",\"position\":2,\"name\":\"Soutien \u00e0 la FIPA : la CCIAD veut s\u2019inscrire dans une dynamique d\u2019appuyer l\u2019artisanat s\u00e9n\u00e9galais, sous r\u00e9gional et africain\"}]},{\"@type\":\"WebSite\",\"@id\":\"https:\/\/challengeseconomiques.com\/#website\",\"url\":\"https:\/\/challengeseconomiques.com\/\",\"name\":\"challenges economiques\",\"description\":\"\",\"potentialAction\":[{\"@type\":\"SearchAction\",\"target\":{\"@type\":\"EntryPoint\",\"urlTemplate\":\"https:\/\/challengeseconomiques.com\/?s={search_term_string}\"},\"query-input\":{\"@type\":\"PropertyValueSpecification\",\"valueRequired\":true,\"valueName\":\"search_term_string\"}}],\"inLanguage\":\"fr-FR\"},{\"@type\":\"Person\",\"@id\":\"https:\/\/challengeseconomiques.com\/#\/schema\/person\/2f70a31e102db1741c1a1c00c2bbd8a6\",\"name\":\"aliou kane ndiaye\",\"image\":{\"@type\":\"ImageObject\",\"inLanguage\":\"fr-FR\",\"@id\":\"https:\/\/challengeseconomiques.com\/#\/schema\/person\/image\/\",\"url\":\"https:\/\/secure.gravatar.com\/avatar\/df942321e58711a9f1fee838e446766660477bacd4b42fa20400d2c7cf4da7ca?s=96&d=mm&r=g\",\"contentUrl\":\"https:\/\/secure.gravatar.com\/avatar\/df942321e58711a9f1fee838e446766660477bacd4b42fa20400d2c7cf4da7ca?s=96&d=mm&r=g\",\"caption\":\"aliou kane ndiaye\"},\"sameAs\":[\"http:\/\/www.challengeseconomiques.com\"],\"url\":\"https:\/\/challengeseconomiques.com\/?author=3\"}]}<\/script>\n<!-- \/ Yoast SEO plugin. -->","yoast_head_json":{"title":"Soutien \u00e0 la FIPA : la CCIAD veut s\u2019inscrire dans une dynamique d\u2019appuyer l\u2019artisanat s\u00e9n\u00e9galais, sous r\u00e9gional et africain - challenges economiques","robots":{"index":"index","follow":"follow","max-snippet":"max-snippet:-1","max-image-preview":"max-image-preview:large","max-video-preview":"max-video-preview:-1"},"canonical":"https:\/\/challengeseconomiques.com\/?p=6444","og_locale":"fr_FR","og_type":"article","og_title":"Soutien \u00e0 la FIPA : la CCIAD veut s\u2019inscrire dans une dynamique d\u2019appuyer l\u2019artisanat s\u00e9n\u00e9galais, sous r\u00e9gional et africain - challenges economiques","og_description":"Abdoulaye Sow, le pr\u00e9sident de la chambre de commerce, d\u2019industrie et d\u2019agriculture de Dakar (CCIAD) a affirm\u00e9 jeudi, 23 mai 2024 que l\u2019objectif de son...","og_url":"https:\/\/challengeseconomiques.com\/?p=6444","og_site_name":"challenges economiques","article_published_time":"2024-05-23T21:26:51+00:00","article_modified_time":"2024-05-24T12:17:45+00:00","og_image":[{"width":1536,"height":1018,"url":"https:\/\/challengeseconomiques.com\/wp-content\/uploads\/2024\/05\/FIPA_2024_7-1536x1018-1.jpeg","type":"image\/jpeg"}],"author":"aliou kane ndiaye","twitter_card":"summary_large_image","twitter_misc":{"\u00c9crit par":"aliou kane ndiaye","Dur\u00e9e de lecture estim\u00e9e":"3 minutes"},"schema":{"@context":"https:\/\/schema.org","@graph":[{"@type":"Article","@id":"https:\/\/challengeseconomiques.com\/?p=6444#article","isPartOf":{"@id":"https:\/\/challengeseconomiques.com\/?p=6444"},"author":{"name":"aliou kane ndiaye","@id":"https:\/\/challengeseconomiques.com\/#\/schema\/person\/2f70a31e102db1741c1a1c00c2bbd8a6"},"headline":"Soutien \u00e0 la FIPA : la CCIAD veut s\u2019inscrire dans une dynamique d\u2019appuyer l\u2019artisanat s\u00e9n\u00e9galais, sous r\u00e9gional et africain","datePublished":"2024-05-23T21:26:51+00:00","dateModified":"2024-05-24T12:17:45+00:00","mainEntityOfPage":{"@id":"https:\/\/challengeseconomiques.com\/?p=6444"},"wordCount":609,"image":{"@id":"https:\/\/challengeseconomiques.com\/?p=6444#primaryimage"},"thumbnailUrl":"https:\/\/challengeseconomiques.com\/wp-content\/uploads\/2024\/05\/FIPA_2024_7-1536x1018-1.jpeg","articleSection":["A la une","Actualit\u00e9 \u00e9conomique"],"inLanguage":"fr-FR"},{"@type":"WebPage","@id":"https:\/\/challengeseconomiques.com\/?p=6444","url":"https:\/\/challengeseconomiques.com\/?p=6444","name":"Soutien \u00e0 la FIPA : la CCIAD veut s\u2019inscrire dans une dynamique d\u2019appuyer l\u2019artisanat s\u00e9n\u00e9galais, sous r\u00e9gional et africain - challenges economiques","isPartOf":{"@id":"https:\/\/challengeseconomiques.com\/#website"},"primaryImageOfPage":{"@id":"https:\/\/challengeseconomiques.com\/?p=6444#primaryimage"},"image":{"@id":"https:\/\/challengeseconomiques.com\/?p=6444#primaryimage"},"thumbnailUrl":"https:\/\/challengeseconomiques.com\/wp-content\/uploads\/2024\/05\/FIPA_2024_7-1536x1018-1.jpeg","datePublished":"2024-05-23T21:26:51+00:00","dateModified":"2024-05-24T12:17:45+00:00","author":{"@id":"https:\/\/challengeseconomiques.com\/#\/schema\/person\/2f70a31e102db1741c1a1c00c2bbd8a6"},"breadcrumb":{"@id":"https:\/\/challengeseconomiques.com\/?p=6444#breadcrumb"},"inLanguage":"fr-FR","potentialAction":[{"@type":"ReadAction","target":["https:\/\/challengeseconomiques.com\/?p=6444"]}]},{"@type":"ImageObject","inLanguage":"fr-FR","@id":"https:\/\/challengeseconomiques.com\/?p=6444#primaryimage","url":"https:\/\/challengeseconomiques.com\/wp-content\/uploads\/2024\/05\/FIPA_2024_7-1536x1018-1.jpeg","contentUrl":"https:\/\/challengeseconomiques.com\/wp-content\/uploads\/2024\/05\/FIPA_2024_7-1536x1018-1.jpeg","width":1536,"height":1018},{"@type":"BreadcrumbList","@id":"https:\/\/challengeseconomiques.com\/?p=6444#breadcrumb","itemListElement":[{"@type":"ListItem","position":1,"name":"Home","item":"https:\/\/challengeseconomiques.com\/"},{"@type":"ListItem","position":2,"name":"Soutien \u00e0 la FIPA : la CCIAD veut s\u2019inscrire dans une dynamique d\u2019appuyer l\u2019artisanat s\u00e9n\u00e9galais, sous r\u00e9gional et africain"}]},{"@type":"WebSite","@id":"https:\/\/challengeseconomiques.com\/#website","url":"https:\/\/challengeseconomiques.com\/","name":"challenges economiques","description":"","potentialAction":[{"@type":"SearchAction","target":{"@type":"EntryPoint","urlTemplate":"https:\/\/challengeseconomiques.com\/?s={search_term_string}"},"query-input":{"@type":"PropertyValueSpecification","valueRequired":true,"valueName":"search_term_string"}}],"inLanguage":"fr-FR"},{"@type":"Person","@id":"https:\/\/challengeseconomiques.com\/#\/schema\/person\/2f70a31e102db1741c1a1c00c2bbd8a6","name":"aliou kane ndiaye","image":{"@type":"ImageObject","inLanguage":"fr-FR","@id":"https:\/\/challengeseconomiques.com\/#\/schema\/person\/image\/","url":"https:\/\/secure.gravatar.com\/avatar\/df942321e58711a9f1fee838e446766660477bacd4b42fa20400d2c7cf4da7ca?s=96&d=mm&r=g","contentUrl":"https:\/\/secure.gravatar.com\/avatar\/df942321e58711a9f1fee838e446766660477bacd4b42fa20400d2c7cf4da7ca?s=96&d=mm&r=g","caption":"aliou kane ndiaye"},"sameAs":["http:\/\/www.challengeseconomiques.com"],"url":"https:\/\/challengeseconomiques.com\/?author=3"}]}},"jetpack_featured_media_url":"https:\/\/challengeseconomiques.com\/wp-content\/uploads\/2024\/05\/FIPA_2024_7-1536x1018-1.jpeg","jetpack_sharing_enabled":true,"_links":{"self":[{"href":"https:\/\/challengeseconomiques.com\/index.php?rest_route=\/wp\/v2\/posts\/6444","targetHints":{"allow":["GET"]}}],"collection":[{"href":"https:\/\/challengeseconomiques.com\/index.php?rest_route=\/wp\/v2\/posts"}],"about":[{"href":"https:\/\/challengeseconomiques.com\/index.php?rest_route=\/wp\/v2\/types\/post"}],"author":[{"embeddable":true,"href":"https:\/\/challengeseconomiques.com\/index.php?rest_route=\/wp\/v2\/users\/3"}],"replies":[{"embeddable":true,"href":"https:\/\/challengeseconomiques.com\/index.php?rest_route=%2Fwp%2Fv2%2Fcomments&post=6444"}],"version-history":[{"count":2,"href":"https:\/\/challengeseconomiques.com\/index.php?rest_route=\/wp\/v2\/posts\/6444\/revisions"}],"predecessor-version":[{"id":6450,"href":"https:\/\/challengeseconomiques.com\/index.php?rest_route=\/wp\/v2\/posts\/6444\/revisions\/6450"}],"wp:featuredmedia":[{"embeddable":true,"href":"https:\/\/challengeseconomiques.com\/index.php?rest_route=\/wp\/v2\/media\/6449"}],"wp:attachment":[{"href":"https:\/\/challengeseconomiques.com\/index.php?rest_route=%2Fwp%2Fv2%2Fmedia&parent=6444"}],"wp:term":[{"taxonomy":"category","embeddable":true,"href":"https:\/\/challengeseconomiques.com\/index.php?rest_route=%2Fwp%2Fv2%2Fcategories&post=6444"},{"taxonomy":"post_tag","embeddable":true,"href":"https:\/\/challengeseconomiques.com\/index.php?rest_route=%2Fwp%2Fv2%2Ftags&post=6444"}],"curies":[{"name":"wp","href":"https:\/\/api.w.org\/{rel}","templated":true}]}}