{"id":6431,"date":"2024-05-21T21:40:26","date_gmt":"2024-05-21T21:40:26","guid":{"rendered":"https:\/\/challengeseconomiques.com\/?p=6431"},"modified":"2024-05-21T21:42:38","modified_gmt":"2024-05-21T21:42:38","slug":"lancement-commercial-de-la-5g-par-orange-senegal","status":"publish","type":"post","link":"https:\/\/challengeseconomiques.com\/?p=6431","title":{"rendered":"Lancement commercial de la 5G par Orange S\u00e9n\u00e9gal"},"content":{"rendered":"<p><strong>Orange S\u00e9n\u00e9gal a proc\u00e9d\u00e9 au lancement commercial de la 5G, le mardi 21 mai 2024 \u00e0 Dakar. L\u2019\u00e9v\u00e9nement rev\u00eat une dimension symbolique dans le cadre du mois du num\u00e9rique et de la c\u00e9l\u00e9bration de la Journ\u00e9e internationale des t\u00e9l\u00e9communications, d\u2019apr\u00e8s le directeur g\u00e9n\u00e9ral de Sonatel, S\u00e9kou Dram\u00e9. <\/strong><\/p>\n<p>Le directeur g\u00e9n\u00e9ral de Sonatel consid\u00e8re le lancement comme l\u2019aboutissement de nombreuses ann\u00e9es d\u2019exp\u00e9rimentation, d\u2019innovation et d\u2019investissements massifs sous la houlette du capital humain de l\u2019entreprise. Il a tenu \u00e0 remercier les partenaires techniques, le Minist\u00e8re de la Communication, des T\u00e9l\u00e9communications et du Num\u00e9rique et l\u2019Agence de R\u00e9gulation des T\u00e9l\u00e9communications et des Postes (ARTP) pour l\u2019attribution des fr\u00e9quences.<\/p>\n<p>La mission de la Sonatel, est, selon M. Dram\u00e9, de connecter les communaut\u00e9s et les organisations\u00a0et d\u2019enrichir la vie des populations et des entreprises par des services num\u00e9riques aux standard internationaux. Fournir aux S\u00e9n\u00e9galais les derni\u00e8res ruptures technologiques est un moyen pour l\u2019entreprise de faciliter la vie des populations et leur ouvrir les portes d\u2019un monde num\u00e9rique.<\/p>\n<p>Pour le directeur g\u00e9n\u00e9ral de Sonatel, le lancement commercial de la 5G d&rsquo;Orange marque un tournant d\u00e9cisif dans le domaine de l&rsquo;Internet fixe et mobile, propulsant le S\u00e9n\u00e9gal vers une \u00e8re d&rsquo;innovations et de connectivit\u00e9 ultra-rapide. C\u2019est aussi le top d\u00e9part d\u2019une nouvelle \u00e8re technologique qui ouvre de belles perspectives pour la transformation de nos vies, de notre mani\u00e8re de travailler et de nos modes d&rsquo;interaction avec le monde, a-t-il ajout\u00e9.<\/p>\n<p>Avec des performances de t\u00e9l\u00e9chargement jusqu&rsquo;\u00e0 10 fois plus rapides que la 4G, la 5G permettra une exp\u00e9rience utilisateur in\u00e9dite, plus fluide et plus immersive que jamais. La 5G, assure-t-il, va bien au-del\u00e0 d&rsquo;une simple am\u00e9lioration technologique. Elle est un catalyseur de croissance \u00e9conomique pour le S\u00e9n\u00e9gal.<\/p>\n<p>Conscient que l\u2019am\u00e9nagement num\u00e9rique du territoire est essentiel pour stimuler la croissance \u00e9conomique du S\u00e9n\u00e9gal,<\/p>\n<p>Sonatel \u00a0a r\u00e9affirm\u00e9 son engagement aux c\u00f4t\u00e9s de l\u2019\u00c9tat et de ses parties prenantes. Cela passe par \u00a0des tarifs comp\u00e9titifs pour accompagner le d\u00e9ploiement de la 5G et accompagner l\u2019accessibilit\u00e9 de l\u2019Internet au S\u00e9n\u00e9gal, \u00e0 en croire le directeur g\u00e9n\u00e9ral.<\/p>\n","protected":false},"excerpt":{"rendered":"<p>Orange S\u00e9n\u00e9gal a proc\u00e9d\u00e9 au lancement commercial de la 5G, le mardi 21 mai 2024 \u00e0 Dakar. L\u2019\u00e9v\u00e9nement rev\u00eat une dimension symbolique dans le cadre&#8230;<\/p>\n","protected":false},"author":3,"featured_media":685,"comment_status":"closed","ping_status":"open","sticky":false,"template":"","format":"standard","meta":{"_jetpack_memberships_contains_paid_content":false,"footnotes":""},"categories":[23,8],"tags":[],"class_list":["post-6431","post","type-post","status-publish","format-standard","has-post-thumbnail","hentry","category-a-la-une","category-actualite-economique","wpcat-23-id","wpcat-8-id"],"yoast_head":"<!-- This site is optimized with the Yoast SEO plugin v27.1.1 - https:\/\/yoast.com\/product\/yoast-seo-wordpress\/ -->\n<title>Lancement commercial de la 5G par Orange S\u00e9n\u00e9gal - challenges economiques<\/title>\n<meta name=\"robots\" content=\"index, follow, max-snippet:-1, max-image-preview:large, max-video-preview:-1\" \/>\n<link rel=\"canonical\" href=\"https:\/\/challengeseconomiques.com\/?p=6431\" \/>\n<meta property=\"og:locale\" content=\"fr_FR\" \/>\n<meta property=\"og:type\" content=\"article\" \/>\n<meta property=\"og:title\" content=\"Lancement commercial de la 5G par Orange S\u00e9n\u00e9gal - challenges economiques\" \/>\n<meta property=\"og:description\" content=\"Orange S\u00e9n\u00e9gal a proc\u00e9d\u00e9 au lancement commercial de la 5G, le mardi 21 mai 2024 \u00e0 Dakar. L\u2019\u00e9v\u00e9nement rev\u00eat une dimension symbolique dans le cadre...\" \/>\n<meta property=\"og:url\" content=\"https:\/\/challengeseconomiques.com\/?p=6431\" \/>\n<meta property=\"og:site_name\" content=\"challenges economiques\" \/>\n<meta property=\"article:published_time\" content=\"2024-05-21T21:40:26+00:00\" \/>\n<meta property=\"article:modified_time\" content=\"2024-05-21T21:42:38+00:00\" \/>\n<meta property=\"og:image\" content=\"https:\/\/challengeseconomiques.com\/wp-content\/uploads\/2021\/01\/5g-orange.jpg\" \/>\n\t<meta property=\"og:image:width\" content=\"1212\" \/>\n\t<meta property=\"og:image:height\" content=\"712\" \/>\n\t<meta property=\"og:image:type\" content=\"image\/jpeg\" \/>\n<meta name=\"author\" content=\"aliou kane ndiaye\" \/>\n<meta name=\"twitter:card\" content=\"summary_large_image\" \/>\n<meta name=\"twitter:label1\" content=\"\u00c9crit par\" \/>\n\t<meta name=\"twitter:data1\" content=\"aliou kane ndiaye\" \/>\n\t<meta name=\"twitter:label2\" content=\"Dur\u00e9e de lecture estim\u00e9e\" \/>\n\t<meta name=\"twitter:data2\" content=\"2 minutes\" \/>\n<script type=\"application\/ld+json\" class=\"yoast-schema-graph\">{\"@context\":\"https:\/\/schema.org\",\"@graph\":[{\"@type\":\"Article\",\"@id\":\"https:\/\/challengeseconomiques.com\/?p=6431#article\",\"isPartOf\":{\"@id\":\"https:\/\/challengeseconomiques.com\/?p=6431\"},\"author\":{\"name\":\"aliou kane ndiaye\",\"@id\":\"https:\/\/challengeseconomiques.com\/#\/schema\/person\/2f70a31e102db1741c1a1c00c2bbd8a6\"},\"headline\":\"Lancement commercial de la 5G par Orange S\u00e9n\u00e9gal\",\"datePublished\":\"2024-05-21T21:40:26+00:00\",\"dateModified\":\"2024-05-21T21:42:38+00:00\",\"mainEntityOfPage\":{\"@id\":\"https:\/\/challengeseconomiques.com\/?p=6431\"},\"wordCount\":424,\"image\":{\"@id\":\"https:\/\/challengeseconomiques.com\/?p=6431#primaryimage\"},\"thumbnailUrl\":\"https:\/\/challengeseconomiques.com\/wp-content\/uploads\/2021\/01\/5g-orange.jpg\",\"articleSection\":[\"A la une\",\"Actualit\u00e9 \u00e9conomique\"],\"inLanguage\":\"fr-FR\"},{\"@type\":\"WebPage\",\"@id\":\"https:\/\/challengeseconomiques.com\/?p=6431\",\"url\":\"https:\/\/challengeseconomiques.com\/?p=6431\",\"name\":\"Lancement commercial de la 5G par Orange S\u00e9n\u00e9gal - challenges economiques\",\"isPartOf\":{\"@id\":\"https:\/\/challengeseconomiques.com\/#website\"},\"primaryImageOfPage\":{\"@id\":\"https:\/\/challengeseconomiques.com\/?p=6431#primaryimage\"},\"image\":{\"@id\":\"https:\/\/challengeseconomiques.com\/?p=6431#primaryimage\"},\"thumbnailUrl\":\"https:\/\/challengeseconomiques.com\/wp-content\/uploads\/2021\/01\/5g-orange.jpg\",\"datePublished\":\"2024-05-21T21:40:26+00:00\",\"dateModified\":\"2024-05-21T21:42:38+00:00\",\"author\":{\"@id\":\"https:\/\/challengeseconomiques.com\/#\/schema\/person\/2f70a31e102db1741c1a1c00c2bbd8a6\"},\"breadcrumb\":{\"@id\":\"https:\/\/challengeseconomiques.com\/?p=6431#breadcrumb\"},\"inLanguage\":\"fr-FR\",\"potentialAction\":[{\"@type\":\"ReadAction\",\"target\":[\"https:\/\/challengeseconomiques.com\/?p=6431\"]}]},{\"@type\":\"ImageObject\",\"inLanguage\":\"fr-FR\",\"@id\":\"https:\/\/challengeseconomiques.com\/?p=6431#primaryimage\",\"url\":\"https:\/\/challengeseconomiques.com\/wp-content\/uploads\/2021\/01\/5g-orange.jpg\",\"contentUrl\":\"https:\/\/challengeseconomiques.com\/wp-content\/uploads\/2021\/01\/5g-orange.jpg\",\"width\":1212,\"height\":712},{\"@type\":\"BreadcrumbList\",\"@id\":\"https:\/\/challengeseconomiques.com\/?p=6431#breadcrumb\",\"itemListElement\":[{\"@type\":\"ListItem\",\"position\":1,\"name\":\"Home\",\"item\":\"https:\/\/challengeseconomiques.com\/\"},{\"@type\":\"ListItem\",\"position\":2,\"name\":\"Lancement commercial de la 5G par Orange S\u00e9n\u00e9gal\"}]},{\"@type\":\"WebSite\",\"@id\":\"https:\/\/challengeseconomiques.com\/#website\",\"url\":\"https:\/\/challengeseconomiques.com\/\",\"name\":\"challenges economiques\",\"description\":\"\",\"potentialAction\":[{\"@type\":\"SearchAction\",\"target\":{\"@type\":\"EntryPoint\",\"urlTemplate\":\"https:\/\/challengeseconomiques.com\/?s={search_term_string}\"},\"query-input\":{\"@type\":\"PropertyValueSpecification\",\"valueRequired\":true,\"valueName\":\"search_term_string\"}}],\"inLanguage\":\"fr-FR\"},{\"@type\":\"Person\",\"@id\":\"https:\/\/challengeseconomiques.com\/#\/schema\/person\/2f70a31e102db1741c1a1c00c2bbd8a6\",\"name\":\"aliou kane ndiaye\",\"image\":{\"@type\":\"ImageObject\",\"inLanguage\":\"fr-FR\",\"@id\":\"https:\/\/challengeseconomiques.com\/#\/schema\/person\/image\/\",\"url\":\"https:\/\/secure.gravatar.com\/avatar\/df942321e58711a9f1fee838e446766660477bacd4b42fa20400d2c7cf4da7ca?s=96&d=mm&r=g\",\"contentUrl\":\"https:\/\/secure.gravatar.com\/avatar\/df942321e58711a9f1fee838e446766660477bacd4b42fa20400d2c7cf4da7ca?s=96&d=mm&r=g\",\"caption\":\"aliou kane ndiaye\"},\"sameAs\":[\"http:\/\/www.challengeseconomiques.com\"],\"url\":\"https:\/\/challengeseconomiques.com\/?author=3\"}]}<\/script>\n<!-- \/ Yoast SEO plugin. -->","yoast_head_json":{"title":"Lancement commercial de la 5G par Orange S\u00e9n\u00e9gal - challenges economiques","robots":{"index":"index","follow":"follow","max-snippet":"max-snippet:-1","max-image-preview":"max-image-preview:large","max-video-preview":"max-video-preview:-1"},"canonical":"https:\/\/challengeseconomiques.com\/?p=6431","og_locale":"fr_FR","og_type":"article","og_title":"Lancement commercial de la 5G par Orange S\u00e9n\u00e9gal - challenges economiques","og_description":"Orange S\u00e9n\u00e9gal a proc\u00e9d\u00e9 au lancement commercial de la 5G, le mardi 21 mai 2024 \u00e0 Dakar. L\u2019\u00e9v\u00e9nement rev\u00eat une dimension symbolique dans le cadre...","og_url":"https:\/\/challengeseconomiques.com\/?p=6431","og_site_name":"challenges economiques","article_published_time":"2024-05-21T21:40:26+00:00","article_modified_time":"2024-05-21T21:42:38+00:00","og_image":[{"width":1212,"height":712,"url":"https:\/\/challengeseconomiques.com\/wp-content\/uploads\/2021\/01\/5g-orange.jpg","type":"image\/jpeg"}],"author":"aliou kane ndiaye","twitter_card":"summary_large_image","twitter_misc":{"\u00c9crit par":"aliou kane ndiaye","Dur\u00e9e de lecture estim\u00e9e":"2 minutes"},"schema":{"@context":"https:\/\/schema.org","@graph":[{"@type":"Article","@id":"https:\/\/challengeseconomiques.com\/?p=6431#article","isPartOf":{"@id":"https:\/\/challengeseconomiques.com\/?p=6431"},"author":{"name":"aliou kane ndiaye","@id":"https:\/\/challengeseconomiques.com\/#\/schema\/person\/2f70a31e102db1741c1a1c00c2bbd8a6"},"headline":"Lancement commercial de la 5G par Orange S\u00e9n\u00e9gal","datePublished":"2024-05-21T21:40:26+00:00","dateModified":"2024-05-21T21:42:38+00:00","mainEntityOfPage":{"@id":"https:\/\/challengeseconomiques.com\/?p=6431"},"wordCount":424,"image":{"@id":"https:\/\/challengeseconomiques.com\/?p=6431#primaryimage"},"thumbnailUrl":"https:\/\/challengeseconomiques.com\/wp-content\/uploads\/2021\/01\/5g-orange.jpg","articleSection":["A la une","Actualit\u00e9 \u00e9conomique"],"inLanguage":"fr-FR"},{"@type":"WebPage","@id":"https:\/\/challengeseconomiques.com\/?p=6431","url":"https:\/\/challengeseconomiques.com\/?p=6431","name":"Lancement commercial de la 5G par Orange S\u00e9n\u00e9gal - challenges economiques","isPartOf":{"@id":"https:\/\/challengeseconomiques.com\/#website"},"primaryImageOfPage":{"@id":"https:\/\/challengeseconomiques.com\/?p=6431#primaryimage"},"image":{"@id":"https:\/\/challengeseconomiques.com\/?p=6431#primaryimage"},"thumbnailUrl":"https:\/\/challengeseconomiques.com\/wp-content\/uploads\/2021\/01\/5g-orange.jpg","datePublished":"2024-05-21T21:40:26+00:00","dateModified":"2024-05-21T21:42:38+00:00","author":{"@id":"https:\/\/challengeseconomiques.com\/#\/schema\/person\/2f70a31e102db1741c1a1c00c2bbd8a6"},"breadcrumb":{"@id":"https:\/\/challengeseconomiques.com\/?p=6431#breadcrumb"},"inLanguage":"fr-FR","potentialAction":[{"@type":"ReadAction","target":["https:\/\/challengeseconomiques.com\/?p=6431"]}]},{"@type":"ImageObject","inLanguage":"fr-FR","@id":"https:\/\/challengeseconomiques.com\/?p=6431#primaryimage","url":"https:\/\/challengeseconomiques.com\/wp-content\/uploads\/2021\/01\/5g-orange.jpg","contentUrl":"https:\/\/challengeseconomiques.com\/wp-content\/uploads\/2021\/01\/5g-orange.jpg","width":1212,"height":712},{"@type":"BreadcrumbList","@id":"https:\/\/challengeseconomiques.com\/?p=6431#breadcrumb","itemListElement":[{"@type":"ListItem","position":1,"name":"Home","item":"https:\/\/challengeseconomiques.com\/"},{"@type":"ListItem","position":2,"name":"Lancement commercial de la 5G par Orange S\u00e9n\u00e9gal"}]},{"@type":"WebSite","@id":"https:\/\/challengeseconomiques.com\/#website","url":"https:\/\/challengeseconomiques.com\/","name":"challenges economiques","description":"","potentialAction":[{"@type":"SearchAction","target":{"@type":"EntryPoint","urlTemplate":"https:\/\/challengeseconomiques.com\/?s={search_term_string}"},"query-input":{"@type":"PropertyValueSpecification","valueRequired":true,"valueName":"search_term_string"}}],"inLanguage":"fr-FR"},{"@type":"Person","@id":"https:\/\/challengeseconomiques.com\/#\/schema\/person\/2f70a31e102db1741c1a1c00c2bbd8a6","name":"aliou kane ndiaye","image":{"@type":"ImageObject","inLanguage":"fr-FR","@id":"https:\/\/challengeseconomiques.com\/#\/schema\/person\/image\/","url":"https:\/\/secure.gravatar.com\/avatar\/df942321e58711a9f1fee838e446766660477bacd4b42fa20400d2c7cf4da7ca?s=96&d=mm&r=g","contentUrl":"https:\/\/secure.gravatar.com\/avatar\/df942321e58711a9f1fee838e446766660477bacd4b42fa20400d2c7cf4da7ca?s=96&d=mm&r=g","caption":"aliou kane ndiaye"},"sameAs":["http:\/\/www.challengeseconomiques.com"],"url":"https:\/\/challengeseconomiques.com\/?author=3"}]}},"jetpack_featured_media_url":"https:\/\/challengeseconomiques.com\/wp-content\/uploads\/2021\/01\/5g-orange.jpg","jetpack_sharing_enabled":true,"_links":{"self":[{"href":"https:\/\/challengeseconomiques.com\/index.php?rest_route=\/wp\/v2\/posts\/6431","targetHints":{"allow":["GET"]}}],"collection":[{"href":"https:\/\/challengeseconomiques.com\/index.php?rest_route=\/wp\/v2\/posts"}],"about":[{"href":"https:\/\/challengeseconomiques.com\/index.php?rest_route=\/wp\/v2\/types\/post"}],"author":[{"embeddable":true,"href":"https:\/\/challengeseconomiques.com\/index.php?rest_route=\/wp\/v2\/users\/3"}],"replies":[{"embeddable":true,"href":"https:\/\/challengeseconomiques.com\/index.php?rest_route=%2Fwp%2Fv2%2Fcomments&post=6431"}],"version-history":[{"count":2,"href":"https:\/\/challengeseconomiques.com\/index.php?rest_route=\/wp\/v2\/posts\/6431\/revisions"}],"predecessor-version":[{"id":6433,"href":"https:\/\/challengeseconomiques.com\/index.php?rest_route=\/wp\/v2\/posts\/6431\/revisions\/6433"}],"wp:featuredmedia":[{"embeddable":true,"href":"https:\/\/challengeseconomiques.com\/index.php?rest_route=\/wp\/v2\/media\/685"}],"wp:attachment":[{"href":"https:\/\/challengeseconomiques.com\/index.php?rest_route=%2Fwp%2Fv2%2Fmedia&parent=6431"}],"wp:term":[{"taxonomy":"category","embeddable":true,"href":"https:\/\/challengeseconomiques.com\/index.php?rest_route=%2Fwp%2Fv2%2Fcategories&post=6431"},{"taxonomy":"post_tag","embeddable":true,"href":"https:\/\/challengeseconomiques.com\/index.php?rest_route=%2Fwp%2Fv2%2Ftags&post=6431"}],"curies":[{"name":"wp","href":"https:\/\/api.w.org\/{rel}","templated":true}]}}