{"id":6427,"date":"2024-05-21T18:04:29","date_gmt":"2024-05-21T18:04:29","guid":{"rendered":"https:\/\/challengeseconomiques.com\/?p=6427"},"modified":"2024-05-21T18:05:14","modified_gmt":"2024-05-21T18:05:14","slug":"la-presidente-du-tribunal-de-commerce-hors-classe-appelle-a-la-promotion-des-modes-alternatifs-de-reglements-des-litiges","status":"publish","type":"post","link":"https:\/\/challengeseconomiques.com\/?p=6427","title":{"rendered":"La pr\u00e9sidente du Tribunal de commerce hors classe appelle \u00e0 la \u201cpromotion des modes alternatifs\u201d de r\u00e8glements des litiges"},"content":{"rendered":"<p><strong>La pr\u00e9sidente du Tribunal de commerce hors classe de Dakar (TCHCD), A\u00efssatou Di\u00e9m\u00e9 Diallo, a appel\u00e9 mardi les juges s\u00e9n\u00e9galais \u00e0 \u201cpromouvoir des modes alternatifs de r\u00e8glement des diff\u00e9rends\u201d (MAR), invitant les magistrats \u00e0 appliquer les r\u00e9formes engag\u00e9es \u00e0 ce sujet par le gouvernement.<\/strong><\/p>\n<p>\u201cNous devons faire la promotion des modes alternatifs de r\u00e8glement des diff\u00e9rends (MARD) plut\u00f4t que d\u2019en \u00eatre des acteurs, \u00eatre des promoteurs du dialogue et non des protagonistes\u201d, a-t-elle d\u00e9clar\u00e9.<\/p>\n<p>A\u00efssatou Di\u00e9m\u00e9 Diallo s\u2019exprimait \u00e0 la c\u00e9r\u00e9monie d\u2019ouverture de la Journ\u00e9e de la m\u00e9diation, dont la comm\u00e9moration s\u2019inscrit \u201cdans la logique des efforts du gouvernement \u00e0 engager le S\u00e9n\u00e9gal dans la modernisation des voies d\u2019acc\u00e8s \u00e0 la justice\u201d.<\/p>\n<p>La m\u00e9diation se d\u00e9finit comme un mode amiable de r\u00e8glement des diff\u00e9rends (MARD) qui peut permettre d\u2019aboutir \u00e0 une solution plus rapidement qu\u2019en saisissant la justice.<\/p>\n<p>La m\u00e9diation est confidentielle et apporte une solution souvent plus acceptable pour les parties.<\/p>\n<p>La pr\u00e9sidente du Tribunal de commerce hors classe de Dakar a rappel\u00e9 que gouvernement s\u00e9n\u00e9galais \u201ca entrepris ces derni\u00e8res ann\u00e9es, dans le secteur de l\u2019administration judiciaire, des r\u00e9formes majeures visant \u00e0 am\u00e9liorer l\u2019environnement des affaires et \u00e0 faire du S\u00e9n\u00e9gal un pays attractif pour les investissements\u201d.<\/p>\n<p>Dans ce contexte, \u201cjudiciariser \u00e0 outrance\u201d les modes alternatifs de r\u00e8glement des diff\u00e9rends, \u201cc\u2019est aller \u00e0 l\u2019encontre des objectifs et de l\u2019esprit des r\u00e9formes\u201d, a soutenu A\u00efssatou Di\u00e9m\u00e9 Diallo.<\/p>\n<p>L\u2019objectif affich\u00e9 est de \u201cmettre un terme aux lenteurs de la mise en \u00e9tat des affaires et \u00e0 l\u2019encombrement anormal des r\u00f4les des juridictions\u201d. Or, \u201cencombrer les magistrats avec des dossiers de m\u00e9diation ou de conciliation, dit-elle, c\u2019est engorger de plus belle le tribunal avec la cons\u00e9quence certaine d\u2019exacerber le ralentissement du traitement des dossiers\u201d.<\/p>\n<p>\u201cIl nous incombe d\u2019observer l\u2019\u00e9tape n\u00e9cessaire de la conciliation des parties mais cela consiste plus \u00e0 les encourager \u00e0 recourir aux MAR avant l\u2019\u00e9tape du proc\u00e8s [\u2026] par la m\u00e9diation\u201d, a ajout\u00e9 Mme Di\u00e9m\u00e9 Diallo, avant d\u2019appeler au r\u00e8glement \u00e0 l\u2019amiable en accord avec les diff\u00e9rentes parties.<\/p>\n<p>\u201cAvec l\u2019accord des parties, nous comptons dor\u00e9navant renvoyer vers les professionnels de la m\u00e9diation et de la conciliation les affaires qui n\u2019ont pas encore \u00e9t\u00e9 jug\u00e9es pour tenter la conciliation pour des r\u00e8glements \u00e0 l\u2019amiable\u201d, a-t-elle indiqu\u00e9.<\/p>\n<p>Pour A\u00efssatou Di\u00e9m\u00e9 Diallo, \u201cil appartient aux avocats de sortir des sentiers battus, de mettre un terme \u00e0 la logique du tout judiciaire\u201d.<\/p>\n<p>La pr\u00e9sidente du Tribunal de commerce hors classe de Dakar a \u00e9galement invit\u00e9 les notaires \u201c\u00e0 inclure dans les contrats des clauses de r\u00e8glements alternatifs des diff\u00e9rends\u201d.<\/p>\n<p>Cela devrait \u201cencourager le justiciable \u00e0 recourir aux [modes amiables de r\u00e8glement des diff\u00e9rends], le cas \u00e9ch\u00e9ant\u201d, a poursuivi Mme Diallo.<\/p>\n<p>Elle conclut en s\u2019adressant aux op\u00e9rateurs \u00e9conomiques et aux acteurs politiques, en faisant valoir qu&rsquo;\u201dun mauvais arrangement vaut mieux qu\u2019un bon proc\u00e8s. Optez pour un accord consenti plut\u00f4t qu\u2019un jugement contraint\u201d.<\/p>\n<p><strong>(APS)<\/strong><\/p>\n","protected":false},"excerpt":{"rendered":"<p>La pr\u00e9sidente du Tribunal de commerce hors classe de Dakar (TCHCD), A\u00efssatou Di\u00e9m\u00e9 Diallo, a appel\u00e9 mardi les juges s\u00e9n\u00e9galais \u00e0 \u201cpromouvoir des modes alternatifs&#8230;<\/p>\n","protected":false},"author":1,"featured_media":6428,"comment_status":"closed","ping_status":"open","sticky":false,"template":"","format":"standard","meta":{"_jetpack_memberships_contains_paid_content":false,"footnotes":""},"categories":[23,8],"tags":[],"class_list":["post-6427","post","type-post","status-publish","format-standard","has-post-thumbnail","hentry","category-a-la-une","category-actualite-economique","wpcat-23-id","wpcat-8-id"],"yoast_head":"<!-- This site is optimized with the Yoast SEO plugin v27.1.1 - https:\/\/yoast.com\/product\/yoast-seo-wordpress\/ -->\n<title>La pr\u00e9sidente du Tribunal de commerce hors classe appelle \u00e0 la \u201cpromotion des modes alternatifs\u201d de r\u00e8glements des litiges - challenges economiques<\/title>\n<meta name=\"robots\" content=\"index, follow, max-snippet:-1, max-image-preview:large, max-video-preview:-1\" \/>\n<link rel=\"canonical\" href=\"https:\/\/challengeseconomiques.com\/?p=6427\" \/>\n<meta property=\"og:locale\" content=\"fr_FR\" \/>\n<meta property=\"og:type\" content=\"article\" \/>\n<meta property=\"og:title\" content=\"La pr\u00e9sidente du Tribunal de commerce hors classe appelle \u00e0 la \u201cpromotion des modes alternatifs\u201d de r\u00e8glements des litiges - challenges economiques\" \/>\n<meta property=\"og:description\" content=\"La pr\u00e9sidente du Tribunal de commerce hors classe de Dakar (TCHCD), A\u00efssatou Di\u00e9m\u00e9 Diallo, a appel\u00e9 mardi les juges s\u00e9n\u00e9galais \u00e0 \u201cpromouvoir des modes alternatifs...\" \/>\n<meta property=\"og:url\" content=\"https:\/\/challengeseconomiques.com\/?p=6427\" \/>\n<meta property=\"og:site_name\" content=\"challenges economiques\" \/>\n<meta property=\"article:published_time\" content=\"2024-05-21T18:04:29+00:00\" \/>\n<meta property=\"article:modified_time\" content=\"2024-05-21T18:05:14+00:00\" \/>\n<meta property=\"og:image\" content=\"https:\/\/challengeseconomiques.com\/wp-content\/uploads\/2024\/05\/maxresdefault.jpg\" \/>\n\t<meta property=\"og:image:width\" content=\"1280\" \/>\n\t<meta property=\"og:image:height\" content=\"720\" \/>\n\t<meta property=\"og:image:type\" content=\"image\/jpeg\" \/>\n<meta name=\"author\" content=\"admin\" \/>\n<meta name=\"twitter:card\" content=\"summary_large_image\" \/>\n<meta name=\"twitter:label1\" content=\"\u00c9crit par\" \/>\n\t<meta name=\"twitter:data1\" content=\"admin\" \/>\n\t<meta name=\"twitter:label2\" content=\"Dur\u00e9e de lecture estim\u00e9e\" \/>\n\t<meta name=\"twitter:data2\" content=\"3 minutes\" \/>\n<script type=\"application\/ld+json\" class=\"yoast-schema-graph\">{\"@context\":\"https:\/\/schema.org\",\"@graph\":[{\"@type\":\"Article\",\"@id\":\"https:\/\/challengeseconomiques.com\/?p=6427#article\",\"isPartOf\":{\"@id\":\"https:\/\/challengeseconomiques.com\/?p=6427\"},\"author\":{\"name\":\"admin\",\"@id\":\"https:\/\/challengeseconomiques.com\/#\/schema\/person\/b4568c9afebc5a9238a771873801e349\"},\"headline\":\"La pr\u00e9sidente du Tribunal de commerce hors classe appelle \u00e0 la \u201cpromotion des modes alternatifs\u201d de r\u00e8glements des litiges\",\"datePublished\":\"2024-05-21T18:04:29+00:00\",\"dateModified\":\"2024-05-21T18:05:14+00:00\",\"mainEntityOfPage\":{\"@id\":\"https:\/\/challengeseconomiques.com\/?p=6427\"},\"wordCount\":563,\"image\":{\"@id\":\"https:\/\/challengeseconomiques.com\/?p=6427#primaryimage\"},\"thumbnailUrl\":\"https:\/\/challengeseconomiques.com\/wp-content\/uploads\/2024\/05\/maxresdefault.jpg\",\"articleSection\":[\"A la une\",\"Actualit\u00e9 \u00e9conomique\"],\"inLanguage\":\"fr-FR\"},{\"@type\":\"WebPage\",\"@id\":\"https:\/\/challengeseconomiques.com\/?p=6427\",\"url\":\"https:\/\/challengeseconomiques.com\/?p=6427\",\"name\":\"La pr\u00e9sidente du Tribunal de commerce hors classe appelle \u00e0 la \u201cpromotion des modes alternatifs\u201d de r\u00e8glements des litiges - challenges economiques\",\"isPartOf\":{\"@id\":\"https:\/\/challengeseconomiques.com\/#website\"},\"primaryImageOfPage\":{\"@id\":\"https:\/\/challengeseconomiques.com\/?p=6427#primaryimage\"},\"image\":{\"@id\":\"https:\/\/challengeseconomiques.com\/?p=6427#primaryimage\"},\"thumbnailUrl\":\"https:\/\/challengeseconomiques.com\/wp-content\/uploads\/2024\/05\/maxresdefault.jpg\",\"datePublished\":\"2024-05-21T18:04:29+00:00\",\"dateModified\":\"2024-05-21T18:05:14+00:00\",\"author\":{\"@id\":\"https:\/\/challengeseconomiques.com\/#\/schema\/person\/b4568c9afebc5a9238a771873801e349\"},\"breadcrumb\":{\"@id\":\"https:\/\/challengeseconomiques.com\/?p=6427#breadcrumb\"},\"inLanguage\":\"fr-FR\",\"potentialAction\":[{\"@type\":\"ReadAction\",\"target\":[\"https:\/\/challengeseconomiques.com\/?p=6427\"]}]},{\"@type\":\"ImageObject\",\"inLanguage\":\"fr-FR\",\"@id\":\"https:\/\/challengeseconomiques.com\/?p=6427#primaryimage\",\"url\":\"https:\/\/challengeseconomiques.com\/wp-content\/uploads\/2024\/05\/maxresdefault.jpg\",\"contentUrl\":\"https:\/\/challengeseconomiques.com\/wp-content\/uploads\/2024\/05\/maxresdefault.jpg\",\"width\":1280,\"height\":720},{\"@type\":\"BreadcrumbList\",\"@id\":\"https:\/\/challengeseconomiques.com\/?p=6427#breadcrumb\",\"itemListElement\":[{\"@type\":\"ListItem\",\"position\":1,\"name\":\"Home\",\"item\":\"https:\/\/challengeseconomiques.com\/\"},{\"@type\":\"ListItem\",\"position\":2,\"name\":\"La pr\u00e9sidente du Tribunal de commerce hors classe appelle \u00e0 la \u201cpromotion des modes alternatifs\u201d de r\u00e8glements des litiges\"}]},{\"@type\":\"WebSite\",\"@id\":\"https:\/\/challengeseconomiques.com\/#website\",\"url\":\"https:\/\/challengeseconomiques.com\/\",\"name\":\"challenges economiques\",\"description\":\"\",\"potentialAction\":[{\"@type\":\"SearchAction\",\"target\":{\"@type\":\"EntryPoint\",\"urlTemplate\":\"https:\/\/challengeseconomiques.com\/?s={search_term_string}\"},\"query-input\":{\"@type\":\"PropertyValueSpecification\",\"valueRequired\":true,\"valueName\":\"search_term_string\"}}],\"inLanguage\":\"fr-FR\"},{\"@type\":\"Person\",\"@id\":\"https:\/\/challengeseconomiques.com\/#\/schema\/person\/b4568c9afebc5a9238a771873801e349\",\"name\":\"admin\",\"image\":{\"@type\":\"ImageObject\",\"inLanguage\":\"fr-FR\",\"@id\":\"https:\/\/challengeseconomiques.com\/#\/schema\/person\/image\/\",\"url\":\"https:\/\/secure.gravatar.com\/avatar\/099e42240b5eea11acdb72751fcce0dd918603f0749d24974b7984ea47ed9fd9?s=96&d=mm&r=g\",\"contentUrl\":\"https:\/\/secure.gravatar.com\/avatar\/099e42240b5eea11acdb72751fcce0dd918603f0749d24974b7984ea47ed9fd9?s=96&d=mm&r=g\",\"caption\":\"admin\"},\"sameAs\":[\"https:\/\/challengeseconomiques.com\"],\"url\":\"https:\/\/challengeseconomiques.com\/?author=1\"}]}<\/script>\n<!-- \/ Yoast SEO plugin. -->","yoast_head_json":{"title":"La pr\u00e9sidente du Tribunal de commerce hors classe appelle \u00e0 la \u201cpromotion des modes alternatifs\u201d de r\u00e8glements des litiges - challenges economiques","robots":{"index":"index","follow":"follow","max-snippet":"max-snippet:-1","max-image-preview":"max-image-preview:large","max-video-preview":"max-video-preview:-1"},"canonical":"https:\/\/challengeseconomiques.com\/?p=6427","og_locale":"fr_FR","og_type":"article","og_title":"La pr\u00e9sidente du Tribunal de commerce hors classe appelle \u00e0 la \u201cpromotion des modes alternatifs\u201d de r\u00e8glements des litiges - challenges economiques","og_description":"La pr\u00e9sidente du Tribunal de commerce hors classe de Dakar (TCHCD), A\u00efssatou Di\u00e9m\u00e9 Diallo, a appel\u00e9 mardi les juges s\u00e9n\u00e9galais \u00e0 \u201cpromouvoir des modes alternatifs...","og_url":"https:\/\/challengeseconomiques.com\/?p=6427","og_site_name":"challenges economiques","article_published_time":"2024-05-21T18:04:29+00:00","article_modified_time":"2024-05-21T18:05:14+00:00","og_image":[{"width":1280,"height":720,"url":"https:\/\/challengeseconomiques.com\/wp-content\/uploads\/2024\/05\/maxresdefault.jpg","type":"image\/jpeg"}],"author":"admin","twitter_card":"summary_large_image","twitter_misc":{"\u00c9crit par":"admin","Dur\u00e9e de lecture estim\u00e9e":"3 minutes"},"schema":{"@context":"https:\/\/schema.org","@graph":[{"@type":"Article","@id":"https:\/\/challengeseconomiques.com\/?p=6427#article","isPartOf":{"@id":"https:\/\/challengeseconomiques.com\/?p=6427"},"author":{"name":"admin","@id":"https:\/\/challengeseconomiques.com\/#\/schema\/person\/b4568c9afebc5a9238a771873801e349"},"headline":"La pr\u00e9sidente du Tribunal de commerce hors classe appelle \u00e0 la \u201cpromotion des modes alternatifs\u201d de r\u00e8glements des litiges","datePublished":"2024-05-21T18:04:29+00:00","dateModified":"2024-05-21T18:05:14+00:00","mainEntityOfPage":{"@id":"https:\/\/challengeseconomiques.com\/?p=6427"},"wordCount":563,"image":{"@id":"https:\/\/challengeseconomiques.com\/?p=6427#primaryimage"},"thumbnailUrl":"https:\/\/challengeseconomiques.com\/wp-content\/uploads\/2024\/05\/maxresdefault.jpg","articleSection":["A la une","Actualit\u00e9 \u00e9conomique"],"inLanguage":"fr-FR"},{"@type":"WebPage","@id":"https:\/\/challengeseconomiques.com\/?p=6427","url":"https:\/\/challengeseconomiques.com\/?p=6427","name":"La pr\u00e9sidente du Tribunal de commerce hors classe appelle \u00e0 la \u201cpromotion des modes alternatifs\u201d de r\u00e8glements des litiges - challenges economiques","isPartOf":{"@id":"https:\/\/challengeseconomiques.com\/#website"},"primaryImageOfPage":{"@id":"https:\/\/challengeseconomiques.com\/?p=6427#primaryimage"},"image":{"@id":"https:\/\/challengeseconomiques.com\/?p=6427#primaryimage"},"thumbnailUrl":"https:\/\/challengeseconomiques.com\/wp-content\/uploads\/2024\/05\/maxresdefault.jpg","datePublished":"2024-05-21T18:04:29+00:00","dateModified":"2024-05-21T18:05:14+00:00","author":{"@id":"https:\/\/challengeseconomiques.com\/#\/schema\/person\/b4568c9afebc5a9238a771873801e349"},"breadcrumb":{"@id":"https:\/\/challengeseconomiques.com\/?p=6427#breadcrumb"},"inLanguage":"fr-FR","potentialAction":[{"@type":"ReadAction","target":["https:\/\/challengeseconomiques.com\/?p=6427"]}]},{"@type":"ImageObject","inLanguage":"fr-FR","@id":"https:\/\/challengeseconomiques.com\/?p=6427#primaryimage","url":"https:\/\/challengeseconomiques.com\/wp-content\/uploads\/2024\/05\/maxresdefault.jpg","contentUrl":"https:\/\/challengeseconomiques.com\/wp-content\/uploads\/2024\/05\/maxresdefault.jpg","width":1280,"height":720},{"@type":"BreadcrumbList","@id":"https:\/\/challengeseconomiques.com\/?p=6427#breadcrumb","itemListElement":[{"@type":"ListItem","position":1,"name":"Home","item":"https:\/\/challengeseconomiques.com\/"},{"@type":"ListItem","position":2,"name":"La pr\u00e9sidente du Tribunal de commerce hors classe appelle \u00e0 la \u201cpromotion des modes alternatifs\u201d de r\u00e8glements des litiges"}]},{"@type":"WebSite","@id":"https:\/\/challengeseconomiques.com\/#website","url":"https:\/\/challengeseconomiques.com\/","name":"challenges economiques","description":"","potentialAction":[{"@type":"SearchAction","target":{"@type":"EntryPoint","urlTemplate":"https:\/\/challengeseconomiques.com\/?s={search_term_string}"},"query-input":{"@type":"PropertyValueSpecification","valueRequired":true,"valueName":"search_term_string"}}],"inLanguage":"fr-FR"},{"@type":"Person","@id":"https:\/\/challengeseconomiques.com\/#\/schema\/person\/b4568c9afebc5a9238a771873801e349","name":"admin","image":{"@type":"ImageObject","inLanguage":"fr-FR","@id":"https:\/\/challengeseconomiques.com\/#\/schema\/person\/image\/","url":"https:\/\/secure.gravatar.com\/avatar\/099e42240b5eea11acdb72751fcce0dd918603f0749d24974b7984ea47ed9fd9?s=96&d=mm&r=g","contentUrl":"https:\/\/secure.gravatar.com\/avatar\/099e42240b5eea11acdb72751fcce0dd918603f0749d24974b7984ea47ed9fd9?s=96&d=mm&r=g","caption":"admin"},"sameAs":["https:\/\/challengeseconomiques.com"],"url":"https:\/\/challengeseconomiques.com\/?author=1"}]}},"jetpack_featured_media_url":"https:\/\/challengeseconomiques.com\/wp-content\/uploads\/2024\/05\/maxresdefault.jpg","jetpack_sharing_enabled":true,"_links":{"self":[{"href":"https:\/\/challengeseconomiques.com\/index.php?rest_route=\/wp\/v2\/posts\/6427","targetHints":{"allow":["GET"]}}],"collection":[{"href":"https:\/\/challengeseconomiques.com\/index.php?rest_route=\/wp\/v2\/posts"}],"about":[{"href":"https:\/\/challengeseconomiques.com\/index.php?rest_route=\/wp\/v2\/types\/post"}],"author":[{"embeddable":true,"href":"https:\/\/challengeseconomiques.com\/index.php?rest_route=\/wp\/v2\/users\/1"}],"replies":[{"embeddable":true,"href":"https:\/\/challengeseconomiques.com\/index.php?rest_route=%2Fwp%2Fv2%2Fcomments&post=6427"}],"version-history":[{"count":2,"href":"https:\/\/challengeseconomiques.com\/index.php?rest_route=\/wp\/v2\/posts\/6427\/revisions"}],"predecessor-version":[{"id":6430,"href":"https:\/\/challengeseconomiques.com\/index.php?rest_route=\/wp\/v2\/posts\/6427\/revisions\/6430"}],"wp:featuredmedia":[{"embeddable":true,"href":"https:\/\/challengeseconomiques.com\/index.php?rest_route=\/wp\/v2\/media\/6428"}],"wp:attachment":[{"href":"https:\/\/challengeseconomiques.com\/index.php?rest_route=%2Fwp%2Fv2%2Fmedia&parent=6427"}],"wp:term":[{"taxonomy":"category","embeddable":true,"href":"https:\/\/challengeseconomiques.com\/index.php?rest_route=%2Fwp%2Fv2%2Fcategories&post=6427"},{"taxonomy":"post_tag","embeddable":true,"href":"https:\/\/challengeseconomiques.com\/index.php?rest_route=%2Fwp%2Fv2%2Ftags&post=6427"}],"curies":[{"name":"wp","href":"https:\/\/api.w.org\/{rel}","templated":true}]}}