{"id":6402,"date":"2024-05-17T15:46:05","date_gmt":"2024-05-17T15:46:05","guid":{"rendered":"https:\/\/challengeseconomiques.com\/?p=6402"},"modified":"2024-05-17T15:46:29","modified_gmt":"2024-05-17T15:46:29","slug":"une-connectivite-renforcee-en-afrique-de-louest","status":"publish","type":"post","link":"https:\/\/challengeseconomiques.com\/?p=6402","title":{"rendered":"Une connectivit\u00e9 renforc\u00e9e en Afrique de l\u2019Ouest"},"content":{"rendered":"<p><strong>Le fournisseur mondial de services de r\u00e9seau et de solutions num\u00e9riques Angola Cables noue un partenariat avec l\u2019op\u00e9rateur t\u00e9l\u00e9com camerounais Camtel pour \u00e9largir ses services num\u00e9riques et de connectivit\u00e9 au Cameroun et en Afrique de l\u2019Ouest.<\/strong><\/p>\n<p>&nbsp;<\/p>\n<p>L\u2019accord entre Camtel et Angola Cables fait suite \u00e0 l\u2019intention des deux soci\u00e9t\u00e9s de d\u00e9velopper des opportunit\u00e9s commerciales en Afrique de l\u2019Ouest et dans la r\u00e9gion Atlantique afin de renforcer la redondance, la r\u00e9silience des r\u00e9seaux et la qualit\u00e9 des services (QoS) \u00e0 l\u2019\u00e9chelle nationale et internationale.<\/p>\n<blockquote><p>De son c\u00f4t\u00e9, Camtem dispose d\u2019une solide connectivit\u00e9 nationale en fibre optique avec la r\u00e9gion CEMAC.<\/p><\/blockquote>\n<p>Tirant parti des vastes connexions par c\u00e2ble sous-marin de SACS, WACS et Monet au sein du r\u00e9seau de liaison robuste d\u2019Angola Cables \u2013 et de la connectivit\u00e9 suppl\u00e9mentaire fournie par Camtel sur le South Atlantic Inter Link (SAIL), les entreprises disposeront d\u2019options de capacit\u00e9 \u00e9tendues avec un meilleur acc\u00e8s au trafic vers les r\u00e9seaux locaux et r\u00e9gionaux d\u2019Afrique de l\u2019Ouest par l\u2019entremise d\u2019Angola Cables et les points de pr\u00e9sence de Camtel.<\/p>\n<p>\u00ab<em>\u00a0Ce partenariat pourrait transformer la connectivit\u00e9 Internet et la transmission de donn\u00e9es en Afrique de l\u2019Ouest\u00a0\u00bb,<\/em>\u00a0d\u00e9clare Fernando Fernandes, directeur national de TelCables Nigeria, une filiale d\u2019Angola Cables.<\/p>\n<p>Judith Yah Sunday Epse Achidi, directeur g\u00e9n\u00e9ral de Camtel, pr\u00e9cise la strat\u00e9gie :<em>\u00a0\u00ab Notre intention est de nous appuyer sur la connectivit\u00e9 robuste des liaisons terrestres du r\u00e9seau Angola Cables et sur les interconnexions existantes que nous avons en place avec d\u2019autres c\u00e2bles sous-marins reliant la r\u00e9gion et le monde, afin de fournir des services \u00e0 valeur ajout\u00e9e flexibles et s\u00e9curis\u00e9s \u00e0 nos clients et \u00e0 nos entreprises. \u00bb<\/em><\/p>\n<p>De l\u2019avis des deux parties, l\u2019accord repr\u00e9sente une \u00e9tape importante dans l\u2019avancement des t\u00e9l\u00e9communications et de la connectivit\u00e9 num\u00e9rique en Afrique. \u00ab\u00a0<em>Pour<\/em>\u00a0<em>les utilisateurs, ce partenariat contribuera \u00e0 s\u00e9curiser la connectivit\u00e9 et le commerce, \u00e0 stimuler les \u00e9conomies et \u00e0 d\u00e9velopper les entreprises dans la r\u00e9gion \u00bb,<\/em>\u00a0commente Fernando Fernandes.<\/p>\n<p>Angola Cables fournit des connexions directes de l\u2019Afrique de l\u2019Ouest vers les \u00c9tats-Unis et l\u2019Am\u00e9rique du Sud et de l\u2019Afrique de l\u2019Ouest vers Londres avec la latence la plus faible du march\u00e9. Gr\u00e2ce \u00e0 ses r\u00e9seaux de c\u00e2bles sous-marins SACS, Monet, WACS et tiers, la soci\u00e9t\u00e9 se connecte directement \u00e0 une vingtaine de points de pr\u00e9sence et points d\u2019\u00e9change Internet aux Am\u00e9riques, en Afrique, en Europe et en Asie.<\/p>\n<p>Du point de vue d\u2019Angola Cables, la collaboration avec Camtel \u2013 qui pourrait faire l\u2019objet d\u2019une privatisation ces prochains mois\u00a0\u2013, peut se comprendre, juge la presse sp\u00e9cialis\u00e9e. Angola Cables contr\u00f4le la <em>start-up<\/em> \u00a0Blue, une marque num\u00e9rique cr\u00e9\u00e9e en 2021. Elle a la charge de commercialiser des services fixes, mobiles et internet de Camtel aupr\u00e8s des utilisateurs aupr\u00e8s de ses clients.<\/p>\n<p><strong>Une solide connectivit\u00e9<\/strong><\/p>\n<p>Angola Cables exploite \u00e9galement deux centres de donn\u00e9es, AngoNAP Fortaleza Tier III (Br\u00e9sil) et AngoNAP Luanda (Angola). La soci\u00e9t\u00e9 g\u00e8re \u00e9galement PIX au Br\u00e9sil et Angonix Angola \u2013 l\u2019un des plus grands points d\u2019\u00e9change Internet (IXP) en Afrique. Par l\u2019interm\u00e9diaire de ses partenaires et revendeurs, le groupe propose des solutions et des services de connectivit\u00e9 avanc\u00e9s et s\u00e9curis\u00e9s \u00e0 une gamme de clients dans de multiples secteurs.<\/p>\n<p>De son c\u00f4t\u00e9, Camtem dispose d\u2019une solide connectivit\u00e9 nationale en fibre optique avec la r\u00e9gion CEMAC, gr\u00e2ce \u00e0 ses multiples c\u00e2bles sous-marins arrivant aux stations 03 stations avec Gateways, un centre de donn\u00e9es de niveau III con\u00e7u \u00e0 Yaound\u00e9 \u2013 Zamengoe, et aux stations terrestres 03 Satellite. Camtel est \u00e9galement au c\u0153ur de l\u2019initiative WE-Africa-NA, un corridor num\u00e9rique \u00e0 haut d\u00e9bit reliant le Golfe de Guin\u00e9e \u00e0 la Corne de l\u2019Afrique.<\/p>\n<p><strong>Le Magazine de l&rsquo;Afrique<\/strong><\/p>\n","protected":false},"excerpt":{"rendered":"<p>Le fournisseur mondial de services de r\u00e9seau et de solutions num\u00e9riques Angola Cables noue un partenariat avec l\u2019op\u00e9rateur t\u00e9l\u00e9com camerounais Camtel pour \u00e9largir ses services&#8230;<\/p>\n","protected":false},"author":1,"featured_media":6403,"comment_status":"closed","ping_status":"open","sticky":false,"template":"","format":"standard","meta":{"_jetpack_memberships_contains_paid_content":false,"footnotes":""},"categories":[8],"tags":[],"class_list":["post-6402","post","type-post","status-publish","format-standard","has-post-thumbnail","hentry","category-actualite-economique","wpcat-8-id"],"yoast_head":"<!-- This site is optimized with the Yoast SEO plugin v27.1.1 - https:\/\/yoast.com\/product\/yoast-seo-wordpress\/ -->\n<title>Une connectivit\u00e9 renforc\u00e9e en Afrique de l\u2019Ouest - challenges economiques<\/title>\n<meta name=\"robots\" content=\"index, follow, max-snippet:-1, max-image-preview:large, max-video-preview:-1\" \/>\n<link rel=\"canonical\" href=\"https:\/\/challengeseconomiques.com\/?p=6402\" \/>\n<meta property=\"og:locale\" content=\"fr_FR\" \/>\n<meta property=\"og:type\" content=\"article\" \/>\n<meta property=\"og:title\" content=\"Une connectivit\u00e9 renforc\u00e9e en Afrique de l\u2019Ouest - challenges economiques\" \/>\n<meta property=\"og:description\" content=\"Le fournisseur mondial de services de r\u00e9seau et de solutions num\u00e9riques Angola Cables noue un partenariat avec l\u2019op\u00e9rateur t\u00e9l\u00e9com camerounais Camtel pour \u00e9largir ses services...\" \/>\n<meta property=\"og:url\" content=\"https:\/\/challengeseconomiques.com\/?p=6402\" \/>\n<meta property=\"og:site_name\" content=\"challenges economiques\" \/>\n<meta property=\"article:published_time\" content=\"2024-05-17T15:46:05+00:00\" \/>\n<meta property=\"article:modified_time\" content=\"2024-05-17T15:46:29+00:00\" \/>\n<meta property=\"og:image\" content=\"https:\/\/challengeseconomiques.com\/wp-content\/uploads\/2024\/05\/Cable-sous-marin-770x470-1.webp\" \/>\n\t<meta property=\"og:image:width\" content=\"770\" \/>\n\t<meta property=\"og:image:height\" content=\"470\" \/>\n\t<meta property=\"og:image:type\" content=\"image\/webp\" \/>\n<meta name=\"author\" content=\"admin\" \/>\n<meta name=\"twitter:card\" content=\"summary_large_image\" \/>\n<meta name=\"twitter:label1\" content=\"\u00c9crit par\" \/>\n\t<meta name=\"twitter:data1\" content=\"admin\" \/>\n\t<meta name=\"twitter:label2\" content=\"Dur\u00e9e de lecture estim\u00e9e\" \/>\n\t<meta name=\"twitter:data2\" content=\"3 minutes\" \/>\n<script type=\"application\/ld+json\" class=\"yoast-schema-graph\">{\"@context\":\"https:\/\/schema.org\",\"@graph\":[{\"@type\":\"Article\",\"@id\":\"https:\/\/challengeseconomiques.com\/?p=6402#article\",\"isPartOf\":{\"@id\":\"https:\/\/challengeseconomiques.com\/?p=6402\"},\"author\":{\"name\":\"admin\",\"@id\":\"https:\/\/challengeseconomiques.com\/#\/schema\/person\/b4568c9afebc5a9238a771873801e349\"},\"headline\":\"Une connectivit\u00e9 renforc\u00e9e en Afrique de l\u2019Ouest\",\"datePublished\":\"2024-05-17T15:46:05+00:00\",\"dateModified\":\"2024-05-17T15:46:29+00:00\",\"mainEntityOfPage\":{\"@id\":\"https:\/\/challengeseconomiques.com\/?p=6402\"},\"wordCount\":685,\"image\":{\"@id\":\"https:\/\/challengeseconomiques.com\/?p=6402#primaryimage\"},\"thumbnailUrl\":\"https:\/\/challengeseconomiques.com\/wp-content\/uploads\/2024\/05\/Cable-sous-marin-770x470-1.webp\",\"articleSection\":[\"Actualit\u00e9 \u00e9conomique\"],\"inLanguage\":\"fr-FR\"},{\"@type\":\"WebPage\",\"@id\":\"https:\/\/challengeseconomiques.com\/?p=6402\",\"url\":\"https:\/\/challengeseconomiques.com\/?p=6402\",\"name\":\"Une connectivit\u00e9 renforc\u00e9e en Afrique de l\u2019Ouest - challenges economiques\",\"isPartOf\":{\"@id\":\"https:\/\/challengeseconomiques.com\/#website\"},\"primaryImageOfPage\":{\"@id\":\"https:\/\/challengeseconomiques.com\/?p=6402#primaryimage\"},\"image\":{\"@id\":\"https:\/\/challengeseconomiques.com\/?p=6402#primaryimage\"},\"thumbnailUrl\":\"https:\/\/challengeseconomiques.com\/wp-content\/uploads\/2024\/05\/Cable-sous-marin-770x470-1.webp\",\"datePublished\":\"2024-05-17T15:46:05+00:00\",\"dateModified\":\"2024-05-17T15:46:29+00:00\",\"author\":{\"@id\":\"https:\/\/challengeseconomiques.com\/#\/schema\/person\/b4568c9afebc5a9238a771873801e349\"},\"breadcrumb\":{\"@id\":\"https:\/\/challengeseconomiques.com\/?p=6402#breadcrumb\"},\"inLanguage\":\"fr-FR\",\"potentialAction\":[{\"@type\":\"ReadAction\",\"target\":[\"https:\/\/challengeseconomiques.com\/?p=6402\"]}]},{\"@type\":\"ImageObject\",\"inLanguage\":\"fr-FR\",\"@id\":\"https:\/\/challengeseconomiques.com\/?p=6402#primaryimage\",\"url\":\"https:\/\/challengeseconomiques.com\/wp-content\/uploads\/2024\/05\/Cable-sous-marin-770x470-1.webp\",\"contentUrl\":\"https:\/\/challengeseconomiques.com\/wp-content\/uploads\/2024\/05\/Cable-sous-marin-770x470-1.webp\",\"width\":770,\"height\":470},{\"@type\":\"BreadcrumbList\",\"@id\":\"https:\/\/challengeseconomiques.com\/?p=6402#breadcrumb\",\"itemListElement\":[{\"@type\":\"ListItem\",\"position\":1,\"name\":\"Home\",\"item\":\"https:\/\/challengeseconomiques.com\/\"},{\"@type\":\"ListItem\",\"position\":2,\"name\":\"Une connectivit\u00e9 renforc\u00e9e en Afrique de l\u2019Ouest\"}]},{\"@type\":\"WebSite\",\"@id\":\"https:\/\/challengeseconomiques.com\/#website\",\"url\":\"https:\/\/challengeseconomiques.com\/\",\"name\":\"challenges economiques\",\"description\":\"\",\"potentialAction\":[{\"@type\":\"SearchAction\",\"target\":{\"@type\":\"EntryPoint\",\"urlTemplate\":\"https:\/\/challengeseconomiques.com\/?s={search_term_string}\"},\"query-input\":{\"@type\":\"PropertyValueSpecification\",\"valueRequired\":true,\"valueName\":\"search_term_string\"}}],\"inLanguage\":\"fr-FR\"},{\"@type\":\"Person\",\"@id\":\"https:\/\/challengeseconomiques.com\/#\/schema\/person\/b4568c9afebc5a9238a771873801e349\",\"name\":\"admin\",\"image\":{\"@type\":\"ImageObject\",\"inLanguage\":\"fr-FR\",\"@id\":\"https:\/\/challengeseconomiques.com\/#\/schema\/person\/image\/\",\"url\":\"https:\/\/secure.gravatar.com\/avatar\/099e42240b5eea11acdb72751fcce0dd918603f0749d24974b7984ea47ed9fd9?s=96&d=mm&r=g\",\"contentUrl\":\"https:\/\/secure.gravatar.com\/avatar\/099e42240b5eea11acdb72751fcce0dd918603f0749d24974b7984ea47ed9fd9?s=96&d=mm&r=g\",\"caption\":\"admin\"},\"sameAs\":[\"https:\/\/challengeseconomiques.com\"],\"url\":\"https:\/\/challengeseconomiques.com\/?author=1\"}]}<\/script>\n<!-- \/ Yoast SEO plugin. -->","yoast_head_json":{"title":"Une connectivit\u00e9 renforc\u00e9e en Afrique de l\u2019Ouest - challenges economiques","robots":{"index":"index","follow":"follow","max-snippet":"max-snippet:-1","max-image-preview":"max-image-preview:large","max-video-preview":"max-video-preview:-1"},"canonical":"https:\/\/challengeseconomiques.com\/?p=6402","og_locale":"fr_FR","og_type":"article","og_title":"Une connectivit\u00e9 renforc\u00e9e en Afrique de l\u2019Ouest - challenges economiques","og_description":"Le fournisseur mondial de services de r\u00e9seau et de solutions num\u00e9riques Angola Cables noue un partenariat avec l\u2019op\u00e9rateur t\u00e9l\u00e9com camerounais Camtel pour \u00e9largir ses services...","og_url":"https:\/\/challengeseconomiques.com\/?p=6402","og_site_name":"challenges economiques","article_published_time":"2024-05-17T15:46:05+00:00","article_modified_time":"2024-05-17T15:46:29+00:00","og_image":[{"width":770,"height":470,"url":"https:\/\/challengeseconomiques.com\/wp-content\/uploads\/2024\/05\/Cable-sous-marin-770x470-1.webp","type":"image\/webp"}],"author":"admin","twitter_card":"summary_large_image","twitter_misc":{"\u00c9crit par":"admin","Dur\u00e9e de lecture estim\u00e9e":"3 minutes"},"schema":{"@context":"https:\/\/schema.org","@graph":[{"@type":"Article","@id":"https:\/\/challengeseconomiques.com\/?p=6402#article","isPartOf":{"@id":"https:\/\/challengeseconomiques.com\/?p=6402"},"author":{"name":"admin","@id":"https:\/\/challengeseconomiques.com\/#\/schema\/person\/b4568c9afebc5a9238a771873801e349"},"headline":"Une connectivit\u00e9 renforc\u00e9e en Afrique de l\u2019Ouest","datePublished":"2024-05-17T15:46:05+00:00","dateModified":"2024-05-17T15:46:29+00:00","mainEntityOfPage":{"@id":"https:\/\/challengeseconomiques.com\/?p=6402"},"wordCount":685,"image":{"@id":"https:\/\/challengeseconomiques.com\/?p=6402#primaryimage"},"thumbnailUrl":"https:\/\/challengeseconomiques.com\/wp-content\/uploads\/2024\/05\/Cable-sous-marin-770x470-1.webp","articleSection":["Actualit\u00e9 \u00e9conomique"],"inLanguage":"fr-FR"},{"@type":"WebPage","@id":"https:\/\/challengeseconomiques.com\/?p=6402","url":"https:\/\/challengeseconomiques.com\/?p=6402","name":"Une connectivit\u00e9 renforc\u00e9e en Afrique de l\u2019Ouest - challenges economiques","isPartOf":{"@id":"https:\/\/challengeseconomiques.com\/#website"},"primaryImageOfPage":{"@id":"https:\/\/challengeseconomiques.com\/?p=6402#primaryimage"},"image":{"@id":"https:\/\/challengeseconomiques.com\/?p=6402#primaryimage"},"thumbnailUrl":"https:\/\/challengeseconomiques.com\/wp-content\/uploads\/2024\/05\/Cable-sous-marin-770x470-1.webp","datePublished":"2024-05-17T15:46:05+00:00","dateModified":"2024-05-17T15:46:29+00:00","author":{"@id":"https:\/\/challengeseconomiques.com\/#\/schema\/person\/b4568c9afebc5a9238a771873801e349"},"breadcrumb":{"@id":"https:\/\/challengeseconomiques.com\/?p=6402#breadcrumb"},"inLanguage":"fr-FR","potentialAction":[{"@type":"ReadAction","target":["https:\/\/challengeseconomiques.com\/?p=6402"]}]},{"@type":"ImageObject","inLanguage":"fr-FR","@id":"https:\/\/challengeseconomiques.com\/?p=6402#primaryimage","url":"https:\/\/challengeseconomiques.com\/wp-content\/uploads\/2024\/05\/Cable-sous-marin-770x470-1.webp","contentUrl":"https:\/\/challengeseconomiques.com\/wp-content\/uploads\/2024\/05\/Cable-sous-marin-770x470-1.webp","width":770,"height":470},{"@type":"BreadcrumbList","@id":"https:\/\/challengeseconomiques.com\/?p=6402#breadcrumb","itemListElement":[{"@type":"ListItem","position":1,"name":"Home","item":"https:\/\/challengeseconomiques.com\/"},{"@type":"ListItem","position":2,"name":"Une connectivit\u00e9 renforc\u00e9e en Afrique de l\u2019Ouest"}]},{"@type":"WebSite","@id":"https:\/\/challengeseconomiques.com\/#website","url":"https:\/\/challengeseconomiques.com\/","name":"challenges economiques","description":"","potentialAction":[{"@type":"SearchAction","target":{"@type":"EntryPoint","urlTemplate":"https:\/\/challengeseconomiques.com\/?s={search_term_string}"},"query-input":{"@type":"PropertyValueSpecification","valueRequired":true,"valueName":"search_term_string"}}],"inLanguage":"fr-FR"},{"@type":"Person","@id":"https:\/\/challengeseconomiques.com\/#\/schema\/person\/b4568c9afebc5a9238a771873801e349","name":"admin","image":{"@type":"ImageObject","inLanguage":"fr-FR","@id":"https:\/\/challengeseconomiques.com\/#\/schema\/person\/image\/","url":"https:\/\/secure.gravatar.com\/avatar\/099e42240b5eea11acdb72751fcce0dd918603f0749d24974b7984ea47ed9fd9?s=96&d=mm&r=g","contentUrl":"https:\/\/secure.gravatar.com\/avatar\/099e42240b5eea11acdb72751fcce0dd918603f0749d24974b7984ea47ed9fd9?s=96&d=mm&r=g","caption":"admin"},"sameAs":["https:\/\/challengeseconomiques.com"],"url":"https:\/\/challengeseconomiques.com\/?author=1"}]}},"jetpack_featured_media_url":"https:\/\/challengeseconomiques.com\/wp-content\/uploads\/2024\/05\/Cable-sous-marin-770x470-1.webp","jetpack_sharing_enabled":true,"_links":{"self":[{"href":"https:\/\/challengeseconomiques.com\/index.php?rest_route=\/wp\/v2\/posts\/6402","targetHints":{"allow":["GET"]}}],"collection":[{"href":"https:\/\/challengeseconomiques.com\/index.php?rest_route=\/wp\/v2\/posts"}],"about":[{"href":"https:\/\/challengeseconomiques.com\/index.php?rest_route=\/wp\/v2\/types\/post"}],"author":[{"embeddable":true,"href":"https:\/\/challengeseconomiques.com\/index.php?rest_route=\/wp\/v2\/users\/1"}],"replies":[{"embeddable":true,"href":"https:\/\/challengeseconomiques.com\/index.php?rest_route=%2Fwp%2Fv2%2Fcomments&post=6402"}],"version-history":[{"count":1,"href":"https:\/\/challengeseconomiques.com\/index.php?rest_route=\/wp\/v2\/posts\/6402\/revisions"}],"predecessor-version":[{"id":6404,"href":"https:\/\/challengeseconomiques.com\/index.php?rest_route=\/wp\/v2\/posts\/6402\/revisions\/6404"}],"wp:featuredmedia":[{"embeddable":true,"href":"https:\/\/challengeseconomiques.com\/index.php?rest_route=\/wp\/v2\/media\/6403"}],"wp:attachment":[{"href":"https:\/\/challengeseconomiques.com\/index.php?rest_route=%2Fwp%2Fv2%2Fmedia&parent=6402"}],"wp:term":[{"taxonomy":"category","embeddable":true,"href":"https:\/\/challengeseconomiques.com\/index.php?rest_route=%2Fwp%2Fv2%2Fcategories&post=6402"},{"taxonomy":"post_tag","embeddable":true,"href":"https:\/\/challengeseconomiques.com\/index.php?rest_route=%2Fwp%2Fv2%2Ftags&post=6402"}],"curies":[{"name":"wp","href":"https:\/\/api.w.org\/{rel}","templated":true}]}}