{"id":6399,"date":"2024-05-17T07:28:28","date_gmt":"2024-05-17T07:28:28","guid":{"rendered":"https:\/\/challengeseconomiques.com\/?p=6399"},"modified":"2024-05-17T15:05:36","modified_gmt":"2024-05-17T15:05:36","slug":"de-nouveaux-secretaires-generaux-et-directeurs-generaux-pour-certains-ministeres-et-societes-publiques-et-parapubliques","status":"publish","type":"post","link":"https:\/\/challengeseconomiques.com\/?p=6399","title":{"rendered":"De nouveaux secr\u00e9taires g\u00e9n\u00e9raux et directeurs g\u00e9n\u00e9raux pour certains minist\u00e8res et soci\u00e9t\u00e9s publiques et parapubliques"},"content":{"rendered":"<p><strong>Des mouvements ont \u00e9t\u00e9 not\u00e9s dans certains minist\u00e8res et directions d\u2019entreprises publiques et parapubliques \u00e0 l\u2019occasion du dernier conseil des ministres. En effet, les d\u00e9cisions prises par le Pr\u00e9sident de la R\u00e9publique, au titre des mesures individuelles \u00a0ont \u00e9t\u00e9 \u00e0 l\u2019origine de changements, \u00a0dans ces structures, notamment par rapport aux figures, qui en assuraient jusque-l\u00e0 la gestion et le fonctionnement.<\/strong><\/p>\n<p>Au minist\u00e8re de l\u2019\u00e9nergie, du p\u00e9trole et des mines des changements sont intervenus avec la nomination de M. Cheikh NIANE comme nouveau secr\u00e9taire g\u00e9n\u00e9ral dudit minist\u00e8re. Et ce changement intervient quelques mois avant que les premiers barils ne commencent \u00e0 sortir des gisements de p\u00e9trole et de gaz d\u00e9couverts dans notre pays.<\/p>\n<p>Le minist\u00e8re des infrastructures, des transports terrestres et a\u00e9riens a aussi chang\u00e9 de secr\u00e9taire g\u00e9n\u00e9ral. Et c\u2019est Serigne Ahmadou Bamba SY, ing\u00e9nieur centralien et g\u00e9omaticien, expert en s\u00fbret\u00e9 et en management des projets, qui a \u00e9t\u00e9 promu nouveau secr\u00e9taire g\u00e9n\u00e9ral de ce minist\u00e8re, le jour m\u00eame, qui a marqu\u00e9 le d\u00e9marrage effectif des activit\u00e9s du bus rapide transit (BRT).<\/p>\n<p>A l\u2019heure o\u00f9 la diminution des prix des denr\u00e9es de premi\u00e8re n\u00e9cessit\u00e9 fait partie des sujets, qui font l\u2019actualit\u00e9, le ministre de l\u2019industrie et du commerce change confirme Makhtar LAKH comme secr\u00e9taire g\u00e9n\u00e9ral de son d\u00e9partement. \u00a0Commissaire principal aux enqu\u00eates \u00e9conomiques, Makhtar LAKHest en terrain connu puisque ayant occup\u00e9 cette fonction \u00e0 plusieurs reprises et sous le magist\u00e8re de diff\u00e9rents ministres.<\/p>\n<p>Le minist\u00e8re des p\u00eaches, des infrastructures maritimes et portuaires, change aussi de secr\u00e9taire g\u00e9n\u00e9ral avec la nomination du magistrat Mamadou Bassirou NDIAYE. A quelques semaines du d\u00e9marrage de la campagne agricole, le commissaire principal aux enqu\u00eates \u00e9conomiques, Ousmane Mbaye est le nouveau secr\u00e9taire g\u00e9n\u00e9ral de ce minist\u00e8re.<\/p>\n<p>L\u2019administrateur civil, Gorgui Ndiaye est nomm\u00e9 secr\u00e9taire g\u00e9n\u00e9ral du minist\u00e8re de la microfinance, de l\u2019\u00e9conomie sociale et solidaire.<\/p>\n<p>Notons que parall\u00e8lement \u00e0 ces minist\u00e8res, des directions de soci\u00e9t\u00e9s publiques et parapubliques, n\u2019ont pas \u00e9chapp\u00e9 aux changements entrain\u00e9s par les nouvelles nominations. Parmi ces soci\u00e9t\u00e9s, on peut citer la Soci\u00e9t\u00e9 nationale de commercialisation des ol\u00e9agineux du S\u00e9n\u00e9gal (SONACOS SA) ou Kibily TOURE a \u00e9t\u00e9 remplac\u00e9 par Ndane DIAGNE.<\/p>\n<p>L\u2019agence nationale de la statistique et de la d\u00e9mographie (ANSD) change aussi de directeur. Le directeur g\u00e9n\u00e9ral sortant, Aboubacar S\u00e9dikh BEYE a \u00e9t\u00e9 remplac\u00e9 par l\u2019ing\u00e9nieur statisticien, Abdou Diouf. La Soci\u00e9t\u00e9 de Gestion des infrastructures publiques dans les p\u00f4les urbains de Diamniadio et du Lac Rose (SOGIP SA) est confi\u00e9e \u00e0 Dame Mbodj en remplacement de Mamadou FAYE.<\/p>\n<p>Papa Mahawa DIOUF a \u00e9t\u00e9 aussi remplac\u00e9 \u00e0 la t\u00eate l\u2019agence s\u00e9n\u00e9galaise de promotion touristique (ASPT). Le maitre de conf\u00e9rences titulaire des universit\u00e9s, Adama Ndiaye est le nouveau directeur g\u00e9n\u00e9ral de cette structure dont la mission est de promouvoir la destination\u00a0: S\u00e9n\u00e9gal \u00e0 l\u2019\u00e9tranger.<\/p>\n<p>L\u2019avocat Babacar Ndiaye, quant \u00e0 lui est nomm\u00e9 nouveau directeur g\u00e9n\u00e9ral de la soci\u00e9t\u00e9 nationale de recouvrement (SNR), en remplacement de Bassirou NGOM. A la Soci\u00e9t\u00e9 nationale de gestion du patrimoine du train express r\u00e9gional (SENTER SA), l\u2019ing\u00e9nieur des ponts et chauss\u00e9es, Cheikh Ibrahima NDIAYE est nomm\u00e9 directeur g\u00e9n\u00e9ral en remplacement de Abdou Nd\u00e9n\u00e9 SALL.<\/p>\n<p><strong>Idrissa GUEYE<\/strong><\/p>\n","protected":false},"excerpt":{"rendered":"<p>Des mouvements ont \u00e9t\u00e9 not\u00e9s dans certains minist\u00e8res et directions d\u2019entreprises publiques et parapubliques \u00e0 l\u2019occasion du dernier conseil des ministres. En effet, les d\u00e9cisions&#8230;<\/p>\n","protected":false},"author":1,"featured_media":6155,"comment_status":"closed","ping_status":"open","sticky":false,"template":"","format":"standard","meta":{"_jetpack_memberships_contains_paid_content":false,"footnotes":""},"categories":[23],"tags":[],"class_list":["post-6399","post","type-post","status-publish","format-standard","has-post-thumbnail","hentry","category-a-la-une","wpcat-23-id"],"yoast_head":"<!-- This site is optimized with the Yoast SEO plugin v27.1.1 - https:\/\/yoast.com\/product\/yoast-seo-wordpress\/ -->\n<title>De nouveaux secr\u00e9taires g\u00e9n\u00e9raux et directeurs g\u00e9n\u00e9raux pour certains minist\u00e8res et soci\u00e9t\u00e9s publiques et parapubliques - challenges economiques<\/title>\n<meta name=\"robots\" content=\"index, follow, max-snippet:-1, max-image-preview:large, max-video-preview:-1\" \/>\n<link rel=\"canonical\" href=\"https:\/\/challengeseconomiques.com\/?p=6399\" \/>\n<meta property=\"og:locale\" content=\"fr_FR\" \/>\n<meta property=\"og:type\" content=\"article\" \/>\n<meta property=\"og:title\" content=\"De nouveaux secr\u00e9taires g\u00e9n\u00e9raux et directeurs g\u00e9n\u00e9raux pour certains minist\u00e8res et soci\u00e9t\u00e9s publiques et parapubliques - challenges economiques\" \/>\n<meta property=\"og:description\" content=\"Des mouvements ont \u00e9t\u00e9 not\u00e9s dans certains minist\u00e8res et directions d\u2019entreprises publiques et parapubliques \u00e0 l\u2019occasion du dernier conseil des ministres. En effet, les d\u00e9cisions...\" \/>\n<meta property=\"og:url\" content=\"https:\/\/challengeseconomiques.com\/?p=6399\" \/>\n<meta property=\"og:site_name\" content=\"challenges economiques\" \/>\n<meta property=\"article:published_time\" content=\"2024-05-17T07:28:28+00:00\" \/>\n<meta property=\"article:modified_time\" content=\"2024-05-17T15:05:36+00:00\" \/>\n<meta property=\"og:image\" content=\"https:\/\/challengeseconomiques.com\/wp-content\/uploads\/2024\/03\/bassfaye.jpg\" \/>\n\t<meta property=\"og:image:width\" content=\"1242\" \/>\n\t<meta property=\"og:image:height\" content=\"957\" \/>\n\t<meta property=\"og:image:type\" content=\"image\/jpeg\" \/>\n<meta name=\"author\" content=\"admin\" \/>\n<meta name=\"twitter:card\" content=\"summary_large_image\" \/>\n<meta name=\"twitter:label1\" content=\"\u00c9crit par\" \/>\n\t<meta name=\"twitter:data1\" content=\"admin\" \/>\n\t<meta name=\"twitter:label2\" content=\"Dur\u00e9e de lecture estim\u00e9e\" \/>\n\t<meta name=\"twitter:data2\" content=\"3 minutes\" \/>\n<script type=\"application\/ld+json\" class=\"yoast-schema-graph\">{\"@context\":\"https:\/\/schema.org\",\"@graph\":[{\"@type\":\"Article\",\"@id\":\"https:\/\/challengeseconomiques.com\/?p=6399#article\",\"isPartOf\":{\"@id\":\"https:\/\/challengeseconomiques.com\/?p=6399\"},\"author\":{\"name\":\"admin\",\"@id\":\"https:\/\/challengeseconomiques.com\/#\/schema\/person\/b4568c9afebc5a9238a771873801e349\"},\"headline\":\"De nouveaux secr\u00e9taires g\u00e9n\u00e9raux et directeurs g\u00e9n\u00e9raux pour certains minist\u00e8res et soci\u00e9t\u00e9s publiques et parapubliques\",\"datePublished\":\"2024-05-17T07:28:28+00:00\",\"dateModified\":\"2024-05-17T15:05:36+00:00\",\"mainEntityOfPage\":{\"@id\":\"https:\/\/challengeseconomiques.com\/?p=6399\"},\"wordCount\":627,\"image\":{\"@id\":\"https:\/\/challengeseconomiques.com\/?p=6399#primaryimage\"},\"thumbnailUrl\":\"https:\/\/challengeseconomiques.com\/wp-content\/uploads\/2024\/03\/bassfaye.jpg\",\"articleSection\":[\"A la une\"],\"inLanguage\":\"fr-FR\"},{\"@type\":\"WebPage\",\"@id\":\"https:\/\/challengeseconomiques.com\/?p=6399\",\"url\":\"https:\/\/challengeseconomiques.com\/?p=6399\",\"name\":\"De nouveaux secr\u00e9taires g\u00e9n\u00e9raux et directeurs g\u00e9n\u00e9raux pour certains minist\u00e8res et soci\u00e9t\u00e9s publiques et parapubliques - challenges economiques\",\"isPartOf\":{\"@id\":\"https:\/\/challengeseconomiques.com\/#website\"},\"primaryImageOfPage\":{\"@id\":\"https:\/\/challengeseconomiques.com\/?p=6399#primaryimage\"},\"image\":{\"@id\":\"https:\/\/challengeseconomiques.com\/?p=6399#primaryimage\"},\"thumbnailUrl\":\"https:\/\/challengeseconomiques.com\/wp-content\/uploads\/2024\/03\/bassfaye.jpg\",\"datePublished\":\"2024-05-17T07:28:28+00:00\",\"dateModified\":\"2024-05-17T15:05:36+00:00\",\"author\":{\"@id\":\"https:\/\/challengeseconomiques.com\/#\/schema\/person\/b4568c9afebc5a9238a771873801e349\"},\"breadcrumb\":{\"@id\":\"https:\/\/challengeseconomiques.com\/?p=6399#breadcrumb\"},\"inLanguage\":\"fr-FR\",\"potentialAction\":[{\"@type\":\"ReadAction\",\"target\":[\"https:\/\/challengeseconomiques.com\/?p=6399\"]}]},{\"@type\":\"ImageObject\",\"inLanguage\":\"fr-FR\",\"@id\":\"https:\/\/challengeseconomiques.com\/?p=6399#primaryimage\",\"url\":\"https:\/\/challengeseconomiques.com\/wp-content\/uploads\/2024\/03\/bassfaye.jpg\",\"contentUrl\":\"https:\/\/challengeseconomiques.com\/wp-content\/uploads\/2024\/03\/bassfaye.jpg\",\"width\":1242,\"height\":957},{\"@type\":\"BreadcrumbList\",\"@id\":\"https:\/\/challengeseconomiques.com\/?p=6399#breadcrumb\",\"itemListElement\":[{\"@type\":\"ListItem\",\"position\":1,\"name\":\"Home\",\"item\":\"https:\/\/challengeseconomiques.com\/\"},{\"@type\":\"ListItem\",\"position\":2,\"name\":\"De nouveaux secr\u00e9taires g\u00e9n\u00e9raux et directeurs g\u00e9n\u00e9raux pour certains minist\u00e8res et soci\u00e9t\u00e9s publiques et parapubliques\"}]},{\"@type\":\"WebSite\",\"@id\":\"https:\/\/challengeseconomiques.com\/#website\",\"url\":\"https:\/\/challengeseconomiques.com\/\",\"name\":\"challenges economiques\",\"description\":\"\",\"potentialAction\":[{\"@type\":\"SearchAction\",\"target\":{\"@type\":\"EntryPoint\",\"urlTemplate\":\"https:\/\/challengeseconomiques.com\/?s={search_term_string}\"},\"query-input\":{\"@type\":\"PropertyValueSpecification\",\"valueRequired\":true,\"valueName\":\"search_term_string\"}}],\"inLanguage\":\"fr-FR\"},{\"@type\":\"Person\",\"@id\":\"https:\/\/challengeseconomiques.com\/#\/schema\/person\/b4568c9afebc5a9238a771873801e349\",\"name\":\"admin\",\"image\":{\"@type\":\"ImageObject\",\"inLanguage\":\"fr-FR\",\"@id\":\"https:\/\/challengeseconomiques.com\/#\/schema\/person\/image\/\",\"url\":\"https:\/\/secure.gravatar.com\/avatar\/099e42240b5eea11acdb72751fcce0dd918603f0749d24974b7984ea47ed9fd9?s=96&d=mm&r=g\",\"contentUrl\":\"https:\/\/secure.gravatar.com\/avatar\/099e42240b5eea11acdb72751fcce0dd918603f0749d24974b7984ea47ed9fd9?s=96&d=mm&r=g\",\"caption\":\"admin\"},\"sameAs\":[\"https:\/\/challengeseconomiques.com\"],\"url\":\"https:\/\/challengeseconomiques.com\/?author=1\"}]}<\/script>\n<!-- \/ Yoast SEO plugin. -->","yoast_head_json":{"title":"De nouveaux secr\u00e9taires g\u00e9n\u00e9raux et directeurs g\u00e9n\u00e9raux pour certains minist\u00e8res et soci\u00e9t\u00e9s publiques et parapubliques - challenges economiques","robots":{"index":"index","follow":"follow","max-snippet":"max-snippet:-1","max-image-preview":"max-image-preview:large","max-video-preview":"max-video-preview:-1"},"canonical":"https:\/\/challengeseconomiques.com\/?p=6399","og_locale":"fr_FR","og_type":"article","og_title":"De nouveaux secr\u00e9taires g\u00e9n\u00e9raux et directeurs g\u00e9n\u00e9raux pour certains minist\u00e8res et soci\u00e9t\u00e9s publiques et parapubliques - challenges economiques","og_description":"Des mouvements ont \u00e9t\u00e9 not\u00e9s dans certains minist\u00e8res et directions d\u2019entreprises publiques et parapubliques \u00e0 l\u2019occasion du dernier conseil des ministres. En effet, les d\u00e9cisions...","og_url":"https:\/\/challengeseconomiques.com\/?p=6399","og_site_name":"challenges economiques","article_published_time":"2024-05-17T07:28:28+00:00","article_modified_time":"2024-05-17T15:05:36+00:00","og_image":[{"width":1242,"height":957,"url":"https:\/\/challengeseconomiques.com\/wp-content\/uploads\/2024\/03\/bassfaye.jpg","type":"image\/jpeg"}],"author":"admin","twitter_card":"summary_large_image","twitter_misc":{"\u00c9crit par":"admin","Dur\u00e9e de lecture estim\u00e9e":"3 minutes"},"schema":{"@context":"https:\/\/schema.org","@graph":[{"@type":"Article","@id":"https:\/\/challengeseconomiques.com\/?p=6399#article","isPartOf":{"@id":"https:\/\/challengeseconomiques.com\/?p=6399"},"author":{"name":"admin","@id":"https:\/\/challengeseconomiques.com\/#\/schema\/person\/b4568c9afebc5a9238a771873801e349"},"headline":"De nouveaux secr\u00e9taires g\u00e9n\u00e9raux et directeurs g\u00e9n\u00e9raux pour certains minist\u00e8res et soci\u00e9t\u00e9s publiques et parapubliques","datePublished":"2024-05-17T07:28:28+00:00","dateModified":"2024-05-17T15:05:36+00:00","mainEntityOfPage":{"@id":"https:\/\/challengeseconomiques.com\/?p=6399"},"wordCount":627,"image":{"@id":"https:\/\/challengeseconomiques.com\/?p=6399#primaryimage"},"thumbnailUrl":"https:\/\/challengeseconomiques.com\/wp-content\/uploads\/2024\/03\/bassfaye.jpg","articleSection":["A la une"],"inLanguage":"fr-FR"},{"@type":"WebPage","@id":"https:\/\/challengeseconomiques.com\/?p=6399","url":"https:\/\/challengeseconomiques.com\/?p=6399","name":"De nouveaux secr\u00e9taires g\u00e9n\u00e9raux et directeurs g\u00e9n\u00e9raux pour certains minist\u00e8res et soci\u00e9t\u00e9s publiques et parapubliques - challenges economiques","isPartOf":{"@id":"https:\/\/challengeseconomiques.com\/#website"},"primaryImageOfPage":{"@id":"https:\/\/challengeseconomiques.com\/?p=6399#primaryimage"},"image":{"@id":"https:\/\/challengeseconomiques.com\/?p=6399#primaryimage"},"thumbnailUrl":"https:\/\/challengeseconomiques.com\/wp-content\/uploads\/2024\/03\/bassfaye.jpg","datePublished":"2024-05-17T07:28:28+00:00","dateModified":"2024-05-17T15:05:36+00:00","author":{"@id":"https:\/\/challengeseconomiques.com\/#\/schema\/person\/b4568c9afebc5a9238a771873801e349"},"breadcrumb":{"@id":"https:\/\/challengeseconomiques.com\/?p=6399#breadcrumb"},"inLanguage":"fr-FR","potentialAction":[{"@type":"ReadAction","target":["https:\/\/challengeseconomiques.com\/?p=6399"]}]},{"@type":"ImageObject","inLanguage":"fr-FR","@id":"https:\/\/challengeseconomiques.com\/?p=6399#primaryimage","url":"https:\/\/challengeseconomiques.com\/wp-content\/uploads\/2024\/03\/bassfaye.jpg","contentUrl":"https:\/\/challengeseconomiques.com\/wp-content\/uploads\/2024\/03\/bassfaye.jpg","width":1242,"height":957},{"@type":"BreadcrumbList","@id":"https:\/\/challengeseconomiques.com\/?p=6399#breadcrumb","itemListElement":[{"@type":"ListItem","position":1,"name":"Home","item":"https:\/\/challengeseconomiques.com\/"},{"@type":"ListItem","position":2,"name":"De nouveaux secr\u00e9taires g\u00e9n\u00e9raux et directeurs g\u00e9n\u00e9raux pour certains minist\u00e8res et soci\u00e9t\u00e9s publiques et parapubliques"}]},{"@type":"WebSite","@id":"https:\/\/challengeseconomiques.com\/#website","url":"https:\/\/challengeseconomiques.com\/","name":"challenges economiques","description":"","potentialAction":[{"@type":"SearchAction","target":{"@type":"EntryPoint","urlTemplate":"https:\/\/challengeseconomiques.com\/?s={search_term_string}"},"query-input":{"@type":"PropertyValueSpecification","valueRequired":true,"valueName":"search_term_string"}}],"inLanguage":"fr-FR"},{"@type":"Person","@id":"https:\/\/challengeseconomiques.com\/#\/schema\/person\/b4568c9afebc5a9238a771873801e349","name":"admin","image":{"@type":"ImageObject","inLanguage":"fr-FR","@id":"https:\/\/challengeseconomiques.com\/#\/schema\/person\/image\/","url":"https:\/\/secure.gravatar.com\/avatar\/099e42240b5eea11acdb72751fcce0dd918603f0749d24974b7984ea47ed9fd9?s=96&d=mm&r=g","contentUrl":"https:\/\/secure.gravatar.com\/avatar\/099e42240b5eea11acdb72751fcce0dd918603f0749d24974b7984ea47ed9fd9?s=96&d=mm&r=g","caption":"admin"},"sameAs":["https:\/\/challengeseconomiques.com"],"url":"https:\/\/challengeseconomiques.com\/?author=1"}]}},"jetpack_featured_media_url":"https:\/\/challengeseconomiques.com\/wp-content\/uploads\/2024\/03\/bassfaye.jpg","jetpack_sharing_enabled":true,"_links":{"self":[{"href":"https:\/\/challengeseconomiques.com\/index.php?rest_route=\/wp\/v2\/posts\/6399","targetHints":{"allow":["GET"]}}],"collection":[{"href":"https:\/\/challengeseconomiques.com\/index.php?rest_route=\/wp\/v2\/posts"}],"about":[{"href":"https:\/\/challengeseconomiques.com\/index.php?rest_route=\/wp\/v2\/types\/post"}],"author":[{"embeddable":true,"href":"https:\/\/challengeseconomiques.com\/index.php?rest_route=\/wp\/v2\/users\/1"}],"replies":[{"embeddable":true,"href":"https:\/\/challengeseconomiques.com\/index.php?rest_route=%2Fwp%2Fv2%2Fcomments&post=6399"}],"version-history":[{"count":1,"href":"https:\/\/challengeseconomiques.com\/index.php?rest_route=\/wp\/v2\/posts\/6399\/revisions"}],"predecessor-version":[{"id":6400,"href":"https:\/\/challengeseconomiques.com\/index.php?rest_route=\/wp\/v2\/posts\/6399\/revisions\/6400"}],"wp:featuredmedia":[{"embeddable":true,"href":"https:\/\/challengeseconomiques.com\/index.php?rest_route=\/wp\/v2\/media\/6155"}],"wp:attachment":[{"href":"https:\/\/challengeseconomiques.com\/index.php?rest_route=%2Fwp%2Fv2%2Fmedia&parent=6399"}],"wp:term":[{"taxonomy":"category","embeddable":true,"href":"https:\/\/challengeseconomiques.com\/index.php?rest_route=%2Fwp%2Fv2%2Fcategories&post=6399"},{"taxonomy":"post_tag","embeddable":true,"href":"https:\/\/challengeseconomiques.com\/index.php?rest_route=%2Fwp%2Fv2%2Ftags&post=6399"}],"curies":[{"name":"wp","href":"https:\/\/api.w.org\/{rel}","templated":true}]}}