{"id":6395,"date":"2024-05-15T21:06:47","date_gmt":"2024-05-15T21:06:47","guid":{"rendered":"https:\/\/challengeseconomiques.com\/?p=6395"},"modified":"2024-05-17T15:07:25","modified_gmt":"2024-05-17T15:07:25","slug":"24eme-fiara-la-cicad-attend-des-recommandations-pour-une-autosuffisance-alimentaire-au-senegal","status":"publish","type":"post","link":"https:\/\/challengeseconomiques.com\/?p=6395","title":{"rendered":"24\u00e8me FIARA : la CCIAD attend des recommandations pour une autosuffisance alimentaire au S\u00e9n\u00e9gal"},"content":{"rendered":"<p>Abdoulaye Sow, le pr\u00e9sident de la chambre de commerce, d\u2019industrie et d\u2019agriculture de Dakar (CCIAD) a fait part de son v\u0153u d\u2019attendre des diff\u00e9rents experts de la 24<sup>\u00e8me<\/sup> foire internationale de l\u2019agriculture et des ressources animales (FIARA), des recommandations, qui permettront au S\u00e9n\u00e9gal d\u2019asseoir son autosuffisance alimentaire, en d\u00e9pit des multiples al\u00e9as climatiques.<\/p>\n<p>Abdoulaye Sow, qui prenait part \u00e0 la journ\u00e9e de r\u00e9flexion autour du th\u00e8me \u00ab\u00a0Commerce transfrontalier\u00a0: enjeux et perspectives\u00a0\u00bb \u00a0d\u00e9di\u00e9e \u00e0 la chambre de Commerce de Dakar, \u00e0 la 24<sup>\u00e8me<\/sup> FIARA, a fait remarquer que le constat est qu\u2019en d\u00e9pit de leur engagement, les producteurs et productrices peinent encore \u00e0 satisfaire les besoins des populations en denr\u00e9es de premi\u00e8re n\u00e9cessit\u00e9. Il a affirm\u00e9 que leurs efforts inlassables sont souvent frein\u00e9s par les effets des changements climatiques.<\/p>\n<p>\u00ab\u00a0Sur cette question de l\u2019autosuffisance alimentaire,\u00a0 la CCIAD, par le biais de son bulletin d\u2019information \u00e9conomique (BIE), a r\u00e9alis\u00e9 des dossiers \u00e9conomiques sur la production laiti\u00e8re, les d\u00e9fis de la fili\u00e8re banane et l\u2019autosuffisance en riz entre autres\u00a0\u00bb, a rappel\u00e9 le pr\u00e9sident de la CICAD.<\/p>\n<p>Il a de ce point de vue soutenu que ces publications, qui ont \u00e9t\u00e9 partag\u00e9es \u00e0 travers les institutions de la R\u00e9publique du S\u00e9n\u00e9gal et les repr\u00e9sentations diplomatiques bas\u00e9es \u00e0 Dakar, restent la modeste contribution de l\u2019institution consulaire de Dakar dans l\u2019\u0153uvre de construction d\u2019une \u00e9conomie forte bas\u00e9e sur l\u2019agriculture.<\/p>\n<p>Il est \u00e0 noter que la th\u00e9matique choisie pour la pr\u00e9sente \u00e9dition de la FIARA est \u00ab\u00a0le D\u00e9fi de la souverainet\u00e9 alimentaire face aux changements climatiques\u00a0\u00bb. En outre, la 24<sup>\u00e8me<\/sup> \u00e9dition de la FIARA est marqu\u00e9e par une innovation majeure avec l\u2019organisation du 1<sup>er<\/sup> salon international de l&rsquo;agriculture et des ressources animales (SIARA).<\/p>\n<p>\u00ab\u00a0Cette nouvelle trouvaille constitue un pas suppl\u00e9mentaire dans la professionnalisation de ce rendez-vous. En effet, le SIARA est un cadre professionnel, qui offre des opportunit\u00e9s aux producteurs et transformateurs. Nous osons esp\u00e9rer que les op\u00e9rateurs \u00e9conomiques sauront en tirer le meilleur profit\u00a0\u00bb, a d\u00e9clar\u00e9 M. Sow.<\/p>\n<p>Il a par ailleurs f\u00e9licit\u00e9 et encourag\u00e9 le comit\u00e9 d&rsquo;organisation de la FIARA pour cet important rendez-vous du calendrier \u00e9conomique du S\u00e9n\u00e9gal. Ainsi, a-t-il r\u00e9it\u00e9r\u00e9 la disponibilit\u00e9 de l\u2019institution consulaire \u00e0 accompagner toutes les initiatives, qui participent \u00e0 relever les productions agricoles du S\u00e9n\u00e9gal.<\/p>\n","protected":false},"excerpt":{"rendered":"<p>Abdoulaye Sow, le pr\u00e9sident de la chambre de commerce, d\u2019industrie et d\u2019agriculture de Dakar (CCIAD) a fait part de son v\u0153u d\u2019attendre des diff\u00e9rents experts&#8230;<\/p>\n","protected":false},"author":1,"featured_media":6401,"comment_status":"closed","ping_status":"open","sticky":false,"template":"","format":"standard","meta":{"_jetpack_memberships_contains_paid_content":false,"footnotes":""},"categories":[23,8],"tags":[],"class_list":["post-6395","post","type-post","status-publish","format-standard","has-post-thumbnail","hentry","category-a-la-une","category-actualite-economique","wpcat-23-id","wpcat-8-id"],"yoast_head":"<!-- This site is optimized with the Yoast SEO plugin v27.1.1 - https:\/\/yoast.com\/product\/yoast-seo-wordpress\/ -->\n<title>24\u00e8me FIARA : la CCIAD attend des recommandations pour une autosuffisance alimentaire au S\u00e9n\u00e9gal - challenges economiques<\/title>\n<meta name=\"robots\" content=\"index, follow, max-snippet:-1, max-image-preview:large, max-video-preview:-1\" \/>\n<link rel=\"canonical\" href=\"https:\/\/challengeseconomiques.com\/?p=6395\" \/>\n<meta property=\"og:locale\" content=\"fr_FR\" \/>\n<meta property=\"og:type\" content=\"article\" \/>\n<meta property=\"og:title\" content=\"24\u00e8me FIARA : la CCIAD attend des recommandations pour une autosuffisance alimentaire au S\u00e9n\u00e9gal - challenges economiques\" \/>\n<meta property=\"og:description\" content=\"Abdoulaye Sow, le pr\u00e9sident de la chambre de commerce, d\u2019industrie et d\u2019agriculture de Dakar (CCIAD) a fait part de son v\u0153u d\u2019attendre des diff\u00e9rents experts...\" \/>\n<meta property=\"og:url\" content=\"https:\/\/challengeseconomiques.com\/?p=6395\" \/>\n<meta property=\"og:site_name\" content=\"challenges economiques\" \/>\n<meta property=\"article:published_time\" content=\"2024-05-15T21:06:47+00:00\" \/>\n<meta property=\"article:modified_time\" content=\"2024-05-17T15:07:25+00:00\" \/>\n<meta property=\"og:image\" content=\"https:\/\/challengeseconomiques.com\/wp-content\/uploads\/2024\/05\/fiaracciad.jpeg\" \/>\n\t<meta property=\"og:image:width\" content=\"1080\" \/>\n\t<meta property=\"og:image:height\" content=\"715\" \/>\n\t<meta property=\"og:image:type\" content=\"image\/jpeg\" \/>\n<meta name=\"author\" content=\"admin\" \/>\n<meta name=\"twitter:card\" content=\"summary_large_image\" \/>\n<meta name=\"twitter:label1\" content=\"\u00c9crit par\" \/>\n\t<meta name=\"twitter:data1\" content=\"admin\" \/>\n\t<meta name=\"twitter:label2\" content=\"Dur\u00e9e de lecture estim\u00e9e\" \/>\n\t<meta name=\"twitter:data2\" content=\"2 minutes\" \/>\n<script type=\"application\/ld+json\" class=\"yoast-schema-graph\">{\"@context\":\"https:\/\/schema.org\",\"@graph\":[{\"@type\":\"Article\",\"@id\":\"https:\/\/challengeseconomiques.com\/?p=6395#article\",\"isPartOf\":{\"@id\":\"https:\/\/challengeseconomiques.com\/?p=6395\"},\"author\":{\"name\":\"admin\",\"@id\":\"https:\/\/challengeseconomiques.com\/#\/schema\/person\/b4568c9afebc5a9238a771873801e349\"},\"headline\":\"24\u00e8me FIARA : la CCIAD attend des recommandations pour une autosuffisance alimentaire au S\u00e9n\u00e9gal\",\"datePublished\":\"2024-05-15T21:06:47+00:00\",\"dateModified\":\"2024-05-17T15:07:25+00:00\",\"mainEntityOfPage\":{\"@id\":\"https:\/\/challengeseconomiques.com\/?p=6395\"},\"wordCount\":434,\"image\":{\"@id\":\"https:\/\/challengeseconomiques.com\/?p=6395#primaryimage\"},\"thumbnailUrl\":\"https:\/\/challengeseconomiques.com\/wp-content\/uploads\/2024\/05\/fiaracciad.jpeg\",\"articleSection\":[\"A la une\",\"Actualit\u00e9 \u00e9conomique\"],\"inLanguage\":\"fr-FR\"},{\"@type\":\"WebPage\",\"@id\":\"https:\/\/challengeseconomiques.com\/?p=6395\",\"url\":\"https:\/\/challengeseconomiques.com\/?p=6395\",\"name\":\"24\u00e8me FIARA : la CCIAD attend des recommandations pour une autosuffisance alimentaire au S\u00e9n\u00e9gal - challenges economiques\",\"isPartOf\":{\"@id\":\"https:\/\/challengeseconomiques.com\/#website\"},\"primaryImageOfPage\":{\"@id\":\"https:\/\/challengeseconomiques.com\/?p=6395#primaryimage\"},\"image\":{\"@id\":\"https:\/\/challengeseconomiques.com\/?p=6395#primaryimage\"},\"thumbnailUrl\":\"https:\/\/challengeseconomiques.com\/wp-content\/uploads\/2024\/05\/fiaracciad.jpeg\",\"datePublished\":\"2024-05-15T21:06:47+00:00\",\"dateModified\":\"2024-05-17T15:07:25+00:00\",\"author\":{\"@id\":\"https:\/\/challengeseconomiques.com\/#\/schema\/person\/b4568c9afebc5a9238a771873801e349\"},\"breadcrumb\":{\"@id\":\"https:\/\/challengeseconomiques.com\/?p=6395#breadcrumb\"},\"inLanguage\":\"fr-FR\",\"potentialAction\":[{\"@type\":\"ReadAction\",\"target\":[\"https:\/\/challengeseconomiques.com\/?p=6395\"]}]},{\"@type\":\"ImageObject\",\"inLanguage\":\"fr-FR\",\"@id\":\"https:\/\/challengeseconomiques.com\/?p=6395#primaryimage\",\"url\":\"https:\/\/challengeseconomiques.com\/wp-content\/uploads\/2024\/05\/fiaracciad.jpeg\",\"contentUrl\":\"https:\/\/challengeseconomiques.com\/wp-content\/uploads\/2024\/05\/fiaracciad.jpeg\",\"width\":1080,\"height\":715},{\"@type\":\"BreadcrumbList\",\"@id\":\"https:\/\/challengeseconomiques.com\/?p=6395#breadcrumb\",\"itemListElement\":[{\"@type\":\"ListItem\",\"position\":1,\"name\":\"Home\",\"item\":\"https:\/\/challengeseconomiques.com\/\"},{\"@type\":\"ListItem\",\"position\":2,\"name\":\"24\u00e8me FIARA : la CCIAD attend des recommandations pour une autosuffisance alimentaire au S\u00e9n\u00e9gal\"}]},{\"@type\":\"WebSite\",\"@id\":\"https:\/\/challengeseconomiques.com\/#website\",\"url\":\"https:\/\/challengeseconomiques.com\/\",\"name\":\"challenges economiques\",\"description\":\"\",\"potentialAction\":[{\"@type\":\"SearchAction\",\"target\":{\"@type\":\"EntryPoint\",\"urlTemplate\":\"https:\/\/challengeseconomiques.com\/?s={search_term_string}\"},\"query-input\":{\"@type\":\"PropertyValueSpecification\",\"valueRequired\":true,\"valueName\":\"search_term_string\"}}],\"inLanguage\":\"fr-FR\"},{\"@type\":\"Person\",\"@id\":\"https:\/\/challengeseconomiques.com\/#\/schema\/person\/b4568c9afebc5a9238a771873801e349\",\"name\":\"admin\",\"image\":{\"@type\":\"ImageObject\",\"inLanguage\":\"fr-FR\",\"@id\":\"https:\/\/challengeseconomiques.com\/#\/schema\/person\/image\/\",\"url\":\"https:\/\/secure.gravatar.com\/avatar\/099e42240b5eea11acdb72751fcce0dd918603f0749d24974b7984ea47ed9fd9?s=96&d=mm&r=g\",\"contentUrl\":\"https:\/\/secure.gravatar.com\/avatar\/099e42240b5eea11acdb72751fcce0dd918603f0749d24974b7984ea47ed9fd9?s=96&d=mm&r=g\",\"caption\":\"admin\"},\"sameAs\":[\"https:\/\/challengeseconomiques.com\"],\"url\":\"https:\/\/challengeseconomiques.com\/?author=1\"}]}<\/script>\n<!-- \/ Yoast SEO plugin. -->","yoast_head_json":{"title":"24\u00e8me FIARA : la CCIAD attend des recommandations pour une autosuffisance alimentaire au S\u00e9n\u00e9gal - challenges economiques","robots":{"index":"index","follow":"follow","max-snippet":"max-snippet:-1","max-image-preview":"max-image-preview:large","max-video-preview":"max-video-preview:-1"},"canonical":"https:\/\/challengeseconomiques.com\/?p=6395","og_locale":"fr_FR","og_type":"article","og_title":"24\u00e8me FIARA : la CCIAD attend des recommandations pour une autosuffisance alimentaire au S\u00e9n\u00e9gal - challenges economiques","og_description":"Abdoulaye Sow, le pr\u00e9sident de la chambre de commerce, d\u2019industrie et d\u2019agriculture de Dakar (CCIAD) a fait part de son v\u0153u d\u2019attendre des diff\u00e9rents experts...","og_url":"https:\/\/challengeseconomiques.com\/?p=6395","og_site_name":"challenges economiques","article_published_time":"2024-05-15T21:06:47+00:00","article_modified_time":"2024-05-17T15:07:25+00:00","og_image":[{"width":1080,"height":715,"url":"https:\/\/challengeseconomiques.com\/wp-content\/uploads\/2024\/05\/fiaracciad.jpeg","type":"image\/jpeg"}],"author":"admin","twitter_card":"summary_large_image","twitter_misc":{"\u00c9crit par":"admin","Dur\u00e9e de lecture estim\u00e9e":"2 minutes"},"schema":{"@context":"https:\/\/schema.org","@graph":[{"@type":"Article","@id":"https:\/\/challengeseconomiques.com\/?p=6395#article","isPartOf":{"@id":"https:\/\/challengeseconomiques.com\/?p=6395"},"author":{"name":"admin","@id":"https:\/\/challengeseconomiques.com\/#\/schema\/person\/b4568c9afebc5a9238a771873801e349"},"headline":"24\u00e8me FIARA : la CCIAD attend des recommandations pour une autosuffisance alimentaire au S\u00e9n\u00e9gal","datePublished":"2024-05-15T21:06:47+00:00","dateModified":"2024-05-17T15:07:25+00:00","mainEntityOfPage":{"@id":"https:\/\/challengeseconomiques.com\/?p=6395"},"wordCount":434,"image":{"@id":"https:\/\/challengeseconomiques.com\/?p=6395#primaryimage"},"thumbnailUrl":"https:\/\/challengeseconomiques.com\/wp-content\/uploads\/2024\/05\/fiaracciad.jpeg","articleSection":["A la une","Actualit\u00e9 \u00e9conomique"],"inLanguage":"fr-FR"},{"@type":"WebPage","@id":"https:\/\/challengeseconomiques.com\/?p=6395","url":"https:\/\/challengeseconomiques.com\/?p=6395","name":"24\u00e8me FIARA : la CCIAD attend des recommandations pour une autosuffisance alimentaire au S\u00e9n\u00e9gal - challenges economiques","isPartOf":{"@id":"https:\/\/challengeseconomiques.com\/#website"},"primaryImageOfPage":{"@id":"https:\/\/challengeseconomiques.com\/?p=6395#primaryimage"},"image":{"@id":"https:\/\/challengeseconomiques.com\/?p=6395#primaryimage"},"thumbnailUrl":"https:\/\/challengeseconomiques.com\/wp-content\/uploads\/2024\/05\/fiaracciad.jpeg","datePublished":"2024-05-15T21:06:47+00:00","dateModified":"2024-05-17T15:07:25+00:00","author":{"@id":"https:\/\/challengeseconomiques.com\/#\/schema\/person\/b4568c9afebc5a9238a771873801e349"},"breadcrumb":{"@id":"https:\/\/challengeseconomiques.com\/?p=6395#breadcrumb"},"inLanguage":"fr-FR","potentialAction":[{"@type":"ReadAction","target":["https:\/\/challengeseconomiques.com\/?p=6395"]}]},{"@type":"ImageObject","inLanguage":"fr-FR","@id":"https:\/\/challengeseconomiques.com\/?p=6395#primaryimage","url":"https:\/\/challengeseconomiques.com\/wp-content\/uploads\/2024\/05\/fiaracciad.jpeg","contentUrl":"https:\/\/challengeseconomiques.com\/wp-content\/uploads\/2024\/05\/fiaracciad.jpeg","width":1080,"height":715},{"@type":"BreadcrumbList","@id":"https:\/\/challengeseconomiques.com\/?p=6395#breadcrumb","itemListElement":[{"@type":"ListItem","position":1,"name":"Home","item":"https:\/\/challengeseconomiques.com\/"},{"@type":"ListItem","position":2,"name":"24\u00e8me FIARA : la CCIAD attend des recommandations pour une autosuffisance alimentaire au S\u00e9n\u00e9gal"}]},{"@type":"WebSite","@id":"https:\/\/challengeseconomiques.com\/#website","url":"https:\/\/challengeseconomiques.com\/","name":"challenges economiques","description":"","potentialAction":[{"@type":"SearchAction","target":{"@type":"EntryPoint","urlTemplate":"https:\/\/challengeseconomiques.com\/?s={search_term_string}"},"query-input":{"@type":"PropertyValueSpecification","valueRequired":true,"valueName":"search_term_string"}}],"inLanguage":"fr-FR"},{"@type":"Person","@id":"https:\/\/challengeseconomiques.com\/#\/schema\/person\/b4568c9afebc5a9238a771873801e349","name":"admin","image":{"@type":"ImageObject","inLanguage":"fr-FR","@id":"https:\/\/challengeseconomiques.com\/#\/schema\/person\/image\/","url":"https:\/\/secure.gravatar.com\/avatar\/099e42240b5eea11acdb72751fcce0dd918603f0749d24974b7984ea47ed9fd9?s=96&d=mm&r=g","contentUrl":"https:\/\/secure.gravatar.com\/avatar\/099e42240b5eea11acdb72751fcce0dd918603f0749d24974b7984ea47ed9fd9?s=96&d=mm&r=g","caption":"admin"},"sameAs":["https:\/\/challengeseconomiques.com"],"url":"https:\/\/challengeseconomiques.com\/?author=1"}]}},"jetpack_featured_media_url":"https:\/\/challengeseconomiques.com\/wp-content\/uploads\/2024\/05\/fiaracciad.jpeg","jetpack_sharing_enabled":true,"_links":{"self":[{"href":"https:\/\/challengeseconomiques.com\/index.php?rest_route=\/wp\/v2\/posts\/6395","targetHints":{"allow":["GET"]}}],"collection":[{"href":"https:\/\/challengeseconomiques.com\/index.php?rest_route=\/wp\/v2\/posts"}],"about":[{"href":"https:\/\/challengeseconomiques.com\/index.php?rest_route=\/wp\/v2\/types\/post"}],"author":[{"embeddable":true,"href":"https:\/\/challengeseconomiques.com\/index.php?rest_route=\/wp\/v2\/users\/1"}],"replies":[{"embeddable":true,"href":"https:\/\/challengeseconomiques.com\/index.php?rest_route=%2Fwp%2Fv2%2Fcomments&post=6395"}],"version-history":[{"count":2,"href":"https:\/\/challengeseconomiques.com\/index.php?rest_route=\/wp\/v2\/posts\/6395\/revisions"}],"predecessor-version":[{"id":6398,"href":"https:\/\/challengeseconomiques.com\/index.php?rest_route=\/wp\/v2\/posts\/6395\/revisions\/6398"}],"wp:featuredmedia":[{"embeddable":true,"href":"https:\/\/challengeseconomiques.com\/index.php?rest_route=\/wp\/v2\/media\/6401"}],"wp:attachment":[{"href":"https:\/\/challengeseconomiques.com\/index.php?rest_route=%2Fwp%2Fv2%2Fmedia&parent=6395"}],"wp:term":[{"taxonomy":"category","embeddable":true,"href":"https:\/\/challengeseconomiques.com\/index.php?rest_route=%2Fwp%2Fv2%2Fcategories&post=6395"},{"taxonomy":"post_tag","embeddable":true,"href":"https:\/\/challengeseconomiques.com\/index.php?rest_route=%2Fwp%2Fv2%2Ftags&post=6395"}],"curies":[{"name":"wp","href":"https:\/\/api.w.org\/{rel}","templated":true}]}}