{"id":6389,"date":"2024-05-14T16:35:18","date_gmt":"2024-05-14T16:35:18","guid":{"rendered":"https:\/\/challengeseconomiques.com\/?p=6389"},"modified":"2024-05-14T16:36:40","modified_gmt":"2024-05-14T16:36:40","slug":"la-senelec-dement-toute-hausse-du-prix-de-lelectricite-dans-le-domaine-de-la-boulangerie","status":"publish","type":"post","link":"https:\/\/challengeseconomiques.com\/?p=6389","title":{"rendered":"La Senelec d\u00e9ment toute hausse du prix de l\u2019\u00e9lectricit\u00e9 dans le domaine de la boulangerie"},"content":{"rendered":"<p>La soci\u00e9t\u00e9 nationale d\u2019\u00e9lectricit\u00e9 (Senelec) a mis un terme aux rumeurs faisant \u00e9tat d\u2019une hausse des prix de l\u2019\u00e9lectricit\u00e9 dans le secteur de la boulangerie. En effet, dans un communiqu\u00e9 transmis \u00e0 notre r\u00e9daction, l\u2019entreprise indique que depuis le mois de d\u00e9cembre 2023, avec la d\u00e9cision N\u00b02023 28 de la commission de r\u00e9gulation du secteur de l\u2019\u00e9nergie (CRSE), qui actait la suppression \u00a0de la troisi\u00e8me tranche du Woyofal, la grille tarifaire n\u2019a fait l\u2019objet d\u2019aucune modification.<\/p>\n<p>\u00ab\u00a0Depuis quelques jours une information sur une pr\u00e9tendue augmentation des prix de l\u2019\u00e9lectricit\u00e9, qui concernerait le secteur de la boulangerie, est relay\u00e9e dans les m\u00e9dias. Senelec informe qu\u2019au S\u00e9n\u00e9gal les prix de l\u2019\u00e9lectricit\u00e9 ne sont pas fix\u00e9s en fonction du secteur d\u2019activit\u00e9 des clients, mais selon l\u2019usage qu\u2019il soit domestique ou professionnel, et la puissance des appareils \u00e0 faire fonctionner\u00a0\u00bb, explique le communiqu\u00e9 de la Senelec.<\/p>\n","protected":false},"excerpt":{"rendered":"<p>La soci\u00e9t\u00e9 nationale d\u2019\u00e9lectricit\u00e9 (Senelec) a mis un terme aux rumeurs faisant \u00e9tat d\u2019une hausse des prix de l\u2019\u00e9lectricit\u00e9 dans le secteur de la boulangerie&#8230;.<\/p>\n","protected":false},"author":1,"featured_media":1718,"comment_status":"closed","ping_status":"open","sticky":false,"template":"","format":"standard","meta":{"_jetpack_memberships_contains_paid_content":false,"footnotes":""},"categories":[23],"tags":[],"class_list":["post-6389","post","type-post","status-publish","format-standard","has-post-thumbnail","hentry","category-a-la-une","wpcat-23-id"],"yoast_head":"<!-- This site is optimized with the Yoast SEO plugin v27.1.1 - https:\/\/yoast.com\/product\/yoast-seo-wordpress\/ -->\n<title>La Senelec d\u00e9ment toute hausse du prix de l\u2019\u00e9lectricit\u00e9 dans le domaine de la boulangerie - challenges economiques<\/title>\n<meta name=\"robots\" content=\"index, follow, max-snippet:-1, max-image-preview:large, max-video-preview:-1\" \/>\n<link rel=\"canonical\" href=\"https:\/\/challengeseconomiques.com\/?p=6389\" \/>\n<meta property=\"og:locale\" content=\"fr_FR\" \/>\n<meta property=\"og:type\" content=\"article\" \/>\n<meta property=\"og:title\" content=\"La Senelec d\u00e9ment toute hausse du prix de l\u2019\u00e9lectricit\u00e9 dans le domaine de la boulangerie - challenges economiques\" \/>\n<meta property=\"og:description\" content=\"La soci\u00e9t\u00e9 nationale d\u2019\u00e9lectricit\u00e9 (Senelec) a mis un terme aux rumeurs faisant \u00e9tat d\u2019une hausse des prix de l\u2019\u00e9lectricit\u00e9 dans le secteur de la boulangerie....\" \/>\n<meta property=\"og:url\" content=\"https:\/\/challengeseconomiques.com\/?p=6389\" \/>\n<meta property=\"og:site_name\" content=\"challenges economiques\" \/>\n<meta property=\"article:published_time\" content=\"2024-05-14T16:35:18+00:00\" \/>\n<meta property=\"article:modified_time\" content=\"2024-05-14T16:36:40+00:00\" \/>\n<meta property=\"og:image\" content=\"https:\/\/challengeseconomiques.com\/wp-content\/uploads\/2021\/08\/senelec.jpg\" \/>\n\t<meta property=\"og:image:width\" content=\"810\" \/>\n\t<meta property=\"og:image:height\" content=\"600\" \/>\n\t<meta property=\"og:image:type\" content=\"image\/jpeg\" \/>\n<meta name=\"author\" content=\"admin\" \/>\n<meta name=\"twitter:card\" content=\"summary_large_image\" \/>\n<meta name=\"twitter:label1\" content=\"\u00c9crit par\" \/>\n\t<meta name=\"twitter:data1\" content=\"admin\" \/>\n\t<meta name=\"twitter:label2\" content=\"Dur\u00e9e de lecture estim\u00e9e\" \/>\n\t<meta name=\"twitter:data2\" content=\"1 minute\" \/>\n<script type=\"application\/ld+json\" class=\"yoast-schema-graph\">{\"@context\":\"https:\/\/schema.org\",\"@graph\":[{\"@type\":\"Article\",\"@id\":\"https:\/\/challengeseconomiques.com\/?p=6389#article\",\"isPartOf\":{\"@id\":\"https:\/\/challengeseconomiques.com\/?p=6389\"},\"author\":{\"name\":\"admin\",\"@id\":\"https:\/\/challengeseconomiques.com\/#\/schema\/person\/b4568c9afebc5a9238a771873801e349\"},\"headline\":\"La Senelec d\u00e9ment toute hausse du prix de l\u2019\u00e9lectricit\u00e9 dans le domaine de la boulangerie\",\"datePublished\":\"2024-05-14T16:35:18+00:00\",\"dateModified\":\"2024-05-14T16:36:40+00:00\",\"mainEntityOfPage\":{\"@id\":\"https:\/\/challengeseconomiques.com\/?p=6389\"},\"wordCount\":181,\"image\":{\"@id\":\"https:\/\/challengeseconomiques.com\/?p=6389#primaryimage\"},\"thumbnailUrl\":\"https:\/\/challengeseconomiques.com\/wp-content\/uploads\/2021\/08\/senelec.jpg\",\"articleSection\":[\"A la une\"],\"inLanguage\":\"fr-FR\"},{\"@type\":\"WebPage\",\"@id\":\"https:\/\/challengeseconomiques.com\/?p=6389\",\"url\":\"https:\/\/challengeseconomiques.com\/?p=6389\",\"name\":\"La Senelec d\u00e9ment toute hausse du prix de l\u2019\u00e9lectricit\u00e9 dans le domaine de la boulangerie - challenges economiques\",\"isPartOf\":{\"@id\":\"https:\/\/challengeseconomiques.com\/#website\"},\"primaryImageOfPage\":{\"@id\":\"https:\/\/challengeseconomiques.com\/?p=6389#primaryimage\"},\"image\":{\"@id\":\"https:\/\/challengeseconomiques.com\/?p=6389#primaryimage\"},\"thumbnailUrl\":\"https:\/\/challengeseconomiques.com\/wp-content\/uploads\/2021\/08\/senelec.jpg\",\"datePublished\":\"2024-05-14T16:35:18+00:00\",\"dateModified\":\"2024-05-14T16:36:40+00:00\",\"author\":{\"@id\":\"https:\/\/challengeseconomiques.com\/#\/schema\/person\/b4568c9afebc5a9238a771873801e349\"},\"breadcrumb\":{\"@id\":\"https:\/\/challengeseconomiques.com\/?p=6389#breadcrumb\"},\"inLanguage\":\"fr-FR\",\"potentialAction\":[{\"@type\":\"ReadAction\",\"target\":[\"https:\/\/challengeseconomiques.com\/?p=6389\"]}]},{\"@type\":\"ImageObject\",\"inLanguage\":\"fr-FR\",\"@id\":\"https:\/\/challengeseconomiques.com\/?p=6389#primaryimage\",\"url\":\"https:\/\/challengeseconomiques.com\/wp-content\/uploads\/2021\/08\/senelec.jpg\",\"contentUrl\":\"https:\/\/challengeseconomiques.com\/wp-content\/uploads\/2021\/08\/senelec.jpg\",\"width\":810,\"height\":600},{\"@type\":\"BreadcrumbList\",\"@id\":\"https:\/\/challengeseconomiques.com\/?p=6389#breadcrumb\",\"itemListElement\":[{\"@type\":\"ListItem\",\"position\":1,\"name\":\"Home\",\"item\":\"https:\/\/challengeseconomiques.com\/\"},{\"@type\":\"ListItem\",\"position\":2,\"name\":\"La Senelec d\u00e9ment toute hausse du prix de l\u2019\u00e9lectricit\u00e9 dans le domaine de la boulangerie\"}]},{\"@type\":\"WebSite\",\"@id\":\"https:\/\/challengeseconomiques.com\/#website\",\"url\":\"https:\/\/challengeseconomiques.com\/\",\"name\":\"challenges economiques\",\"description\":\"\",\"potentialAction\":[{\"@type\":\"SearchAction\",\"target\":{\"@type\":\"EntryPoint\",\"urlTemplate\":\"https:\/\/challengeseconomiques.com\/?s={search_term_string}\"},\"query-input\":{\"@type\":\"PropertyValueSpecification\",\"valueRequired\":true,\"valueName\":\"search_term_string\"}}],\"inLanguage\":\"fr-FR\"},{\"@type\":\"Person\",\"@id\":\"https:\/\/challengeseconomiques.com\/#\/schema\/person\/b4568c9afebc5a9238a771873801e349\",\"name\":\"admin\",\"image\":{\"@type\":\"ImageObject\",\"inLanguage\":\"fr-FR\",\"@id\":\"https:\/\/challengeseconomiques.com\/#\/schema\/person\/image\/\",\"url\":\"https:\/\/secure.gravatar.com\/avatar\/099e42240b5eea11acdb72751fcce0dd918603f0749d24974b7984ea47ed9fd9?s=96&d=mm&r=g\",\"contentUrl\":\"https:\/\/secure.gravatar.com\/avatar\/099e42240b5eea11acdb72751fcce0dd918603f0749d24974b7984ea47ed9fd9?s=96&d=mm&r=g\",\"caption\":\"admin\"},\"sameAs\":[\"https:\/\/challengeseconomiques.com\"],\"url\":\"https:\/\/challengeseconomiques.com\/?author=1\"}]}<\/script>\n<!-- \/ Yoast SEO plugin. -->","yoast_head_json":{"title":"La Senelec d\u00e9ment toute hausse du prix de l\u2019\u00e9lectricit\u00e9 dans le domaine de la boulangerie - challenges economiques","robots":{"index":"index","follow":"follow","max-snippet":"max-snippet:-1","max-image-preview":"max-image-preview:large","max-video-preview":"max-video-preview:-1"},"canonical":"https:\/\/challengeseconomiques.com\/?p=6389","og_locale":"fr_FR","og_type":"article","og_title":"La Senelec d\u00e9ment toute hausse du prix de l\u2019\u00e9lectricit\u00e9 dans le domaine de la boulangerie - challenges economiques","og_description":"La soci\u00e9t\u00e9 nationale d\u2019\u00e9lectricit\u00e9 (Senelec) a mis un terme aux rumeurs faisant \u00e9tat d\u2019une hausse des prix de l\u2019\u00e9lectricit\u00e9 dans le secteur de la boulangerie....","og_url":"https:\/\/challengeseconomiques.com\/?p=6389","og_site_name":"challenges economiques","article_published_time":"2024-05-14T16:35:18+00:00","article_modified_time":"2024-05-14T16:36:40+00:00","og_image":[{"width":810,"height":600,"url":"https:\/\/challengeseconomiques.com\/wp-content\/uploads\/2021\/08\/senelec.jpg","type":"image\/jpeg"}],"author":"admin","twitter_card":"summary_large_image","twitter_misc":{"\u00c9crit par":"admin","Dur\u00e9e de lecture estim\u00e9e":"1 minute"},"schema":{"@context":"https:\/\/schema.org","@graph":[{"@type":"Article","@id":"https:\/\/challengeseconomiques.com\/?p=6389#article","isPartOf":{"@id":"https:\/\/challengeseconomiques.com\/?p=6389"},"author":{"name":"admin","@id":"https:\/\/challengeseconomiques.com\/#\/schema\/person\/b4568c9afebc5a9238a771873801e349"},"headline":"La Senelec d\u00e9ment toute hausse du prix de l\u2019\u00e9lectricit\u00e9 dans le domaine de la boulangerie","datePublished":"2024-05-14T16:35:18+00:00","dateModified":"2024-05-14T16:36:40+00:00","mainEntityOfPage":{"@id":"https:\/\/challengeseconomiques.com\/?p=6389"},"wordCount":181,"image":{"@id":"https:\/\/challengeseconomiques.com\/?p=6389#primaryimage"},"thumbnailUrl":"https:\/\/challengeseconomiques.com\/wp-content\/uploads\/2021\/08\/senelec.jpg","articleSection":["A la une"],"inLanguage":"fr-FR"},{"@type":"WebPage","@id":"https:\/\/challengeseconomiques.com\/?p=6389","url":"https:\/\/challengeseconomiques.com\/?p=6389","name":"La Senelec d\u00e9ment toute hausse du prix de l\u2019\u00e9lectricit\u00e9 dans le domaine de la boulangerie - challenges economiques","isPartOf":{"@id":"https:\/\/challengeseconomiques.com\/#website"},"primaryImageOfPage":{"@id":"https:\/\/challengeseconomiques.com\/?p=6389#primaryimage"},"image":{"@id":"https:\/\/challengeseconomiques.com\/?p=6389#primaryimage"},"thumbnailUrl":"https:\/\/challengeseconomiques.com\/wp-content\/uploads\/2021\/08\/senelec.jpg","datePublished":"2024-05-14T16:35:18+00:00","dateModified":"2024-05-14T16:36:40+00:00","author":{"@id":"https:\/\/challengeseconomiques.com\/#\/schema\/person\/b4568c9afebc5a9238a771873801e349"},"breadcrumb":{"@id":"https:\/\/challengeseconomiques.com\/?p=6389#breadcrumb"},"inLanguage":"fr-FR","potentialAction":[{"@type":"ReadAction","target":["https:\/\/challengeseconomiques.com\/?p=6389"]}]},{"@type":"ImageObject","inLanguage":"fr-FR","@id":"https:\/\/challengeseconomiques.com\/?p=6389#primaryimage","url":"https:\/\/challengeseconomiques.com\/wp-content\/uploads\/2021\/08\/senelec.jpg","contentUrl":"https:\/\/challengeseconomiques.com\/wp-content\/uploads\/2021\/08\/senelec.jpg","width":810,"height":600},{"@type":"BreadcrumbList","@id":"https:\/\/challengeseconomiques.com\/?p=6389#breadcrumb","itemListElement":[{"@type":"ListItem","position":1,"name":"Home","item":"https:\/\/challengeseconomiques.com\/"},{"@type":"ListItem","position":2,"name":"La Senelec d\u00e9ment toute hausse du prix de l\u2019\u00e9lectricit\u00e9 dans le domaine de la boulangerie"}]},{"@type":"WebSite","@id":"https:\/\/challengeseconomiques.com\/#website","url":"https:\/\/challengeseconomiques.com\/","name":"challenges economiques","description":"","potentialAction":[{"@type":"SearchAction","target":{"@type":"EntryPoint","urlTemplate":"https:\/\/challengeseconomiques.com\/?s={search_term_string}"},"query-input":{"@type":"PropertyValueSpecification","valueRequired":true,"valueName":"search_term_string"}}],"inLanguage":"fr-FR"},{"@type":"Person","@id":"https:\/\/challengeseconomiques.com\/#\/schema\/person\/b4568c9afebc5a9238a771873801e349","name":"admin","image":{"@type":"ImageObject","inLanguage":"fr-FR","@id":"https:\/\/challengeseconomiques.com\/#\/schema\/person\/image\/","url":"https:\/\/secure.gravatar.com\/avatar\/099e42240b5eea11acdb72751fcce0dd918603f0749d24974b7984ea47ed9fd9?s=96&d=mm&r=g","contentUrl":"https:\/\/secure.gravatar.com\/avatar\/099e42240b5eea11acdb72751fcce0dd918603f0749d24974b7984ea47ed9fd9?s=96&d=mm&r=g","caption":"admin"},"sameAs":["https:\/\/challengeseconomiques.com"],"url":"https:\/\/challengeseconomiques.com\/?author=1"}]}},"jetpack_featured_media_url":"https:\/\/challengeseconomiques.com\/wp-content\/uploads\/2021\/08\/senelec.jpg","jetpack_sharing_enabled":true,"_links":{"self":[{"href":"https:\/\/challengeseconomiques.com\/index.php?rest_route=\/wp\/v2\/posts\/6389","targetHints":{"allow":["GET"]}}],"collection":[{"href":"https:\/\/challengeseconomiques.com\/index.php?rest_route=\/wp\/v2\/posts"}],"about":[{"href":"https:\/\/challengeseconomiques.com\/index.php?rest_route=\/wp\/v2\/types\/post"}],"author":[{"embeddable":true,"href":"https:\/\/challengeseconomiques.com\/index.php?rest_route=\/wp\/v2\/users\/1"}],"replies":[{"embeddable":true,"href":"https:\/\/challengeseconomiques.com\/index.php?rest_route=%2Fwp%2Fv2%2Fcomments&post=6389"}],"version-history":[{"count":2,"href":"https:\/\/challengeseconomiques.com\/index.php?rest_route=\/wp\/v2\/posts\/6389\/revisions"}],"predecessor-version":[{"id":6391,"href":"https:\/\/challengeseconomiques.com\/index.php?rest_route=\/wp\/v2\/posts\/6389\/revisions\/6391"}],"wp:featuredmedia":[{"embeddable":true,"href":"https:\/\/challengeseconomiques.com\/index.php?rest_route=\/wp\/v2\/media\/1718"}],"wp:attachment":[{"href":"https:\/\/challengeseconomiques.com\/index.php?rest_route=%2Fwp%2Fv2%2Fmedia&parent=6389"}],"wp:term":[{"taxonomy":"category","embeddable":true,"href":"https:\/\/challengeseconomiques.com\/index.php?rest_route=%2Fwp%2Fv2%2Fcategories&post=6389"},{"taxonomy":"post_tag","embeddable":true,"href":"https:\/\/challengeseconomiques.com\/index.php?rest_route=%2Fwp%2Fv2%2Ftags&post=6389"}],"curies":[{"name":"wp","href":"https:\/\/api.w.org\/{rel}","templated":true}]}}