{"id":6385,"date":"2024-05-14T11:23:20","date_gmt":"2024-05-14T11:23:20","guid":{"rendered":"https:\/\/challengeseconomiques.com\/?p=6385"},"modified":"2024-05-14T11:23:51","modified_gmt":"2024-05-14T11:23:51","slug":"brt-de-dakar-les-services-commerciaux-demarrent-le-15-mai-2024","status":"publish","type":"post","link":"https:\/\/challengeseconomiques.com\/?p=6385","title":{"rendered":"BRT de Dakar : les services commerciaux d\u00e9marrent le 15 mai 2024"},"content":{"rendered":"<div class=\"itemIntroText\">\n<p class=\"texte texte-pitch\"><strong>\u00a0Le r\u00e9seau BRT de Dakar est le second projet d\u2019envergure d\u00e9di\u00e9 au transport de masse dans la capitale s\u00e9n\u00e9galaise, apr\u00e8s le Train express r\u00e9gional.<\/strong><\/p>\n<p class=\"texte texte-pitch\">Le BRT de Dakar accueillera\u00a0officiellement ses premiers passagers d\u00e8s le 15 mai prochain, selon un communiqu\u00e9 du Conseil ex\u00e9cutif des Transports urbains durables (CETUD).\u00a0Le r\u00e9seau qui a n\u00e9cessit\u00e9 3 ans de travaux \u00e9tait en phase d\u2019essais techniques, m\u00eame apr\u00e8s son inauguration par l\u2019ex-pr\u00e9sident s\u00e9n\u00e9galais Macky Sall.<\/p>\n<p class=\"texte texte-pitch\">Ce service public de transport en commun qui exploitera des bus 100% \u00e9lectriques devrait drainer 300\u00a0000 passagers par jour. Ses diff\u00e9rentes lignes cumulent 18,3 km reliant Petersen \u00e0 Gu\u00e9diawaye et desservant 14 communes. Il offre selon les autorit\u00e9s l\u2019avantage d\u2019une r\u00e9duction du temps de trajet qui devrait passer de 90 minutes actuellement \u00e0 45 mn entre ces 2 points.<\/p>\n<p class=\"texte texte-pitch\">Le projet sera g\u00e9r\u00e9 pendant 15 ans par la coentreprise Dakar Mobilit\u00e9, d\u00e9tenue \u00e0 30% par le Fonds Souverain d\u2019Investissements Strat\u00e9giques s\u00e9n\u00e9galais (Fonsis) et \u00e0 70% par le fran\u00e7ais Meridiam.<\/p>\n<p class=\"texte texte-pitch\">Le BRT devrait compl\u00e9ter d\u2019autres services publics majeurs de transport en commun disponibles dans la capitale s\u00e9n\u00e9galaise, \u00e0 savoir Dakar Dem Dikk (DDD) et le Train express r\u00e9gional (TER). De quoi r\u00e9duire l\u2019influence des op\u00e9rateurs priv\u00e9s qui dominent ce march\u00e9, mais qui exploitent des v\u00e9hicules de fortune avec tout un lot d\u2019inconfort et d\u2019ins\u00e9curit\u00e9 pour les usagers.<\/p>\n<p><strong>(Agence Ecofin)<br \/>\n<\/strong><\/p>\n<\/div>\n","protected":false},"excerpt":{"rendered":"<p>\u00a0Le r\u00e9seau BRT de Dakar est le second projet d\u2019envergure d\u00e9di\u00e9 au transport de masse dans la capitale s\u00e9n\u00e9galaise, apr\u00e8s le Train express r\u00e9gional. Le&#8230;<\/p>\n","protected":false},"author":1,"featured_media":6388,"comment_status":"closed","ping_status":"open","sticky":false,"template":"","format":"standard","meta":{"_jetpack_memberships_contains_paid_content":false,"footnotes":""},"categories":[8],"tags":[],"class_list":["post-6385","post","type-post","status-publish","format-standard","has-post-thumbnail","hentry","category-actualite-economique","wpcat-8-id"],"yoast_head":"<!-- This site is optimized with the Yoast SEO plugin v27.1.1 - https:\/\/yoast.com\/product\/yoast-seo-wordpress\/ -->\n<title>BRT de Dakar : les services commerciaux d\u00e9marrent le 15 mai 2024 - challenges economiques<\/title>\n<meta name=\"robots\" content=\"index, follow, max-snippet:-1, max-image-preview:large, max-video-preview:-1\" \/>\n<link rel=\"canonical\" href=\"https:\/\/challengeseconomiques.com\/?p=6385\" \/>\n<meta property=\"og:locale\" content=\"fr_FR\" \/>\n<meta property=\"og:type\" content=\"article\" \/>\n<meta property=\"og:title\" content=\"BRT de Dakar : les services commerciaux d\u00e9marrent le 15 mai 2024 - challenges economiques\" \/>\n<meta property=\"og:description\" content=\"\u00a0Le r\u00e9seau BRT de Dakar est le second projet d\u2019envergure d\u00e9di\u00e9 au transport de masse dans la capitale s\u00e9n\u00e9galaise, apr\u00e8s le Train express r\u00e9gional. Le...\" \/>\n<meta property=\"og:url\" content=\"https:\/\/challengeseconomiques.com\/?p=6385\" \/>\n<meta property=\"og:site_name\" content=\"challenges economiques\" \/>\n<meta property=\"article:published_time\" content=\"2024-05-14T11:23:20+00:00\" \/>\n<meta property=\"article:modified_time\" content=\"2024-05-14T11:23:51+00:00\" \/>\n<meta property=\"og:image\" content=\"https:\/\/challengeseconomiques.com\/wp-content\/uploads\/2024\/05\/BRT-1-905x613-1.png\" \/>\n\t<meta property=\"og:image:width\" content=\"905\" \/>\n\t<meta property=\"og:image:height\" content=\"613\" \/>\n\t<meta property=\"og:image:type\" content=\"image\/png\" \/>\n<meta name=\"author\" content=\"admin\" \/>\n<meta name=\"twitter:card\" content=\"summary_large_image\" \/>\n<meta name=\"twitter:label1\" content=\"\u00c9crit par\" \/>\n\t<meta name=\"twitter:data1\" content=\"admin\" \/>\n\t<meta name=\"twitter:label2\" content=\"Dur\u00e9e de lecture estim\u00e9e\" \/>\n\t<meta name=\"twitter:data2\" content=\"1 minute\" \/>\n<script type=\"application\/ld+json\" class=\"yoast-schema-graph\">{\"@context\":\"https:\/\/schema.org\",\"@graph\":[{\"@type\":\"Article\",\"@id\":\"https:\/\/challengeseconomiques.com\/?p=6385#article\",\"isPartOf\":{\"@id\":\"https:\/\/challengeseconomiques.com\/?p=6385\"},\"author\":{\"name\":\"admin\",\"@id\":\"https:\/\/challengeseconomiques.com\/#\/schema\/person\/b4568c9afebc5a9238a771873801e349\"},\"headline\":\"BRT de Dakar : les services commerciaux d\u00e9marrent le 15 mai 2024\",\"datePublished\":\"2024-05-14T11:23:20+00:00\",\"dateModified\":\"2024-05-14T11:23:51+00:00\",\"mainEntityOfPage\":{\"@id\":\"https:\/\/challengeseconomiques.com\/?p=6385\"},\"wordCount\":257,\"image\":{\"@id\":\"https:\/\/challengeseconomiques.com\/?p=6385#primaryimage\"},\"thumbnailUrl\":\"https:\/\/challengeseconomiques.com\/wp-content\/uploads\/2024\/05\/BRT-1-905x613-1.png\",\"articleSection\":[\"Actualit\u00e9 \u00e9conomique\"],\"inLanguage\":\"fr-FR\"},{\"@type\":\"WebPage\",\"@id\":\"https:\/\/challengeseconomiques.com\/?p=6385\",\"url\":\"https:\/\/challengeseconomiques.com\/?p=6385\",\"name\":\"BRT de Dakar : les services commerciaux d\u00e9marrent le 15 mai 2024 - challenges economiques\",\"isPartOf\":{\"@id\":\"https:\/\/challengeseconomiques.com\/#website\"},\"primaryImageOfPage\":{\"@id\":\"https:\/\/challengeseconomiques.com\/?p=6385#primaryimage\"},\"image\":{\"@id\":\"https:\/\/challengeseconomiques.com\/?p=6385#primaryimage\"},\"thumbnailUrl\":\"https:\/\/challengeseconomiques.com\/wp-content\/uploads\/2024\/05\/BRT-1-905x613-1.png\",\"datePublished\":\"2024-05-14T11:23:20+00:00\",\"dateModified\":\"2024-05-14T11:23:51+00:00\",\"author\":{\"@id\":\"https:\/\/challengeseconomiques.com\/#\/schema\/person\/b4568c9afebc5a9238a771873801e349\"},\"breadcrumb\":{\"@id\":\"https:\/\/challengeseconomiques.com\/?p=6385#breadcrumb\"},\"inLanguage\":\"fr-FR\",\"potentialAction\":[{\"@type\":\"ReadAction\",\"target\":[\"https:\/\/challengeseconomiques.com\/?p=6385\"]}]},{\"@type\":\"ImageObject\",\"inLanguage\":\"fr-FR\",\"@id\":\"https:\/\/challengeseconomiques.com\/?p=6385#primaryimage\",\"url\":\"https:\/\/challengeseconomiques.com\/wp-content\/uploads\/2024\/05\/BRT-1-905x613-1.png\",\"contentUrl\":\"https:\/\/challengeseconomiques.com\/wp-content\/uploads\/2024\/05\/BRT-1-905x613-1.png\",\"width\":905,\"height\":613},{\"@type\":\"BreadcrumbList\",\"@id\":\"https:\/\/challengeseconomiques.com\/?p=6385#breadcrumb\",\"itemListElement\":[{\"@type\":\"ListItem\",\"position\":1,\"name\":\"Home\",\"item\":\"https:\/\/challengeseconomiques.com\/\"},{\"@type\":\"ListItem\",\"position\":2,\"name\":\"BRT de Dakar : les services commerciaux d\u00e9marrent le 15 mai 2024\"}]},{\"@type\":\"WebSite\",\"@id\":\"https:\/\/challengeseconomiques.com\/#website\",\"url\":\"https:\/\/challengeseconomiques.com\/\",\"name\":\"challenges economiques\",\"description\":\"\",\"potentialAction\":[{\"@type\":\"SearchAction\",\"target\":{\"@type\":\"EntryPoint\",\"urlTemplate\":\"https:\/\/challengeseconomiques.com\/?s={search_term_string}\"},\"query-input\":{\"@type\":\"PropertyValueSpecification\",\"valueRequired\":true,\"valueName\":\"search_term_string\"}}],\"inLanguage\":\"fr-FR\"},{\"@type\":\"Person\",\"@id\":\"https:\/\/challengeseconomiques.com\/#\/schema\/person\/b4568c9afebc5a9238a771873801e349\",\"name\":\"admin\",\"image\":{\"@type\":\"ImageObject\",\"inLanguage\":\"fr-FR\",\"@id\":\"https:\/\/challengeseconomiques.com\/#\/schema\/person\/image\/\",\"url\":\"https:\/\/secure.gravatar.com\/avatar\/099e42240b5eea11acdb72751fcce0dd918603f0749d24974b7984ea47ed9fd9?s=96&d=mm&r=g\",\"contentUrl\":\"https:\/\/secure.gravatar.com\/avatar\/099e42240b5eea11acdb72751fcce0dd918603f0749d24974b7984ea47ed9fd9?s=96&d=mm&r=g\",\"caption\":\"admin\"},\"sameAs\":[\"https:\/\/challengeseconomiques.com\"],\"url\":\"https:\/\/challengeseconomiques.com\/?author=1\"}]}<\/script>\n<!-- \/ Yoast SEO plugin. -->","yoast_head_json":{"title":"BRT de Dakar : les services commerciaux d\u00e9marrent le 15 mai 2024 - challenges economiques","robots":{"index":"index","follow":"follow","max-snippet":"max-snippet:-1","max-image-preview":"max-image-preview:large","max-video-preview":"max-video-preview:-1"},"canonical":"https:\/\/challengeseconomiques.com\/?p=6385","og_locale":"fr_FR","og_type":"article","og_title":"BRT de Dakar : les services commerciaux d\u00e9marrent le 15 mai 2024 - challenges economiques","og_description":"\u00a0Le r\u00e9seau BRT de Dakar est le second projet d\u2019envergure d\u00e9di\u00e9 au transport de masse dans la capitale s\u00e9n\u00e9galaise, apr\u00e8s le Train express r\u00e9gional. Le...","og_url":"https:\/\/challengeseconomiques.com\/?p=6385","og_site_name":"challenges economiques","article_published_time":"2024-05-14T11:23:20+00:00","article_modified_time":"2024-05-14T11:23:51+00:00","og_image":[{"width":905,"height":613,"url":"https:\/\/challengeseconomiques.com\/wp-content\/uploads\/2024\/05\/BRT-1-905x613-1.png","type":"image\/png"}],"author":"admin","twitter_card":"summary_large_image","twitter_misc":{"\u00c9crit par":"admin","Dur\u00e9e de lecture estim\u00e9e":"1 minute"},"schema":{"@context":"https:\/\/schema.org","@graph":[{"@type":"Article","@id":"https:\/\/challengeseconomiques.com\/?p=6385#article","isPartOf":{"@id":"https:\/\/challengeseconomiques.com\/?p=6385"},"author":{"name":"admin","@id":"https:\/\/challengeseconomiques.com\/#\/schema\/person\/b4568c9afebc5a9238a771873801e349"},"headline":"BRT de Dakar : les services commerciaux d\u00e9marrent le 15 mai 2024","datePublished":"2024-05-14T11:23:20+00:00","dateModified":"2024-05-14T11:23:51+00:00","mainEntityOfPage":{"@id":"https:\/\/challengeseconomiques.com\/?p=6385"},"wordCount":257,"image":{"@id":"https:\/\/challengeseconomiques.com\/?p=6385#primaryimage"},"thumbnailUrl":"https:\/\/challengeseconomiques.com\/wp-content\/uploads\/2024\/05\/BRT-1-905x613-1.png","articleSection":["Actualit\u00e9 \u00e9conomique"],"inLanguage":"fr-FR"},{"@type":"WebPage","@id":"https:\/\/challengeseconomiques.com\/?p=6385","url":"https:\/\/challengeseconomiques.com\/?p=6385","name":"BRT de Dakar : les services commerciaux d\u00e9marrent le 15 mai 2024 - challenges economiques","isPartOf":{"@id":"https:\/\/challengeseconomiques.com\/#website"},"primaryImageOfPage":{"@id":"https:\/\/challengeseconomiques.com\/?p=6385#primaryimage"},"image":{"@id":"https:\/\/challengeseconomiques.com\/?p=6385#primaryimage"},"thumbnailUrl":"https:\/\/challengeseconomiques.com\/wp-content\/uploads\/2024\/05\/BRT-1-905x613-1.png","datePublished":"2024-05-14T11:23:20+00:00","dateModified":"2024-05-14T11:23:51+00:00","author":{"@id":"https:\/\/challengeseconomiques.com\/#\/schema\/person\/b4568c9afebc5a9238a771873801e349"},"breadcrumb":{"@id":"https:\/\/challengeseconomiques.com\/?p=6385#breadcrumb"},"inLanguage":"fr-FR","potentialAction":[{"@type":"ReadAction","target":["https:\/\/challengeseconomiques.com\/?p=6385"]}]},{"@type":"ImageObject","inLanguage":"fr-FR","@id":"https:\/\/challengeseconomiques.com\/?p=6385#primaryimage","url":"https:\/\/challengeseconomiques.com\/wp-content\/uploads\/2024\/05\/BRT-1-905x613-1.png","contentUrl":"https:\/\/challengeseconomiques.com\/wp-content\/uploads\/2024\/05\/BRT-1-905x613-1.png","width":905,"height":613},{"@type":"BreadcrumbList","@id":"https:\/\/challengeseconomiques.com\/?p=6385#breadcrumb","itemListElement":[{"@type":"ListItem","position":1,"name":"Home","item":"https:\/\/challengeseconomiques.com\/"},{"@type":"ListItem","position":2,"name":"BRT de Dakar : les services commerciaux d\u00e9marrent le 15 mai 2024"}]},{"@type":"WebSite","@id":"https:\/\/challengeseconomiques.com\/#website","url":"https:\/\/challengeseconomiques.com\/","name":"challenges economiques","description":"","potentialAction":[{"@type":"SearchAction","target":{"@type":"EntryPoint","urlTemplate":"https:\/\/challengeseconomiques.com\/?s={search_term_string}"},"query-input":{"@type":"PropertyValueSpecification","valueRequired":true,"valueName":"search_term_string"}}],"inLanguage":"fr-FR"},{"@type":"Person","@id":"https:\/\/challengeseconomiques.com\/#\/schema\/person\/b4568c9afebc5a9238a771873801e349","name":"admin","image":{"@type":"ImageObject","inLanguage":"fr-FR","@id":"https:\/\/challengeseconomiques.com\/#\/schema\/person\/image\/","url":"https:\/\/secure.gravatar.com\/avatar\/099e42240b5eea11acdb72751fcce0dd918603f0749d24974b7984ea47ed9fd9?s=96&d=mm&r=g","contentUrl":"https:\/\/secure.gravatar.com\/avatar\/099e42240b5eea11acdb72751fcce0dd918603f0749d24974b7984ea47ed9fd9?s=96&d=mm&r=g","caption":"admin"},"sameAs":["https:\/\/challengeseconomiques.com"],"url":"https:\/\/challengeseconomiques.com\/?author=1"}]}},"jetpack_featured_media_url":"https:\/\/challengeseconomiques.com\/wp-content\/uploads\/2024\/05\/BRT-1-905x613-1.png","jetpack_sharing_enabled":true,"_links":{"self":[{"href":"https:\/\/challengeseconomiques.com\/index.php?rest_route=\/wp\/v2\/posts\/6385","targetHints":{"allow":["GET"]}}],"collection":[{"href":"https:\/\/challengeseconomiques.com\/index.php?rest_route=\/wp\/v2\/posts"}],"about":[{"href":"https:\/\/challengeseconomiques.com\/index.php?rest_route=\/wp\/v2\/types\/post"}],"author":[{"embeddable":true,"href":"https:\/\/challengeseconomiques.com\/index.php?rest_route=\/wp\/v2\/users\/1"}],"replies":[{"embeddable":true,"href":"https:\/\/challengeseconomiques.com\/index.php?rest_route=%2Fwp%2Fv2%2Fcomments&post=6385"}],"version-history":[{"count":1,"href":"https:\/\/challengeseconomiques.com\/index.php?rest_route=\/wp\/v2\/posts\/6385\/revisions"}],"predecessor-version":[{"id":6387,"href":"https:\/\/challengeseconomiques.com\/index.php?rest_route=\/wp\/v2\/posts\/6385\/revisions\/6387"}],"wp:featuredmedia":[{"embeddable":true,"href":"https:\/\/challengeseconomiques.com\/index.php?rest_route=\/wp\/v2\/media\/6388"}],"wp:attachment":[{"href":"https:\/\/challengeseconomiques.com\/index.php?rest_route=%2Fwp%2Fv2%2Fmedia&parent=6385"}],"wp:term":[{"taxonomy":"category","embeddable":true,"href":"https:\/\/challengeseconomiques.com\/index.php?rest_route=%2Fwp%2Fv2%2Fcategories&post=6385"},{"taxonomy":"post_tag","embeddable":true,"href":"https:\/\/challengeseconomiques.com\/index.php?rest_route=%2Fwp%2Fv2%2Ftags&post=6385"}],"curies":[{"name":"wp","href":"https:\/\/api.w.org\/{rel}","templated":true}]}}