{"id":6346,"date":"2024-05-06T21:30:55","date_gmt":"2024-05-06T21:30:55","guid":{"rendered":"https:\/\/challengeseconomiques.com\/?p=6346"},"modified":"2024-05-06T21:36:59","modified_gmt":"2024-05-06T21:36:59","slug":"le-senegal-leve-285-milliards-fcfa","status":"publish","type":"post","link":"https:\/\/challengeseconomiques.com\/?p=6346","title":{"rendered":"Le S\u00e9n\u00e9gal l\u00e8ve 28,5 milliards Fcfa"},"content":{"rendered":"<p><strong>Cheikh Diba, le ministre des finances et du budget du S\u00e9n\u00e9gal<\/strong><\/p>\n<p>Le S\u00e9n\u00e9gal a lev\u00e9 le 4 mai 28,5 milliards Fcfa. Cet \u00e9metteur avait mis en adjudication 30 milliards Fcfa \u00e0 travers une \u00e9mission simultan\u00e9e de Bons et Obligations assimilables du Tr\u00e9sor (BAT\/OAT) de maturit\u00e9 respective 1 an et 3 ans. Ainsi, il a re\u00e7u des investisseurs 33,27 milliards FCFA. Ce qui repr\u00e9sente un taux de couverture de 110,9%.<\/p>\n<p>Le Tr\u00e9sor public n\u2019a finalement retenu que les 28,5 milliards FCFA, soit un taux d\u2019absorption de 85%. Les 15,51 milliards FCFA ont \u00e9t\u00e9 lev\u00e9s au chapitre des Bons assimilables du Tr\u00e9sor. Le taux marginal est ressorti \u00e0 7,01% alors que le rendement moyen pond\u00e9r\u00e9 est de 7,47%. Pour ce qui est de l\u2019Obligation assimilable du Tr\u00e9sor, il repr\u00e9sente 12,96 milliards FCFA avec un prix marginal de 9 605 FCFA pour un rendement moyen pond\u00e9r\u00e9 de 7,61%.<\/p>\n<p>Les offres selon la note d\u2019\u00e9mission sont domin\u00e9es \u00e0 57% par des investisseurs locaux. Ainsi, le S\u00e9n\u00e9gal effectue son retour sur le march\u00e9 apr\u00e8s sa derni\u00e8re \u00e9mission datant du 8 mars 2024, dans un contexte pr\u00e9\u00e9lectoral. Elle avait permis de lever 35 milliards Fcfa. Au premier trimestre, le S\u00e9n\u00e9gal a pu obtenir 13% des montants soumis, repr\u00e9sentant 556 milliards Fcfa. Pour l\u2019ensemble de l\u2019Union, 1590, 82 milliards Fcfa ont \u00e9t\u00e9 lev\u00e9s.<\/p>\n","protected":false},"excerpt":{"rendered":"<p>Cheikh Diba, le ministre des finances et du budget du S\u00e9n\u00e9gal Le S\u00e9n\u00e9gal a lev\u00e9 le 4 mai 28,5 milliards Fcfa. Cet \u00e9metteur avait mis&#8230;<\/p>\n","protected":false},"author":1,"featured_media":6348,"comment_status":"closed","ping_status":"open","sticky":false,"template":"","format":"standard","meta":{"_jetpack_memberships_contains_paid_content":false,"footnotes":""},"categories":[23,8],"tags":[],"class_list":["post-6346","post","type-post","status-publish","format-standard","has-post-thumbnail","hentry","category-a-la-une","category-actualite-economique","wpcat-23-id","wpcat-8-id"],"yoast_head":"<!-- This site is optimized with the Yoast SEO plugin v27.1.1 - https:\/\/yoast.com\/product\/yoast-seo-wordpress\/ -->\n<title>Le S\u00e9n\u00e9gal l\u00e8ve 28,5 milliards Fcfa - challenges economiques<\/title>\n<meta name=\"robots\" content=\"index, follow, max-snippet:-1, max-image-preview:large, max-video-preview:-1\" \/>\n<link rel=\"canonical\" href=\"https:\/\/challengeseconomiques.com\/?p=6346\" \/>\n<meta property=\"og:locale\" content=\"fr_FR\" \/>\n<meta property=\"og:type\" content=\"article\" \/>\n<meta property=\"og:title\" content=\"Le S\u00e9n\u00e9gal l\u00e8ve 28,5 milliards Fcfa - challenges economiques\" \/>\n<meta property=\"og:description\" content=\"Cheikh Diba, le ministre des finances et du budget du S\u00e9n\u00e9gal Le S\u00e9n\u00e9gal a lev\u00e9 le 4 mai 28,5 milliards Fcfa. Cet \u00e9metteur avait mis...\" \/>\n<meta property=\"og:url\" content=\"https:\/\/challengeseconomiques.com\/?p=6346\" \/>\n<meta property=\"og:site_name\" content=\"challenges economiques\" \/>\n<meta property=\"article:published_time\" content=\"2024-05-06T21:30:55+00:00\" \/>\n<meta property=\"article:modified_time\" content=\"2024-05-06T21:36:59+00:00\" \/>\n<meta property=\"og:image\" content=\"https:\/\/challengeseconomiques.com\/wp-content\/uploads\/2024\/05\/dibacheikh.jpg\" \/>\n\t<meta property=\"og:image:width\" content=\"600\" \/>\n\t<meta property=\"og:image:height\" content=\"390\" \/>\n\t<meta property=\"og:image:type\" content=\"image\/jpeg\" \/>\n<meta name=\"author\" content=\"admin\" \/>\n<meta name=\"twitter:card\" content=\"summary_large_image\" \/>\n<meta name=\"twitter:label1\" content=\"\u00c9crit par\" \/>\n\t<meta name=\"twitter:data1\" content=\"admin\" \/>\n\t<meta name=\"twitter:label2\" content=\"Dur\u00e9e de lecture estim\u00e9e\" \/>\n\t<meta name=\"twitter:data2\" content=\"1 minute\" \/>\n<script type=\"application\/ld+json\" class=\"yoast-schema-graph\">{\"@context\":\"https:\/\/schema.org\",\"@graph\":[{\"@type\":\"Article\",\"@id\":\"https:\/\/challengeseconomiques.com\/?p=6346#article\",\"isPartOf\":{\"@id\":\"https:\/\/challengeseconomiques.com\/?p=6346\"},\"author\":{\"name\":\"admin\",\"@id\":\"https:\/\/challengeseconomiques.com\/#\/schema\/person\/b4568c9afebc5a9238a771873801e349\"},\"headline\":\"Le S\u00e9n\u00e9gal l\u00e8ve 28,5 milliards Fcfa\",\"datePublished\":\"2024-05-06T21:30:55+00:00\",\"dateModified\":\"2024-05-06T21:36:59+00:00\",\"mainEntityOfPage\":{\"@id\":\"https:\/\/challengeseconomiques.com\/?p=6346\"},\"wordCount\":229,\"image\":{\"@id\":\"https:\/\/challengeseconomiques.com\/?p=6346#primaryimage\"},\"thumbnailUrl\":\"https:\/\/challengeseconomiques.com\/wp-content\/uploads\/2024\/05\/dibacheikh.jpg\",\"articleSection\":[\"A la une\",\"Actualit\u00e9 \u00e9conomique\"],\"inLanguage\":\"fr-FR\"},{\"@type\":\"WebPage\",\"@id\":\"https:\/\/challengeseconomiques.com\/?p=6346\",\"url\":\"https:\/\/challengeseconomiques.com\/?p=6346\",\"name\":\"Le S\u00e9n\u00e9gal l\u00e8ve 28,5 milliards Fcfa - challenges economiques\",\"isPartOf\":{\"@id\":\"https:\/\/challengeseconomiques.com\/#website\"},\"primaryImageOfPage\":{\"@id\":\"https:\/\/challengeseconomiques.com\/?p=6346#primaryimage\"},\"image\":{\"@id\":\"https:\/\/challengeseconomiques.com\/?p=6346#primaryimage\"},\"thumbnailUrl\":\"https:\/\/challengeseconomiques.com\/wp-content\/uploads\/2024\/05\/dibacheikh.jpg\",\"datePublished\":\"2024-05-06T21:30:55+00:00\",\"dateModified\":\"2024-05-06T21:36:59+00:00\",\"author\":{\"@id\":\"https:\/\/challengeseconomiques.com\/#\/schema\/person\/b4568c9afebc5a9238a771873801e349\"},\"breadcrumb\":{\"@id\":\"https:\/\/challengeseconomiques.com\/?p=6346#breadcrumb\"},\"inLanguage\":\"fr-FR\",\"potentialAction\":[{\"@type\":\"ReadAction\",\"target\":[\"https:\/\/challengeseconomiques.com\/?p=6346\"]}]},{\"@type\":\"ImageObject\",\"inLanguage\":\"fr-FR\",\"@id\":\"https:\/\/challengeseconomiques.com\/?p=6346#primaryimage\",\"url\":\"https:\/\/challengeseconomiques.com\/wp-content\/uploads\/2024\/05\/dibacheikh.jpg\",\"contentUrl\":\"https:\/\/challengeseconomiques.com\/wp-content\/uploads\/2024\/05\/dibacheikh.jpg\",\"width\":600,\"height\":390},{\"@type\":\"BreadcrumbList\",\"@id\":\"https:\/\/challengeseconomiques.com\/?p=6346#breadcrumb\",\"itemListElement\":[{\"@type\":\"ListItem\",\"position\":1,\"name\":\"Home\",\"item\":\"https:\/\/challengeseconomiques.com\/\"},{\"@type\":\"ListItem\",\"position\":2,\"name\":\"Le S\u00e9n\u00e9gal l\u00e8ve 28,5 milliards Fcfa\"}]},{\"@type\":\"WebSite\",\"@id\":\"https:\/\/challengeseconomiques.com\/#website\",\"url\":\"https:\/\/challengeseconomiques.com\/\",\"name\":\"challenges economiques\",\"description\":\"\",\"potentialAction\":[{\"@type\":\"SearchAction\",\"target\":{\"@type\":\"EntryPoint\",\"urlTemplate\":\"https:\/\/challengeseconomiques.com\/?s={search_term_string}\"},\"query-input\":{\"@type\":\"PropertyValueSpecification\",\"valueRequired\":true,\"valueName\":\"search_term_string\"}}],\"inLanguage\":\"fr-FR\"},{\"@type\":\"Person\",\"@id\":\"https:\/\/challengeseconomiques.com\/#\/schema\/person\/b4568c9afebc5a9238a771873801e349\",\"name\":\"admin\",\"image\":{\"@type\":\"ImageObject\",\"inLanguage\":\"fr-FR\",\"@id\":\"https:\/\/challengeseconomiques.com\/#\/schema\/person\/image\/\",\"url\":\"https:\/\/secure.gravatar.com\/avatar\/099e42240b5eea11acdb72751fcce0dd918603f0749d24974b7984ea47ed9fd9?s=96&d=mm&r=g\",\"contentUrl\":\"https:\/\/secure.gravatar.com\/avatar\/099e42240b5eea11acdb72751fcce0dd918603f0749d24974b7984ea47ed9fd9?s=96&d=mm&r=g\",\"caption\":\"admin\"},\"sameAs\":[\"https:\/\/challengeseconomiques.com\"],\"url\":\"https:\/\/challengeseconomiques.com\/?author=1\"}]}<\/script>\n<!-- \/ Yoast SEO plugin. -->","yoast_head_json":{"title":"Le S\u00e9n\u00e9gal l\u00e8ve 28,5 milliards Fcfa - challenges economiques","robots":{"index":"index","follow":"follow","max-snippet":"max-snippet:-1","max-image-preview":"max-image-preview:large","max-video-preview":"max-video-preview:-1"},"canonical":"https:\/\/challengeseconomiques.com\/?p=6346","og_locale":"fr_FR","og_type":"article","og_title":"Le S\u00e9n\u00e9gal l\u00e8ve 28,5 milliards Fcfa - challenges economiques","og_description":"Cheikh Diba, le ministre des finances et du budget du S\u00e9n\u00e9gal Le S\u00e9n\u00e9gal a lev\u00e9 le 4 mai 28,5 milliards Fcfa. Cet \u00e9metteur avait mis...","og_url":"https:\/\/challengeseconomiques.com\/?p=6346","og_site_name":"challenges economiques","article_published_time":"2024-05-06T21:30:55+00:00","article_modified_time":"2024-05-06T21:36:59+00:00","og_image":[{"width":600,"height":390,"url":"https:\/\/challengeseconomiques.com\/wp-content\/uploads\/2024\/05\/dibacheikh.jpg","type":"image\/jpeg"}],"author":"admin","twitter_card":"summary_large_image","twitter_misc":{"\u00c9crit par":"admin","Dur\u00e9e de lecture estim\u00e9e":"1 minute"},"schema":{"@context":"https:\/\/schema.org","@graph":[{"@type":"Article","@id":"https:\/\/challengeseconomiques.com\/?p=6346#article","isPartOf":{"@id":"https:\/\/challengeseconomiques.com\/?p=6346"},"author":{"name":"admin","@id":"https:\/\/challengeseconomiques.com\/#\/schema\/person\/b4568c9afebc5a9238a771873801e349"},"headline":"Le S\u00e9n\u00e9gal l\u00e8ve 28,5 milliards Fcfa","datePublished":"2024-05-06T21:30:55+00:00","dateModified":"2024-05-06T21:36:59+00:00","mainEntityOfPage":{"@id":"https:\/\/challengeseconomiques.com\/?p=6346"},"wordCount":229,"image":{"@id":"https:\/\/challengeseconomiques.com\/?p=6346#primaryimage"},"thumbnailUrl":"https:\/\/challengeseconomiques.com\/wp-content\/uploads\/2024\/05\/dibacheikh.jpg","articleSection":["A la une","Actualit\u00e9 \u00e9conomique"],"inLanguage":"fr-FR"},{"@type":"WebPage","@id":"https:\/\/challengeseconomiques.com\/?p=6346","url":"https:\/\/challengeseconomiques.com\/?p=6346","name":"Le S\u00e9n\u00e9gal l\u00e8ve 28,5 milliards Fcfa - challenges economiques","isPartOf":{"@id":"https:\/\/challengeseconomiques.com\/#website"},"primaryImageOfPage":{"@id":"https:\/\/challengeseconomiques.com\/?p=6346#primaryimage"},"image":{"@id":"https:\/\/challengeseconomiques.com\/?p=6346#primaryimage"},"thumbnailUrl":"https:\/\/challengeseconomiques.com\/wp-content\/uploads\/2024\/05\/dibacheikh.jpg","datePublished":"2024-05-06T21:30:55+00:00","dateModified":"2024-05-06T21:36:59+00:00","author":{"@id":"https:\/\/challengeseconomiques.com\/#\/schema\/person\/b4568c9afebc5a9238a771873801e349"},"breadcrumb":{"@id":"https:\/\/challengeseconomiques.com\/?p=6346#breadcrumb"},"inLanguage":"fr-FR","potentialAction":[{"@type":"ReadAction","target":["https:\/\/challengeseconomiques.com\/?p=6346"]}]},{"@type":"ImageObject","inLanguage":"fr-FR","@id":"https:\/\/challengeseconomiques.com\/?p=6346#primaryimage","url":"https:\/\/challengeseconomiques.com\/wp-content\/uploads\/2024\/05\/dibacheikh.jpg","contentUrl":"https:\/\/challengeseconomiques.com\/wp-content\/uploads\/2024\/05\/dibacheikh.jpg","width":600,"height":390},{"@type":"BreadcrumbList","@id":"https:\/\/challengeseconomiques.com\/?p=6346#breadcrumb","itemListElement":[{"@type":"ListItem","position":1,"name":"Home","item":"https:\/\/challengeseconomiques.com\/"},{"@type":"ListItem","position":2,"name":"Le S\u00e9n\u00e9gal l\u00e8ve 28,5 milliards Fcfa"}]},{"@type":"WebSite","@id":"https:\/\/challengeseconomiques.com\/#website","url":"https:\/\/challengeseconomiques.com\/","name":"challenges economiques","description":"","potentialAction":[{"@type":"SearchAction","target":{"@type":"EntryPoint","urlTemplate":"https:\/\/challengeseconomiques.com\/?s={search_term_string}"},"query-input":{"@type":"PropertyValueSpecification","valueRequired":true,"valueName":"search_term_string"}}],"inLanguage":"fr-FR"},{"@type":"Person","@id":"https:\/\/challengeseconomiques.com\/#\/schema\/person\/b4568c9afebc5a9238a771873801e349","name":"admin","image":{"@type":"ImageObject","inLanguage":"fr-FR","@id":"https:\/\/challengeseconomiques.com\/#\/schema\/person\/image\/","url":"https:\/\/secure.gravatar.com\/avatar\/099e42240b5eea11acdb72751fcce0dd918603f0749d24974b7984ea47ed9fd9?s=96&d=mm&r=g","contentUrl":"https:\/\/secure.gravatar.com\/avatar\/099e42240b5eea11acdb72751fcce0dd918603f0749d24974b7984ea47ed9fd9?s=96&d=mm&r=g","caption":"admin"},"sameAs":["https:\/\/challengeseconomiques.com"],"url":"https:\/\/challengeseconomiques.com\/?author=1"}]}},"jetpack_featured_media_url":"https:\/\/challengeseconomiques.com\/wp-content\/uploads\/2024\/05\/dibacheikh.jpg","jetpack_sharing_enabled":true,"_links":{"self":[{"href":"https:\/\/challengeseconomiques.com\/index.php?rest_route=\/wp\/v2\/posts\/6346","targetHints":{"allow":["GET"]}}],"collection":[{"href":"https:\/\/challengeseconomiques.com\/index.php?rest_route=\/wp\/v2\/posts"}],"about":[{"href":"https:\/\/challengeseconomiques.com\/index.php?rest_route=\/wp\/v2\/types\/post"}],"author":[{"embeddable":true,"href":"https:\/\/challengeseconomiques.com\/index.php?rest_route=\/wp\/v2\/users\/1"}],"replies":[{"embeddable":true,"href":"https:\/\/challengeseconomiques.com\/index.php?rest_route=%2Fwp%2Fv2%2Fcomments&post=6346"}],"version-history":[{"count":2,"href":"https:\/\/challengeseconomiques.com\/index.php?rest_route=\/wp\/v2\/posts\/6346\/revisions"}],"predecessor-version":[{"id":6349,"href":"https:\/\/challengeseconomiques.com\/index.php?rest_route=\/wp\/v2\/posts\/6346\/revisions\/6349"}],"wp:featuredmedia":[{"embeddable":true,"href":"https:\/\/challengeseconomiques.com\/index.php?rest_route=\/wp\/v2\/media\/6348"}],"wp:attachment":[{"href":"https:\/\/challengeseconomiques.com\/index.php?rest_route=%2Fwp%2Fv2%2Fmedia&parent=6346"}],"wp:term":[{"taxonomy":"category","embeddable":true,"href":"https:\/\/challengeseconomiques.com\/index.php?rest_route=%2Fwp%2Fv2%2Fcategories&post=6346"},{"taxonomy":"post_tag","embeddable":true,"href":"https:\/\/challengeseconomiques.com\/index.php?rest_route=%2Fwp%2Fv2%2Ftags&post=6346"}],"curies":[{"name":"wp","href":"https:\/\/api.w.org\/{rel}","templated":true}]}}