{"id":6342,"date":"2024-05-03T23:45:29","date_gmt":"2024-05-03T23:45:29","guid":{"rendered":"https:\/\/challengeseconomiques.com\/?p=6342"},"modified":"2024-05-03T23:46:01","modified_gmt":"2024-05-03T23:46:01","slug":"la-resilience-de-leconomie-senegalaise-saluee-par-le-fmi","status":"publish","type":"post","link":"https:\/\/challengeseconomiques.com\/?p=6342","title":{"rendered":"La r\u00e9silience de l\u2019\u00e9conomie s\u00e9n\u00e9galaise salu\u00e9e par le FMI"},"content":{"rendered":"<p><strong>Une d\u00e9l\u00e9gation du Fonds Mon\u00e9taire International (FMI) dirig\u00e9e par\u00a0 Edward Gemayel a salu\u00e9 la r\u00e9silience dont a fait preuve l\u2019\u00e9conomie s\u00e9n\u00e9galaise en 2023 en d\u00e9pit d\u2019un contexte difficile marqu\u00e9 par les tensions politiques autour de l\u2019\u00e9lection pr\u00e9sidentielle et les chocs ext\u00e9rieurs, indique un communiqu\u00e9 transmis \u00e0 notre r\u00e9daction. <\/strong><\/p>\n<p>Rappelons que cette d\u00e9l\u00e9gation du FMI a fait ce constat sur la marche de l\u2019\u00e9conomie s\u00e9n\u00e9galaise apr\u00e8s avoir s\u00e9journ\u00e9 dans notre pays du 25 avril au 3 mai 2024, afin de faire le point sur les d\u00e9veloppements \u00e9conomiques et politiques r\u00e9cents et jeter les bases de discussions de la seconde revue du programme soutenu par le FMI.<\/p>\n<p>\u00ab\u00a0La croissance \u00e9conomique a d\u00e9pass\u00e9 les attentes (4,6 %), refl\u00e9tant une bonne campagne agricole et un secteur tertiaire solide. L&rsquo;inflation a \u00e9galement connu une baisse plus rapide que pr\u00e9vu, retombant \u00e0 5,9 %\u00a0\u00bb, a notamment relev\u00e9 Edward Gemayel, le chef de la d\u00e9l\u00e9gation du FMI.<\/p>\n<p>Il\u00a0 a aussi pr\u00e9cis\u00e9 que des d\u00e9penses \u00e9lev\u00e9es de subventions \u00e0 l\u2019\u00e9nergie (620 milliards de francs CFA, soit 3,3 % du PIB) et d&rsquo;int\u00e9r\u00eats sur la dette ont \u00e9t\u00e9 compens\u00e9es par des r\u00e9ductions des d\u00e9penses d\u2019investissements, afin de contenir le d\u00e9ficit budg\u00e9taire \u00e0 4,9 % du PIB, conform\u00e9ment \u00e0 l&rsquo;objectif du programme.<\/p>\n<p>\u00ab\u00a0En outre, le gouvernement a constitu\u00e9 des r\u00e9serves de liquidit\u00e9s en pr\u00e9vision de l&rsquo;\u00e9lection pr\u00e9sidentielle, ce qui a contribu\u00e9 \u00e0 une augmentation de la dette du gouvernement central (73,4 % du PIB) au-del\u00e0 du plafond de dette fix\u00e9 dans le cadre de l&rsquo;UEMOA. Le d\u00e9ficit du compte courant est rest\u00e9 important (18,8 % du PIB), refl\u00e9tant la faiblesse persistante des exportations de biens\u00a0\u00bb, a poursuivi le chef de la d\u00e9l\u00e9gation du FMI.<\/p>\n<p>La d\u00e9l\u00e9gation du FMI a cependant insist\u00e9 sur le ralentissement de la croissance \u00e9conomique avec une activit\u00e9 \u00e9conomique plus faible que pr\u00e9vu au premier trimestre 2024 du fait des incertitudes politiques li\u00e9es \u00e0 l\u2019\u00e9lection pr\u00e9sidentielle.<\/p>\n<p>\u00ab\u00a0Les indicateurs de conjoncture montrent que la croissance de l&rsquo;activit\u00e9 \u00e9conomique a \u00e9t\u00e9 mod\u00e9r\u00e9e, les entreprises ayant report\u00e9 leurs investissements et les consommateurs r\u00e9duisent leurs d\u00e9penses. L&rsquo;inflation s\u2019est repli\u00e9e \u00e0 3,3 % (en glissement annuel). L&rsquo;ex\u00e9cution du budget a \u00e9t\u00e9 marqu\u00e9e par une moins-value au niveau des recettes et un d\u00e9passement du co\u00fbt des subventions \u00e0 l\u2019\u00e9nergie par rapport \u00e0 l\u2019enveloppe budg\u00e9taire initiale\u00a0\u00bb, a d\u00e9taill\u00e9 l\u2019\u00e9quipe du FMI.<\/p>\n<p>\u00ab\u00a0Les perspectives \u00e9conomiques restent toutefois favorables\u00a0\u00bb, affirment les fonctionnaires de l\u2019institution de Bretton Woods, qui rappellent que la croissance \u00e9conomique pour 2024 est maintenant projet\u00e9e \u00e0 7,1 % contre 8,3 % auparavant, refl\u00e9tant une activit\u00e9 \u00e9conomique impact\u00e9e au premier trimestre par le contexte \u00e9lectoral et un d\u00e9marrage retard\u00e9 de la production de gaz jusqu&rsquo;en d\u00e9cembre 2024.<\/p>\n<p>Ils ont par ailleurs plaid\u00e9 pour qu\u2019un accent soit mis davantage sur les r\u00e9formes structurelles, portant sur la r\u00e9vision de la formule de d\u00e9termination des produits p\u00e9troliers et la r\u00e9alisation d&rsquo;un audit de la compagnie d&rsquo;\u00e9lectricit\u00e9, Senelec, afin de mettre en \u0153uvre une nouvelle grille tarifaire pour l&rsquo;\u00e9lectricit\u00e9, avec un tarif social pour les m\u00e9nages vuln\u00e9rables.<\/p>\n<p>La progression des efforts des autorit\u00e9s dans les mesures visant \u00e0 sortir le S\u00e9n\u00e9gal de la liste grise du groupe d&rsquo;action financi\u00e8re (GAFI) a \u00e9t\u00e9 aussi soulign\u00e9e par la d\u00e9l\u00e9gation du FMI.<\/p>\n<p><strong>Idrissa GUEYE<\/strong><\/p>\n","protected":false},"excerpt":{"rendered":"<p>Une d\u00e9l\u00e9gation du Fonds Mon\u00e9taire International (FMI) dirig\u00e9e par\u00a0 Edward Gemayel a salu\u00e9 la r\u00e9silience dont a fait preuve l\u2019\u00e9conomie s\u00e9n\u00e9galaise en 2023 en d\u00e9pit&#8230;<\/p>\n","protected":false},"author":3,"featured_media":6343,"comment_status":"closed","ping_status":"open","sticky":false,"template":"","format":"standard","meta":{"_jetpack_memberships_contains_paid_content":false,"footnotes":""},"categories":[23,8],"tags":[],"class_list":["post-6342","post","type-post","status-publish","format-standard","has-post-thumbnail","hentry","category-a-la-une","category-actualite-economique","wpcat-23-id","wpcat-8-id"],"yoast_head":"<!-- This site is optimized with the Yoast SEO plugin v27.1.1 - https:\/\/yoast.com\/product\/yoast-seo-wordpress\/ -->\n<title>La r\u00e9silience de l\u2019\u00e9conomie s\u00e9n\u00e9galaise salu\u00e9e par le FMI - challenges economiques<\/title>\n<meta name=\"robots\" content=\"index, follow, max-snippet:-1, max-image-preview:large, max-video-preview:-1\" \/>\n<link rel=\"canonical\" href=\"https:\/\/challengeseconomiques.com\/?p=6342\" \/>\n<meta property=\"og:locale\" content=\"fr_FR\" \/>\n<meta property=\"og:type\" content=\"article\" \/>\n<meta property=\"og:title\" content=\"La r\u00e9silience de l\u2019\u00e9conomie s\u00e9n\u00e9galaise salu\u00e9e par le FMI - challenges economiques\" \/>\n<meta property=\"og:description\" content=\"Une d\u00e9l\u00e9gation du Fonds Mon\u00e9taire International (FMI) dirig\u00e9e par\u00a0 Edward Gemayel a salu\u00e9 la r\u00e9silience dont a fait preuve l\u2019\u00e9conomie s\u00e9n\u00e9galaise en 2023 en d\u00e9pit...\" \/>\n<meta property=\"og:url\" content=\"https:\/\/challengeseconomiques.com\/?p=6342\" \/>\n<meta property=\"og:site_name\" content=\"challenges economiques\" \/>\n<meta property=\"article:published_time\" content=\"2024-05-03T23:45:29+00:00\" \/>\n<meta property=\"article:modified_time\" content=\"2024-05-03T23:46:01+00:00\" \/>\n<meta property=\"og:image\" content=\"https:\/\/challengeseconomiques.com\/wp-content\/uploads\/2024\/05\/Edward-Gemayel-et-topnews.sn_.jpeg\" \/>\n\t<meta property=\"og:image:width\" content=\"1280\" \/>\n\t<meta property=\"og:image:height\" content=\"853\" \/>\n\t<meta property=\"og:image:type\" content=\"image\/jpeg\" \/>\n<meta name=\"author\" content=\"aliou kane ndiaye\" \/>\n<meta name=\"twitter:card\" content=\"summary_large_image\" \/>\n<meta name=\"twitter:label1\" content=\"\u00c9crit par\" \/>\n\t<meta name=\"twitter:data1\" content=\"aliou kane ndiaye\" \/>\n\t<meta name=\"twitter:label2\" content=\"Dur\u00e9e de lecture estim\u00e9e\" \/>\n\t<meta name=\"twitter:data2\" content=\"3 minutes\" \/>\n<script type=\"application\/ld+json\" class=\"yoast-schema-graph\">{\"@context\":\"https:\/\/schema.org\",\"@graph\":[{\"@type\":\"Article\",\"@id\":\"https:\/\/challengeseconomiques.com\/?p=6342#article\",\"isPartOf\":{\"@id\":\"https:\/\/challengeseconomiques.com\/?p=6342\"},\"author\":{\"name\":\"aliou kane ndiaye\",\"@id\":\"https:\/\/challengeseconomiques.com\/#\/schema\/person\/2f70a31e102db1741c1a1c00c2bbd8a6\"},\"headline\":\"La r\u00e9silience de l\u2019\u00e9conomie s\u00e9n\u00e9galaise salu\u00e9e par le FMI\",\"datePublished\":\"2024-05-03T23:45:29+00:00\",\"dateModified\":\"2024-05-03T23:46:01+00:00\",\"mainEntityOfPage\":{\"@id\":\"https:\/\/challengeseconomiques.com\/?p=6342\"},\"wordCount\":603,\"image\":{\"@id\":\"https:\/\/challengeseconomiques.com\/?p=6342#primaryimage\"},\"thumbnailUrl\":\"https:\/\/challengeseconomiques.com\/wp-content\/uploads\/2024\/05\/Edward-Gemayel-et-topnews.sn_.jpeg\",\"articleSection\":[\"A la une\",\"Actualit\u00e9 \u00e9conomique\"],\"inLanguage\":\"fr-FR\"},{\"@type\":\"WebPage\",\"@id\":\"https:\/\/challengeseconomiques.com\/?p=6342\",\"url\":\"https:\/\/challengeseconomiques.com\/?p=6342\",\"name\":\"La r\u00e9silience de l\u2019\u00e9conomie s\u00e9n\u00e9galaise salu\u00e9e par le FMI - challenges economiques\",\"isPartOf\":{\"@id\":\"https:\/\/challengeseconomiques.com\/#website\"},\"primaryImageOfPage\":{\"@id\":\"https:\/\/challengeseconomiques.com\/?p=6342#primaryimage\"},\"image\":{\"@id\":\"https:\/\/challengeseconomiques.com\/?p=6342#primaryimage\"},\"thumbnailUrl\":\"https:\/\/challengeseconomiques.com\/wp-content\/uploads\/2024\/05\/Edward-Gemayel-et-topnews.sn_.jpeg\",\"datePublished\":\"2024-05-03T23:45:29+00:00\",\"dateModified\":\"2024-05-03T23:46:01+00:00\",\"author\":{\"@id\":\"https:\/\/challengeseconomiques.com\/#\/schema\/person\/2f70a31e102db1741c1a1c00c2bbd8a6\"},\"breadcrumb\":{\"@id\":\"https:\/\/challengeseconomiques.com\/?p=6342#breadcrumb\"},\"inLanguage\":\"fr-FR\",\"potentialAction\":[{\"@type\":\"ReadAction\",\"target\":[\"https:\/\/challengeseconomiques.com\/?p=6342\"]}]},{\"@type\":\"ImageObject\",\"inLanguage\":\"fr-FR\",\"@id\":\"https:\/\/challengeseconomiques.com\/?p=6342#primaryimage\",\"url\":\"https:\/\/challengeseconomiques.com\/wp-content\/uploads\/2024\/05\/Edward-Gemayel-et-topnews.sn_.jpeg\",\"contentUrl\":\"https:\/\/challengeseconomiques.com\/wp-content\/uploads\/2024\/05\/Edward-Gemayel-et-topnews.sn_.jpeg\",\"width\":1280,\"height\":853},{\"@type\":\"BreadcrumbList\",\"@id\":\"https:\/\/challengeseconomiques.com\/?p=6342#breadcrumb\",\"itemListElement\":[{\"@type\":\"ListItem\",\"position\":1,\"name\":\"Home\",\"item\":\"https:\/\/challengeseconomiques.com\/\"},{\"@type\":\"ListItem\",\"position\":2,\"name\":\"La r\u00e9silience de l\u2019\u00e9conomie s\u00e9n\u00e9galaise salu\u00e9e par le FMI\"}]},{\"@type\":\"WebSite\",\"@id\":\"https:\/\/challengeseconomiques.com\/#website\",\"url\":\"https:\/\/challengeseconomiques.com\/\",\"name\":\"challenges economiques\",\"description\":\"\",\"potentialAction\":[{\"@type\":\"SearchAction\",\"target\":{\"@type\":\"EntryPoint\",\"urlTemplate\":\"https:\/\/challengeseconomiques.com\/?s={search_term_string}\"},\"query-input\":{\"@type\":\"PropertyValueSpecification\",\"valueRequired\":true,\"valueName\":\"search_term_string\"}}],\"inLanguage\":\"fr-FR\"},{\"@type\":\"Person\",\"@id\":\"https:\/\/challengeseconomiques.com\/#\/schema\/person\/2f70a31e102db1741c1a1c00c2bbd8a6\",\"name\":\"aliou kane ndiaye\",\"image\":{\"@type\":\"ImageObject\",\"inLanguage\":\"fr-FR\",\"@id\":\"https:\/\/challengeseconomiques.com\/#\/schema\/person\/image\/\",\"url\":\"https:\/\/secure.gravatar.com\/avatar\/df942321e58711a9f1fee838e446766660477bacd4b42fa20400d2c7cf4da7ca?s=96&d=mm&r=g\",\"contentUrl\":\"https:\/\/secure.gravatar.com\/avatar\/df942321e58711a9f1fee838e446766660477bacd4b42fa20400d2c7cf4da7ca?s=96&d=mm&r=g\",\"caption\":\"aliou kane ndiaye\"},\"sameAs\":[\"http:\/\/www.challengeseconomiques.com\"],\"url\":\"https:\/\/challengeseconomiques.com\/?author=3\"}]}<\/script>\n<!-- \/ Yoast SEO plugin. -->","yoast_head_json":{"title":"La r\u00e9silience de l\u2019\u00e9conomie s\u00e9n\u00e9galaise salu\u00e9e par le FMI - challenges economiques","robots":{"index":"index","follow":"follow","max-snippet":"max-snippet:-1","max-image-preview":"max-image-preview:large","max-video-preview":"max-video-preview:-1"},"canonical":"https:\/\/challengeseconomiques.com\/?p=6342","og_locale":"fr_FR","og_type":"article","og_title":"La r\u00e9silience de l\u2019\u00e9conomie s\u00e9n\u00e9galaise salu\u00e9e par le FMI - challenges economiques","og_description":"Une d\u00e9l\u00e9gation du Fonds Mon\u00e9taire International (FMI) dirig\u00e9e par\u00a0 Edward Gemayel a salu\u00e9 la r\u00e9silience dont a fait preuve l\u2019\u00e9conomie s\u00e9n\u00e9galaise en 2023 en d\u00e9pit...","og_url":"https:\/\/challengeseconomiques.com\/?p=6342","og_site_name":"challenges economiques","article_published_time":"2024-05-03T23:45:29+00:00","article_modified_time":"2024-05-03T23:46:01+00:00","og_image":[{"width":1280,"height":853,"url":"https:\/\/challengeseconomiques.com\/wp-content\/uploads\/2024\/05\/Edward-Gemayel-et-topnews.sn_.jpeg","type":"image\/jpeg"}],"author":"aliou kane ndiaye","twitter_card":"summary_large_image","twitter_misc":{"\u00c9crit par":"aliou kane ndiaye","Dur\u00e9e de lecture estim\u00e9e":"3 minutes"},"schema":{"@context":"https:\/\/schema.org","@graph":[{"@type":"Article","@id":"https:\/\/challengeseconomiques.com\/?p=6342#article","isPartOf":{"@id":"https:\/\/challengeseconomiques.com\/?p=6342"},"author":{"name":"aliou kane ndiaye","@id":"https:\/\/challengeseconomiques.com\/#\/schema\/person\/2f70a31e102db1741c1a1c00c2bbd8a6"},"headline":"La r\u00e9silience de l\u2019\u00e9conomie s\u00e9n\u00e9galaise salu\u00e9e par le FMI","datePublished":"2024-05-03T23:45:29+00:00","dateModified":"2024-05-03T23:46:01+00:00","mainEntityOfPage":{"@id":"https:\/\/challengeseconomiques.com\/?p=6342"},"wordCount":603,"image":{"@id":"https:\/\/challengeseconomiques.com\/?p=6342#primaryimage"},"thumbnailUrl":"https:\/\/challengeseconomiques.com\/wp-content\/uploads\/2024\/05\/Edward-Gemayel-et-topnews.sn_.jpeg","articleSection":["A la une","Actualit\u00e9 \u00e9conomique"],"inLanguage":"fr-FR"},{"@type":"WebPage","@id":"https:\/\/challengeseconomiques.com\/?p=6342","url":"https:\/\/challengeseconomiques.com\/?p=6342","name":"La r\u00e9silience de l\u2019\u00e9conomie s\u00e9n\u00e9galaise salu\u00e9e par le FMI - challenges economiques","isPartOf":{"@id":"https:\/\/challengeseconomiques.com\/#website"},"primaryImageOfPage":{"@id":"https:\/\/challengeseconomiques.com\/?p=6342#primaryimage"},"image":{"@id":"https:\/\/challengeseconomiques.com\/?p=6342#primaryimage"},"thumbnailUrl":"https:\/\/challengeseconomiques.com\/wp-content\/uploads\/2024\/05\/Edward-Gemayel-et-topnews.sn_.jpeg","datePublished":"2024-05-03T23:45:29+00:00","dateModified":"2024-05-03T23:46:01+00:00","author":{"@id":"https:\/\/challengeseconomiques.com\/#\/schema\/person\/2f70a31e102db1741c1a1c00c2bbd8a6"},"breadcrumb":{"@id":"https:\/\/challengeseconomiques.com\/?p=6342#breadcrumb"},"inLanguage":"fr-FR","potentialAction":[{"@type":"ReadAction","target":["https:\/\/challengeseconomiques.com\/?p=6342"]}]},{"@type":"ImageObject","inLanguage":"fr-FR","@id":"https:\/\/challengeseconomiques.com\/?p=6342#primaryimage","url":"https:\/\/challengeseconomiques.com\/wp-content\/uploads\/2024\/05\/Edward-Gemayel-et-topnews.sn_.jpeg","contentUrl":"https:\/\/challengeseconomiques.com\/wp-content\/uploads\/2024\/05\/Edward-Gemayel-et-topnews.sn_.jpeg","width":1280,"height":853},{"@type":"BreadcrumbList","@id":"https:\/\/challengeseconomiques.com\/?p=6342#breadcrumb","itemListElement":[{"@type":"ListItem","position":1,"name":"Home","item":"https:\/\/challengeseconomiques.com\/"},{"@type":"ListItem","position":2,"name":"La r\u00e9silience de l\u2019\u00e9conomie s\u00e9n\u00e9galaise salu\u00e9e par le FMI"}]},{"@type":"WebSite","@id":"https:\/\/challengeseconomiques.com\/#website","url":"https:\/\/challengeseconomiques.com\/","name":"challenges economiques","description":"","potentialAction":[{"@type":"SearchAction","target":{"@type":"EntryPoint","urlTemplate":"https:\/\/challengeseconomiques.com\/?s={search_term_string}"},"query-input":{"@type":"PropertyValueSpecification","valueRequired":true,"valueName":"search_term_string"}}],"inLanguage":"fr-FR"},{"@type":"Person","@id":"https:\/\/challengeseconomiques.com\/#\/schema\/person\/2f70a31e102db1741c1a1c00c2bbd8a6","name":"aliou kane ndiaye","image":{"@type":"ImageObject","inLanguage":"fr-FR","@id":"https:\/\/challengeseconomiques.com\/#\/schema\/person\/image\/","url":"https:\/\/secure.gravatar.com\/avatar\/df942321e58711a9f1fee838e446766660477bacd4b42fa20400d2c7cf4da7ca?s=96&d=mm&r=g","contentUrl":"https:\/\/secure.gravatar.com\/avatar\/df942321e58711a9f1fee838e446766660477bacd4b42fa20400d2c7cf4da7ca?s=96&d=mm&r=g","caption":"aliou kane ndiaye"},"sameAs":["http:\/\/www.challengeseconomiques.com"],"url":"https:\/\/challengeseconomiques.com\/?author=3"}]}},"jetpack_featured_media_url":"https:\/\/challengeseconomiques.com\/wp-content\/uploads\/2024\/05\/Edward-Gemayel-et-topnews.sn_.jpeg","jetpack_sharing_enabled":true,"_links":{"self":[{"href":"https:\/\/challengeseconomiques.com\/index.php?rest_route=\/wp\/v2\/posts\/6342","targetHints":{"allow":["GET"]}}],"collection":[{"href":"https:\/\/challengeseconomiques.com\/index.php?rest_route=\/wp\/v2\/posts"}],"about":[{"href":"https:\/\/challengeseconomiques.com\/index.php?rest_route=\/wp\/v2\/types\/post"}],"author":[{"embeddable":true,"href":"https:\/\/challengeseconomiques.com\/index.php?rest_route=\/wp\/v2\/users\/3"}],"replies":[{"embeddable":true,"href":"https:\/\/challengeseconomiques.com\/index.php?rest_route=%2Fwp%2Fv2%2Fcomments&post=6342"}],"version-history":[{"count":1,"href":"https:\/\/challengeseconomiques.com\/index.php?rest_route=\/wp\/v2\/posts\/6342\/revisions"}],"predecessor-version":[{"id":6344,"href":"https:\/\/challengeseconomiques.com\/index.php?rest_route=\/wp\/v2\/posts\/6342\/revisions\/6344"}],"wp:featuredmedia":[{"embeddable":true,"href":"https:\/\/challengeseconomiques.com\/index.php?rest_route=\/wp\/v2\/media\/6343"}],"wp:attachment":[{"href":"https:\/\/challengeseconomiques.com\/index.php?rest_route=%2Fwp%2Fv2%2Fmedia&parent=6342"}],"wp:term":[{"taxonomy":"category","embeddable":true,"href":"https:\/\/challengeseconomiques.com\/index.php?rest_route=%2Fwp%2Fv2%2Fcategories&post=6342"},{"taxonomy":"post_tag","embeddable":true,"href":"https:\/\/challengeseconomiques.com\/index.php?rest_route=%2Fwp%2Fv2%2Ftags&post=6342"}],"curies":[{"name":"wp","href":"https:\/\/api.w.org\/{rel}","templated":true}]}}