{"id":6310,"date":"2024-04-29T21:01:32","date_gmt":"2024-04-29T21:01:32","guid":{"rendered":"https:\/\/challengeseconomiques.com\/?p=6310"},"modified":"2024-04-29T21:04:03","modified_gmt":"2024-04-29T21:04:03","slug":"19-dirigeants-dafrique-sengagent-a-mener-des-reformes-economiques-ambitieuses-avec-lida-de-la-banque-mondiale","status":"publish","type":"post","link":"https:\/\/challengeseconomiques.com\/?p=6310","title":{"rendered":"19 dirigeants d\u2019Afrique s\u2019engagent \u00e0 mener des r\u00e9formes \u00e9conomiques ambitieuses avec l\u2019IDA de la Banque mondiale"},"content":{"rendered":"<p>19 chefs d&rsquo;\u00c9tat africains se sont r\u00e9unis \u00e0 l&rsquo;occasion d&rsquo;un grand sommet, r\u00e9solus \u00e0 concentrer leurs efforts, pour r\u00e9aliser les aspirations de d\u00e9veloppement sur l&rsquo;ensemble du continent. Ce programme ambitieux, qui vise \u00e0 am\u00e9liorer consid\u00e9rablement les conditions de vie ainsi qu\u2019\u00e0 cr\u00e9er de nouvelles opportunit\u00e9s, positionne l\u2019Association internationale de d\u00e9veloppement (IDA) de la banque mondiale comme un \u00e9l\u00e9ment essentiel du succ\u00e8s, informe un communiqu\u00e9.<\/p>\n<p>En effet, ce communiqu\u00e9 post-sommet a d\u00e9taill\u00e9 l\u2019engagement ind\u00e9fectible des dirigeants \u00e0 renforcer la gouvernance, lib\u00e9rer le potentiel du secteur priv\u00e9 pour la cr\u00e9ation d\u2019emplois, mobiliser les ressources nationales et tenir les promesses en mati\u00e8re de changement climatique.<\/p>\n<p>L\u2019accroissement de l\u2019acc\u00e8s \u00e0 l\u2019\u00e9nergie et au num\u00e9rique, ainsi que l\u2019am\u00e9lioration de la r\u00e9silience au changement climatique et aux conflits \u00e9tant \u00e9galement au nombre des priorit\u00e9s.<\/p>\n<p>Le gouvernement du Kenya et le groupe de la banque mondiale, qui ont organis\u00e9 conjointement le sommet, ont chacun soulign\u00e9 le r\u00f4le essentiel de l\u2019IDA, le fonds de la Banque mondiale ax\u00e9 sur les personnes les plus d\u00e9favoris\u00e9es et de la communaut\u00e9 mondiale, pour soutenir les aspirations de l\u2019Afrique.<\/p>\n<p>Dr. William Ruto, le Pr\u00e9sident de la R\u00e9publique du Kenya, a soulign\u00e9 l\u2019urgence du changement pour le continent et son d\u00e9sir de capitaliser sur l\u2019opportunit\u00e9 de ce moment charni\u00e8re. D\u00e9fendant avec ardeur le renforcement des contributions des donateurs \u00e0 l\u2019IDA-21. Il a aussi soulign\u00e9 son r\u00f4le dans les changements transformateurs en Afrique, et dans le monde entier.<\/p>\n<p>\u00ab Notre peuple et nous, les dirigeants de l\u2019Afrique, sommes impatients de voir le changement s\u2019op\u00e9rer et nous voulons transformer le continent en ce moment de formidables opportunit\u00e9s \u00bb, a d\u00e9clar\u00e9 le pr\u00e9sident Ruto.<\/p>\n<p>Il a parall\u00e8lement affirm\u00e9 que l\u2019IDA a \u00e9t\u00e9 et doit rester un partenaire de d\u00e9veloppement fiable pour l\u2019Afrique. Et il a exhort\u00e9 les donateurs \u00e0 renforcer leurs contributions \u00e0 l\u2019IDA-21, afin qu\u2019ensemble les africains puissent avoir un impact transformateur pour une Afrique meilleure, et pour un monde meilleur.<\/p>\n<p>Ajay Banga, le pr\u00e9sident du Groupe de la Banque mondiale, a soulign\u00e9 la n\u00e9cessit\u00e9 d\u2019un soutien mondial ind\u00e9fectible, en particulier de la part de l\u2019IDA, alors que l\u2019Afrique trace sa voie vers un avenir prosp\u00e8re et progressiste.<\/p>\n<p>\u00ab Nous sommes unis par une vision commune pour l\u2019avenir de l\u2019Afrique, un continent riche en diversit\u00e9, en culture et en potentiel, gr\u00e2ce \u00e0 ses jeunes et \u00e0 ses ressources naturelles \u00bb, a relev\u00e9 Ajay Banga.<\/p>\n<p>Pour lui, ce sont les ingr\u00e9dients qui peuvent alimenter l\u2019avenir des africains. Il a soutenu que l\u2019association internationale de d\u00e9veloppement a \u00e9t\u00e9 un partenaire ind\u00e9fectible dans le parcours du d\u00e9veloppement de l\u2019Afrique et \u00e0 son avis ce sommet symbolise notre engagement collectif \u00e0 acc\u00e9l\u00e9rer les progr\u00e8s.<\/p>\n<p>Il est \u00e0 rappeler que l\u2019IDA est un puissant moteur de croissance \u00e9conomique en Afrique. Il favorise le progr\u00e8s gr\u00e2ce \u00e0 des subventions et \u00e0 des pr\u00eats tr\u00e8s concessionnels, en stimulant les investissements strat\u00e9giques dans la cr\u00e9ation d\u2019une main-d\u2019\u0153uvre qualifi\u00e9e et en bonne sant\u00e9 et en soutenant les secteurs cr\u00e9ateurs d\u2019emplois comme l\u2019agriculture.<\/p>\n<p>Les r\u00e9cents efforts visant \u00e0 simplifier l\u2019acc\u00e8s \u00e0 son soutien ont encore am\u00e9lior\u00e9 son efficacit\u00e9. L\u2019IDA soutient actuellement 75 pays, dont 39 en Afrique. Plus de 70 % de ses ressources sont destin\u00e9es au continent, jouant un r\u00f4le essentiel dans la r\u00e9alisation de l\u2019objectif du groupe de la banque mondiale de fournir de l\u2019\u00e9lectricit\u00e9 \u00e0 250 millions d\u2019Africains d\u2019ici 2030.<\/p>\n","protected":false},"excerpt":{"rendered":"<p>19 chefs d&rsquo;\u00c9tat africains se sont r\u00e9unis \u00e0 l&rsquo;occasion d&rsquo;un grand sommet, r\u00e9solus \u00e0 concentrer leurs efforts, pour r\u00e9aliser les aspirations de d\u00e9veloppement sur l&rsquo;ensemble&#8230;<\/p>\n","protected":false},"author":1,"featured_media":3636,"comment_status":"closed","ping_status":"open","sticky":false,"template":"","format":"standard","meta":{"_jetpack_memberships_contains_paid_content":false,"footnotes":""},"categories":[8],"tags":[],"class_list":["post-6310","post","type-post","status-publish","format-standard","has-post-thumbnail","hentry","category-actualite-economique","wpcat-8-id"],"yoast_head":"<!-- This site is optimized with the Yoast SEO plugin v27.1.1 - https:\/\/yoast.com\/product\/yoast-seo-wordpress\/ -->\n<title>19 dirigeants d\u2019Afrique s\u2019engagent \u00e0 mener des r\u00e9formes \u00e9conomiques ambitieuses avec l\u2019IDA de la Banque mondiale - challenges economiques<\/title>\n<meta name=\"robots\" content=\"index, follow, max-snippet:-1, max-image-preview:large, max-video-preview:-1\" \/>\n<link rel=\"canonical\" href=\"https:\/\/challengeseconomiques.com\/?p=6310\" \/>\n<meta property=\"og:locale\" content=\"fr_FR\" \/>\n<meta property=\"og:type\" content=\"article\" \/>\n<meta property=\"og:title\" content=\"19 dirigeants d\u2019Afrique s\u2019engagent \u00e0 mener des r\u00e9formes \u00e9conomiques ambitieuses avec l\u2019IDA de la Banque mondiale - challenges economiques\" \/>\n<meta property=\"og:description\" content=\"19 chefs d&rsquo;\u00c9tat africains se sont r\u00e9unis \u00e0 l&rsquo;occasion d&rsquo;un grand sommet, r\u00e9solus \u00e0 concentrer leurs efforts, pour r\u00e9aliser les aspirations de d\u00e9veloppement sur l&rsquo;ensemble...\" \/>\n<meta property=\"og:url\" content=\"https:\/\/challengeseconomiques.com\/?p=6310\" \/>\n<meta property=\"og:site_name\" content=\"challenges economiques\" \/>\n<meta property=\"article:published_time\" content=\"2024-04-29T21:01:32+00:00\" \/>\n<meta property=\"article:modified_time\" content=\"2024-04-29T21:04:03+00:00\" \/>\n<meta property=\"og:image\" content=\"https:\/\/challengeseconomiques.com\/wp-content\/uploads\/2022\/07\/ida2.jpeg\" \/>\n\t<meta property=\"og:image:width\" content=\"834\" \/>\n\t<meta property=\"og:image:height\" content=\"567\" \/>\n\t<meta property=\"og:image:type\" content=\"image\/jpeg\" \/>\n<meta name=\"author\" content=\"admin\" \/>\n<meta name=\"twitter:card\" content=\"summary_large_image\" \/>\n<meta name=\"twitter:label1\" content=\"\u00c9crit par\" \/>\n\t<meta name=\"twitter:data1\" content=\"admin\" \/>\n\t<meta name=\"twitter:label2\" content=\"Dur\u00e9e de lecture estim\u00e9e\" \/>\n\t<meta name=\"twitter:data2\" content=\"3 minutes\" \/>\n<script type=\"application\/ld+json\" class=\"yoast-schema-graph\">{\"@context\":\"https:\/\/schema.org\",\"@graph\":[{\"@type\":\"Article\",\"@id\":\"https:\/\/challengeseconomiques.com\/?p=6310#article\",\"isPartOf\":{\"@id\":\"https:\/\/challengeseconomiques.com\/?p=6310\"},\"author\":{\"name\":\"admin\",\"@id\":\"https:\/\/challengeseconomiques.com\/#\/schema\/person\/b4568c9afebc5a9238a771873801e349\"},\"headline\":\"19 dirigeants d\u2019Afrique s\u2019engagent \u00e0 mener des r\u00e9formes \u00e9conomiques ambitieuses avec l\u2019IDA de la Banque mondiale\",\"datePublished\":\"2024-04-29T21:01:32+00:00\",\"dateModified\":\"2024-04-29T21:04:03+00:00\",\"mainEntityOfPage\":{\"@id\":\"https:\/\/challengeseconomiques.com\/?p=6310\"},\"wordCount\":640,\"image\":{\"@id\":\"https:\/\/challengeseconomiques.com\/?p=6310#primaryimage\"},\"thumbnailUrl\":\"https:\/\/challengeseconomiques.com\/wp-content\/uploads\/2022\/07\/ida2.jpeg\",\"articleSection\":[\"Actualit\u00e9 \u00e9conomique\"],\"inLanguage\":\"fr-FR\"},{\"@type\":\"WebPage\",\"@id\":\"https:\/\/challengeseconomiques.com\/?p=6310\",\"url\":\"https:\/\/challengeseconomiques.com\/?p=6310\",\"name\":\"19 dirigeants d\u2019Afrique s\u2019engagent \u00e0 mener des r\u00e9formes \u00e9conomiques ambitieuses avec l\u2019IDA de la Banque mondiale - challenges economiques\",\"isPartOf\":{\"@id\":\"https:\/\/challengeseconomiques.com\/#website\"},\"primaryImageOfPage\":{\"@id\":\"https:\/\/challengeseconomiques.com\/?p=6310#primaryimage\"},\"image\":{\"@id\":\"https:\/\/challengeseconomiques.com\/?p=6310#primaryimage\"},\"thumbnailUrl\":\"https:\/\/challengeseconomiques.com\/wp-content\/uploads\/2022\/07\/ida2.jpeg\",\"datePublished\":\"2024-04-29T21:01:32+00:00\",\"dateModified\":\"2024-04-29T21:04:03+00:00\",\"author\":{\"@id\":\"https:\/\/challengeseconomiques.com\/#\/schema\/person\/b4568c9afebc5a9238a771873801e349\"},\"breadcrumb\":{\"@id\":\"https:\/\/challengeseconomiques.com\/?p=6310#breadcrumb\"},\"inLanguage\":\"fr-FR\",\"potentialAction\":[{\"@type\":\"ReadAction\",\"target\":[\"https:\/\/challengeseconomiques.com\/?p=6310\"]}]},{\"@type\":\"ImageObject\",\"inLanguage\":\"fr-FR\",\"@id\":\"https:\/\/challengeseconomiques.com\/?p=6310#primaryimage\",\"url\":\"https:\/\/challengeseconomiques.com\/wp-content\/uploads\/2022\/07\/ida2.jpeg\",\"contentUrl\":\"https:\/\/challengeseconomiques.com\/wp-content\/uploads\/2022\/07\/ida2.jpeg\",\"width\":834,\"height\":567},{\"@type\":\"BreadcrumbList\",\"@id\":\"https:\/\/challengeseconomiques.com\/?p=6310#breadcrumb\",\"itemListElement\":[{\"@type\":\"ListItem\",\"position\":1,\"name\":\"Home\",\"item\":\"https:\/\/challengeseconomiques.com\/\"},{\"@type\":\"ListItem\",\"position\":2,\"name\":\"19 dirigeants d\u2019Afrique s\u2019engagent \u00e0 mener des r\u00e9formes \u00e9conomiques ambitieuses avec l\u2019IDA de la Banque mondiale\"}]},{\"@type\":\"WebSite\",\"@id\":\"https:\/\/challengeseconomiques.com\/#website\",\"url\":\"https:\/\/challengeseconomiques.com\/\",\"name\":\"challenges economiques\",\"description\":\"\",\"potentialAction\":[{\"@type\":\"SearchAction\",\"target\":{\"@type\":\"EntryPoint\",\"urlTemplate\":\"https:\/\/challengeseconomiques.com\/?s={search_term_string}\"},\"query-input\":{\"@type\":\"PropertyValueSpecification\",\"valueRequired\":true,\"valueName\":\"search_term_string\"}}],\"inLanguage\":\"fr-FR\"},{\"@type\":\"Person\",\"@id\":\"https:\/\/challengeseconomiques.com\/#\/schema\/person\/b4568c9afebc5a9238a771873801e349\",\"name\":\"admin\",\"image\":{\"@type\":\"ImageObject\",\"inLanguage\":\"fr-FR\",\"@id\":\"https:\/\/challengeseconomiques.com\/#\/schema\/person\/image\/\",\"url\":\"https:\/\/secure.gravatar.com\/avatar\/099e42240b5eea11acdb72751fcce0dd918603f0749d24974b7984ea47ed9fd9?s=96&d=mm&r=g\",\"contentUrl\":\"https:\/\/secure.gravatar.com\/avatar\/099e42240b5eea11acdb72751fcce0dd918603f0749d24974b7984ea47ed9fd9?s=96&d=mm&r=g\",\"caption\":\"admin\"},\"sameAs\":[\"https:\/\/challengeseconomiques.com\"],\"url\":\"https:\/\/challengeseconomiques.com\/?author=1\"}]}<\/script>\n<!-- \/ Yoast SEO plugin. -->","yoast_head_json":{"title":"19 dirigeants d\u2019Afrique s\u2019engagent \u00e0 mener des r\u00e9formes \u00e9conomiques ambitieuses avec l\u2019IDA de la Banque mondiale - challenges economiques","robots":{"index":"index","follow":"follow","max-snippet":"max-snippet:-1","max-image-preview":"max-image-preview:large","max-video-preview":"max-video-preview:-1"},"canonical":"https:\/\/challengeseconomiques.com\/?p=6310","og_locale":"fr_FR","og_type":"article","og_title":"19 dirigeants d\u2019Afrique s\u2019engagent \u00e0 mener des r\u00e9formes \u00e9conomiques ambitieuses avec l\u2019IDA de la Banque mondiale - challenges economiques","og_description":"19 chefs d&rsquo;\u00c9tat africains se sont r\u00e9unis \u00e0 l&rsquo;occasion d&rsquo;un grand sommet, r\u00e9solus \u00e0 concentrer leurs efforts, pour r\u00e9aliser les aspirations de d\u00e9veloppement sur l&rsquo;ensemble...","og_url":"https:\/\/challengeseconomiques.com\/?p=6310","og_site_name":"challenges economiques","article_published_time":"2024-04-29T21:01:32+00:00","article_modified_time":"2024-04-29T21:04:03+00:00","og_image":[{"width":834,"height":567,"url":"https:\/\/challengeseconomiques.com\/wp-content\/uploads\/2022\/07\/ida2.jpeg","type":"image\/jpeg"}],"author":"admin","twitter_card":"summary_large_image","twitter_misc":{"\u00c9crit par":"admin","Dur\u00e9e de lecture estim\u00e9e":"3 minutes"},"schema":{"@context":"https:\/\/schema.org","@graph":[{"@type":"Article","@id":"https:\/\/challengeseconomiques.com\/?p=6310#article","isPartOf":{"@id":"https:\/\/challengeseconomiques.com\/?p=6310"},"author":{"name":"admin","@id":"https:\/\/challengeseconomiques.com\/#\/schema\/person\/b4568c9afebc5a9238a771873801e349"},"headline":"19 dirigeants d\u2019Afrique s\u2019engagent \u00e0 mener des r\u00e9formes \u00e9conomiques ambitieuses avec l\u2019IDA de la Banque mondiale","datePublished":"2024-04-29T21:01:32+00:00","dateModified":"2024-04-29T21:04:03+00:00","mainEntityOfPage":{"@id":"https:\/\/challengeseconomiques.com\/?p=6310"},"wordCount":640,"image":{"@id":"https:\/\/challengeseconomiques.com\/?p=6310#primaryimage"},"thumbnailUrl":"https:\/\/challengeseconomiques.com\/wp-content\/uploads\/2022\/07\/ida2.jpeg","articleSection":["Actualit\u00e9 \u00e9conomique"],"inLanguage":"fr-FR"},{"@type":"WebPage","@id":"https:\/\/challengeseconomiques.com\/?p=6310","url":"https:\/\/challengeseconomiques.com\/?p=6310","name":"19 dirigeants d\u2019Afrique s\u2019engagent \u00e0 mener des r\u00e9formes \u00e9conomiques ambitieuses avec l\u2019IDA de la Banque mondiale - challenges economiques","isPartOf":{"@id":"https:\/\/challengeseconomiques.com\/#website"},"primaryImageOfPage":{"@id":"https:\/\/challengeseconomiques.com\/?p=6310#primaryimage"},"image":{"@id":"https:\/\/challengeseconomiques.com\/?p=6310#primaryimage"},"thumbnailUrl":"https:\/\/challengeseconomiques.com\/wp-content\/uploads\/2022\/07\/ida2.jpeg","datePublished":"2024-04-29T21:01:32+00:00","dateModified":"2024-04-29T21:04:03+00:00","author":{"@id":"https:\/\/challengeseconomiques.com\/#\/schema\/person\/b4568c9afebc5a9238a771873801e349"},"breadcrumb":{"@id":"https:\/\/challengeseconomiques.com\/?p=6310#breadcrumb"},"inLanguage":"fr-FR","potentialAction":[{"@type":"ReadAction","target":["https:\/\/challengeseconomiques.com\/?p=6310"]}]},{"@type":"ImageObject","inLanguage":"fr-FR","@id":"https:\/\/challengeseconomiques.com\/?p=6310#primaryimage","url":"https:\/\/challengeseconomiques.com\/wp-content\/uploads\/2022\/07\/ida2.jpeg","contentUrl":"https:\/\/challengeseconomiques.com\/wp-content\/uploads\/2022\/07\/ida2.jpeg","width":834,"height":567},{"@type":"BreadcrumbList","@id":"https:\/\/challengeseconomiques.com\/?p=6310#breadcrumb","itemListElement":[{"@type":"ListItem","position":1,"name":"Home","item":"https:\/\/challengeseconomiques.com\/"},{"@type":"ListItem","position":2,"name":"19 dirigeants d\u2019Afrique s\u2019engagent \u00e0 mener des r\u00e9formes \u00e9conomiques ambitieuses avec l\u2019IDA de la Banque mondiale"}]},{"@type":"WebSite","@id":"https:\/\/challengeseconomiques.com\/#website","url":"https:\/\/challengeseconomiques.com\/","name":"challenges economiques","description":"","potentialAction":[{"@type":"SearchAction","target":{"@type":"EntryPoint","urlTemplate":"https:\/\/challengeseconomiques.com\/?s={search_term_string}"},"query-input":{"@type":"PropertyValueSpecification","valueRequired":true,"valueName":"search_term_string"}}],"inLanguage":"fr-FR"},{"@type":"Person","@id":"https:\/\/challengeseconomiques.com\/#\/schema\/person\/b4568c9afebc5a9238a771873801e349","name":"admin","image":{"@type":"ImageObject","inLanguage":"fr-FR","@id":"https:\/\/challengeseconomiques.com\/#\/schema\/person\/image\/","url":"https:\/\/secure.gravatar.com\/avatar\/099e42240b5eea11acdb72751fcce0dd918603f0749d24974b7984ea47ed9fd9?s=96&d=mm&r=g","contentUrl":"https:\/\/secure.gravatar.com\/avatar\/099e42240b5eea11acdb72751fcce0dd918603f0749d24974b7984ea47ed9fd9?s=96&d=mm&r=g","caption":"admin"},"sameAs":["https:\/\/challengeseconomiques.com"],"url":"https:\/\/challengeseconomiques.com\/?author=1"}]}},"jetpack_featured_media_url":"https:\/\/challengeseconomiques.com\/wp-content\/uploads\/2022\/07\/ida2.jpeg","jetpack_sharing_enabled":true,"_links":{"self":[{"href":"https:\/\/challengeseconomiques.com\/index.php?rest_route=\/wp\/v2\/posts\/6310","targetHints":{"allow":["GET"]}}],"collection":[{"href":"https:\/\/challengeseconomiques.com\/index.php?rest_route=\/wp\/v2\/posts"}],"about":[{"href":"https:\/\/challengeseconomiques.com\/index.php?rest_route=\/wp\/v2\/types\/post"}],"author":[{"embeddable":true,"href":"https:\/\/challengeseconomiques.com\/index.php?rest_route=\/wp\/v2\/users\/1"}],"replies":[{"embeddable":true,"href":"https:\/\/challengeseconomiques.com\/index.php?rest_route=%2Fwp%2Fv2%2Fcomments&post=6310"}],"version-history":[{"count":1,"href":"https:\/\/challengeseconomiques.com\/index.php?rest_route=\/wp\/v2\/posts\/6310\/revisions"}],"predecessor-version":[{"id":6313,"href":"https:\/\/challengeseconomiques.com\/index.php?rest_route=\/wp\/v2\/posts\/6310\/revisions\/6313"}],"wp:featuredmedia":[{"embeddable":true,"href":"https:\/\/challengeseconomiques.com\/index.php?rest_route=\/wp\/v2\/media\/3636"}],"wp:attachment":[{"href":"https:\/\/challengeseconomiques.com\/index.php?rest_route=%2Fwp%2Fv2%2Fmedia&parent=6310"}],"wp:term":[{"taxonomy":"category","embeddable":true,"href":"https:\/\/challengeseconomiques.com\/index.php?rest_route=%2Fwp%2Fv2%2Fcategories&post=6310"},{"taxonomy":"post_tag","embeddable":true,"href":"https:\/\/challengeseconomiques.com\/index.php?rest_route=%2Fwp%2Fv2%2Ftags&post=6310"}],"curies":[{"name":"wp","href":"https:\/\/api.w.org\/{rel}","templated":true}]}}