{"id":6303,"date":"2024-04-29T16:07:53","date_gmt":"2024-04-29T16:07:53","guid":{"rendered":"https:\/\/challengeseconomiques.com\/?p=6303"},"modified":"2024-04-29T16:08:59","modified_gmt":"2024-04-29T16:08:59","slug":"uemoa-les-chantiers-communautaires-au-menu-de-laudience-entre-bassirou-diomaye-faye-et-abdoulaye-diop","status":"publish","type":"post","link":"https:\/\/challengeseconomiques.com\/?p=6303","title":{"rendered":"Uemoa : les chantiers communautaires au menu de l\u2019audience entre Bassirou Diomaye Faye et Abdoulaye Diop"},"content":{"rendered":"<p><strong>Les<\/strong> <strong>chantiers communautaires ont \u00e9t\u00e9 au menu de l\u2019audience que le nouveau Pr\u00e9sident de la R\u00e9publique du S\u00e9n\u00e9gal, Bassirou Diomaye Faye a accord\u00e9 vendredi, <\/strong><strong>26 avril 2024<\/strong>\u00a0<strong> \u00e0 Abdoulaye Diop, le pr\u00e9sident de la commission de l\u2019union \u00e9conomique et mon\u00e9taire ouest africaine. <\/strong><\/p>\n<p>L\u2019audience, qui s\u2019est d\u00e9roul\u00e9e au palais pr\u00e9sidentiel en pr\u00e9sence du ministre des finances et du budget Cheikh Diba et d\u2019A\u00efssa Kabo, la repr\u00e9sentante r\u00e9sidente de la Commission de l\u2019Uemoa \u00e0 Dakar,\u00a0 a \u00e9t\u00e9 l\u2019occasion pour le pr\u00e9sident de la Commission de l\u2019Uemoa de faire un tour d\u2019horizon des chantiers communautaires.<\/p>\n<p>En marge de l\u2019audience, Abdoulaye Diop a d\u00e9clar\u00e9 avoir renouvel\u00e9, au Pr\u00e9sident de la R\u00e9publique, au nom de l\u2019ensemble des membres et personnel des organes de l\u2019union, ses sinc\u00e8res f\u00e9licitations et ses v\u0153ux de plein succ\u00e8s \u00e0 la t\u00eate du S\u00e9n\u00e9gal.<\/p>\n<p><em>\u00ab\u00a0J\u2019ai fait \u00e0 Son Excellence, le Pr\u00e9sident Bassirou Diomaye Diakhar Faye, le point de la marche de l\u2019Uemoa avec la situation \u00e9conomique marqu\u00e9e par une bonne r\u00e9silience des \u00e9conomies des Etats membres\u00a0\u00bb,<\/em>\u00a0a indiqu\u00e9 le Pr\u00e9sident de la Commission de l\u2019Uemoa, qui a aussi abord\u00e9 avec le Chef de l\u2019Etat s\u00e9n\u00e9galais la situation socio-politique et s\u00e9curitaire de l\u2019Union.<\/p>\n<p>Abdoulaye Diop a aussi pr\u00e9cis\u00e9 que le Pr\u00e9sident de la R\u00e9publique a salu\u00e9 les performances de l\u2019Union et donn\u00e9 des orientations et sa vision communautaire, en parfaite convergence avec la dynamique actuelle pour le renforcement de l\u2019int\u00e9gration r\u00e9gionale.<\/p>\n<p>Il est \u00e0 noter qu\u2019outre le Pr\u00e9sident de la R\u00e9publique, le premier ministre Ousmane Sonko a aussi re\u00e7u en audience le pr\u00e9sident de la commission de l\u2019Uemoa. Au cours de cette rencontre, les deux hommes ont abord\u00e9 plusieurs questions li\u00e9es \u00e0 l\u2019actualit\u00e9 de l\u2019Union, notamment \u00e9conomique, social et s\u00e9curitaire.<\/p>\n<p>Le pr\u00e9sident de la commission de l\u2019Uemoa a \u00e9galement recueilli les orientations du premier ministre, pour une bonne prise en charge dans la mise en \u0153uvre des chantiers en cours de l\u2019union. Le premier ministre a indiqu\u00e9 que le S\u00e9n\u00e9gal, un des pays fondateurs de l\u2019UEMOA, r\u00e9affirme son engagement \u00e0 continuer d\u2019\u0153uvrer pour une int\u00e9gration r\u00e9gionale r\u00e9ussie au b\u00e9n\u00e9fice des populations.<\/p>\n<p>Abdoulaye Diop a \u00e9galement inform\u00e9 le premier ministre de la tenue au mois de mai prochain dans les Etats membres de l\u2019Uemoa de la phase politique de\u00a0la 9\u00e8me revue annuelle des r\u00e9formes, politiques, programmes et projets communautaires.<\/p>\n<p><strong>Idrissa GUEYE<\/strong><\/p>\n<p><img fetchpriority=\"high\" decoding=\"async\" class=\"alignnone  wp-image-6305\" src=\"https:\/\/challengeseconomiques.com\/wp-content\/uploads\/2024\/04\/SONKOABDOULAYEDIOP-300x200.jpg\" alt=\"\" width=\"425\" height=\"283\" srcset=\"https:\/\/challengeseconomiques.com\/wp-content\/uploads\/2024\/04\/SONKOABDOULAYEDIOP-300x200.jpg 300w, https:\/\/challengeseconomiques.com\/wp-content\/uploads\/2024\/04\/SONKOABDOULAYEDIOP-1024x682.jpg 1024w, https:\/\/challengeseconomiques.com\/wp-content\/uploads\/2024\/04\/SONKOABDOULAYEDIOP-768x512.jpg 768w, https:\/\/challengeseconomiques.com\/wp-content\/uploads\/2024\/04\/SONKOABDOULAYEDIOP-1536x1024.jpg 1536w, https:\/\/challengeseconomiques.com\/wp-content\/uploads\/2024\/04\/SONKOABDOULAYEDIOP-2048x1365.jpg 2048w, https:\/\/challengeseconomiques.com\/wp-content\/uploads\/2024\/04\/SONKOABDOULAYEDIOP-1118x745.jpg 1118w, https:\/\/challengeseconomiques.com\/wp-content\/uploads\/2024\/04\/SONKOABDOULAYEDIOP-272x182.jpg 272w\" sizes=\"(max-width: 425px) 100vw, 425px\" \/><\/p>\n","protected":false},"excerpt":{"rendered":"<p>Les chantiers communautaires ont \u00e9t\u00e9 au menu de l\u2019audience que le nouveau Pr\u00e9sident de la R\u00e9publique du S\u00e9n\u00e9gal, Bassirou Diomaye Faye a accord\u00e9 vendredi, 26&#8230;<\/p>\n","protected":false},"author":1,"featured_media":6304,"comment_status":"closed","ping_status":"open","sticky":false,"template":"","format":"standard","meta":{"_jetpack_memberships_contains_paid_content":false,"footnotes":""},"categories":[23,8],"tags":[],"class_list":["post-6303","post","type-post","status-publish","format-standard","has-post-thumbnail","hentry","category-a-la-une","category-actualite-economique","wpcat-23-id","wpcat-8-id"],"yoast_head":"<!-- This site is optimized with the Yoast SEO plugin v27.1.1 - https:\/\/yoast.com\/product\/yoast-seo-wordpress\/ -->\n<title>Uemoa : les chantiers communautaires au menu de l\u2019audience entre Bassirou Diomaye Faye et Abdoulaye Diop - challenges economiques<\/title>\n<meta name=\"robots\" content=\"index, follow, max-snippet:-1, max-image-preview:large, max-video-preview:-1\" \/>\n<link rel=\"canonical\" href=\"https:\/\/challengeseconomiques.com\/?p=6303\" \/>\n<meta property=\"og:locale\" content=\"fr_FR\" \/>\n<meta property=\"og:type\" content=\"article\" \/>\n<meta property=\"og:title\" content=\"Uemoa : les chantiers communautaires au menu de l\u2019audience entre Bassirou Diomaye Faye et Abdoulaye Diop - challenges economiques\" \/>\n<meta property=\"og:description\" content=\"Les chantiers communautaires ont \u00e9t\u00e9 au menu de l\u2019audience que le nouveau Pr\u00e9sident de la R\u00e9publique du S\u00e9n\u00e9gal, Bassirou Diomaye Faye a accord\u00e9 vendredi, 26...\" \/>\n<meta property=\"og:url\" content=\"https:\/\/challengeseconomiques.com\/?p=6303\" \/>\n<meta property=\"og:site_name\" content=\"challenges economiques\" \/>\n<meta property=\"article:published_time\" content=\"2024-04-29T16:07:53+00:00\" \/>\n<meta property=\"article:modified_time\" content=\"2024-04-29T16:08:59+00:00\" \/>\n<meta property=\"og:image\" content=\"https:\/\/challengeseconomiques.com\/wp-content\/uploads\/2024\/04\/UEMOAS2N2GAL.jpg\" \/>\n\t<meta property=\"og:image:width\" content=\"2560\" \/>\n\t<meta property=\"og:image:height\" content=\"1706\" \/>\n\t<meta property=\"og:image:type\" content=\"image\/jpeg\" \/>\n<meta name=\"author\" content=\"admin\" \/>\n<meta name=\"twitter:card\" content=\"summary_large_image\" \/>\n<meta name=\"twitter:label1\" content=\"\u00c9crit par\" \/>\n\t<meta name=\"twitter:data1\" content=\"admin\" \/>\n\t<meta name=\"twitter:label2\" content=\"Dur\u00e9e de lecture estim\u00e9e\" \/>\n\t<meta name=\"twitter:data2\" content=\"2 minutes\" \/>\n<script type=\"application\/ld+json\" class=\"yoast-schema-graph\">{\"@context\":\"https:\/\/schema.org\",\"@graph\":[{\"@type\":\"Article\",\"@id\":\"https:\/\/challengeseconomiques.com\/?p=6303#article\",\"isPartOf\":{\"@id\":\"https:\/\/challengeseconomiques.com\/?p=6303\"},\"author\":{\"name\":\"admin\",\"@id\":\"https:\/\/challengeseconomiques.com\/#\/schema\/person\/b4568c9afebc5a9238a771873801e349\"},\"headline\":\"Uemoa : les chantiers communautaires au menu de l\u2019audience entre Bassirou Diomaye Faye et Abdoulaye Diop\",\"datePublished\":\"2024-04-29T16:07:53+00:00\",\"dateModified\":\"2024-04-29T16:08:59+00:00\",\"mainEntityOfPage\":{\"@id\":\"https:\/\/challengeseconomiques.com\/?p=6303\"},\"wordCount\":466,\"image\":{\"@id\":\"https:\/\/challengeseconomiques.com\/?p=6303#primaryimage\"},\"thumbnailUrl\":\"https:\/\/challengeseconomiques.com\/wp-content\/uploads\/2024\/04\/UEMOAS2N2GAL.jpg\",\"articleSection\":[\"A la une\",\"Actualit\u00e9 \u00e9conomique\"],\"inLanguage\":\"fr-FR\"},{\"@type\":\"WebPage\",\"@id\":\"https:\/\/challengeseconomiques.com\/?p=6303\",\"url\":\"https:\/\/challengeseconomiques.com\/?p=6303\",\"name\":\"Uemoa : les chantiers communautaires au menu de l\u2019audience entre Bassirou Diomaye Faye et Abdoulaye Diop - challenges economiques\",\"isPartOf\":{\"@id\":\"https:\/\/challengeseconomiques.com\/#website\"},\"primaryImageOfPage\":{\"@id\":\"https:\/\/challengeseconomiques.com\/?p=6303#primaryimage\"},\"image\":{\"@id\":\"https:\/\/challengeseconomiques.com\/?p=6303#primaryimage\"},\"thumbnailUrl\":\"https:\/\/challengeseconomiques.com\/wp-content\/uploads\/2024\/04\/UEMOAS2N2GAL.jpg\",\"datePublished\":\"2024-04-29T16:07:53+00:00\",\"dateModified\":\"2024-04-29T16:08:59+00:00\",\"author\":{\"@id\":\"https:\/\/challengeseconomiques.com\/#\/schema\/person\/b4568c9afebc5a9238a771873801e349\"},\"breadcrumb\":{\"@id\":\"https:\/\/challengeseconomiques.com\/?p=6303#breadcrumb\"},\"inLanguage\":\"fr-FR\",\"potentialAction\":[{\"@type\":\"ReadAction\",\"target\":[\"https:\/\/challengeseconomiques.com\/?p=6303\"]}]},{\"@type\":\"ImageObject\",\"inLanguage\":\"fr-FR\",\"@id\":\"https:\/\/challengeseconomiques.com\/?p=6303#primaryimage\",\"url\":\"https:\/\/challengeseconomiques.com\/wp-content\/uploads\/2024\/04\/UEMOAS2N2GAL.jpg\",\"contentUrl\":\"https:\/\/challengeseconomiques.com\/wp-content\/uploads\/2024\/04\/UEMOAS2N2GAL.jpg\",\"width\":2560,\"height\":1706},{\"@type\":\"BreadcrumbList\",\"@id\":\"https:\/\/challengeseconomiques.com\/?p=6303#breadcrumb\",\"itemListElement\":[{\"@type\":\"ListItem\",\"position\":1,\"name\":\"Home\",\"item\":\"https:\/\/challengeseconomiques.com\/\"},{\"@type\":\"ListItem\",\"position\":2,\"name\":\"Uemoa : les chantiers communautaires au menu de l\u2019audience entre Bassirou Diomaye Faye et Abdoulaye Diop\"}]},{\"@type\":\"WebSite\",\"@id\":\"https:\/\/challengeseconomiques.com\/#website\",\"url\":\"https:\/\/challengeseconomiques.com\/\",\"name\":\"challenges economiques\",\"description\":\"\",\"potentialAction\":[{\"@type\":\"SearchAction\",\"target\":{\"@type\":\"EntryPoint\",\"urlTemplate\":\"https:\/\/challengeseconomiques.com\/?s={search_term_string}\"},\"query-input\":{\"@type\":\"PropertyValueSpecification\",\"valueRequired\":true,\"valueName\":\"search_term_string\"}}],\"inLanguage\":\"fr-FR\"},{\"@type\":\"Person\",\"@id\":\"https:\/\/challengeseconomiques.com\/#\/schema\/person\/b4568c9afebc5a9238a771873801e349\",\"name\":\"admin\",\"image\":{\"@type\":\"ImageObject\",\"inLanguage\":\"fr-FR\",\"@id\":\"https:\/\/challengeseconomiques.com\/#\/schema\/person\/image\/\",\"url\":\"https:\/\/secure.gravatar.com\/avatar\/099e42240b5eea11acdb72751fcce0dd918603f0749d24974b7984ea47ed9fd9?s=96&d=mm&r=g\",\"contentUrl\":\"https:\/\/secure.gravatar.com\/avatar\/099e42240b5eea11acdb72751fcce0dd918603f0749d24974b7984ea47ed9fd9?s=96&d=mm&r=g\",\"caption\":\"admin\"},\"sameAs\":[\"https:\/\/challengeseconomiques.com\"],\"url\":\"https:\/\/challengeseconomiques.com\/?author=1\"}]}<\/script>\n<!-- \/ Yoast SEO plugin. -->","yoast_head_json":{"title":"Uemoa : les chantiers communautaires au menu de l\u2019audience entre Bassirou Diomaye Faye et Abdoulaye Diop - challenges economiques","robots":{"index":"index","follow":"follow","max-snippet":"max-snippet:-1","max-image-preview":"max-image-preview:large","max-video-preview":"max-video-preview:-1"},"canonical":"https:\/\/challengeseconomiques.com\/?p=6303","og_locale":"fr_FR","og_type":"article","og_title":"Uemoa : les chantiers communautaires au menu de l\u2019audience entre Bassirou Diomaye Faye et Abdoulaye Diop - challenges economiques","og_description":"Les chantiers communautaires ont \u00e9t\u00e9 au menu de l\u2019audience que le nouveau Pr\u00e9sident de la R\u00e9publique du S\u00e9n\u00e9gal, Bassirou Diomaye Faye a accord\u00e9 vendredi, 26...","og_url":"https:\/\/challengeseconomiques.com\/?p=6303","og_site_name":"challenges economiques","article_published_time":"2024-04-29T16:07:53+00:00","article_modified_time":"2024-04-29T16:08:59+00:00","og_image":[{"width":2560,"height":1706,"url":"https:\/\/challengeseconomiques.com\/wp-content\/uploads\/2024\/04\/UEMOAS2N2GAL.jpg","type":"image\/jpeg"}],"author":"admin","twitter_card":"summary_large_image","twitter_misc":{"\u00c9crit par":"admin","Dur\u00e9e de lecture estim\u00e9e":"2 minutes"},"schema":{"@context":"https:\/\/schema.org","@graph":[{"@type":"Article","@id":"https:\/\/challengeseconomiques.com\/?p=6303#article","isPartOf":{"@id":"https:\/\/challengeseconomiques.com\/?p=6303"},"author":{"name":"admin","@id":"https:\/\/challengeseconomiques.com\/#\/schema\/person\/b4568c9afebc5a9238a771873801e349"},"headline":"Uemoa : les chantiers communautaires au menu de l\u2019audience entre Bassirou Diomaye Faye et Abdoulaye Diop","datePublished":"2024-04-29T16:07:53+00:00","dateModified":"2024-04-29T16:08:59+00:00","mainEntityOfPage":{"@id":"https:\/\/challengeseconomiques.com\/?p=6303"},"wordCount":466,"image":{"@id":"https:\/\/challengeseconomiques.com\/?p=6303#primaryimage"},"thumbnailUrl":"https:\/\/challengeseconomiques.com\/wp-content\/uploads\/2024\/04\/UEMOAS2N2GAL.jpg","articleSection":["A la une","Actualit\u00e9 \u00e9conomique"],"inLanguage":"fr-FR"},{"@type":"WebPage","@id":"https:\/\/challengeseconomiques.com\/?p=6303","url":"https:\/\/challengeseconomiques.com\/?p=6303","name":"Uemoa : les chantiers communautaires au menu de l\u2019audience entre Bassirou Diomaye Faye et Abdoulaye Diop - challenges economiques","isPartOf":{"@id":"https:\/\/challengeseconomiques.com\/#website"},"primaryImageOfPage":{"@id":"https:\/\/challengeseconomiques.com\/?p=6303#primaryimage"},"image":{"@id":"https:\/\/challengeseconomiques.com\/?p=6303#primaryimage"},"thumbnailUrl":"https:\/\/challengeseconomiques.com\/wp-content\/uploads\/2024\/04\/UEMOAS2N2GAL.jpg","datePublished":"2024-04-29T16:07:53+00:00","dateModified":"2024-04-29T16:08:59+00:00","author":{"@id":"https:\/\/challengeseconomiques.com\/#\/schema\/person\/b4568c9afebc5a9238a771873801e349"},"breadcrumb":{"@id":"https:\/\/challengeseconomiques.com\/?p=6303#breadcrumb"},"inLanguage":"fr-FR","potentialAction":[{"@type":"ReadAction","target":["https:\/\/challengeseconomiques.com\/?p=6303"]}]},{"@type":"ImageObject","inLanguage":"fr-FR","@id":"https:\/\/challengeseconomiques.com\/?p=6303#primaryimage","url":"https:\/\/challengeseconomiques.com\/wp-content\/uploads\/2024\/04\/UEMOAS2N2GAL.jpg","contentUrl":"https:\/\/challengeseconomiques.com\/wp-content\/uploads\/2024\/04\/UEMOAS2N2GAL.jpg","width":2560,"height":1706},{"@type":"BreadcrumbList","@id":"https:\/\/challengeseconomiques.com\/?p=6303#breadcrumb","itemListElement":[{"@type":"ListItem","position":1,"name":"Home","item":"https:\/\/challengeseconomiques.com\/"},{"@type":"ListItem","position":2,"name":"Uemoa : les chantiers communautaires au menu de l\u2019audience entre Bassirou Diomaye Faye et Abdoulaye Diop"}]},{"@type":"WebSite","@id":"https:\/\/challengeseconomiques.com\/#website","url":"https:\/\/challengeseconomiques.com\/","name":"challenges economiques","description":"","potentialAction":[{"@type":"SearchAction","target":{"@type":"EntryPoint","urlTemplate":"https:\/\/challengeseconomiques.com\/?s={search_term_string}"},"query-input":{"@type":"PropertyValueSpecification","valueRequired":true,"valueName":"search_term_string"}}],"inLanguage":"fr-FR"},{"@type":"Person","@id":"https:\/\/challengeseconomiques.com\/#\/schema\/person\/b4568c9afebc5a9238a771873801e349","name":"admin","image":{"@type":"ImageObject","inLanguage":"fr-FR","@id":"https:\/\/challengeseconomiques.com\/#\/schema\/person\/image\/","url":"https:\/\/secure.gravatar.com\/avatar\/099e42240b5eea11acdb72751fcce0dd918603f0749d24974b7984ea47ed9fd9?s=96&d=mm&r=g","contentUrl":"https:\/\/secure.gravatar.com\/avatar\/099e42240b5eea11acdb72751fcce0dd918603f0749d24974b7984ea47ed9fd9?s=96&d=mm&r=g","caption":"admin"},"sameAs":["https:\/\/challengeseconomiques.com"],"url":"https:\/\/challengeseconomiques.com\/?author=1"}]}},"jetpack_featured_media_url":"https:\/\/challengeseconomiques.com\/wp-content\/uploads\/2024\/04\/UEMOAS2N2GAL.jpg","jetpack_sharing_enabled":true,"_links":{"self":[{"href":"https:\/\/challengeseconomiques.com\/index.php?rest_route=\/wp\/v2\/posts\/6303","targetHints":{"allow":["GET"]}}],"collection":[{"href":"https:\/\/challengeseconomiques.com\/index.php?rest_route=\/wp\/v2\/posts"}],"about":[{"href":"https:\/\/challengeseconomiques.com\/index.php?rest_route=\/wp\/v2\/types\/post"}],"author":[{"embeddable":true,"href":"https:\/\/challengeseconomiques.com\/index.php?rest_route=\/wp\/v2\/users\/1"}],"replies":[{"embeddable":true,"href":"https:\/\/challengeseconomiques.com\/index.php?rest_route=%2Fwp%2Fv2%2Fcomments&post=6303"}],"version-history":[{"count":2,"href":"https:\/\/challengeseconomiques.com\/index.php?rest_route=\/wp\/v2\/posts\/6303\/revisions"}],"predecessor-version":[{"id":6307,"href":"https:\/\/challengeseconomiques.com\/index.php?rest_route=\/wp\/v2\/posts\/6303\/revisions\/6307"}],"wp:featuredmedia":[{"embeddable":true,"href":"https:\/\/challengeseconomiques.com\/index.php?rest_route=\/wp\/v2\/media\/6304"}],"wp:attachment":[{"href":"https:\/\/challengeseconomiques.com\/index.php?rest_route=%2Fwp%2Fv2%2Fmedia&parent=6303"}],"wp:term":[{"taxonomy":"category","embeddable":true,"href":"https:\/\/challengeseconomiques.com\/index.php?rest_route=%2Fwp%2Fv2%2Fcategories&post=6303"},{"taxonomy":"post_tag","embeddable":true,"href":"https:\/\/challengeseconomiques.com\/index.php?rest_route=%2Fwp%2Fv2%2Ftags&post=6303"}],"curies":[{"name":"wp","href":"https:\/\/api.w.org\/{rel}","templated":true}]}}