{"id":6298,"date":"2024-04-27T08:24:20","date_gmt":"2024-04-27T08:24:20","guid":{"rendered":"https:\/\/challengeseconomiques.com\/?p=6298"},"modified":"2024-04-27T08:24:49","modified_gmt":"2024-04-27T08:24:49","slug":"securite-de-laviation-civile-le-senegal-premier-dans-luemoa","status":"publish","type":"post","link":"https:\/\/challengeseconomiques.com\/?p=6298","title":{"rendered":"S\u00e9curit\u00e9 de l&rsquo;aviation civile : le S\u00e9n\u00e9gal premier dans l&rsquo;UEMOA"},"content":{"rendered":"<p>L\u2019Organisation de l\u2019aviation civile internationale (OACI) vient de terminer une \u00e9valuation sur le travail que l\u2019ANACIM m\u00e8ne en mati\u00e8re de supervision de la s\u00e9curit\u00e9 de l\u2019Aviation. C\u2019est \u00e0 travers l\u2019audit appel\u00e9 Mission de validation coordonn\u00e9e (ICVM) du syst\u00e8me de l\u2019aviation civile du S\u00e9n\u00e9gal. Il a \u00e9t\u00e9 r\u00e9alis\u00e9 par une \u00e9quipe d\u2019experts de l\u2019OACI du 17 au 24 avril 2024 et a concern\u00e9 les domaines L\u00e9gislation (LEG), Licences du personnel (PEL), Exploitation technique des a\u00e9ronefs (OPS), Navigabilit\u00e9 des a\u00e9ronefs (AIR) et A\u00e9rodromes et aides au sol (AGA).<\/p>\n<p>A l\u2019issue de cet audit, le S\u00e9n\u00e9gal a \u00e9t\u00e9 class\u00e9 premier dans la zone UEMOA. Dans la sous-r\u00e9gion Afrique occidentale et centrale, notre pays vient en seconde position.<\/p>\n<p>Le S\u00e9n\u00e9gal a obtenu comme r\u00e9sultat provisoire, un taux global de mise en \u0153uvre des dispositions de la Convention relative \u00e0 l\u2019aviation civile internationale de 84,89%. Avec ce taux, il est ainsi premier dans la zone de l\u2019UEMOA et deuxi\u00e8me dans la sous-r\u00e9gion Afrique occidentale et centrale couverte par le bureau r\u00e9gional de l\u2019OACI \u00e0 Dakar derri\u00e8re le Ghana (88,62%). Un r\u00e9sultat qui d\u00e9passe ainsi les objectifs fix\u00e9s sur le plan mondial pour la s\u00e9curit\u00e9 de l\u2019aviation civile (GASP) qui est \u00e0 75% pour 2024. Ce r\u00e9sultat historique de 2024 consacre les efforts consentis par l\u2019ANACIM en mati\u00e8re de supervision de la s\u00e9curit\u00e9 sur les exploitants a\u00e9riens (ASECNA, LAS, AIBD, les compagnies a\u00e9riennes, les organismes de formation et de maintenance en a\u00e9ronautique et les soci\u00e9t\u00e9s d\u2019assistance en escale).<\/p>\n<p>Pour rappel, notre pays avait subi du 11 au 21 f\u00e9vrier 2019, le deuxi\u00e8me audit sur site au complet de son syst\u00e8me d\u2019aviation civile depuis 2006. Le taux de mise en \u0153uvre de 2006 \u00e9tait de 56,06 % et celui de 2019 de 67 %.<\/p>\n<p>&nbsp;<\/p>\n","protected":false},"excerpt":{"rendered":"<p>L\u2019Organisation de l\u2019aviation civile internationale (OACI) vient de terminer une \u00e9valuation sur le travail que l\u2019ANACIM m\u00e8ne en mati\u00e8re de supervision de la s\u00e9curit\u00e9 de&#8230;<\/p>\n","protected":false},"author":1,"featured_media":6299,"comment_status":"closed","ping_status":"open","sticky":false,"template":"","format":"standard","meta":{"_jetpack_memberships_contains_paid_content":false,"footnotes":""},"categories":[8,10],"tags":[],"class_list":["post-6298","post","type-post","status-publish","format-standard","has-post-thumbnail","hentry","category-actualite-economique","category-infos-eco","wpcat-8-id","wpcat-10-id"],"yoast_head":"<!-- This site is optimized with the Yoast SEO plugin v27.1.1 - https:\/\/yoast.com\/product\/yoast-seo-wordpress\/ -->\n<title>S\u00e9curit\u00e9 de l&#039;aviation civile : le S\u00e9n\u00e9gal premier dans l&#039;UEMOA - challenges economiques<\/title>\n<meta name=\"robots\" content=\"index, follow, max-snippet:-1, max-image-preview:large, max-video-preview:-1\" \/>\n<link rel=\"canonical\" href=\"https:\/\/challengeseconomiques.com\/?p=6298\" \/>\n<meta property=\"og:locale\" content=\"fr_FR\" \/>\n<meta property=\"og:type\" content=\"article\" \/>\n<meta property=\"og:title\" content=\"S\u00e9curit\u00e9 de l&#039;aviation civile : le S\u00e9n\u00e9gal premier dans l&#039;UEMOA - challenges economiques\" \/>\n<meta property=\"og:description\" content=\"L\u2019Organisation de l\u2019aviation civile internationale (OACI) vient de terminer une \u00e9valuation sur le travail que l\u2019ANACIM m\u00e8ne en mati\u00e8re de supervision de la s\u00e9curit\u00e9 de...\" \/>\n<meta property=\"og:url\" content=\"https:\/\/challengeseconomiques.com\/?p=6298\" \/>\n<meta property=\"og:site_name\" content=\"challenges economiques\" \/>\n<meta property=\"article:published_time\" content=\"2024-04-27T08:24:20+00:00\" \/>\n<meta property=\"article:modified_time\" content=\"2024-04-27T08:24:49+00:00\" \/>\n<meta property=\"og:image\" content=\"https:\/\/challengeseconomiques.com\/wp-content\/uploads\/2024\/04\/oaci.jpg\" \/>\n\t<meta property=\"og:image:width\" content=\"1024\" \/>\n\t<meta property=\"og:image:height\" content=\"683\" \/>\n\t<meta property=\"og:image:type\" content=\"image\/jpeg\" \/>\n<meta name=\"author\" content=\"admin\" \/>\n<meta name=\"twitter:card\" content=\"summary_large_image\" \/>\n<meta name=\"twitter:label1\" content=\"\u00c9crit par\" \/>\n\t<meta name=\"twitter:data1\" content=\"admin\" \/>\n\t<meta name=\"twitter:label2\" content=\"Dur\u00e9e de lecture estim\u00e9e\" \/>\n\t<meta name=\"twitter:data2\" content=\"2 minutes\" \/>\n<script type=\"application\/ld+json\" class=\"yoast-schema-graph\">{\"@context\":\"https:\/\/schema.org\",\"@graph\":[{\"@type\":\"Article\",\"@id\":\"https:\/\/challengeseconomiques.com\/?p=6298#article\",\"isPartOf\":{\"@id\":\"https:\/\/challengeseconomiques.com\/?p=6298\"},\"author\":{\"name\":\"admin\",\"@id\":\"https:\/\/challengeseconomiques.com\/#\/schema\/person\/b4568c9afebc5a9238a771873801e349\"},\"headline\":\"S\u00e9curit\u00e9 de l&rsquo;aviation civile : le S\u00e9n\u00e9gal premier dans l&rsquo;UEMOA\",\"datePublished\":\"2024-04-27T08:24:20+00:00\",\"dateModified\":\"2024-04-27T08:24:49+00:00\",\"mainEntityOfPage\":{\"@id\":\"https:\/\/challengeseconomiques.com\/?p=6298\"},\"wordCount\":334,\"image\":{\"@id\":\"https:\/\/challengeseconomiques.com\/?p=6298#primaryimage\"},\"thumbnailUrl\":\"https:\/\/challengeseconomiques.com\/wp-content\/uploads\/2024\/04\/oaci.jpg\",\"articleSection\":[\"Actualit\u00e9 \u00e9conomique\",\"Infos \u00e9co\"],\"inLanguage\":\"fr-FR\"},{\"@type\":\"WebPage\",\"@id\":\"https:\/\/challengeseconomiques.com\/?p=6298\",\"url\":\"https:\/\/challengeseconomiques.com\/?p=6298\",\"name\":\"S\u00e9curit\u00e9 de l'aviation civile : le S\u00e9n\u00e9gal premier dans l'UEMOA - challenges economiques\",\"isPartOf\":{\"@id\":\"https:\/\/challengeseconomiques.com\/#website\"},\"primaryImageOfPage\":{\"@id\":\"https:\/\/challengeseconomiques.com\/?p=6298#primaryimage\"},\"image\":{\"@id\":\"https:\/\/challengeseconomiques.com\/?p=6298#primaryimage\"},\"thumbnailUrl\":\"https:\/\/challengeseconomiques.com\/wp-content\/uploads\/2024\/04\/oaci.jpg\",\"datePublished\":\"2024-04-27T08:24:20+00:00\",\"dateModified\":\"2024-04-27T08:24:49+00:00\",\"author\":{\"@id\":\"https:\/\/challengeseconomiques.com\/#\/schema\/person\/b4568c9afebc5a9238a771873801e349\"},\"breadcrumb\":{\"@id\":\"https:\/\/challengeseconomiques.com\/?p=6298#breadcrumb\"},\"inLanguage\":\"fr-FR\",\"potentialAction\":[{\"@type\":\"ReadAction\",\"target\":[\"https:\/\/challengeseconomiques.com\/?p=6298\"]}]},{\"@type\":\"ImageObject\",\"inLanguage\":\"fr-FR\",\"@id\":\"https:\/\/challengeseconomiques.com\/?p=6298#primaryimage\",\"url\":\"https:\/\/challengeseconomiques.com\/wp-content\/uploads\/2024\/04\/oaci.jpg\",\"contentUrl\":\"https:\/\/challengeseconomiques.com\/wp-content\/uploads\/2024\/04\/oaci.jpg\",\"width\":1024,\"height\":683},{\"@type\":\"BreadcrumbList\",\"@id\":\"https:\/\/challengeseconomiques.com\/?p=6298#breadcrumb\",\"itemListElement\":[{\"@type\":\"ListItem\",\"position\":1,\"name\":\"Home\",\"item\":\"https:\/\/challengeseconomiques.com\/\"},{\"@type\":\"ListItem\",\"position\":2,\"name\":\"S\u00e9curit\u00e9 de l&#8217;aviation civile : le S\u00e9n\u00e9gal premier dans l&#8217;UEMOA\"}]},{\"@type\":\"WebSite\",\"@id\":\"https:\/\/challengeseconomiques.com\/#website\",\"url\":\"https:\/\/challengeseconomiques.com\/\",\"name\":\"challenges economiques\",\"description\":\"\",\"potentialAction\":[{\"@type\":\"SearchAction\",\"target\":{\"@type\":\"EntryPoint\",\"urlTemplate\":\"https:\/\/challengeseconomiques.com\/?s={search_term_string}\"},\"query-input\":{\"@type\":\"PropertyValueSpecification\",\"valueRequired\":true,\"valueName\":\"search_term_string\"}}],\"inLanguage\":\"fr-FR\"},{\"@type\":\"Person\",\"@id\":\"https:\/\/challengeseconomiques.com\/#\/schema\/person\/b4568c9afebc5a9238a771873801e349\",\"name\":\"admin\",\"image\":{\"@type\":\"ImageObject\",\"inLanguage\":\"fr-FR\",\"@id\":\"https:\/\/challengeseconomiques.com\/#\/schema\/person\/image\/\",\"url\":\"https:\/\/secure.gravatar.com\/avatar\/099e42240b5eea11acdb72751fcce0dd918603f0749d24974b7984ea47ed9fd9?s=96&d=mm&r=g\",\"contentUrl\":\"https:\/\/secure.gravatar.com\/avatar\/099e42240b5eea11acdb72751fcce0dd918603f0749d24974b7984ea47ed9fd9?s=96&d=mm&r=g\",\"caption\":\"admin\"},\"sameAs\":[\"https:\/\/challengeseconomiques.com\"],\"url\":\"https:\/\/challengeseconomiques.com\/?author=1\"}]}<\/script>\n<!-- \/ Yoast SEO plugin. -->","yoast_head_json":{"title":"S\u00e9curit\u00e9 de l'aviation civile : le S\u00e9n\u00e9gal premier dans l'UEMOA - challenges economiques","robots":{"index":"index","follow":"follow","max-snippet":"max-snippet:-1","max-image-preview":"max-image-preview:large","max-video-preview":"max-video-preview:-1"},"canonical":"https:\/\/challengeseconomiques.com\/?p=6298","og_locale":"fr_FR","og_type":"article","og_title":"S\u00e9curit\u00e9 de l'aviation civile : le S\u00e9n\u00e9gal premier dans l'UEMOA - challenges economiques","og_description":"L\u2019Organisation de l\u2019aviation civile internationale (OACI) vient de terminer une \u00e9valuation sur le travail que l\u2019ANACIM m\u00e8ne en mati\u00e8re de supervision de la s\u00e9curit\u00e9 de...","og_url":"https:\/\/challengeseconomiques.com\/?p=6298","og_site_name":"challenges economiques","article_published_time":"2024-04-27T08:24:20+00:00","article_modified_time":"2024-04-27T08:24:49+00:00","og_image":[{"width":1024,"height":683,"url":"https:\/\/challengeseconomiques.com\/wp-content\/uploads\/2024\/04\/oaci.jpg","type":"image\/jpeg"}],"author":"admin","twitter_card":"summary_large_image","twitter_misc":{"\u00c9crit par":"admin","Dur\u00e9e de lecture estim\u00e9e":"2 minutes"},"schema":{"@context":"https:\/\/schema.org","@graph":[{"@type":"Article","@id":"https:\/\/challengeseconomiques.com\/?p=6298#article","isPartOf":{"@id":"https:\/\/challengeseconomiques.com\/?p=6298"},"author":{"name":"admin","@id":"https:\/\/challengeseconomiques.com\/#\/schema\/person\/b4568c9afebc5a9238a771873801e349"},"headline":"S\u00e9curit\u00e9 de l&rsquo;aviation civile : le S\u00e9n\u00e9gal premier dans l&rsquo;UEMOA","datePublished":"2024-04-27T08:24:20+00:00","dateModified":"2024-04-27T08:24:49+00:00","mainEntityOfPage":{"@id":"https:\/\/challengeseconomiques.com\/?p=6298"},"wordCount":334,"image":{"@id":"https:\/\/challengeseconomiques.com\/?p=6298#primaryimage"},"thumbnailUrl":"https:\/\/challengeseconomiques.com\/wp-content\/uploads\/2024\/04\/oaci.jpg","articleSection":["Actualit\u00e9 \u00e9conomique","Infos \u00e9co"],"inLanguage":"fr-FR"},{"@type":"WebPage","@id":"https:\/\/challengeseconomiques.com\/?p=6298","url":"https:\/\/challengeseconomiques.com\/?p=6298","name":"S\u00e9curit\u00e9 de l'aviation civile : le S\u00e9n\u00e9gal premier dans l'UEMOA - challenges economiques","isPartOf":{"@id":"https:\/\/challengeseconomiques.com\/#website"},"primaryImageOfPage":{"@id":"https:\/\/challengeseconomiques.com\/?p=6298#primaryimage"},"image":{"@id":"https:\/\/challengeseconomiques.com\/?p=6298#primaryimage"},"thumbnailUrl":"https:\/\/challengeseconomiques.com\/wp-content\/uploads\/2024\/04\/oaci.jpg","datePublished":"2024-04-27T08:24:20+00:00","dateModified":"2024-04-27T08:24:49+00:00","author":{"@id":"https:\/\/challengeseconomiques.com\/#\/schema\/person\/b4568c9afebc5a9238a771873801e349"},"breadcrumb":{"@id":"https:\/\/challengeseconomiques.com\/?p=6298#breadcrumb"},"inLanguage":"fr-FR","potentialAction":[{"@type":"ReadAction","target":["https:\/\/challengeseconomiques.com\/?p=6298"]}]},{"@type":"ImageObject","inLanguage":"fr-FR","@id":"https:\/\/challengeseconomiques.com\/?p=6298#primaryimage","url":"https:\/\/challengeseconomiques.com\/wp-content\/uploads\/2024\/04\/oaci.jpg","contentUrl":"https:\/\/challengeseconomiques.com\/wp-content\/uploads\/2024\/04\/oaci.jpg","width":1024,"height":683},{"@type":"BreadcrumbList","@id":"https:\/\/challengeseconomiques.com\/?p=6298#breadcrumb","itemListElement":[{"@type":"ListItem","position":1,"name":"Home","item":"https:\/\/challengeseconomiques.com\/"},{"@type":"ListItem","position":2,"name":"S\u00e9curit\u00e9 de l&#8217;aviation civile : le S\u00e9n\u00e9gal premier dans l&#8217;UEMOA"}]},{"@type":"WebSite","@id":"https:\/\/challengeseconomiques.com\/#website","url":"https:\/\/challengeseconomiques.com\/","name":"challenges economiques","description":"","potentialAction":[{"@type":"SearchAction","target":{"@type":"EntryPoint","urlTemplate":"https:\/\/challengeseconomiques.com\/?s={search_term_string}"},"query-input":{"@type":"PropertyValueSpecification","valueRequired":true,"valueName":"search_term_string"}}],"inLanguage":"fr-FR"},{"@type":"Person","@id":"https:\/\/challengeseconomiques.com\/#\/schema\/person\/b4568c9afebc5a9238a771873801e349","name":"admin","image":{"@type":"ImageObject","inLanguage":"fr-FR","@id":"https:\/\/challengeseconomiques.com\/#\/schema\/person\/image\/","url":"https:\/\/secure.gravatar.com\/avatar\/099e42240b5eea11acdb72751fcce0dd918603f0749d24974b7984ea47ed9fd9?s=96&d=mm&r=g","contentUrl":"https:\/\/secure.gravatar.com\/avatar\/099e42240b5eea11acdb72751fcce0dd918603f0749d24974b7984ea47ed9fd9?s=96&d=mm&r=g","caption":"admin"},"sameAs":["https:\/\/challengeseconomiques.com"],"url":"https:\/\/challengeseconomiques.com\/?author=1"}]}},"jetpack_featured_media_url":"https:\/\/challengeseconomiques.com\/wp-content\/uploads\/2024\/04\/oaci.jpg","jetpack_sharing_enabled":true,"_links":{"self":[{"href":"https:\/\/challengeseconomiques.com\/index.php?rest_route=\/wp\/v2\/posts\/6298","targetHints":{"allow":["GET"]}}],"collection":[{"href":"https:\/\/challengeseconomiques.com\/index.php?rest_route=\/wp\/v2\/posts"}],"about":[{"href":"https:\/\/challengeseconomiques.com\/index.php?rest_route=\/wp\/v2\/types\/post"}],"author":[{"embeddable":true,"href":"https:\/\/challengeseconomiques.com\/index.php?rest_route=\/wp\/v2\/users\/1"}],"replies":[{"embeddable":true,"href":"https:\/\/challengeseconomiques.com\/index.php?rest_route=%2Fwp%2Fv2%2Fcomments&post=6298"}],"version-history":[{"count":1,"href":"https:\/\/challengeseconomiques.com\/index.php?rest_route=\/wp\/v2\/posts\/6298\/revisions"}],"predecessor-version":[{"id":6300,"href":"https:\/\/challengeseconomiques.com\/index.php?rest_route=\/wp\/v2\/posts\/6298\/revisions\/6300"}],"wp:featuredmedia":[{"embeddable":true,"href":"https:\/\/challengeseconomiques.com\/index.php?rest_route=\/wp\/v2\/media\/6299"}],"wp:attachment":[{"href":"https:\/\/challengeseconomiques.com\/index.php?rest_route=%2Fwp%2Fv2%2Fmedia&parent=6298"}],"wp:term":[{"taxonomy":"category","embeddable":true,"href":"https:\/\/challengeseconomiques.com\/index.php?rest_route=%2Fwp%2Fv2%2Fcategories&post=6298"},{"taxonomy":"post_tag","embeddable":true,"href":"https:\/\/challengeseconomiques.com\/index.php?rest_route=%2Fwp%2Fv2%2Ftags&post=6298"}],"curies":[{"name":"wp","href":"https:\/\/api.w.org\/{rel}","templated":true}]}}