{"id":6290,"date":"2024-04-25T13:41:13","date_gmt":"2024-04-25T13:41:13","guid":{"rendered":"https:\/\/challengeseconomiques.com\/?p=6290"},"modified":"2024-04-25T13:41:37","modified_gmt":"2024-04-25T13:41:37","slug":"rencontre-de-lunccias-le-president-de-la-chambre-de-commerce-de-saint-louis-invite-le-secteur-prive-a-lunite","status":"publish","type":"post","link":"https:\/\/challengeseconomiques.com\/?p=6290","title":{"rendered":"Rencontre de l\u2019UNCCIAS : Le pr\u00e9sident de la Chambre de Commerce de Saint-Louis invite le secteur priv\u00e9 \u00e0 l\u2019unit\u00e9"},"content":{"rendered":"<p><strong>Au cours de leur Assembl\u00e9e g\u00e9n\u00e9rale \u00e0 Saint-Louis, les membres de l\u2019Union Nationale des Chambres de Commerce, d\u2019Industrie et d\u2019Agriculture du S\u00e9n\u00e9gal ont visit\u00e9, le mardi 23 Avril 2024, la Soci\u00e9t\u00e9 des Conserves Alimentaires au S\u00e9n\u00e9gal (SOCAS). Le pr\u00e9sident de la Chambre de Commerce h\u00f4te Cheikh Mouhamadou Sourang en a profit\u00e9 pour lancer au secteur priv\u00e9 un appel \u00e0 l\u2019unit\u00e9. Le but vis\u00e9 est de mieux accompagner le nouveau Gouvernement pour la cr\u00e9ation d\u2019emplois \u00e0 travers des investissements massifs dans des groupements d\u2019entreprises. <\/strong><\/p>\n<p>Accueillie par les responsables de l\u2019usine de la SOCAS \u00e0 Saint- Louis, sur la RN2, en allant vers Richard Toll, la d\u00e9l\u00e9gation de l\u2019UNCCIAS a pu visiter le site industriel.<br \/>\nA l\u2019entr\u00e9e de la soci\u00e9t\u00e9, des monticules de pots de tomates, des cartons de ketchup et des tas de conserves de thon, attirent le regard des visiteurs.<br \/>\nLes pr\u00e9sidents et secr\u00e9taires g\u00e9n\u00e9raux des Chambres de Commerce, d\u2019Industrie et d\u2019Agriculture du S\u00e9n\u00e9gal ont pu ainsi voir les unit\u00e9s de production avec, \u00e0 la cl\u00e9, des explications du chef d\u2019usine de la SOCAS, Amadou Kane et du responsable du volet agricole et administratif, Yvan Barry.<br \/>\nLa Soci\u00e9t\u00e9 des Conserves Alimentaires au S\u00e9n\u00e9gal transforme la tomate fraiche en double concentr\u00e9 sous la marque \u00ab\u00a0Dieg Bou Diar\u00a0\u00bb, sans oublier la marque \u00ab\u00a0Flora\u00a0\u00bb. Elle valorise \u00e9galement des produits halieutiques avec le p\u00e2t\u00e9 de sardinelles sous la marque \u00ab\u00a0Sunuthon\u00a0\u00bb, explique Amadou Kane. .<\/p>\n<p><strong>Contrats entre producteurs et industriel<\/strong><\/p>\n<p>\u00ab\u00a0La fili\u00e8re tomate fait partie des mieux organis\u00e9es dans le pays\u00a0\u00bb, mentionne-t-il, en indiquant que la soci\u00e9t\u00e9 travaille essentiellement avec des producteurs locaux. En effet, ces acteurs \u00e9conomiques signent des contrats avec la SOCAS, sous la supervision des banques et de certains services de l\u2019Etat.<br \/>\nCes contrats, qui \u00e9tablissent la nature du partenariat entre les producteurs et l\u2019industriel, constituent une alternative \u00e0 la m\u00e9vente des produits.<br \/>\n\u00ab\u00a0Nous incitons les producteurs \u00e0 mieux travailler et s\u2019organiser pour gagner davantage d\u2019argent\u00a0\u00bb, souligne Amadou Kane, le chef d\u2019usine. La soci\u00e9t\u00e9 compte environ 150 emplois fixes. Elle engage \u00e9galement des journaliers dont l\u2019effectif varie de 200 en basse saison \u00e0 600-700 personnes par 24 heures, en p\u00e9riode de campagne.<br \/>\nMais pour satisfaire la demande nationale durant certaines p\u00e9riodes de l\u2019ann\u00e9e, la soci\u00e9t\u00e9 est oblig\u00e9e d\u2019importer des produits. La SOCAS fait aussi face \u00e0 des d\u00e9fis relatifs \u00e0 la chert\u00e9 des co\u00fbts de l\u2019\u00e9nergie. . .<\/p>\n<p><strong>\u00a0<\/strong><strong>Appel au secteur priv\u00e9<\/strong><\/p>\n<p>\u00ab\u00a0Nous avons accompagn\u00e9 la d\u00e9l\u00e9gation de l\u2019UNCCIAS ici \u00e0 la SOCAS pour montrer l\u2019exemple\u00a0de l\u2019unit\u00e9 et de la cr\u00e9ation d\u2019emplois \u00bb, explique le pr\u00e9sident de la Chambre de Commerce, d\u2019Industrie et d\u2019Agriculture de Saint-Louis (CCIASL) Cheikh Mouhamadou Sourang, en remontant le fil du temps pour \u00e9tayer ses propos.<br \/>\n\u00ab Dans les ann\u00e9es 1979-80, nous faisions le transport au niveau de cette usine. Pour charger un camion de 15 tonnes, il nous fallait faire au moins une semaine \u00bb, se souvient-il. Mais aujourd\u2019hui, en p\u00e9riode de campagne, la SOCAS peut charger 5 \u00e0 6 camions de 30 tonnes par jour, selon lui.<br \/>\n\u00ab\u00a0C\u2019est pourquoi, j\u2019en profite pour lancer un appel au secteur priv\u00e9. L\u2019union fait la force\u00a0\u00bb, insiste-t-il.<br \/>\nDans ce texte o\u00f9 le nouveau Gouvernement compte mettre l\u2019accent sur l\u2019emploi des jeunes, la SOCAS, qui est le fruit d\u2019un regroupement d\u2019investisseurs, constitue, selon lui, un exemple \u00e0 copier.<br \/>\nCheikh Mouhamadou Sourang plaide ainsi pour un secteur priv\u00e9 fort qui pourra mobiliser des ressources cons\u00e9quentes et participer dans l\u2019actionnariat de plusieurs entit\u00e9s \u00e9conomiques, en vue de cr\u00e9er plus d\u2019emplois pour les jeunes.<br \/>\n\u00abL\u2019heure a sonn\u00e9 pour l\u2019unit\u00e9 du secteur priv\u00e9. Si nous nous regroupons, nous pouvons investir davantage et cr\u00e9er beaucoup d\u2019emplois\u00a0\u00bb, assure-t-il.<\/p>\n<p><strong>Joseph S\u00e9ne (BIE)<\/strong><\/p>\n","protected":false},"excerpt":{"rendered":"<p>Au cours de leur Assembl\u00e9e g\u00e9n\u00e9rale \u00e0 Saint-Louis, les membres de l\u2019Union Nationale des Chambres de Commerce, d\u2019Industrie et d\u2019Agriculture du S\u00e9n\u00e9gal ont visit\u00e9, le&#8230;<\/p>\n","protected":false},"author":1,"featured_media":6291,"comment_status":"closed","ping_status":"open","sticky":false,"template":"","format":"standard","meta":{"_jetpack_memberships_contains_paid_content":false,"footnotes":""},"categories":[8],"tags":[],"class_list":["post-6290","post","type-post","status-publish","format-standard","has-post-thumbnail","hentry","category-actualite-economique","wpcat-8-id"],"yoast_head":"<!-- This site is optimized with the Yoast SEO plugin v27.1.1 - https:\/\/yoast.com\/product\/yoast-seo-wordpress\/ -->\n<title>Rencontre de l\u2019UNCCIAS : Le pr\u00e9sident de la Chambre de Commerce de Saint-Louis invite le secteur priv\u00e9 \u00e0 l\u2019unit\u00e9 - challenges economiques<\/title>\n<meta name=\"robots\" content=\"index, follow, max-snippet:-1, max-image-preview:large, max-video-preview:-1\" \/>\n<link rel=\"canonical\" href=\"https:\/\/challengeseconomiques.com\/?p=6290\" \/>\n<meta property=\"og:locale\" content=\"fr_FR\" \/>\n<meta property=\"og:type\" content=\"article\" \/>\n<meta property=\"og:title\" content=\"Rencontre de l\u2019UNCCIAS : Le pr\u00e9sident de la Chambre de Commerce de Saint-Louis invite le secteur priv\u00e9 \u00e0 l\u2019unit\u00e9 - challenges economiques\" \/>\n<meta property=\"og:description\" content=\"Au cours de leur Assembl\u00e9e g\u00e9n\u00e9rale \u00e0 Saint-Louis, les membres de l\u2019Union Nationale des Chambres de Commerce, d\u2019Industrie et d\u2019Agriculture du S\u00e9n\u00e9gal ont visit\u00e9, le...\" \/>\n<meta property=\"og:url\" content=\"https:\/\/challengeseconomiques.com\/?p=6290\" \/>\n<meta property=\"og:site_name\" content=\"challenges economiques\" \/>\n<meta property=\"article:published_time\" content=\"2024-04-25T13:41:13+00:00\" \/>\n<meta property=\"article:modified_time\" content=\"2024-04-25T13:41:37+00:00\" \/>\n<meta property=\"og:image\" content=\"https:\/\/challengeseconomiques.com\/wp-content\/uploads\/2024\/04\/sogascciad.jpeg\" \/>\n\t<meta property=\"og:image:width\" content=\"1536\" \/>\n\t<meta property=\"og:image:height\" content=\"1023\" \/>\n\t<meta property=\"og:image:type\" content=\"image\/jpeg\" \/>\n<meta name=\"author\" content=\"admin\" \/>\n<meta name=\"twitter:card\" content=\"summary_large_image\" \/>\n<meta name=\"twitter:label1\" content=\"\u00c9crit par\" \/>\n\t<meta name=\"twitter:data1\" content=\"admin\" \/>\n\t<meta name=\"twitter:label2\" content=\"Dur\u00e9e de lecture estim\u00e9e\" \/>\n\t<meta name=\"twitter:data2\" content=\"3 minutes\" \/>\n<script type=\"application\/ld+json\" class=\"yoast-schema-graph\">{\"@context\":\"https:\/\/schema.org\",\"@graph\":[{\"@type\":\"Article\",\"@id\":\"https:\/\/challengeseconomiques.com\/?p=6290#article\",\"isPartOf\":{\"@id\":\"https:\/\/challengeseconomiques.com\/?p=6290\"},\"author\":{\"name\":\"admin\",\"@id\":\"https:\/\/challengeseconomiques.com\/#\/schema\/person\/b4568c9afebc5a9238a771873801e349\"},\"headline\":\"Rencontre de l\u2019UNCCIAS : Le pr\u00e9sident de la Chambre de Commerce de Saint-Louis invite le secteur priv\u00e9 \u00e0 l\u2019unit\u00e9\",\"datePublished\":\"2024-04-25T13:41:13+00:00\",\"dateModified\":\"2024-04-25T13:41:37+00:00\",\"mainEntityOfPage\":{\"@id\":\"https:\/\/challengeseconomiques.com\/?p=6290\"},\"wordCount\":676,\"image\":{\"@id\":\"https:\/\/challengeseconomiques.com\/?p=6290#primaryimage\"},\"thumbnailUrl\":\"https:\/\/challengeseconomiques.com\/wp-content\/uploads\/2024\/04\/sogascciad.jpeg\",\"articleSection\":[\"Actualit\u00e9 \u00e9conomique\"],\"inLanguage\":\"fr-FR\"},{\"@type\":\"WebPage\",\"@id\":\"https:\/\/challengeseconomiques.com\/?p=6290\",\"url\":\"https:\/\/challengeseconomiques.com\/?p=6290\",\"name\":\"Rencontre de l\u2019UNCCIAS : Le pr\u00e9sident de la Chambre de Commerce de Saint-Louis invite le secteur priv\u00e9 \u00e0 l\u2019unit\u00e9 - challenges economiques\",\"isPartOf\":{\"@id\":\"https:\/\/challengeseconomiques.com\/#website\"},\"primaryImageOfPage\":{\"@id\":\"https:\/\/challengeseconomiques.com\/?p=6290#primaryimage\"},\"image\":{\"@id\":\"https:\/\/challengeseconomiques.com\/?p=6290#primaryimage\"},\"thumbnailUrl\":\"https:\/\/challengeseconomiques.com\/wp-content\/uploads\/2024\/04\/sogascciad.jpeg\",\"datePublished\":\"2024-04-25T13:41:13+00:00\",\"dateModified\":\"2024-04-25T13:41:37+00:00\",\"author\":{\"@id\":\"https:\/\/challengeseconomiques.com\/#\/schema\/person\/b4568c9afebc5a9238a771873801e349\"},\"breadcrumb\":{\"@id\":\"https:\/\/challengeseconomiques.com\/?p=6290#breadcrumb\"},\"inLanguage\":\"fr-FR\",\"potentialAction\":[{\"@type\":\"ReadAction\",\"target\":[\"https:\/\/challengeseconomiques.com\/?p=6290\"]}]},{\"@type\":\"ImageObject\",\"inLanguage\":\"fr-FR\",\"@id\":\"https:\/\/challengeseconomiques.com\/?p=6290#primaryimage\",\"url\":\"https:\/\/challengeseconomiques.com\/wp-content\/uploads\/2024\/04\/sogascciad.jpeg\",\"contentUrl\":\"https:\/\/challengeseconomiques.com\/wp-content\/uploads\/2024\/04\/sogascciad.jpeg\",\"width\":1536,\"height\":1023},{\"@type\":\"BreadcrumbList\",\"@id\":\"https:\/\/challengeseconomiques.com\/?p=6290#breadcrumb\",\"itemListElement\":[{\"@type\":\"ListItem\",\"position\":1,\"name\":\"Home\",\"item\":\"https:\/\/challengeseconomiques.com\/\"},{\"@type\":\"ListItem\",\"position\":2,\"name\":\"Rencontre de l\u2019UNCCIAS : Le pr\u00e9sident de la Chambre de Commerce de Saint-Louis invite le secteur priv\u00e9 \u00e0 l\u2019unit\u00e9\"}]},{\"@type\":\"WebSite\",\"@id\":\"https:\/\/challengeseconomiques.com\/#website\",\"url\":\"https:\/\/challengeseconomiques.com\/\",\"name\":\"challenges economiques\",\"description\":\"\",\"potentialAction\":[{\"@type\":\"SearchAction\",\"target\":{\"@type\":\"EntryPoint\",\"urlTemplate\":\"https:\/\/challengeseconomiques.com\/?s={search_term_string}\"},\"query-input\":{\"@type\":\"PropertyValueSpecification\",\"valueRequired\":true,\"valueName\":\"search_term_string\"}}],\"inLanguage\":\"fr-FR\"},{\"@type\":\"Person\",\"@id\":\"https:\/\/challengeseconomiques.com\/#\/schema\/person\/b4568c9afebc5a9238a771873801e349\",\"name\":\"admin\",\"image\":{\"@type\":\"ImageObject\",\"inLanguage\":\"fr-FR\",\"@id\":\"https:\/\/challengeseconomiques.com\/#\/schema\/person\/image\/\",\"url\":\"https:\/\/secure.gravatar.com\/avatar\/099e42240b5eea11acdb72751fcce0dd918603f0749d24974b7984ea47ed9fd9?s=96&d=mm&r=g\",\"contentUrl\":\"https:\/\/secure.gravatar.com\/avatar\/099e42240b5eea11acdb72751fcce0dd918603f0749d24974b7984ea47ed9fd9?s=96&d=mm&r=g\",\"caption\":\"admin\"},\"sameAs\":[\"https:\/\/challengeseconomiques.com\"],\"url\":\"https:\/\/challengeseconomiques.com\/?author=1\"}]}<\/script>\n<!-- \/ Yoast SEO plugin. -->","yoast_head_json":{"title":"Rencontre de l\u2019UNCCIAS : Le pr\u00e9sident de la Chambre de Commerce de Saint-Louis invite le secteur priv\u00e9 \u00e0 l\u2019unit\u00e9 - challenges economiques","robots":{"index":"index","follow":"follow","max-snippet":"max-snippet:-1","max-image-preview":"max-image-preview:large","max-video-preview":"max-video-preview:-1"},"canonical":"https:\/\/challengeseconomiques.com\/?p=6290","og_locale":"fr_FR","og_type":"article","og_title":"Rencontre de l\u2019UNCCIAS : Le pr\u00e9sident de la Chambre de Commerce de Saint-Louis invite le secteur priv\u00e9 \u00e0 l\u2019unit\u00e9 - challenges economiques","og_description":"Au cours de leur Assembl\u00e9e g\u00e9n\u00e9rale \u00e0 Saint-Louis, les membres de l\u2019Union Nationale des Chambres de Commerce, d\u2019Industrie et d\u2019Agriculture du S\u00e9n\u00e9gal ont visit\u00e9, le...","og_url":"https:\/\/challengeseconomiques.com\/?p=6290","og_site_name":"challenges economiques","article_published_time":"2024-04-25T13:41:13+00:00","article_modified_time":"2024-04-25T13:41:37+00:00","og_image":[{"width":1536,"height":1023,"url":"https:\/\/challengeseconomiques.com\/wp-content\/uploads\/2024\/04\/sogascciad.jpeg","type":"image\/jpeg"}],"author":"admin","twitter_card":"summary_large_image","twitter_misc":{"\u00c9crit par":"admin","Dur\u00e9e de lecture estim\u00e9e":"3 minutes"},"schema":{"@context":"https:\/\/schema.org","@graph":[{"@type":"Article","@id":"https:\/\/challengeseconomiques.com\/?p=6290#article","isPartOf":{"@id":"https:\/\/challengeseconomiques.com\/?p=6290"},"author":{"name":"admin","@id":"https:\/\/challengeseconomiques.com\/#\/schema\/person\/b4568c9afebc5a9238a771873801e349"},"headline":"Rencontre de l\u2019UNCCIAS : Le pr\u00e9sident de la Chambre de Commerce de Saint-Louis invite le secteur priv\u00e9 \u00e0 l\u2019unit\u00e9","datePublished":"2024-04-25T13:41:13+00:00","dateModified":"2024-04-25T13:41:37+00:00","mainEntityOfPage":{"@id":"https:\/\/challengeseconomiques.com\/?p=6290"},"wordCount":676,"image":{"@id":"https:\/\/challengeseconomiques.com\/?p=6290#primaryimage"},"thumbnailUrl":"https:\/\/challengeseconomiques.com\/wp-content\/uploads\/2024\/04\/sogascciad.jpeg","articleSection":["Actualit\u00e9 \u00e9conomique"],"inLanguage":"fr-FR"},{"@type":"WebPage","@id":"https:\/\/challengeseconomiques.com\/?p=6290","url":"https:\/\/challengeseconomiques.com\/?p=6290","name":"Rencontre de l\u2019UNCCIAS : Le pr\u00e9sident de la Chambre de Commerce de Saint-Louis invite le secteur priv\u00e9 \u00e0 l\u2019unit\u00e9 - challenges economiques","isPartOf":{"@id":"https:\/\/challengeseconomiques.com\/#website"},"primaryImageOfPage":{"@id":"https:\/\/challengeseconomiques.com\/?p=6290#primaryimage"},"image":{"@id":"https:\/\/challengeseconomiques.com\/?p=6290#primaryimage"},"thumbnailUrl":"https:\/\/challengeseconomiques.com\/wp-content\/uploads\/2024\/04\/sogascciad.jpeg","datePublished":"2024-04-25T13:41:13+00:00","dateModified":"2024-04-25T13:41:37+00:00","author":{"@id":"https:\/\/challengeseconomiques.com\/#\/schema\/person\/b4568c9afebc5a9238a771873801e349"},"breadcrumb":{"@id":"https:\/\/challengeseconomiques.com\/?p=6290#breadcrumb"},"inLanguage":"fr-FR","potentialAction":[{"@type":"ReadAction","target":["https:\/\/challengeseconomiques.com\/?p=6290"]}]},{"@type":"ImageObject","inLanguage":"fr-FR","@id":"https:\/\/challengeseconomiques.com\/?p=6290#primaryimage","url":"https:\/\/challengeseconomiques.com\/wp-content\/uploads\/2024\/04\/sogascciad.jpeg","contentUrl":"https:\/\/challengeseconomiques.com\/wp-content\/uploads\/2024\/04\/sogascciad.jpeg","width":1536,"height":1023},{"@type":"BreadcrumbList","@id":"https:\/\/challengeseconomiques.com\/?p=6290#breadcrumb","itemListElement":[{"@type":"ListItem","position":1,"name":"Home","item":"https:\/\/challengeseconomiques.com\/"},{"@type":"ListItem","position":2,"name":"Rencontre de l\u2019UNCCIAS : Le pr\u00e9sident de la Chambre de Commerce de Saint-Louis invite le secteur priv\u00e9 \u00e0 l\u2019unit\u00e9"}]},{"@type":"WebSite","@id":"https:\/\/challengeseconomiques.com\/#website","url":"https:\/\/challengeseconomiques.com\/","name":"challenges economiques","description":"","potentialAction":[{"@type":"SearchAction","target":{"@type":"EntryPoint","urlTemplate":"https:\/\/challengeseconomiques.com\/?s={search_term_string}"},"query-input":{"@type":"PropertyValueSpecification","valueRequired":true,"valueName":"search_term_string"}}],"inLanguage":"fr-FR"},{"@type":"Person","@id":"https:\/\/challengeseconomiques.com\/#\/schema\/person\/b4568c9afebc5a9238a771873801e349","name":"admin","image":{"@type":"ImageObject","inLanguage":"fr-FR","@id":"https:\/\/challengeseconomiques.com\/#\/schema\/person\/image\/","url":"https:\/\/secure.gravatar.com\/avatar\/099e42240b5eea11acdb72751fcce0dd918603f0749d24974b7984ea47ed9fd9?s=96&d=mm&r=g","contentUrl":"https:\/\/secure.gravatar.com\/avatar\/099e42240b5eea11acdb72751fcce0dd918603f0749d24974b7984ea47ed9fd9?s=96&d=mm&r=g","caption":"admin"},"sameAs":["https:\/\/challengeseconomiques.com"],"url":"https:\/\/challengeseconomiques.com\/?author=1"}]}},"jetpack_featured_media_url":"https:\/\/challengeseconomiques.com\/wp-content\/uploads\/2024\/04\/sogascciad.jpeg","jetpack_sharing_enabled":true,"_links":{"self":[{"href":"https:\/\/challengeseconomiques.com\/index.php?rest_route=\/wp\/v2\/posts\/6290","targetHints":{"allow":["GET"]}}],"collection":[{"href":"https:\/\/challengeseconomiques.com\/index.php?rest_route=\/wp\/v2\/posts"}],"about":[{"href":"https:\/\/challengeseconomiques.com\/index.php?rest_route=\/wp\/v2\/types\/post"}],"author":[{"embeddable":true,"href":"https:\/\/challengeseconomiques.com\/index.php?rest_route=\/wp\/v2\/users\/1"}],"replies":[{"embeddable":true,"href":"https:\/\/challengeseconomiques.com\/index.php?rest_route=%2Fwp%2Fv2%2Fcomments&post=6290"}],"version-history":[{"count":1,"href":"https:\/\/challengeseconomiques.com\/index.php?rest_route=\/wp\/v2\/posts\/6290\/revisions"}],"predecessor-version":[{"id":6292,"href":"https:\/\/challengeseconomiques.com\/index.php?rest_route=\/wp\/v2\/posts\/6290\/revisions\/6292"}],"wp:featuredmedia":[{"embeddable":true,"href":"https:\/\/challengeseconomiques.com\/index.php?rest_route=\/wp\/v2\/media\/6291"}],"wp:attachment":[{"href":"https:\/\/challengeseconomiques.com\/index.php?rest_route=%2Fwp%2Fv2%2Fmedia&parent=6290"}],"wp:term":[{"taxonomy":"category","embeddable":true,"href":"https:\/\/challengeseconomiques.com\/index.php?rest_route=%2Fwp%2Fv2%2Fcategories&post=6290"},{"taxonomy":"post_tag","embeddable":true,"href":"https:\/\/challengeseconomiques.com\/index.php?rest_route=%2Fwp%2Fv2%2Ftags&post=6290"}],"curies":[{"name":"wp","href":"https:\/\/api.w.org\/{rel}","templated":true}]}}