{"id":6278,"date":"2024-04-24T17:46:30","date_gmt":"2024-04-24T17:46:30","guid":{"rendered":"https:\/\/challengeseconomiques.com\/?p=6278"},"modified":"2024-04-24T18:14:42","modified_gmt":"2024-04-24T18:14:42","slug":"senegal-la-cooperation-allemande-lance-une-facilite-de-financement-destine-aux-entrepreneurs","status":"publish","type":"post","link":"https:\/\/challengeseconomiques.com\/?p=6278","title":{"rendered":"S\u00e9n\u00e9gal : La coop\u00e9ration allemande lance une facilit\u00e9 de financement destin\u00e9 aux entrepreneurs"},"content":{"rendered":"<p><strong>La Coop\u00e9ration allemande lance une Facilit\u00e9 d\u2019investissements destin\u00e9es aux entrepreneurs. Elle vise \u00e0 soutenir les projets s\u00e9lectionn\u00e9s avec des subventions de cofinancement allant de 650 000 euros \u00e0 5 millions d&rsquo;euros par projet. L\u2019appel \u00e0 candidature sera lanc\u00e9 le 15 mai prochain.<\/strong><\/p>\n<p>La Facilit\u00e9 Investissements pour l&#8217;emploi (IFE) est un m\u00e9canisme d&rsquo;investissement qui intervient dans huit pays partenaires en Afrique en vue d&rsquo;appuyer la cr\u00e9ation d&#8217;emplois durables et de qualit\u00e9 dans le secteur priv\u00e9. Elle est cr\u00e9\u00e9e par la KfW Banque de D\u00e9veloppement dans le cadre de l&rsquo;Initiative sp\u00e9ciale \u00ab Emploi d\u00e9cent pour une transition juste \u00bb du minist\u00e8re f\u00e9d\u00e9ral allemand de la Coop\u00e9ration \u00e9conomique et du D\u00e9veloppement (BMZ).<\/p>\n<p>Elle est accessible \u00e0 tous les secteurs \u00e9conomiques. Les entreprises priv\u00e9es ainsi que les entit\u00e9s publiques et les organisations \u00e0 but non lucratif sont aussi invit\u00e9es \u00e0 soumettre des propositions d&rsquo;investissement. Les candidatures peuvent concerner aussi bien des initiatives purement priv\u00e9es que des projets d&rsquo;infrastructures publiques.<\/p>\n<p>\u00ab\u00a0Il est essentiel que chaque projet contribue \u00e0 la cr\u00e9ation d&#8217;emplois durables dans le secteur priv\u00e9 et que ces emplois donnent acc\u00e8s au syst\u00e8me de s\u00e9curit\u00e9 sociale. Le montant de la subvention par emploi cr\u00e9\u00e9 ne peut pas d\u00e9passer 10 000 euros. Les chances d&rsquo;obtenir une subvention augmentent si le projet contribue \u00e0 promouvoir l&#8217;emploi des femmes ou \u00e0 favoriser une transition juste vers une \u00e9conomie respectueuse du climat\u00a0\u00bb, mentionne le document.<\/p>\n<p>\u00c0 l\u2019en croire, la Facilit\u00e9 ne finance que des projets \u00ab\u00a0matures qui n&rsquo;ont pas encore \u00e9t\u00e9 lanc\u00e9s et qui offrent des chances raisonnables de durabilit\u00e9 op\u00e9rationnelle et financi\u00e8re\u00a0\u00bb.<\/p>\n<p><strong>Sikafinance<\/strong><\/p>\n","protected":false},"excerpt":{"rendered":"<p>La Coop\u00e9ration allemande lance une Facilit\u00e9 d\u2019investissements destin\u00e9es aux entrepreneurs. Elle vise \u00e0 soutenir les projets s\u00e9lectionn\u00e9s avec des subventions de cofinancement allant de 650&#8230;<\/p>\n","protected":false},"author":1,"featured_media":6279,"comment_status":"closed","ping_status":"open","sticky":false,"template":"","format":"standard","meta":{"_jetpack_memberships_contains_paid_content":false,"footnotes":""},"categories":[8],"tags":[],"class_list":["post-6278","post","type-post","status-publish","format-standard","has-post-thumbnail","hentry","category-actualite-economique","wpcat-8-id"],"yoast_head":"<!-- This site is optimized with the Yoast SEO plugin v27.1.1 - https:\/\/yoast.com\/product\/yoast-seo-wordpress\/ -->\n<title>S\u00e9n\u00e9gal : La coop\u00e9ration allemande lance une facilit\u00e9 de financement destin\u00e9 aux entrepreneurs - challenges economiques<\/title>\n<meta name=\"robots\" content=\"index, follow, max-snippet:-1, max-image-preview:large, max-video-preview:-1\" \/>\n<link rel=\"canonical\" href=\"https:\/\/challengeseconomiques.com\/?p=6278\" \/>\n<meta property=\"og:locale\" content=\"fr_FR\" \/>\n<meta property=\"og:type\" content=\"article\" \/>\n<meta property=\"og:title\" content=\"S\u00e9n\u00e9gal : La coop\u00e9ration allemande lance une facilit\u00e9 de financement destin\u00e9 aux entrepreneurs - challenges economiques\" \/>\n<meta property=\"og:description\" content=\"La Coop\u00e9ration allemande lance une Facilit\u00e9 d\u2019investissements destin\u00e9es aux entrepreneurs. Elle vise \u00e0 soutenir les projets s\u00e9lectionn\u00e9s avec des subventions de cofinancement allant de 650...\" \/>\n<meta property=\"og:url\" content=\"https:\/\/challengeseconomiques.com\/?p=6278\" \/>\n<meta property=\"og:site_name\" content=\"challenges economiques\" \/>\n<meta property=\"article:published_time\" content=\"2024-04-24T17:46:30+00:00\" \/>\n<meta property=\"article:modified_time\" content=\"2024-04-24T18:14:42+00:00\" \/>\n<meta property=\"og:image\" content=\"https:\/\/challengeseconomiques.com\/wp-content\/uploads\/2024\/04\/kfw.jpg\" \/>\n\t<meta property=\"og:image:width\" content=\"648\" \/>\n\t<meta property=\"og:image:height\" content=\"364\" \/>\n\t<meta property=\"og:image:type\" content=\"image\/jpeg\" \/>\n<meta name=\"author\" content=\"admin\" \/>\n<meta name=\"twitter:card\" content=\"summary_large_image\" \/>\n<meta name=\"twitter:label1\" content=\"\u00c9crit par\" \/>\n\t<meta name=\"twitter:data1\" content=\"admin\" \/>\n\t<meta name=\"twitter:label2\" content=\"Dur\u00e9e de lecture estim\u00e9e\" \/>\n\t<meta name=\"twitter:data2\" content=\"1 minute\" \/>\n<script type=\"application\/ld+json\" class=\"yoast-schema-graph\">{\"@context\":\"https:\/\/schema.org\",\"@graph\":[{\"@type\":\"Article\",\"@id\":\"https:\/\/challengeseconomiques.com\/?p=6278#article\",\"isPartOf\":{\"@id\":\"https:\/\/challengeseconomiques.com\/?p=6278\"},\"author\":{\"name\":\"admin\",\"@id\":\"https:\/\/challengeseconomiques.com\/#\/schema\/person\/b4568c9afebc5a9238a771873801e349\"},\"headline\":\"S\u00e9n\u00e9gal : La coop\u00e9ration allemande lance une facilit\u00e9 de financement destin\u00e9 aux entrepreneurs\",\"datePublished\":\"2024-04-24T17:46:30+00:00\",\"dateModified\":\"2024-04-24T18:14:42+00:00\",\"mainEntityOfPage\":{\"@id\":\"https:\/\/challengeseconomiques.com\/?p=6278\"},\"wordCount\":295,\"image\":{\"@id\":\"https:\/\/challengeseconomiques.com\/?p=6278#primaryimage\"},\"thumbnailUrl\":\"https:\/\/challengeseconomiques.com\/wp-content\/uploads\/2024\/04\/kfw.jpg\",\"articleSection\":[\"Actualit\u00e9 \u00e9conomique\"],\"inLanguage\":\"fr-FR\"},{\"@type\":\"WebPage\",\"@id\":\"https:\/\/challengeseconomiques.com\/?p=6278\",\"url\":\"https:\/\/challengeseconomiques.com\/?p=6278\",\"name\":\"S\u00e9n\u00e9gal : La coop\u00e9ration allemande lance une facilit\u00e9 de financement destin\u00e9 aux entrepreneurs - challenges economiques\",\"isPartOf\":{\"@id\":\"https:\/\/challengeseconomiques.com\/#website\"},\"primaryImageOfPage\":{\"@id\":\"https:\/\/challengeseconomiques.com\/?p=6278#primaryimage\"},\"image\":{\"@id\":\"https:\/\/challengeseconomiques.com\/?p=6278#primaryimage\"},\"thumbnailUrl\":\"https:\/\/challengeseconomiques.com\/wp-content\/uploads\/2024\/04\/kfw.jpg\",\"datePublished\":\"2024-04-24T17:46:30+00:00\",\"dateModified\":\"2024-04-24T18:14:42+00:00\",\"author\":{\"@id\":\"https:\/\/challengeseconomiques.com\/#\/schema\/person\/b4568c9afebc5a9238a771873801e349\"},\"breadcrumb\":{\"@id\":\"https:\/\/challengeseconomiques.com\/?p=6278#breadcrumb\"},\"inLanguage\":\"fr-FR\",\"potentialAction\":[{\"@type\":\"ReadAction\",\"target\":[\"https:\/\/challengeseconomiques.com\/?p=6278\"]}]},{\"@type\":\"ImageObject\",\"inLanguage\":\"fr-FR\",\"@id\":\"https:\/\/challengeseconomiques.com\/?p=6278#primaryimage\",\"url\":\"https:\/\/challengeseconomiques.com\/wp-content\/uploads\/2024\/04\/kfw.jpg\",\"contentUrl\":\"https:\/\/challengeseconomiques.com\/wp-content\/uploads\/2024\/04\/kfw.jpg\",\"width\":648,\"height\":364},{\"@type\":\"BreadcrumbList\",\"@id\":\"https:\/\/challengeseconomiques.com\/?p=6278#breadcrumb\",\"itemListElement\":[{\"@type\":\"ListItem\",\"position\":1,\"name\":\"Home\",\"item\":\"https:\/\/challengeseconomiques.com\/\"},{\"@type\":\"ListItem\",\"position\":2,\"name\":\"S\u00e9n\u00e9gal : La coop\u00e9ration allemande lance une facilit\u00e9 de financement destin\u00e9 aux entrepreneurs\"}]},{\"@type\":\"WebSite\",\"@id\":\"https:\/\/challengeseconomiques.com\/#website\",\"url\":\"https:\/\/challengeseconomiques.com\/\",\"name\":\"challenges economiques\",\"description\":\"\",\"potentialAction\":[{\"@type\":\"SearchAction\",\"target\":{\"@type\":\"EntryPoint\",\"urlTemplate\":\"https:\/\/challengeseconomiques.com\/?s={search_term_string}\"},\"query-input\":{\"@type\":\"PropertyValueSpecification\",\"valueRequired\":true,\"valueName\":\"search_term_string\"}}],\"inLanguage\":\"fr-FR\"},{\"@type\":\"Person\",\"@id\":\"https:\/\/challengeseconomiques.com\/#\/schema\/person\/b4568c9afebc5a9238a771873801e349\",\"name\":\"admin\",\"image\":{\"@type\":\"ImageObject\",\"inLanguage\":\"fr-FR\",\"@id\":\"https:\/\/challengeseconomiques.com\/#\/schema\/person\/image\/\",\"url\":\"https:\/\/secure.gravatar.com\/avatar\/099e42240b5eea11acdb72751fcce0dd918603f0749d24974b7984ea47ed9fd9?s=96&d=mm&r=g\",\"contentUrl\":\"https:\/\/secure.gravatar.com\/avatar\/099e42240b5eea11acdb72751fcce0dd918603f0749d24974b7984ea47ed9fd9?s=96&d=mm&r=g\",\"caption\":\"admin\"},\"sameAs\":[\"https:\/\/challengeseconomiques.com\"],\"url\":\"https:\/\/challengeseconomiques.com\/?author=1\"}]}<\/script>\n<!-- \/ Yoast SEO plugin. -->","yoast_head_json":{"title":"S\u00e9n\u00e9gal : La coop\u00e9ration allemande lance une facilit\u00e9 de financement destin\u00e9 aux entrepreneurs - challenges economiques","robots":{"index":"index","follow":"follow","max-snippet":"max-snippet:-1","max-image-preview":"max-image-preview:large","max-video-preview":"max-video-preview:-1"},"canonical":"https:\/\/challengeseconomiques.com\/?p=6278","og_locale":"fr_FR","og_type":"article","og_title":"S\u00e9n\u00e9gal : La coop\u00e9ration allemande lance une facilit\u00e9 de financement destin\u00e9 aux entrepreneurs - challenges economiques","og_description":"La Coop\u00e9ration allemande lance une Facilit\u00e9 d\u2019investissements destin\u00e9es aux entrepreneurs. Elle vise \u00e0 soutenir les projets s\u00e9lectionn\u00e9s avec des subventions de cofinancement allant de 650...","og_url":"https:\/\/challengeseconomiques.com\/?p=6278","og_site_name":"challenges economiques","article_published_time":"2024-04-24T17:46:30+00:00","article_modified_time":"2024-04-24T18:14:42+00:00","og_image":[{"width":648,"height":364,"url":"https:\/\/challengeseconomiques.com\/wp-content\/uploads\/2024\/04\/kfw.jpg","type":"image\/jpeg"}],"author":"admin","twitter_card":"summary_large_image","twitter_misc":{"\u00c9crit par":"admin","Dur\u00e9e de lecture estim\u00e9e":"1 minute"},"schema":{"@context":"https:\/\/schema.org","@graph":[{"@type":"Article","@id":"https:\/\/challengeseconomiques.com\/?p=6278#article","isPartOf":{"@id":"https:\/\/challengeseconomiques.com\/?p=6278"},"author":{"name":"admin","@id":"https:\/\/challengeseconomiques.com\/#\/schema\/person\/b4568c9afebc5a9238a771873801e349"},"headline":"S\u00e9n\u00e9gal : La coop\u00e9ration allemande lance une facilit\u00e9 de financement destin\u00e9 aux entrepreneurs","datePublished":"2024-04-24T17:46:30+00:00","dateModified":"2024-04-24T18:14:42+00:00","mainEntityOfPage":{"@id":"https:\/\/challengeseconomiques.com\/?p=6278"},"wordCount":295,"image":{"@id":"https:\/\/challengeseconomiques.com\/?p=6278#primaryimage"},"thumbnailUrl":"https:\/\/challengeseconomiques.com\/wp-content\/uploads\/2024\/04\/kfw.jpg","articleSection":["Actualit\u00e9 \u00e9conomique"],"inLanguage":"fr-FR"},{"@type":"WebPage","@id":"https:\/\/challengeseconomiques.com\/?p=6278","url":"https:\/\/challengeseconomiques.com\/?p=6278","name":"S\u00e9n\u00e9gal : La coop\u00e9ration allemande lance une facilit\u00e9 de financement destin\u00e9 aux entrepreneurs - challenges economiques","isPartOf":{"@id":"https:\/\/challengeseconomiques.com\/#website"},"primaryImageOfPage":{"@id":"https:\/\/challengeseconomiques.com\/?p=6278#primaryimage"},"image":{"@id":"https:\/\/challengeseconomiques.com\/?p=6278#primaryimage"},"thumbnailUrl":"https:\/\/challengeseconomiques.com\/wp-content\/uploads\/2024\/04\/kfw.jpg","datePublished":"2024-04-24T17:46:30+00:00","dateModified":"2024-04-24T18:14:42+00:00","author":{"@id":"https:\/\/challengeseconomiques.com\/#\/schema\/person\/b4568c9afebc5a9238a771873801e349"},"breadcrumb":{"@id":"https:\/\/challengeseconomiques.com\/?p=6278#breadcrumb"},"inLanguage":"fr-FR","potentialAction":[{"@type":"ReadAction","target":["https:\/\/challengeseconomiques.com\/?p=6278"]}]},{"@type":"ImageObject","inLanguage":"fr-FR","@id":"https:\/\/challengeseconomiques.com\/?p=6278#primaryimage","url":"https:\/\/challengeseconomiques.com\/wp-content\/uploads\/2024\/04\/kfw.jpg","contentUrl":"https:\/\/challengeseconomiques.com\/wp-content\/uploads\/2024\/04\/kfw.jpg","width":648,"height":364},{"@type":"BreadcrumbList","@id":"https:\/\/challengeseconomiques.com\/?p=6278#breadcrumb","itemListElement":[{"@type":"ListItem","position":1,"name":"Home","item":"https:\/\/challengeseconomiques.com\/"},{"@type":"ListItem","position":2,"name":"S\u00e9n\u00e9gal : La coop\u00e9ration allemande lance une facilit\u00e9 de financement destin\u00e9 aux entrepreneurs"}]},{"@type":"WebSite","@id":"https:\/\/challengeseconomiques.com\/#website","url":"https:\/\/challengeseconomiques.com\/","name":"challenges economiques","description":"","potentialAction":[{"@type":"SearchAction","target":{"@type":"EntryPoint","urlTemplate":"https:\/\/challengeseconomiques.com\/?s={search_term_string}"},"query-input":{"@type":"PropertyValueSpecification","valueRequired":true,"valueName":"search_term_string"}}],"inLanguage":"fr-FR"},{"@type":"Person","@id":"https:\/\/challengeseconomiques.com\/#\/schema\/person\/b4568c9afebc5a9238a771873801e349","name":"admin","image":{"@type":"ImageObject","inLanguage":"fr-FR","@id":"https:\/\/challengeseconomiques.com\/#\/schema\/person\/image\/","url":"https:\/\/secure.gravatar.com\/avatar\/099e42240b5eea11acdb72751fcce0dd918603f0749d24974b7984ea47ed9fd9?s=96&d=mm&r=g","contentUrl":"https:\/\/secure.gravatar.com\/avatar\/099e42240b5eea11acdb72751fcce0dd918603f0749d24974b7984ea47ed9fd9?s=96&d=mm&r=g","caption":"admin"},"sameAs":["https:\/\/challengeseconomiques.com"],"url":"https:\/\/challengeseconomiques.com\/?author=1"}]}},"jetpack_featured_media_url":"https:\/\/challengeseconomiques.com\/wp-content\/uploads\/2024\/04\/kfw.jpg","jetpack_sharing_enabled":true,"_links":{"self":[{"href":"https:\/\/challengeseconomiques.com\/index.php?rest_route=\/wp\/v2\/posts\/6278","targetHints":{"allow":["GET"]}}],"collection":[{"href":"https:\/\/challengeseconomiques.com\/index.php?rest_route=\/wp\/v2\/posts"}],"about":[{"href":"https:\/\/challengeseconomiques.com\/index.php?rest_route=\/wp\/v2\/types\/post"}],"author":[{"embeddable":true,"href":"https:\/\/challengeseconomiques.com\/index.php?rest_route=\/wp\/v2\/users\/1"}],"replies":[{"embeddable":true,"href":"https:\/\/challengeseconomiques.com\/index.php?rest_route=%2Fwp%2Fv2%2Fcomments&post=6278"}],"version-history":[{"count":1,"href":"https:\/\/challengeseconomiques.com\/index.php?rest_route=\/wp\/v2\/posts\/6278\/revisions"}],"predecessor-version":[{"id":6280,"href":"https:\/\/challengeseconomiques.com\/index.php?rest_route=\/wp\/v2\/posts\/6278\/revisions\/6280"}],"wp:featuredmedia":[{"embeddable":true,"href":"https:\/\/challengeseconomiques.com\/index.php?rest_route=\/wp\/v2\/media\/6279"}],"wp:attachment":[{"href":"https:\/\/challengeseconomiques.com\/index.php?rest_route=%2Fwp%2Fv2%2Fmedia&parent=6278"}],"wp:term":[{"taxonomy":"category","embeddable":true,"href":"https:\/\/challengeseconomiques.com\/index.php?rest_route=%2Fwp%2Fv2%2Fcategories&post=6278"},{"taxonomy":"post_tag","embeddable":true,"href":"https:\/\/challengeseconomiques.com\/index.php?rest_route=%2Fwp%2Fv2%2Ftags&post=6278"}],"curies":[{"name":"wp","href":"https:\/\/api.w.org\/{rel}","templated":true}]}}