{"id":6275,"date":"2024-04-24T17:18:12","date_gmt":"2024-04-24T17:18:12","guid":{"rendered":"https:\/\/challengeseconomiques.com\/?p=6275"},"modified":"2024-04-24T18:16:24","modified_gmt":"2024-04-24T18:16:24","slug":"des-cadres-ouest-africains-et-du-centre-formes-sur-la-commande-publique-durable","status":"publish","type":"post","link":"https:\/\/challengeseconomiques.com\/?p=6275","title":{"rendered":"Des cadres ouest africains et du centre form\u00e9s sur la commande publique durable"},"content":{"rendered":"<p><strong>Saer Niang, le directeur g\u00e9n\u00e9ral de l&rsquo;ARCOP<\/strong><\/p>\n<p><strong>Un atelier de formation con\u00e7u au profit des cadres exp\u00e9riment\u00e9s en march\u00e9s publics et des repr\u00e9sentants des agences d\u2019ex\u00e9cution des projets de la Banque Mondiale de la r\u00e9gion de l\u2019Afrique de l\u2019Ouest et du centre, se tient \u00e0 Dakar. L\u2019activit\u00e9 est anim\u00e9e par les experts internationaux Rana Rizkallah et Lorna Milne du cabinet de conseil en passation des march\u00e9s publics Merrill Solutions Ltd.<\/strong><\/p>\n<p>L&rsquo;atelier se fixe comme objectif de pr\u00e9senter aux participants les concepts cl\u00e9s de la commande publique durable en d\u00e9finissant le contexte r\u00e9gional et mondial, en d\u00e9crivant les obstacles et avantages et en explorant les opportunit\u00e9s de la commande publique durable tout en les liant aux objectifs politiques plus larges des gouvernements et aux engagements internationaux.<\/p>\n<p>Saer Niang, le directeur g\u00e9n\u00e9ral de l\u2019autorit\u00e9 de r\u00e9gulation de la commande publique (ARCOP) a soulign\u00e9 que cet atelier est un prolongement des activit\u00e9s d\u00e9j\u00e0 entam\u00e9es avec des partenaires au d\u00e9veloppement.<\/p>\n<p>\u00ab\u00a0Les achats publics durables (APD) se pr\u00e9sentent aujourd\u2019hui comme un concept strat\u00e9gique visant \u00e0 int\u00e9grer les consid\u00e9rations \u00e9conomiques, sociales et environnementales dans le cycle de passation des march\u00e9s publics\u00a0\u00bb, a relev\u00e9 Saer Niang.<\/p>\n<p>Le directeur g\u00e9n\u00e9ral de l\u2019ARCOP a aussi estim\u00e9 qu\u2019en plus de pr\u00e9senter d\u2019\u00e9normes avantages potentiels, les APD \u00e9pousent parfaitement les objectifs de d\u00e9veloppement durable des Nations Unies et la mission r\u00e9vis\u00e9e de la Banque mondiale visant \u00e0 mettre fin \u00e0 l\u2019extr\u00eame pauvret\u00e9 et \u00e0 stimuler la prosp\u00e9rit\u00e9 sur une plan\u00e8te vivable.<\/p>\n<p>A propos du cas du S\u00e9n\u00e9gal, il a rappel\u00e9 que les achats publics durables sont consacr\u00e9s dans le cadre r\u00e9glementaire et l\u00e9gislatif de la commande publique et reposent sur 3 piliers.<\/p>\n<p>\u00ab\u00a0D\u2019abord le pilier \u00e9conomique garantissant un acc\u00e8s privil\u00e9gi\u00e9 des Pme et des acteurs de l\u2019\u00e9conomie sociale et solidaire \u00e0 la commande publique. Le pilier social favorisant la protection et garantissant l\u2019acc\u00e8s \u00e0 l\u2019emploi pour les femmes, les jeunes et les personnes vivant avec un handicap. Enfin et non des moindres, le pilier environnemental. Il est devenu un aspect essentiel dans tous les achats publics\u00a0\u00bb, a list\u00e9 Monsieur Niang.<\/p>\n<p>Et en ce qui concerne le cas du S\u00e9n\u00e9gal, il a aussi fait remarquer que le nouveau code des march\u00e9s publics au S\u00e9n\u00e9gal exige d\u00e9sormais des autorit\u00e9s contractantes, des achats \u00e9cologiques et des techniques r\u00e9duisant l\u2019impact nocif sur l\u2019environnement.<\/p>\n<p>Il s\u2019est parall\u00e8lement f\u00e9licit\u00e9 de la collaboration entre l\u2019ARCOP et la Banque mondiale, laquelle a atteint, selon lui, sa vitesse de croisi\u00e8re tout en interpellant le maximum d\u2019acteurs et parties prenantes incontournables dans la promotion d\u2019un d\u00e9veloppement \u00e9conomique durable.<\/p>\n<p>Au-del\u00e0 des strat\u00e9gies et politiques nationales appuy\u00e9es pour contribuer aux objectifs de d\u00e9veloppement, la Banque mondiale oriente son engagement dans l\u2019appui au verdissement de l\u2019\u00e9conomie. Notre collaboration permettra sans doute de jeter toutes les bases de la transformation durable et inclusive de l\u2019\u00e9conomie s\u00e9n\u00e9galaise\u00bb, a-t-il d\u00e9clar\u00e9.<\/p>\n<p>Il faut noter que l\u2019autre objectif escompt\u00e9 de cet atelier est d\u2019approfondir la compr\u00e9hension et l\u2019am\u00e9lioration des comp\u00e9tences des participants en mati\u00e8re d&rsquo;int\u00e9gration de la durabilit\u00e9 dans les march\u00e9s publics.<\/p>\n<p>Xavier Bonneau, le directeur des op\u00e9rations de la banque mondiale au S\u00e9n\u00e9gal a insist\u00e9 sur le fait qu\u2019en Afrique de l&rsquo;Ouest, les march\u00e9s publics repr\u00e9sentent environ 11,5 % du PIB des pays de la sous-r\u00e9gion soit un total d\u2019environ 80 Milliards de dollars d\u00e9pens\u00e9s chaque ann\u00e9e en biens, services et travaux.<\/p>\n<p>Xavier Bonneau a consid\u00e9r\u00e9 que d\u00e9pens\u00e9s \u00e0 bon escient, les march\u00e9s publics repr\u00e9sentent un important levier \u00e9conomique pour assurer le bien-\u00eatre social et une croissance \u00e9conomique durable.<\/p>\n<p>\u00ab\u00a0Les achats publics durables transcendent l&rsquo;id\u00e9e d&rsquo;un simple slogan ou d\u2019un concept \u00e0 la mode, ils sont en train de devenir un principe cl\u00e9 de gouvernance. La Banque mondiale a int\u00e9gr\u00e9 cette r\u00e9alit\u00e9 dans sa vision renouvel\u00e9e: mettre fin \u00e0 l&rsquo;extr\u00eame pauvret\u00e9 et promouvoir une prosp\u00e9rit\u00e9 partag\u00e9e sur une plan\u00e8te vivable\u00a0\u00bb, a dit le directeur des op\u00e9rations de la banque mondiale au S\u00e9n\u00e9gal.<\/p>\n<p>Et \u00e0 propos de l\u2019atelier de formation, il a estim\u00e9 qu\u2019elle peut \u00e0 terme aider \u00e0 exploiter le pouvoir de l&rsquo;approvisionnement pour g\u00e9n\u00e9rer des impacts durables, pour fournir des services publics et des infrastructures de haute qualit\u00e9, promouvoir la durabilit\u00e9 et l&rsquo;atteinte des objectifs en mati\u00e8re de changement climatique, soutenir les micro, petites et moyennes entreprises, encourager l&rsquo;innovation, le commerce et la comp\u00e9titivit\u00e9, et renforcer l&rsquo;inclusion sociale et r\u00e9duire la corruption.<\/p>\n<p><strong>Idrissa GUEYE<\/strong><\/p>\n","protected":false},"excerpt":{"rendered":"<p>Saer Niang, le directeur g\u00e9n\u00e9ral de l&rsquo;ARCOP Un atelier de formation con\u00e7u au profit des cadres exp\u00e9riment\u00e9s en march\u00e9s publics et des repr\u00e9sentants des agences&#8230;<\/p>\n","protected":false},"author":1,"featured_media":6281,"comment_status":"closed","ping_status":"open","sticky":false,"template":"","format":"standard","meta":{"_jetpack_memberships_contains_paid_content":false,"footnotes":""},"categories":[8],"tags":[],"class_list":["post-6275","post","type-post","status-publish","format-standard","has-post-thumbnail","hentry","category-actualite-economique","wpcat-8-id"],"yoast_head":"<!-- This site is optimized with the Yoast SEO plugin v27.1.1 - https:\/\/yoast.com\/product\/yoast-seo-wordpress\/ -->\n<title>Des cadres ouest africains et du centre form\u00e9s sur la commande publique durable - challenges economiques<\/title>\n<meta name=\"robots\" content=\"index, follow, max-snippet:-1, max-image-preview:large, max-video-preview:-1\" \/>\n<link rel=\"canonical\" href=\"https:\/\/challengeseconomiques.com\/?p=6275\" \/>\n<meta property=\"og:locale\" content=\"fr_FR\" \/>\n<meta property=\"og:type\" content=\"article\" \/>\n<meta property=\"og:title\" content=\"Des cadres ouest africains et du centre form\u00e9s sur la commande publique durable - challenges economiques\" \/>\n<meta property=\"og:description\" content=\"Saer Niang, le directeur g\u00e9n\u00e9ral de l&rsquo;ARCOP Un atelier de formation con\u00e7u au profit des cadres exp\u00e9riment\u00e9s en march\u00e9s publics et des repr\u00e9sentants des agences...\" \/>\n<meta property=\"og:url\" content=\"https:\/\/challengeseconomiques.com\/?p=6275\" \/>\n<meta property=\"og:site_name\" content=\"challenges economiques\" \/>\n<meta property=\"article:published_time\" content=\"2024-04-24T17:18:12+00:00\" \/>\n<meta property=\"article:modified_time\" content=\"2024-04-24T18:16:24+00:00\" \/>\n<meta property=\"og:image\" content=\"https:\/\/challengeseconomiques.com\/wp-content\/uploads\/2024\/04\/saer-.jpeg\" \/>\n\t<meta property=\"og:image:width\" content=\"1280\" \/>\n\t<meta property=\"og:image:height\" content=\"960\" \/>\n\t<meta property=\"og:image:type\" content=\"image\/jpeg\" \/>\n<meta name=\"author\" content=\"admin\" \/>\n<meta name=\"twitter:card\" content=\"summary_large_image\" \/>\n<meta name=\"twitter:label1\" content=\"\u00c9crit par\" \/>\n\t<meta name=\"twitter:data1\" content=\"admin\" \/>\n\t<meta name=\"twitter:label2\" content=\"Dur\u00e9e de lecture estim\u00e9e\" \/>\n\t<meta name=\"twitter:data2\" content=\"4 minutes\" \/>\n<script type=\"application\/ld+json\" class=\"yoast-schema-graph\">{\"@context\":\"https:\/\/schema.org\",\"@graph\":[{\"@type\":\"Article\",\"@id\":\"https:\/\/challengeseconomiques.com\/?p=6275#article\",\"isPartOf\":{\"@id\":\"https:\/\/challengeseconomiques.com\/?p=6275\"},\"author\":{\"name\":\"admin\",\"@id\":\"https:\/\/challengeseconomiques.com\/#\/schema\/person\/b4568c9afebc5a9238a771873801e349\"},\"headline\":\"Des cadres ouest africains et du centre form\u00e9s sur la commande publique durable\",\"datePublished\":\"2024-04-24T17:18:12+00:00\",\"dateModified\":\"2024-04-24T18:16:24+00:00\",\"mainEntityOfPage\":{\"@id\":\"https:\/\/challengeseconomiques.com\/?p=6275\"},\"wordCount\":847,\"image\":{\"@id\":\"https:\/\/challengeseconomiques.com\/?p=6275#primaryimage\"},\"thumbnailUrl\":\"https:\/\/challengeseconomiques.com\/wp-content\/uploads\/2024\/04\/saer-.jpeg\",\"articleSection\":[\"Actualit\u00e9 \u00e9conomique\"],\"inLanguage\":\"fr-FR\"},{\"@type\":\"WebPage\",\"@id\":\"https:\/\/challengeseconomiques.com\/?p=6275\",\"url\":\"https:\/\/challengeseconomiques.com\/?p=6275\",\"name\":\"Des cadres ouest africains et du centre form\u00e9s sur la commande publique durable - challenges economiques\",\"isPartOf\":{\"@id\":\"https:\/\/challengeseconomiques.com\/#website\"},\"primaryImageOfPage\":{\"@id\":\"https:\/\/challengeseconomiques.com\/?p=6275#primaryimage\"},\"image\":{\"@id\":\"https:\/\/challengeseconomiques.com\/?p=6275#primaryimage\"},\"thumbnailUrl\":\"https:\/\/challengeseconomiques.com\/wp-content\/uploads\/2024\/04\/saer-.jpeg\",\"datePublished\":\"2024-04-24T17:18:12+00:00\",\"dateModified\":\"2024-04-24T18:16:24+00:00\",\"author\":{\"@id\":\"https:\/\/challengeseconomiques.com\/#\/schema\/person\/b4568c9afebc5a9238a771873801e349\"},\"breadcrumb\":{\"@id\":\"https:\/\/challengeseconomiques.com\/?p=6275#breadcrumb\"},\"inLanguage\":\"fr-FR\",\"potentialAction\":[{\"@type\":\"ReadAction\",\"target\":[\"https:\/\/challengeseconomiques.com\/?p=6275\"]}]},{\"@type\":\"ImageObject\",\"inLanguage\":\"fr-FR\",\"@id\":\"https:\/\/challengeseconomiques.com\/?p=6275#primaryimage\",\"url\":\"https:\/\/challengeseconomiques.com\/wp-content\/uploads\/2024\/04\/saer-.jpeg\",\"contentUrl\":\"https:\/\/challengeseconomiques.com\/wp-content\/uploads\/2024\/04\/saer-.jpeg\",\"width\":1280,\"height\":960},{\"@type\":\"BreadcrumbList\",\"@id\":\"https:\/\/challengeseconomiques.com\/?p=6275#breadcrumb\",\"itemListElement\":[{\"@type\":\"ListItem\",\"position\":1,\"name\":\"Home\",\"item\":\"https:\/\/challengeseconomiques.com\/\"},{\"@type\":\"ListItem\",\"position\":2,\"name\":\"Des cadres ouest africains et du centre form\u00e9s sur la commande publique durable\"}]},{\"@type\":\"WebSite\",\"@id\":\"https:\/\/challengeseconomiques.com\/#website\",\"url\":\"https:\/\/challengeseconomiques.com\/\",\"name\":\"challenges economiques\",\"description\":\"\",\"potentialAction\":[{\"@type\":\"SearchAction\",\"target\":{\"@type\":\"EntryPoint\",\"urlTemplate\":\"https:\/\/challengeseconomiques.com\/?s={search_term_string}\"},\"query-input\":{\"@type\":\"PropertyValueSpecification\",\"valueRequired\":true,\"valueName\":\"search_term_string\"}}],\"inLanguage\":\"fr-FR\"},{\"@type\":\"Person\",\"@id\":\"https:\/\/challengeseconomiques.com\/#\/schema\/person\/b4568c9afebc5a9238a771873801e349\",\"name\":\"admin\",\"image\":{\"@type\":\"ImageObject\",\"inLanguage\":\"fr-FR\",\"@id\":\"https:\/\/challengeseconomiques.com\/#\/schema\/person\/image\/\",\"url\":\"https:\/\/secure.gravatar.com\/avatar\/099e42240b5eea11acdb72751fcce0dd918603f0749d24974b7984ea47ed9fd9?s=96&d=mm&r=g\",\"contentUrl\":\"https:\/\/secure.gravatar.com\/avatar\/099e42240b5eea11acdb72751fcce0dd918603f0749d24974b7984ea47ed9fd9?s=96&d=mm&r=g\",\"caption\":\"admin\"},\"sameAs\":[\"https:\/\/challengeseconomiques.com\"],\"url\":\"https:\/\/challengeseconomiques.com\/?author=1\"}]}<\/script>\n<!-- \/ Yoast SEO plugin. -->","yoast_head_json":{"title":"Des cadres ouest africains et du centre form\u00e9s sur la commande publique durable - challenges economiques","robots":{"index":"index","follow":"follow","max-snippet":"max-snippet:-1","max-image-preview":"max-image-preview:large","max-video-preview":"max-video-preview:-1"},"canonical":"https:\/\/challengeseconomiques.com\/?p=6275","og_locale":"fr_FR","og_type":"article","og_title":"Des cadres ouest africains et du centre form\u00e9s sur la commande publique durable - challenges economiques","og_description":"Saer Niang, le directeur g\u00e9n\u00e9ral de l&rsquo;ARCOP Un atelier de formation con\u00e7u au profit des cadres exp\u00e9riment\u00e9s en march\u00e9s publics et des repr\u00e9sentants des agences...","og_url":"https:\/\/challengeseconomiques.com\/?p=6275","og_site_name":"challenges economiques","article_published_time":"2024-04-24T17:18:12+00:00","article_modified_time":"2024-04-24T18:16:24+00:00","og_image":[{"width":1280,"height":960,"url":"https:\/\/challengeseconomiques.com\/wp-content\/uploads\/2024\/04\/saer-.jpeg","type":"image\/jpeg"}],"author":"admin","twitter_card":"summary_large_image","twitter_misc":{"\u00c9crit par":"admin","Dur\u00e9e de lecture estim\u00e9e":"4 minutes"},"schema":{"@context":"https:\/\/schema.org","@graph":[{"@type":"Article","@id":"https:\/\/challengeseconomiques.com\/?p=6275#article","isPartOf":{"@id":"https:\/\/challengeseconomiques.com\/?p=6275"},"author":{"name":"admin","@id":"https:\/\/challengeseconomiques.com\/#\/schema\/person\/b4568c9afebc5a9238a771873801e349"},"headline":"Des cadres ouest africains et du centre form\u00e9s sur la commande publique durable","datePublished":"2024-04-24T17:18:12+00:00","dateModified":"2024-04-24T18:16:24+00:00","mainEntityOfPage":{"@id":"https:\/\/challengeseconomiques.com\/?p=6275"},"wordCount":847,"image":{"@id":"https:\/\/challengeseconomiques.com\/?p=6275#primaryimage"},"thumbnailUrl":"https:\/\/challengeseconomiques.com\/wp-content\/uploads\/2024\/04\/saer-.jpeg","articleSection":["Actualit\u00e9 \u00e9conomique"],"inLanguage":"fr-FR"},{"@type":"WebPage","@id":"https:\/\/challengeseconomiques.com\/?p=6275","url":"https:\/\/challengeseconomiques.com\/?p=6275","name":"Des cadres ouest africains et du centre form\u00e9s sur la commande publique durable - challenges economiques","isPartOf":{"@id":"https:\/\/challengeseconomiques.com\/#website"},"primaryImageOfPage":{"@id":"https:\/\/challengeseconomiques.com\/?p=6275#primaryimage"},"image":{"@id":"https:\/\/challengeseconomiques.com\/?p=6275#primaryimage"},"thumbnailUrl":"https:\/\/challengeseconomiques.com\/wp-content\/uploads\/2024\/04\/saer-.jpeg","datePublished":"2024-04-24T17:18:12+00:00","dateModified":"2024-04-24T18:16:24+00:00","author":{"@id":"https:\/\/challengeseconomiques.com\/#\/schema\/person\/b4568c9afebc5a9238a771873801e349"},"breadcrumb":{"@id":"https:\/\/challengeseconomiques.com\/?p=6275#breadcrumb"},"inLanguage":"fr-FR","potentialAction":[{"@type":"ReadAction","target":["https:\/\/challengeseconomiques.com\/?p=6275"]}]},{"@type":"ImageObject","inLanguage":"fr-FR","@id":"https:\/\/challengeseconomiques.com\/?p=6275#primaryimage","url":"https:\/\/challengeseconomiques.com\/wp-content\/uploads\/2024\/04\/saer-.jpeg","contentUrl":"https:\/\/challengeseconomiques.com\/wp-content\/uploads\/2024\/04\/saer-.jpeg","width":1280,"height":960},{"@type":"BreadcrumbList","@id":"https:\/\/challengeseconomiques.com\/?p=6275#breadcrumb","itemListElement":[{"@type":"ListItem","position":1,"name":"Home","item":"https:\/\/challengeseconomiques.com\/"},{"@type":"ListItem","position":2,"name":"Des cadres ouest africains et du centre form\u00e9s sur la commande publique durable"}]},{"@type":"WebSite","@id":"https:\/\/challengeseconomiques.com\/#website","url":"https:\/\/challengeseconomiques.com\/","name":"challenges economiques","description":"","potentialAction":[{"@type":"SearchAction","target":{"@type":"EntryPoint","urlTemplate":"https:\/\/challengeseconomiques.com\/?s={search_term_string}"},"query-input":{"@type":"PropertyValueSpecification","valueRequired":true,"valueName":"search_term_string"}}],"inLanguage":"fr-FR"},{"@type":"Person","@id":"https:\/\/challengeseconomiques.com\/#\/schema\/person\/b4568c9afebc5a9238a771873801e349","name":"admin","image":{"@type":"ImageObject","inLanguage":"fr-FR","@id":"https:\/\/challengeseconomiques.com\/#\/schema\/person\/image\/","url":"https:\/\/secure.gravatar.com\/avatar\/099e42240b5eea11acdb72751fcce0dd918603f0749d24974b7984ea47ed9fd9?s=96&d=mm&r=g","contentUrl":"https:\/\/secure.gravatar.com\/avatar\/099e42240b5eea11acdb72751fcce0dd918603f0749d24974b7984ea47ed9fd9?s=96&d=mm&r=g","caption":"admin"},"sameAs":["https:\/\/challengeseconomiques.com"],"url":"https:\/\/challengeseconomiques.com\/?author=1"}]}},"jetpack_featured_media_url":"https:\/\/challengeseconomiques.com\/wp-content\/uploads\/2024\/04\/saer-.jpeg","jetpack_sharing_enabled":true,"_links":{"self":[{"href":"https:\/\/challengeseconomiques.com\/index.php?rest_route=\/wp\/v2\/posts\/6275","targetHints":{"allow":["GET"]}}],"collection":[{"href":"https:\/\/challengeseconomiques.com\/index.php?rest_route=\/wp\/v2\/posts"}],"about":[{"href":"https:\/\/challengeseconomiques.com\/index.php?rest_route=\/wp\/v2\/types\/post"}],"author":[{"embeddable":true,"href":"https:\/\/challengeseconomiques.com\/index.php?rest_route=\/wp\/v2\/users\/1"}],"replies":[{"embeddable":true,"href":"https:\/\/challengeseconomiques.com\/index.php?rest_route=%2Fwp%2Fv2%2Fcomments&post=6275"}],"version-history":[{"count":1,"href":"https:\/\/challengeseconomiques.com\/index.php?rest_route=\/wp\/v2\/posts\/6275\/revisions"}],"predecessor-version":[{"id":6277,"href":"https:\/\/challengeseconomiques.com\/index.php?rest_route=\/wp\/v2\/posts\/6275\/revisions\/6277"}],"wp:featuredmedia":[{"embeddable":true,"href":"https:\/\/challengeseconomiques.com\/index.php?rest_route=\/wp\/v2\/media\/6281"}],"wp:attachment":[{"href":"https:\/\/challengeseconomiques.com\/index.php?rest_route=%2Fwp%2Fv2%2Fmedia&parent=6275"}],"wp:term":[{"taxonomy":"category","embeddable":true,"href":"https:\/\/challengeseconomiques.com\/index.php?rest_route=%2Fwp%2Fv2%2Fcategories&post=6275"},{"taxonomy":"post_tag","embeddable":true,"href":"https:\/\/challengeseconomiques.com\/index.php?rest_route=%2Fwp%2Fv2%2Ftags&post=6275"}],"curies":[{"name":"wp","href":"https:\/\/api.w.org\/{rel}","templated":true}]}}