{"id":6265,"date":"2024-04-23T00:11:39","date_gmt":"2024-04-23T00:11:39","guid":{"rendered":"https:\/\/challengeseconomiques.com\/?p=6265"},"modified":"2024-04-23T00:12:37","modified_gmt":"2024-04-23T00:12:37","slug":"reunion-des-chambres-de-commerce-a-saint-louis-les-nouvelles-autorites-invitees-a-consolider-le-partenariat-avec-le-secteur-prive","status":"publish","type":"post","link":"https:\/\/challengeseconomiques.com\/?p=6265","title":{"rendered":"R\u00e9union des Chambres de Commerce \u00e0 Saint-Louis : Les nouvelles autorit\u00e9s invit\u00e9es \u00e0 consolider le partenariat avec le secteur priv\u00e9"},"content":{"rendered":"<p><strong>Apr\u00e8s la premi\u00e8re rencontre tenue \u00e0 Ziguinchor en juillet 2023,<\/strong> <strong>l\u2019Union Nationale des Chambres de Commerce, d\u2019Industrie et l\u2019Agriculture du S\u00e9n\u00e9gal <\/strong><strong>(<\/strong><strong>UNCCIAS) a organis\u00e9 sa 2<sup>\u00e8me<\/sup> r\u00e9union \u00e0 Saint Louis, ville tricentenaire, centre d\u2019\u00e9l\u00e9gance et de bon go\u00fbt. Le pr\u00e9sident de l\u2019Union Abdoulaye Sow a saisi l\u2019occasion pour inviter les nouvelles autorit\u00e9s du S\u00e9n\u00e9gal \u00e0 renforcer le partenariat avec le secteur priv\u00e9 s\u00e9n\u00e9galais L\u2019objectif vis\u00e9 est d\u2019exploiter convenablement le potentiel \u00e9conomique du pays pour la cr\u00e9ation davantage de richesses et d\u2019emplois pour les jeunes. <\/strong><\/p>\n<p><strong>\u00a0<\/strong>\u00ab\u00a0Cette deuxi\u00e8me r\u00e9union<strong> de l\u2019Union Nationale des Chambres de Commerce, d\u2019Industrie et l\u2019Agriculture du S\u00e9n\u00e9gal se d\u00e9roule apr\u00e8s<\/strong> l&rsquo;\u00e9lection de son Excellence Bassirou Diomaye Diakhar Faye, pr\u00e9sident de la R\u00e9publique du S\u00e9n\u00e9gal.<\/p>\n<p>C\u2019est ce qu\u2019a soulign\u00e9 le pr\u00e9sident de l\u2019UNCCIAS, Abdoulaye Sow, qui \u00e9tait entour\u00e9, \u00e0 Saint Louis, de ses homologues et des secr\u00e9taires g\u00e9n\u00e9raux des CCIAS, le lundi 22 Avril 2024.\u00a0 Dans la foul\u00e9e, il a adress\u00e9 leurs chaleureuses f\u00e9licitations au Chef de l&rsquo;\u00c9tat pour son accession \u00e0 la Magistrature Supr\u00eame.<\/p>\n<p><strong>Disponibilit\u00e9 \u00e0 accompagner les nouvelles autorit\u00e9s<\/strong><\/p>\n<p>\u00ab\u00a0L&rsquo;UNCCIAS saisit l&rsquo;occasion pour assurer au nouveau pr\u00e9sident de la disponibilit\u00e9 des Chambres de Commerce, d&rsquo;Industrie et d&rsquo;Agriculture du S\u00e9n\u00e9gal (CCIAS) \u00e0 l&rsquo;accompagner notamment pour la cr\u00e9ation davantage de richesses et d&#8217;emplois pour le d\u00e9veloppement \u00e9conomique et social du pays\u00a0\u00bb, a indiqu\u00e9 Abdoulaye Sow, par ailleurs pr\u00e9sident de la CCIAD.<\/p>\n<p>Dans un contexte de promotion de la souverainet\u00e9 \u00e9conomique du pays, il a en effet \u00e9t\u00e9 d\u00e9cid\u00e9 de mener une s\u00e9rie de visites au niveau de certaines entit\u00e9s \u00e9conomiques notamment le Port de Saint Louis, les ponts bascules de la Chambre de Commerce de Saint-Louis,\u00a0 la SOCAS, les p\u00e9rim\u00e8tres rizicoles, etc.<\/p>\n<p><strong>Parlement des Entreprises<\/strong><\/p>\n<p>Les Institutions Consulaires jouent le r\u00f4le d&rsquo;interface entre le secteur priv\u00e9 et les pouvoirs publics.<\/p>\n<p>Maisons naturelles des entreprises, les Chambres de Commerce, d&rsquo;Industrie et d&rsquo;Agriculture accompagnent les op\u00e9rateurs \u00e9conomiques, entre autres, dans la formalisation des activit\u00e9s, la formation, l\u2019\u00e9laboration de projets, la recherche de l\u2019information \u00e9conomique, de partenaires et de financement pour une meilleure exploitation du potentiel \u00e9conomique du S\u00e9n\u00e9gal.\u00a0Elles constituent le \u00ab\u00a0Parlement des Entreprises\u00a0\u00bb, notamment les PME- PMI, a-t-il d\u00e9clar\u00e9.<\/p>\n<p>\u00ab\u00a0Nous osons esp\u00e9rer que la mandature du pr\u00e9sident Bassirou Diomaye Diakhar Faye et son Gouvernement dirig\u00e9 par le Premier ministre Ousmane Sonko, va consolider le partenariat avec le secteur priv\u00e9 s\u00e9n\u00e9galais\u00a0\u00bb, a-t-il ajout\u00e9.<\/p>\n<p>Le pr\u00e9sident de l\u2019UNCCIAS et ses homologues invitent vivement les nouvelles autorit\u00e9s \u00e0 institutionnaliser le dialogue public\/priv\u00e9 avec un dispositif permanent d\u2019\u00e9changes du niveau pr\u00e9sidentiel aux d\u00e9partements minist\u00e9riels, sur la base d\u2019un calendrier d\u00e9fini d\u2019accord parti.<\/p>\n<p>Dans ce cadre, ces acteurs \u00e9conomiques proposent une rencontre au moins une (1) fois par an avec le secteur priv\u00e9 national pour partager les directives pr\u00e9sidentielles, les pr\u00e9occupations du secteur priv\u00e9 national et le bilan des concertations avec les d\u00e9partements minist\u00e9riels.<\/p>\n<p><strong>Relever ensemble les d\u00e9fis de d\u00e9veloppement<\/strong><\/p>\n<p><strong>\u00ab\u00a0<\/strong>Nous invitons \u00e9galement le pr\u00e9sident Bassirou Diomaye Faye et son Gouvernement \u00e0 renforcer les capacit\u00e9s techniques et financi\u00e8res des Chambres Consulaires (Chambres de Commerce et Chambres des M\u00e9tiers) pour en faire des relais efficients, durables, et de proximit\u00e9 dans l\u2019apprentissage, la formation et l\u2019accompagnement des jeunes actifs\u00a0\u00bb, a-t-il plaid\u00e9.<\/p>\n<p>Ces entrepreneurs attendent aussi des mesures de la part des autorit\u00e9s pour faciliter l\u2019obtention de la garantie de signature de l\u2019Etat au priv\u00e9 national si n\u00e9cessaire pour la r\u00e9alisation des grands projets PPP et de souverainet\u00e9 \u00e9conomique.<\/p>\n<p>Avant de terminer, le pr\u00e9sident Abdoulaye Sow a r\u00e9it\u00e9r\u00e9 la disponibilit\u00e9 de l\u2019UNCCIAS \u00e0 accompagner les nouvelles autorit\u00e9s de l\u2019Etat pour que l\u2019on puisse relever ensemble les d\u00e9fis relatifs au d\u00e9veloppement socio-\u00e9conomique du S\u00e9n\u00e9gal.<\/p>\n<p>Il a profit\u00e9 de l\u2019occasion pour f\u00e9liciter et remercier vivement le pr\u00e9sident de la CCIA de Saint Louis, Cheikh Mouhamadou Sourang et son \u00e9quipe pour l\u2019accueil chaleureux qui a \u00e9t\u00e9 r\u00e9serv\u00e9 aux membres de l\u2019UNCCIAS.<\/p>\n<p>Auparavant, la d\u00e9l\u00e9gation conduite par le pr\u00e9sident de l\u2019UNCCIAS Abdoulaye Sow a rendu une visite de courtoisie au gouverneur de la R\u00e9gion de Saint Louis Alioune Badara Samb. Les autorit\u00e9s administratives et consulaires ont eu ainsi des \u00e9changes fructueux sur les enjeux de d\u00e9veloppement du S\u00e9n\u00e9gal.<\/p>\n<p><strong>Joseph SENE (BIE)<br \/>\n<\/strong><\/p>\n<p><strong><u>\u00a0<\/u><\/strong><\/p>\n<p><strong><u>\u00a0<\/u><\/strong><\/p>\n","protected":false},"excerpt":{"rendered":"<p>Apr\u00e8s la premi\u00e8re rencontre tenue \u00e0 Ziguinchor en juillet 2023, l\u2019Union Nationale des Chambres de Commerce, d\u2019Industrie et l\u2019Agriculture du S\u00e9n\u00e9gal (UNCCIAS) a organis\u00e9 sa&#8230;<\/p>\n","protected":false},"author":1,"featured_media":6266,"comment_status":"closed","ping_status":"open","sticky":false,"template":"","format":"standard","meta":{"_jetpack_memberships_contains_paid_content":false,"footnotes":""},"categories":[23,8],"tags":[],"class_list":["post-6265","post","type-post","status-publish","format-standard","has-post-thumbnail","hentry","category-a-la-une","category-actualite-economique","wpcat-23-id","wpcat-8-id"],"yoast_head":"<!-- This site is optimized with the Yoast SEO plugin v27.1.1 - https:\/\/yoast.com\/product\/yoast-seo-wordpress\/ -->\n<title>R\u00e9union des Chambres de Commerce \u00e0 Saint-Louis : Les nouvelles autorit\u00e9s invit\u00e9es \u00e0 consolider le partenariat avec le secteur priv\u00e9 - challenges economiques<\/title>\n<meta name=\"robots\" content=\"index, follow, max-snippet:-1, max-image-preview:large, max-video-preview:-1\" \/>\n<link rel=\"canonical\" href=\"https:\/\/challengeseconomiques.com\/?p=6265\" \/>\n<meta property=\"og:locale\" content=\"fr_FR\" \/>\n<meta property=\"og:type\" content=\"article\" \/>\n<meta property=\"og:title\" content=\"R\u00e9union des Chambres de Commerce \u00e0 Saint-Louis : Les nouvelles autorit\u00e9s invit\u00e9es \u00e0 consolider le partenariat avec le secteur priv\u00e9 - challenges economiques\" \/>\n<meta property=\"og:description\" content=\"Apr\u00e8s la premi\u00e8re rencontre tenue \u00e0 Ziguinchor en juillet 2023, l\u2019Union Nationale des Chambres de Commerce, d\u2019Industrie et l\u2019Agriculture du S\u00e9n\u00e9gal (UNCCIAS) a organis\u00e9 sa...\" \/>\n<meta property=\"og:url\" content=\"https:\/\/challengeseconomiques.com\/?p=6265\" \/>\n<meta property=\"og:site_name\" content=\"challenges economiques\" \/>\n<meta property=\"article:published_time\" content=\"2024-04-23T00:11:39+00:00\" \/>\n<meta property=\"article:modified_time\" content=\"2024-04-23T00:12:37+00:00\" \/>\n<meta property=\"og:image\" content=\"https:\/\/challengeseconomiques.com\/wp-content\/uploads\/2024\/04\/saintlouisunion.jpg\" \/>\n\t<meta property=\"og:image:width\" content=\"1336\" \/>\n\t<meta property=\"og:image:height\" content=\"752\" \/>\n\t<meta property=\"og:image:type\" content=\"image\/jpeg\" \/>\n<meta name=\"author\" content=\"admin\" \/>\n<meta name=\"twitter:card\" content=\"summary_large_image\" \/>\n<meta name=\"twitter:label1\" content=\"\u00c9crit par\" \/>\n\t<meta name=\"twitter:data1\" content=\"admin\" \/>\n\t<meta name=\"twitter:label2\" content=\"Dur\u00e9e de lecture estim\u00e9e\" \/>\n\t<meta name=\"twitter:data2\" content=\"4 minutes\" \/>\n<script type=\"application\/ld+json\" class=\"yoast-schema-graph\">{\"@context\":\"https:\/\/schema.org\",\"@graph\":[{\"@type\":\"Article\",\"@id\":\"https:\/\/challengeseconomiques.com\/?p=6265#article\",\"isPartOf\":{\"@id\":\"https:\/\/challengeseconomiques.com\/?p=6265\"},\"author\":{\"name\":\"admin\",\"@id\":\"https:\/\/challengeseconomiques.com\/#\/schema\/person\/b4568c9afebc5a9238a771873801e349\"},\"headline\":\"R\u00e9union des Chambres de Commerce \u00e0 Saint-Louis : Les nouvelles autorit\u00e9s invit\u00e9es \u00e0 consolider le partenariat avec le secteur priv\u00e9\",\"datePublished\":\"2024-04-23T00:11:39+00:00\",\"dateModified\":\"2024-04-23T00:12:37+00:00\",\"mainEntityOfPage\":{\"@id\":\"https:\/\/challengeseconomiques.com\/?p=6265\"},\"wordCount\":811,\"image\":{\"@id\":\"https:\/\/challengeseconomiques.com\/?p=6265#primaryimage\"},\"thumbnailUrl\":\"https:\/\/challengeseconomiques.com\/wp-content\/uploads\/2024\/04\/saintlouisunion.jpg\",\"articleSection\":[\"A la une\",\"Actualit\u00e9 \u00e9conomique\"],\"inLanguage\":\"fr-FR\"},{\"@type\":\"WebPage\",\"@id\":\"https:\/\/challengeseconomiques.com\/?p=6265\",\"url\":\"https:\/\/challengeseconomiques.com\/?p=6265\",\"name\":\"R\u00e9union des Chambres de Commerce \u00e0 Saint-Louis : Les nouvelles autorit\u00e9s invit\u00e9es \u00e0 consolider le partenariat avec le secteur priv\u00e9 - challenges economiques\",\"isPartOf\":{\"@id\":\"https:\/\/challengeseconomiques.com\/#website\"},\"primaryImageOfPage\":{\"@id\":\"https:\/\/challengeseconomiques.com\/?p=6265#primaryimage\"},\"image\":{\"@id\":\"https:\/\/challengeseconomiques.com\/?p=6265#primaryimage\"},\"thumbnailUrl\":\"https:\/\/challengeseconomiques.com\/wp-content\/uploads\/2024\/04\/saintlouisunion.jpg\",\"datePublished\":\"2024-04-23T00:11:39+00:00\",\"dateModified\":\"2024-04-23T00:12:37+00:00\",\"author\":{\"@id\":\"https:\/\/challengeseconomiques.com\/#\/schema\/person\/b4568c9afebc5a9238a771873801e349\"},\"breadcrumb\":{\"@id\":\"https:\/\/challengeseconomiques.com\/?p=6265#breadcrumb\"},\"inLanguage\":\"fr-FR\",\"potentialAction\":[{\"@type\":\"ReadAction\",\"target\":[\"https:\/\/challengeseconomiques.com\/?p=6265\"]}]},{\"@type\":\"ImageObject\",\"inLanguage\":\"fr-FR\",\"@id\":\"https:\/\/challengeseconomiques.com\/?p=6265#primaryimage\",\"url\":\"https:\/\/challengeseconomiques.com\/wp-content\/uploads\/2024\/04\/saintlouisunion.jpg\",\"contentUrl\":\"https:\/\/challengeseconomiques.com\/wp-content\/uploads\/2024\/04\/saintlouisunion.jpg\",\"width\":1336,\"height\":752},{\"@type\":\"BreadcrumbList\",\"@id\":\"https:\/\/challengeseconomiques.com\/?p=6265#breadcrumb\",\"itemListElement\":[{\"@type\":\"ListItem\",\"position\":1,\"name\":\"Home\",\"item\":\"https:\/\/challengeseconomiques.com\/\"},{\"@type\":\"ListItem\",\"position\":2,\"name\":\"R\u00e9union des Chambres de Commerce \u00e0 Saint-Louis : Les nouvelles autorit\u00e9s invit\u00e9es \u00e0 consolider le partenariat avec le secteur priv\u00e9\"}]},{\"@type\":\"WebSite\",\"@id\":\"https:\/\/challengeseconomiques.com\/#website\",\"url\":\"https:\/\/challengeseconomiques.com\/\",\"name\":\"challenges economiques\",\"description\":\"\",\"potentialAction\":[{\"@type\":\"SearchAction\",\"target\":{\"@type\":\"EntryPoint\",\"urlTemplate\":\"https:\/\/challengeseconomiques.com\/?s={search_term_string}\"},\"query-input\":{\"@type\":\"PropertyValueSpecification\",\"valueRequired\":true,\"valueName\":\"search_term_string\"}}],\"inLanguage\":\"fr-FR\"},{\"@type\":\"Person\",\"@id\":\"https:\/\/challengeseconomiques.com\/#\/schema\/person\/b4568c9afebc5a9238a771873801e349\",\"name\":\"admin\",\"image\":{\"@type\":\"ImageObject\",\"inLanguage\":\"fr-FR\",\"@id\":\"https:\/\/challengeseconomiques.com\/#\/schema\/person\/image\/\",\"url\":\"https:\/\/secure.gravatar.com\/avatar\/099e42240b5eea11acdb72751fcce0dd918603f0749d24974b7984ea47ed9fd9?s=96&d=mm&r=g\",\"contentUrl\":\"https:\/\/secure.gravatar.com\/avatar\/099e42240b5eea11acdb72751fcce0dd918603f0749d24974b7984ea47ed9fd9?s=96&d=mm&r=g\",\"caption\":\"admin\"},\"sameAs\":[\"https:\/\/challengeseconomiques.com\"],\"url\":\"https:\/\/challengeseconomiques.com\/?author=1\"}]}<\/script>\n<!-- \/ Yoast SEO plugin. -->","yoast_head_json":{"title":"R\u00e9union des Chambres de Commerce \u00e0 Saint-Louis : Les nouvelles autorit\u00e9s invit\u00e9es \u00e0 consolider le partenariat avec le secteur priv\u00e9 - challenges economiques","robots":{"index":"index","follow":"follow","max-snippet":"max-snippet:-1","max-image-preview":"max-image-preview:large","max-video-preview":"max-video-preview:-1"},"canonical":"https:\/\/challengeseconomiques.com\/?p=6265","og_locale":"fr_FR","og_type":"article","og_title":"R\u00e9union des Chambres de Commerce \u00e0 Saint-Louis : Les nouvelles autorit\u00e9s invit\u00e9es \u00e0 consolider le partenariat avec le secteur priv\u00e9 - challenges economiques","og_description":"Apr\u00e8s la premi\u00e8re rencontre tenue \u00e0 Ziguinchor en juillet 2023, l\u2019Union Nationale des Chambres de Commerce, d\u2019Industrie et l\u2019Agriculture du S\u00e9n\u00e9gal (UNCCIAS) a organis\u00e9 sa...","og_url":"https:\/\/challengeseconomiques.com\/?p=6265","og_site_name":"challenges economiques","article_published_time":"2024-04-23T00:11:39+00:00","article_modified_time":"2024-04-23T00:12:37+00:00","og_image":[{"width":1336,"height":752,"url":"https:\/\/challengeseconomiques.com\/wp-content\/uploads\/2024\/04\/saintlouisunion.jpg","type":"image\/jpeg"}],"author":"admin","twitter_card":"summary_large_image","twitter_misc":{"\u00c9crit par":"admin","Dur\u00e9e de lecture estim\u00e9e":"4 minutes"},"schema":{"@context":"https:\/\/schema.org","@graph":[{"@type":"Article","@id":"https:\/\/challengeseconomiques.com\/?p=6265#article","isPartOf":{"@id":"https:\/\/challengeseconomiques.com\/?p=6265"},"author":{"name":"admin","@id":"https:\/\/challengeseconomiques.com\/#\/schema\/person\/b4568c9afebc5a9238a771873801e349"},"headline":"R\u00e9union des Chambres de Commerce \u00e0 Saint-Louis : Les nouvelles autorit\u00e9s invit\u00e9es \u00e0 consolider le partenariat avec le secteur priv\u00e9","datePublished":"2024-04-23T00:11:39+00:00","dateModified":"2024-04-23T00:12:37+00:00","mainEntityOfPage":{"@id":"https:\/\/challengeseconomiques.com\/?p=6265"},"wordCount":811,"image":{"@id":"https:\/\/challengeseconomiques.com\/?p=6265#primaryimage"},"thumbnailUrl":"https:\/\/challengeseconomiques.com\/wp-content\/uploads\/2024\/04\/saintlouisunion.jpg","articleSection":["A la une","Actualit\u00e9 \u00e9conomique"],"inLanguage":"fr-FR"},{"@type":"WebPage","@id":"https:\/\/challengeseconomiques.com\/?p=6265","url":"https:\/\/challengeseconomiques.com\/?p=6265","name":"R\u00e9union des Chambres de Commerce \u00e0 Saint-Louis : Les nouvelles autorit\u00e9s invit\u00e9es \u00e0 consolider le partenariat avec le secteur priv\u00e9 - challenges economiques","isPartOf":{"@id":"https:\/\/challengeseconomiques.com\/#website"},"primaryImageOfPage":{"@id":"https:\/\/challengeseconomiques.com\/?p=6265#primaryimage"},"image":{"@id":"https:\/\/challengeseconomiques.com\/?p=6265#primaryimage"},"thumbnailUrl":"https:\/\/challengeseconomiques.com\/wp-content\/uploads\/2024\/04\/saintlouisunion.jpg","datePublished":"2024-04-23T00:11:39+00:00","dateModified":"2024-04-23T00:12:37+00:00","author":{"@id":"https:\/\/challengeseconomiques.com\/#\/schema\/person\/b4568c9afebc5a9238a771873801e349"},"breadcrumb":{"@id":"https:\/\/challengeseconomiques.com\/?p=6265#breadcrumb"},"inLanguage":"fr-FR","potentialAction":[{"@type":"ReadAction","target":["https:\/\/challengeseconomiques.com\/?p=6265"]}]},{"@type":"ImageObject","inLanguage":"fr-FR","@id":"https:\/\/challengeseconomiques.com\/?p=6265#primaryimage","url":"https:\/\/challengeseconomiques.com\/wp-content\/uploads\/2024\/04\/saintlouisunion.jpg","contentUrl":"https:\/\/challengeseconomiques.com\/wp-content\/uploads\/2024\/04\/saintlouisunion.jpg","width":1336,"height":752},{"@type":"BreadcrumbList","@id":"https:\/\/challengeseconomiques.com\/?p=6265#breadcrumb","itemListElement":[{"@type":"ListItem","position":1,"name":"Home","item":"https:\/\/challengeseconomiques.com\/"},{"@type":"ListItem","position":2,"name":"R\u00e9union des Chambres de Commerce \u00e0 Saint-Louis : Les nouvelles autorit\u00e9s invit\u00e9es \u00e0 consolider le partenariat avec le secteur priv\u00e9"}]},{"@type":"WebSite","@id":"https:\/\/challengeseconomiques.com\/#website","url":"https:\/\/challengeseconomiques.com\/","name":"challenges economiques","description":"","potentialAction":[{"@type":"SearchAction","target":{"@type":"EntryPoint","urlTemplate":"https:\/\/challengeseconomiques.com\/?s={search_term_string}"},"query-input":{"@type":"PropertyValueSpecification","valueRequired":true,"valueName":"search_term_string"}}],"inLanguage":"fr-FR"},{"@type":"Person","@id":"https:\/\/challengeseconomiques.com\/#\/schema\/person\/b4568c9afebc5a9238a771873801e349","name":"admin","image":{"@type":"ImageObject","inLanguage":"fr-FR","@id":"https:\/\/challengeseconomiques.com\/#\/schema\/person\/image\/","url":"https:\/\/secure.gravatar.com\/avatar\/099e42240b5eea11acdb72751fcce0dd918603f0749d24974b7984ea47ed9fd9?s=96&d=mm&r=g","contentUrl":"https:\/\/secure.gravatar.com\/avatar\/099e42240b5eea11acdb72751fcce0dd918603f0749d24974b7984ea47ed9fd9?s=96&d=mm&r=g","caption":"admin"},"sameAs":["https:\/\/challengeseconomiques.com"],"url":"https:\/\/challengeseconomiques.com\/?author=1"}]}},"jetpack_featured_media_url":"https:\/\/challengeseconomiques.com\/wp-content\/uploads\/2024\/04\/saintlouisunion.jpg","jetpack_sharing_enabled":true,"_links":{"self":[{"href":"https:\/\/challengeseconomiques.com\/index.php?rest_route=\/wp\/v2\/posts\/6265","targetHints":{"allow":["GET"]}}],"collection":[{"href":"https:\/\/challengeseconomiques.com\/index.php?rest_route=\/wp\/v2\/posts"}],"about":[{"href":"https:\/\/challengeseconomiques.com\/index.php?rest_route=\/wp\/v2\/types\/post"}],"author":[{"embeddable":true,"href":"https:\/\/challengeseconomiques.com\/index.php?rest_route=\/wp\/v2\/users\/1"}],"replies":[{"embeddable":true,"href":"https:\/\/challengeseconomiques.com\/index.php?rest_route=%2Fwp%2Fv2%2Fcomments&post=6265"}],"version-history":[{"count":2,"href":"https:\/\/challengeseconomiques.com\/index.php?rest_route=\/wp\/v2\/posts\/6265\/revisions"}],"predecessor-version":[{"id":6268,"href":"https:\/\/challengeseconomiques.com\/index.php?rest_route=\/wp\/v2\/posts\/6265\/revisions\/6268"}],"wp:featuredmedia":[{"embeddable":true,"href":"https:\/\/challengeseconomiques.com\/index.php?rest_route=\/wp\/v2\/media\/6266"}],"wp:attachment":[{"href":"https:\/\/challengeseconomiques.com\/index.php?rest_route=%2Fwp%2Fv2%2Fmedia&parent=6265"}],"wp:term":[{"taxonomy":"category","embeddable":true,"href":"https:\/\/challengeseconomiques.com\/index.php?rest_route=%2Fwp%2Fv2%2Fcategories&post=6265"},{"taxonomy":"post_tag","embeddable":true,"href":"https:\/\/challengeseconomiques.com\/index.php?rest_route=%2Fwp%2Fv2%2Ftags&post=6265"}],"curies":[{"name":"wp","href":"https:\/\/api.w.org\/{rel}","templated":true}]}}