{"id":6258,"date":"2024-04-22T13:11:01","date_gmt":"2024-04-22T13:11:01","guid":{"rendered":"https:\/\/challengeseconomiques.com\/?p=6258"},"modified":"2024-04-22T13:11:26","modified_gmt":"2024-04-22T13:11:26","slug":"le-president-senegalais-faye-sentoure-deconomistes-prudents","status":"publish","type":"post","link":"https:\/\/challengeseconomiques.com\/?p=6258","title":{"rendered":"Le pr\u00e9sident s\u00e9n\u00e9galais Faye s\u2019entoure d\u2019\u00e9conomistes prudents"},"content":{"rendered":"<p><strong>D\u2019anciens fonctionnaires du fisc et du FMI occupent des postes cl\u00e9s au sein du gouvernement du S\u00e9n\u00e9gal. Le nouveau pr\u00e9sident s\u2019\u00e9loigne ainsi du radicalisme de sa campagne \u00e9lectorale.<\/strong><\/p>\n<p>Le nouveau pr\u00e9sident du S\u00e9n\u00e9gal, Bassirou Diomaye Faye, a nomm\u00e9 des personnalit\u00e9s orthodoxes \u00e0 des postes \u00e9conomiques cl\u00e9s apr\u00e8s une campagne \u00e9lectorale qui promettait de donner au pays une orientation radicalement nouvelle.<\/p>\n<p>Cheikh Diba, ancien fonctionnaire des imp\u00f4ts, occupera le poste de ministre des Finances, tandis qu\u2019Abdourahamane Sarr, qui a \u00e9t\u00e9 \u00e9conomiste principal au FMI (Fonds mon\u00e9taire international) en tant qu\u2019expert en politique mon\u00e9taire, sera le nouveau ministre de l\u2019\u00c9conomie.<\/p>\n<p>Ces nominations sont de nature \u00e0 rassurer les investisseurs internationaux sur le fait que le S\u00e9n\u00e9gal, qui \u00e9tait largement consid\u00e9r\u00e9 comme une plaque tournante favorable aux affaires sous la pr\u00e9sidence de Macky Sall, restera une destination s\u00fbre pour les investissements.<\/p>\n<blockquote><p>Bassirou Diomaye Faye a demand\u00e9 \u00e0 son Premier ministre, Ousmane Sonko, un vaste audit des finances publiques et de l\u2019\u00e9tat de l\u2019\u00e9conomie du pays, pr\u00e9lude \u00e0 un plan d\u2019action du gouvernement.<\/p><\/blockquote>\n<p>Pendant la campagne \u00e9lectorale, Bassirou Diomaye Faye a d\u00e9clar\u00e9 qu\u2019il ren\u00e9gocierait les contrats p\u00e9troliers et gaziers du S\u00e9n\u00e9gal avec les entreprises internationales et qu\u2019il encouragerait les entreprises nationales, afin de donner au pays un plus grand contr\u00f4le sur ses propres ressources et d\u2019\u00e9viter ce que son parti, le Pastef, a appel\u00e9 l\u2019\u00ab\u00a0<em>esclavage \u00e9conomique<\/em>\u00a0\u00bb.<\/p>\n<p>Il a \u00e9galement d\u00e9clar\u00e9 dans un premier temps que le S\u00e9n\u00e9gal devrait adopter une nouvelle monnaie, avant de faire l\u00e9g\u00e8rement marche arri\u00e8re et de soutenir que Dakar devrait plut\u00f4t r\u00e9former le franc CFA existant au sein du bloc de la CEDEAO.<\/p>\n<p>\u00c0 l\u2019\u00e9poque, de nombreux analystes politiques n\u2019\u00e9taient pas convaincus que la rh\u00e9torique du candidat Faye lors de la campagne \u00e9lectorale deviendrait une politique officielle lorsqu\u2019il serait au pouvoir. Alex Vines, directeur du programme Afrique du groupe de r\u00e9flexion Chatham House \u00e0 Londres, expliquait \u00e0 <em>African Business<\/em> que le Pr\u00e9sident Faye \u00ab\u00a0<em>est beaucoup plus pragmatique vis-\u00e0-vis du secteur priv\u00e9 et il doit attirer davantage d\u2019investissements<\/em>\u00a0\u00bb.<\/p>\n<p>N\u00e9anmoins, la rh\u00e9torique de Bassirou Diomaye Faye, combin\u00e9e \u00e0 l\u2019incertitude quant \u00e0 la mise en \u0153uvre de ces plans par le nouveau gouvernement, conduit l\u2019agence de notation S&amp;P \u00e0 signifier que \u00ab\u00a0<em>le nouveau gouvernement doit encore communiquer un grand nombre de ses propositions cl\u00e9s en mati\u00e8re de politique fiscale et \u00e9conomique, ce qui pourrait affecter la solvabilit\u00e9 du S\u00e9n\u00e9gal<\/em>\u00a0\u00bb.<\/p>\n<p><strong>Audit de l\u2019\u00e9conomie et des finances public<\/strong><\/p>\n<p>De son c\u00f4t\u00e9, Signal Risk, une soci\u00e9t\u00e9 de gestion des risques bas\u00e9e au Cap, affirme que \u00ab\u00a0<em>le paysage politique s\u2019est stabilis\u00e9 \u00e0 la suite de l\u2019\u00e9lection pr\u00e9sidentielle du 24 mars\u00a0<\/em>\u00bb et que les premi\u00e8res nominations du gouvernement sugg\u00e8rent que l\u2019\u00ab\u00a0<em>\u00e9laboration des politiques sera probablement plus mod\u00e9r\u00e9e que sa rh\u00e9torique pourrait le sugg\u00e9rer<\/em>\u00a0\u00bb.<\/p>\n<p>Ils ajoutent\u00a0: \u00ab\u00a0<em>Bien que M. Faye ait fait campagne sur un programme quelque peu radical, il est peu probable que sa politique en tant que pr\u00e9sident soit aussi peu orthodoxe que sa rh\u00e9torique pr\u00e9-\u00e9lectorale.<\/em>\u00a0\u00bb Si Bassirou Diomaye Faye a cherch\u00e9 \u00e0 capitaliser sur la d\u00e9saffection \u00e0 l\u2019\u00e9gard de l\u2019administration Sall, il est peu probable qu\u2019il soit pr\u00eat \u00e0 s\u2019ali\u00e9ner des partenaires \u00e9conomiques cl\u00e9s, tels que les majors p\u00e9troli\u00e8res et le FMI. En effet, ces accords sont essentiels \u00e0 la solvabilit\u00e9 du pays, \u00e0 la stabilit\u00e9 \u00e9conomique et \u00e0 la r\u00e9alisation des aspirations de Bassirou Diomaye Faye en mati\u00e8re de d\u00e9veloppement.<\/p>\n<p>Les march\u00e9s ont r\u00e9agi positivement au r\u00e9sultat des \u00e9lections s\u00e9n\u00e9galaises et \u00e0 ses cons\u00e9quences. Les rendements des obligations internationales du S\u00e9n\u00e9gal, d\u2019une valeur de 4 milliards de dollars, ont baiss\u00e9, ce qui t\u00e9moigne d\u2019une plus grande confiance des investisseurs dans l\u2019\u00e9conomie du pays. Fitch Ratings a \u00e9galement d\u00e9clar\u00e9 que \u00ab\u00a0<em>le retour \u00e0 la stabilit\u00e9 politique et sociale remet le S\u00e9n\u00e9gal sur la bonne voie pour atteindre les pr\u00e9visions du FMI, \u00e0 savoir une croissance du PIB de 8,3 % en 2024<\/em>\u00a0\u00bb.<\/p>\n<p>En Conseil des ministres, Bassirou Diomaye Faye a demand\u00e9 \u00e0 son Premier ministre, Ousmane Sonko, un vaste audit des finances publiques et de l\u2019\u00e9tat de l\u2019\u00e9conomie du pays, pr\u00e9lude \u00e0 un plan d\u2019action du gouvernement. La soci\u00e9t\u00e9 civile y voit le signe d\u2019une bonne gouvernance et d\u2019une future r\u00e9duction du train de vie de l\u2019\u00c9tat. Charge aussi au gouvernement de dresser l\u2019\u00e9tat des lieux de la coop\u00e9ration internationale et des partenariats public-priv\u00e9.<\/p>\n<p>Le chef de l\u2019Etat souhaite, d\u00e8s la fin du mois d\u2019avril,\u00a0<em>\u00ab\u00a0finaliser le plan d\u2019action du gouvernement, avec un agenda pr\u00e9cis de r\u00e9alisation des objectifs fix\u00e9s\u00a0\u00bb<\/em>, et <em>\u00ab\u00a0engager, sans d\u00e9lai, avec le secteur priv\u00e9, national notamment, la mise en \u0153uvre d\u2019une politique hardie de relance de l\u2019\u00e9conomie nationale\u00a0\u00bb<\/em>.<\/p>\n<p><strong>Le Magazine de l&rsquo;Afrique<\/strong><\/p>\n","protected":false},"excerpt":{"rendered":"<p>D\u2019anciens fonctionnaires du fisc et du FMI occupent des postes cl\u00e9s au sein du gouvernement du S\u00e9n\u00e9gal. Le nouveau pr\u00e9sident s\u2019\u00e9loigne ainsi du radicalisme de&#8230;<\/p>\n","protected":false},"author":1,"featured_media":6155,"comment_status":"closed","ping_status":"open","sticky":false,"template":"","format":"standard","meta":{"_jetpack_memberships_contains_paid_content":false,"footnotes":""},"categories":[8,10],"tags":[],"class_list":["post-6258","post","type-post","status-publish","format-standard","has-post-thumbnail","hentry","category-actualite-economique","category-infos-eco","wpcat-8-id","wpcat-10-id"],"yoast_head":"<!-- This site is optimized with the Yoast SEO plugin v27.1.1 - https:\/\/yoast.com\/product\/yoast-seo-wordpress\/ -->\n<title>Le pr\u00e9sident s\u00e9n\u00e9galais Faye s\u2019entoure d\u2019\u00e9conomistes prudents - challenges economiques<\/title>\n<meta name=\"robots\" content=\"index, follow, max-snippet:-1, max-image-preview:large, max-video-preview:-1\" \/>\n<link rel=\"canonical\" href=\"https:\/\/challengeseconomiques.com\/?p=6258\" \/>\n<meta property=\"og:locale\" content=\"fr_FR\" \/>\n<meta property=\"og:type\" content=\"article\" \/>\n<meta property=\"og:title\" content=\"Le pr\u00e9sident s\u00e9n\u00e9galais Faye s\u2019entoure d\u2019\u00e9conomistes prudents - challenges economiques\" \/>\n<meta property=\"og:description\" content=\"D\u2019anciens fonctionnaires du fisc et du FMI occupent des postes cl\u00e9s au sein du gouvernement du S\u00e9n\u00e9gal. Le nouveau pr\u00e9sident s\u2019\u00e9loigne ainsi du radicalisme de...\" \/>\n<meta property=\"og:url\" content=\"https:\/\/challengeseconomiques.com\/?p=6258\" \/>\n<meta property=\"og:site_name\" content=\"challenges economiques\" \/>\n<meta property=\"article:published_time\" content=\"2024-04-22T13:11:01+00:00\" \/>\n<meta property=\"article:modified_time\" content=\"2024-04-22T13:11:26+00:00\" \/>\n<meta property=\"og:image\" content=\"https:\/\/challengeseconomiques.com\/wp-content\/uploads\/2024\/03\/bassfaye.jpg\" \/>\n\t<meta property=\"og:image:width\" content=\"1242\" \/>\n\t<meta property=\"og:image:height\" content=\"957\" \/>\n\t<meta property=\"og:image:type\" content=\"image\/jpeg\" \/>\n<meta name=\"author\" content=\"admin\" \/>\n<meta name=\"twitter:card\" content=\"summary_large_image\" \/>\n<meta name=\"twitter:label1\" content=\"\u00c9crit par\" \/>\n\t<meta name=\"twitter:data1\" content=\"admin\" \/>\n\t<meta name=\"twitter:label2\" content=\"Dur\u00e9e de lecture estim\u00e9e\" \/>\n\t<meta name=\"twitter:data2\" content=\"4 minutes\" \/>\n<script type=\"application\/ld+json\" class=\"yoast-schema-graph\">{\"@context\":\"https:\/\/schema.org\",\"@graph\":[{\"@type\":\"Article\",\"@id\":\"https:\/\/challengeseconomiques.com\/?p=6258#article\",\"isPartOf\":{\"@id\":\"https:\/\/challengeseconomiques.com\/?p=6258\"},\"author\":{\"name\":\"admin\",\"@id\":\"https:\/\/challengeseconomiques.com\/#\/schema\/person\/b4568c9afebc5a9238a771873801e349\"},\"headline\":\"Le pr\u00e9sident s\u00e9n\u00e9galais Faye s\u2019entoure d\u2019\u00e9conomistes prudents\",\"datePublished\":\"2024-04-22T13:11:01+00:00\",\"dateModified\":\"2024-04-22T13:11:26+00:00\",\"mainEntityOfPage\":{\"@id\":\"https:\/\/challengeseconomiques.com\/?p=6258\"},\"wordCount\":868,\"image\":{\"@id\":\"https:\/\/challengeseconomiques.com\/?p=6258#primaryimage\"},\"thumbnailUrl\":\"https:\/\/challengeseconomiques.com\/wp-content\/uploads\/2024\/03\/bassfaye.jpg\",\"articleSection\":[\"Actualit\u00e9 \u00e9conomique\",\"Infos \u00e9co\"],\"inLanguage\":\"fr-FR\"},{\"@type\":\"WebPage\",\"@id\":\"https:\/\/challengeseconomiques.com\/?p=6258\",\"url\":\"https:\/\/challengeseconomiques.com\/?p=6258\",\"name\":\"Le pr\u00e9sident s\u00e9n\u00e9galais Faye s\u2019entoure d\u2019\u00e9conomistes prudents - challenges economiques\",\"isPartOf\":{\"@id\":\"https:\/\/challengeseconomiques.com\/#website\"},\"primaryImageOfPage\":{\"@id\":\"https:\/\/challengeseconomiques.com\/?p=6258#primaryimage\"},\"image\":{\"@id\":\"https:\/\/challengeseconomiques.com\/?p=6258#primaryimage\"},\"thumbnailUrl\":\"https:\/\/challengeseconomiques.com\/wp-content\/uploads\/2024\/03\/bassfaye.jpg\",\"datePublished\":\"2024-04-22T13:11:01+00:00\",\"dateModified\":\"2024-04-22T13:11:26+00:00\",\"author\":{\"@id\":\"https:\/\/challengeseconomiques.com\/#\/schema\/person\/b4568c9afebc5a9238a771873801e349\"},\"breadcrumb\":{\"@id\":\"https:\/\/challengeseconomiques.com\/?p=6258#breadcrumb\"},\"inLanguage\":\"fr-FR\",\"potentialAction\":[{\"@type\":\"ReadAction\",\"target\":[\"https:\/\/challengeseconomiques.com\/?p=6258\"]}]},{\"@type\":\"ImageObject\",\"inLanguage\":\"fr-FR\",\"@id\":\"https:\/\/challengeseconomiques.com\/?p=6258#primaryimage\",\"url\":\"https:\/\/challengeseconomiques.com\/wp-content\/uploads\/2024\/03\/bassfaye.jpg\",\"contentUrl\":\"https:\/\/challengeseconomiques.com\/wp-content\/uploads\/2024\/03\/bassfaye.jpg\",\"width\":1242,\"height\":957},{\"@type\":\"BreadcrumbList\",\"@id\":\"https:\/\/challengeseconomiques.com\/?p=6258#breadcrumb\",\"itemListElement\":[{\"@type\":\"ListItem\",\"position\":1,\"name\":\"Home\",\"item\":\"https:\/\/challengeseconomiques.com\/\"},{\"@type\":\"ListItem\",\"position\":2,\"name\":\"Le pr\u00e9sident s\u00e9n\u00e9galais Faye s\u2019entoure d\u2019\u00e9conomistes prudents\"}]},{\"@type\":\"WebSite\",\"@id\":\"https:\/\/challengeseconomiques.com\/#website\",\"url\":\"https:\/\/challengeseconomiques.com\/\",\"name\":\"challenges economiques\",\"description\":\"\",\"potentialAction\":[{\"@type\":\"SearchAction\",\"target\":{\"@type\":\"EntryPoint\",\"urlTemplate\":\"https:\/\/challengeseconomiques.com\/?s={search_term_string}\"},\"query-input\":{\"@type\":\"PropertyValueSpecification\",\"valueRequired\":true,\"valueName\":\"search_term_string\"}}],\"inLanguage\":\"fr-FR\"},{\"@type\":\"Person\",\"@id\":\"https:\/\/challengeseconomiques.com\/#\/schema\/person\/b4568c9afebc5a9238a771873801e349\",\"name\":\"admin\",\"image\":{\"@type\":\"ImageObject\",\"inLanguage\":\"fr-FR\",\"@id\":\"https:\/\/challengeseconomiques.com\/#\/schema\/person\/image\/\",\"url\":\"https:\/\/secure.gravatar.com\/avatar\/099e42240b5eea11acdb72751fcce0dd918603f0749d24974b7984ea47ed9fd9?s=96&d=mm&r=g\",\"contentUrl\":\"https:\/\/secure.gravatar.com\/avatar\/099e42240b5eea11acdb72751fcce0dd918603f0749d24974b7984ea47ed9fd9?s=96&d=mm&r=g\",\"caption\":\"admin\"},\"sameAs\":[\"https:\/\/challengeseconomiques.com\"],\"url\":\"https:\/\/challengeseconomiques.com\/?author=1\"}]}<\/script>\n<!-- \/ Yoast SEO plugin. -->","yoast_head_json":{"title":"Le pr\u00e9sident s\u00e9n\u00e9galais Faye s\u2019entoure d\u2019\u00e9conomistes prudents - challenges economiques","robots":{"index":"index","follow":"follow","max-snippet":"max-snippet:-1","max-image-preview":"max-image-preview:large","max-video-preview":"max-video-preview:-1"},"canonical":"https:\/\/challengeseconomiques.com\/?p=6258","og_locale":"fr_FR","og_type":"article","og_title":"Le pr\u00e9sident s\u00e9n\u00e9galais Faye s\u2019entoure d\u2019\u00e9conomistes prudents - challenges economiques","og_description":"D\u2019anciens fonctionnaires du fisc et du FMI occupent des postes cl\u00e9s au sein du gouvernement du S\u00e9n\u00e9gal. Le nouveau pr\u00e9sident s\u2019\u00e9loigne ainsi du radicalisme de...","og_url":"https:\/\/challengeseconomiques.com\/?p=6258","og_site_name":"challenges economiques","article_published_time":"2024-04-22T13:11:01+00:00","article_modified_time":"2024-04-22T13:11:26+00:00","og_image":[{"width":1242,"height":957,"url":"https:\/\/challengeseconomiques.com\/wp-content\/uploads\/2024\/03\/bassfaye.jpg","type":"image\/jpeg"}],"author":"admin","twitter_card":"summary_large_image","twitter_misc":{"\u00c9crit par":"admin","Dur\u00e9e de lecture estim\u00e9e":"4 minutes"},"schema":{"@context":"https:\/\/schema.org","@graph":[{"@type":"Article","@id":"https:\/\/challengeseconomiques.com\/?p=6258#article","isPartOf":{"@id":"https:\/\/challengeseconomiques.com\/?p=6258"},"author":{"name":"admin","@id":"https:\/\/challengeseconomiques.com\/#\/schema\/person\/b4568c9afebc5a9238a771873801e349"},"headline":"Le pr\u00e9sident s\u00e9n\u00e9galais Faye s\u2019entoure d\u2019\u00e9conomistes prudents","datePublished":"2024-04-22T13:11:01+00:00","dateModified":"2024-04-22T13:11:26+00:00","mainEntityOfPage":{"@id":"https:\/\/challengeseconomiques.com\/?p=6258"},"wordCount":868,"image":{"@id":"https:\/\/challengeseconomiques.com\/?p=6258#primaryimage"},"thumbnailUrl":"https:\/\/challengeseconomiques.com\/wp-content\/uploads\/2024\/03\/bassfaye.jpg","articleSection":["Actualit\u00e9 \u00e9conomique","Infos \u00e9co"],"inLanguage":"fr-FR"},{"@type":"WebPage","@id":"https:\/\/challengeseconomiques.com\/?p=6258","url":"https:\/\/challengeseconomiques.com\/?p=6258","name":"Le pr\u00e9sident s\u00e9n\u00e9galais Faye s\u2019entoure d\u2019\u00e9conomistes prudents - challenges economiques","isPartOf":{"@id":"https:\/\/challengeseconomiques.com\/#website"},"primaryImageOfPage":{"@id":"https:\/\/challengeseconomiques.com\/?p=6258#primaryimage"},"image":{"@id":"https:\/\/challengeseconomiques.com\/?p=6258#primaryimage"},"thumbnailUrl":"https:\/\/challengeseconomiques.com\/wp-content\/uploads\/2024\/03\/bassfaye.jpg","datePublished":"2024-04-22T13:11:01+00:00","dateModified":"2024-04-22T13:11:26+00:00","author":{"@id":"https:\/\/challengeseconomiques.com\/#\/schema\/person\/b4568c9afebc5a9238a771873801e349"},"breadcrumb":{"@id":"https:\/\/challengeseconomiques.com\/?p=6258#breadcrumb"},"inLanguage":"fr-FR","potentialAction":[{"@type":"ReadAction","target":["https:\/\/challengeseconomiques.com\/?p=6258"]}]},{"@type":"ImageObject","inLanguage":"fr-FR","@id":"https:\/\/challengeseconomiques.com\/?p=6258#primaryimage","url":"https:\/\/challengeseconomiques.com\/wp-content\/uploads\/2024\/03\/bassfaye.jpg","contentUrl":"https:\/\/challengeseconomiques.com\/wp-content\/uploads\/2024\/03\/bassfaye.jpg","width":1242,"height":957},{"@type":"BreadcrumbList","@id":"https:\/\/challengeseconomiques.com\/?p=6258#breadcrumb","itemListElement":[{"@type":"ListItem","position":1,"name":"Home","item":"https:\/\/challengeseconomiques.com\/"},{"@type":"ListItem","position":2,"name":"Le pr\u00e9sident s\u00e9n\u00e9galais Faye s\u2019entoure d\u2019\u00e9conomistes prudents"}]},{"@type":"WebSite","@id":"https:\/\/challengeseconomiques.com\/#website","url":"https:\/\/challengeseconomiques.com\/","name":"challenges economiques","description":"","potentialAction":[{"@type":"SearchAction","target":{"@type":"EntryPoint","urlTemplate":"https:\/\/challengeseconomiques.com\/?s={search_term_string}"},"query-input":{"@type":"PropertyValueSpecification","valueRequired":true,"valueName":"search_term_string"}}],"inLanguage":"fr-FR"},{"@type":"Person","@id":"https:\/\/challengeseconomiques.com\/#\/schema\/person\/b4568c9afebc5a9238a771873801e349","name":"admin","image":{"@type":"ImageObject","inLanguage":"fr-FR","@id":"https:\/\/challengeseconomiques.com\/#\/schema\/person\/image\/","url":"https:\/\/secure.gravatar.com\/avatar\/099e42240b5eea11acdb72751fcce0dd918603f0749d24974b7984ea47ed9fd9?s=96&d=mm&r=g","contentUrl":"https:\/\/secure.gravatar.com\/avatar\/099e42240b5eea11acdb72751fcce0dd918603f0749d24974b7984ea47ed9fd9?s=96&d=mm&r=g","caption":"admin"},"sameAs":["https:\/\/challengeseconomiques.com"],"url":"https:\/\/challengeseconomiques.com\/?author=1"}]}},"jetpack_featured_media_url":"https:\/\/challengeseconomiques.com\/wp-content\/uploads\/2024\/03\/bassfaye.jpg","jetpack_sharing_enabled":true,"_links":{"self":[{"href":"https:\/\/challengeseconomiques.com\/index.php?rest_route=\/wp\/v2\/posts\/6258","targetHints":{"allow":["GET"]}}],"collection":[{"href":"https:\/\/challengeseconomiques.com\/index.php?rest_route=\/wp\/v2\/posts"}],"about":[{"href":"https:\/\/challengeseconomiques.com\/index.php?rest_route=\/wp\/v2\/types\/post"}],"author":[{"embeddable":true,"href":"https:\/\/challengeseconomiques.com\/index.php?rest_route=\/wp\/v2\/users\/1"}],"replies":[{"embeddable":true,"href":"https:\/\/challengeseconomiques.com\/index.php?rest_route=%2Fwp%2Fv2%2Fcomments&post=6258"}],"version-history":[{"count":1,"href":"https:\/\/challengeseconomiques.com\/index.php?rest_route=\/wp\/v2\/posts\/6258\/revisions"}],"predecessor-version":[{"id":6259,"href":"https:\/\/challengeseconomiques.com\/index.php?rest_route=\/wp\/v2\/posts\/6258\/revisions\/6259"}],"wp:featuredmedia":[{"embeddable":true,"href":"https:\/\/challengeseconomiques.com\/index.php?rest_route=\/wp\/v2\/media\/6155"}],"wp:attachment":[{"href":"https:\/\/challengeseconomiques.com\/index.php?rest_route=%2Fwp%2Fv2%2Fmedia&parent=6258"}],"wp:term":[{"taxonomy":"category","embeddable":true,"href":"https:\/\/challengeseconomiques.com\/index.php?rest_route=%2Fwp%2Fv2%2Fcategories&post=6258"},{"taxonomy":"post_tag","embeddable":true,"href":"https:\/\/challengeseconomiques.com\/index.php?rest_route=%2Fwp%2Fv2%2Ftags&post=6258"}],"curies":[{"name":"wp","href":"https:\/\/api.w.org\/{rel}","templated":true}]}}