{"id":6237,"date":"2024-04-18T15:57:52","date_gmt":"2024-04-18T15:57:52","guid":{"rendered":"https:\/\/challengeseconomiques.com\/?p=6237"},"modified":"2024-04-18T15:58:39","modified_gmt":"2024-04-18T15:58:39","slug":"le-senegalais-ousmane-dione-nomme-vice-president-de-la-banque-mondiale-pour-la-region-mena","status":"publish","type":"post","link":"https:\/\/challengeseconomiques.com\/?p=6237","title":{"rendered":"Le S\u00e9n\u00e9galais Ousmane Dione nomm\u00e9 vice-pr\u00e9sident de la Banque mondiale pour la r\u00e9gion MENA"},"content":{"rendered":"<div class=\"itemIntroText\">\n<p class=\"texte textearticle\"><strong>\u00a0Anciennement directeur pays pour l\u2019Erythr\u00e9e, l\u2019Ethiopie, le Soudan du Sud et le Soudan, Ousmane Dione succ\u00e8de au Tunisien Ferid Belhaj. Il devra g\u00e9rer un portefeuille repr\u00e9sentant un financement de plus de 27 milliards de dollars.<\/strong><\/p>\n<p class=\"texte textearticle\">La Banque mondiale vient de nommer le S\u00e9n\u00e9galais Ousmane Dione (photo) en tant que vice-pr\u00e9sident pour la r\u00e9gion Moyen-Orient et Afrique du Nord (MENA). L\u2019annonce a \u00e9t\u00e9 faite par l\u2019institution dans un communiqu\u00e9 publi\u00e9 le mardi 16 avril 2024.<\/p>\n<p class=\"texte textearticle\">Anciennement directeur pays pour l\u2019Erythr\u00e9e, l\u2019Ethiopie, le Soudan du Sud et le Soudan, le responsable sera charg\u00e9 de superviser les activit\u00e9s de l\u2019institution de Bretton Woods ainsi que ses partenariats dans la r\u00e9gion. Parmi les secteurs qui devraient \u00eatre les plus en vue durant sa pr\u00e9sidence figurent \u00ab\u00a0<em>la transformation \u00e9conomique et la cr\u00e9ation d&#8217;emplois dans le secteur priv\u00e9, le d\u00e9veloppement du capital humain avec une protection sociale inclusive, des syst\u00e8mes d&rsquo;\u00e9ducation et de sant\u00e9, ainsi que la r\u00e9silience climatique soutenue par l&rsquo;\u00e9nergie verte, la s\u00e9curit\u00e9 de l&rsquo;eau et de l&rsquo;alimentation, et l&rsquo;acc\u00e8s aux infrastructures critiques, y compris le d\u00e9veloppement num\u00e9rique<\/em>\u00a0\u00bb.<\/p>\n<p class=\"texte textearticle\">Docteur en Ing\u00e9nierie des Ressources en eau, Ousmane Dione est entr\u00e9 \u00e0 la Banque mondiale en 2000. Depuis, il a encha\u00een\u00e9 les postes de responsabilit\u00e9 et a accru son expertise au fil des ans.<\/p>\n<p class=\"texte textearticle\">\u00ab\u00a0<em>M. Dione a orchestr\u00e9 une expansion consid\u00e9rable de l&rsquo;engagement de la Banque. Notamment, il a jou\u00e9 un r\u00f4le essentiel en facilitant le retour complet du Soudan au sein de la Banque mondiale apr\u00e8s une absence de pr\u00e8s de trois d\u00e9cennies<\/em>\u00a0\u00bb, souligne la Banque.<\/p>\n<p class=\"texte textearticle\">Notons que le S\u00e9n\u00e9galais remplacera le Tunisien Ferid Belhaj \u00e0 son nouveau poste. Il devra g\u00e9rer un portefeuille op\u00e9rationnel actif de 139 projets repr\u00e9sentant un financement de plus de 27\u00a0milliards de dollars.<\/p>\n<p><strong>(Agence Ecofin)<br \/>\n<\/strong><\/p>\n<\/div>\n","protected":false},"excerpt":{"rendered":"<p>\u00a0Anciennement directeur pays pour l\u2019Erythr\u00e9e, l\u2019Ethiopie, le Soudan du Sud et le Soudan, Ousmane Dione succ\u00e8de au Tunisien Ferid Belhaj. Il devra g\u00e9rer un portefeuille&#8230;<\/p>\n","protected":false},"author":1,"featured_media":6238,"comment_status":"closed","ping_status":"open","sticky":false,"template":"","format":"standard","meta":{"_jetpack_memberships_contains_paid_content":false,"footnotes":""},"categories":[8,10],"tags":[],"class_list":["post-6237","post","type-post","status-publish","format-standard","has-post-thumbnail","hentry","category-actualite-economique","category-infos-eco","wpcat-8-id","wpcat-10-id"],"yoast_head":"<!-- This site is optimized with the Yoast SEO plugin v27.1.1 - https:\/\/yoast.com\/product\/yoast-seo-wordpress\/ -->\n<title>Le S\u00e9n\u00e9galais Ousmane Dione nomm\u00e9 vice-pr\u00e9sident de la Banque mondiale pour la r\u00e9gion MENA - challenges economiques<\/title>\n<meta name=\"robots\" content=\"index, follow, max-snippet:-1, max-image-preview:large, max-video-preview:-1\" \/>\n<link rel=\"canonical\" href=\"https:\/\/challengeseconomiques.com\/?p=6237\" \/>\n<meta property=\"og:locale\" content=\"fr_FR\" \/>\n<meta property=\"og:type\" content=\"article\" \/>\n<meta property=\"og:title\" content=\"Le S\u00e9n\u00e9galais Ousmane Dione nomm\u00e9 vice-pr\u00e9sident de la Banque mondiale pour la r\u00e9gion MENA - challenges economiques\" \/>\n<meta property=\"og:description\" content=\"\u00a0Anciennement directeur pays pour l\u2019Erythr\u00e9e, l\u2019Ethiopie, le Soudan du Sud et le Soudan, Ousmane Dione succ\u00e8de au Tunisien Ferid Belhaj. Il devra g\u00e9rer un portefeuille...\" \/>\n<meta property=\"og:url\" content=\"https:\/\/challengeseconomiques.com\/?p=6237\" \/>\n<meta property=\"og:site_name\" content=\"challenges economiques\" \/>\n<meta property=\"article:published_time\" content=\"2024-04-18T15:57:52+00:00\" \/>\n<meta property=\"article:modified_time\" content=\"2024-04-18T15:58:39+00:00\" \/>\n<meta property=\"og:image\" content=\"https:\/\/challengeseconomiques.com\/wp-content\/uploads\/2024\/04\/ousmane_dione_800.jpg\" \/>\n\t<meta property=\"og:image:width\" content=\"800\" \/>\n\t<meta property=\"og:image:height\" content=\"400\" \/>\n\t<meta property=\"og:image:type\" content=\"image\/jpeg\" \/>\n<meta name=\"author\" content=\"admin\" \/>\n<meta name=\"twitter:card\" content=\"summary_large_image\" \/>\n<meta name=\"twitter:label1\" content=\"\u00c9crit par\" \/>\n\t<meta name=\"twitter:data1\" content=\"admin\" \/>\n\t<meta name=\"twitter:label2\" content=\"Dur\u00e9e de lecture estim\u00e9e\" \/>\n\t<meta name=\"twitter:data2\" content=\"2 minutes\" \/>\n<script type=\"application\/ld+json\" class=\"yoast-schema-graph\">{\"@context\":\"https:\/\/schema.org\",\"@graph\":[{\"@type\":\"Article\",\"@id\":\"https:\/\/challengeseconomiques.com\/?p=6237#article\",\"isPartOf\":{\"@id\":\"https:\/\/challengeseconomiques.com\/?p=6237\"},\"author\":{\"name\":\"admin\",\"@id\":\"https:\/\/challengeseconomiques.com\/#\/schema\/person\/b4568c9afebc5a9238a771873801e349\"},\"headline\":\"Le S\u00e9n\u00e9galais Ousmane Dione nomm\u00e9 vice-pr\u00e9sident de la Banque mondiale pour la r\u00e9gion MENA\",\"datePublished\":\"2024-04-18T15:57:52+00:00\",\"dateModified\":\"2024-04-18T15:58:39+00:00\",\"mainEntityOfPage\":{\"@id\":\"https:\/\/challengeseconomiques.com\/?p=6237\"},\"wordCount\":342,\"image\":{\"@id\":\"https:\/\/challengeseconomiques.com\/?p=6237#primaryimage\"},\"thumbnailUrl\":\"https:\/\/challengeseconomiques.com\/wp-content\/uploads\/2024\/04\/ousmane_dione_800.jpg\",\"articleSection\":[\"Actualit\u00e9 \u00e9conomique\",\"Infos \u00e9co\"],\"inLanguage\":\"fr-FR\"},{\"@type\":\"WebPage\",\"@id\":\"https:\/\/challengeseconomiques.com\/?p=6237\",\"url\":\"https:\/\/challengeseconomiques.com\/?p=6237\",\"name\":\"Le S\u00e9n\u00e9galais Ousmane Dione nomm\u00e9 vice-pr\u00e9sident de la Banque mondiale pour la r\u00e9gion MENA - challenges economiques\",\"isPartOf\":{\"@id\":\"https:\/\/challengeseconomiques.com\/#website\"},\"primaryImageOfPage\":{\"@id\":\"https:\/\/challengeseconomiques.com\/?p=6237#primaryimage\"},\"image\":{\"@id\":\"https:\/\/challengeseconomiques.com\/?p=6237#primaryimage\"},\"thumbnailUrl\":\"https:\/\/challengeseconomiques.com\/wp-content\/uploads\/2024\/04\/ousmane_dione_800.jpg\",\"datePublished\":\"2024-04-18T15:57:52+00:00\",\"dateModified\":\"2024-04-18T15:58:39+00:00\",\"author\":{\"@id\":\"https:\/\/challengeseconomiques.com\/#\/schema\/person\/b4568c9afebc5a9238a771873801e349\"},\"breadcrumb\":{\"@id\":\"https:\/\/challengeseconomiques.com\/?p=6237#breadcrumb\"},\"inLanguage\":\"fr-FR\",\"potentialAction\":[{\"@type\":\"ReadAction\",\"target\":[\"https:\/\/challengeseconomiques.com\/?p=6237\"]}]},{\"@type\":\"ImageObject\",\"inLanguage\":\"fr-FR\",\"@id\":\"https:\/\/challengeseconomiques.com\/?p=6237#primaryimage\",\"url\":\"https:\/\/challengeseconomiques.com\/wp-content\/uploads\/2024\/04\/ousmane_dione_800.jpg\",\"contentUrl\":\"https:\/\/challengeseconomiques.com\/wp-content\/uploads\/2024\/04\/ousmane_dione_800.jpg\",\"width\":800,\"height\":400},{\"@type\":\"BreadcrumbList\",\"@id\":\"https:\/\/challengeseconomiques.com\/?p=6237#breadcrumb\",\"itemListElement\":[{\"@type\":\"ListItem\",\"position\":1,\"name\":\"Home\",\"item\":\"https:\/\/challengeseconomiques.com\/\"},{\"@type\":\"ListItem\",\"position\":2,\"name\":\"Le S\u00e9n\u00e9galais Ousmane Dione nomm\u00e9 vice-pr\u00e9sident de la Banque mondiale pour la r\u00e9gion MENA\"}]},{\"@type\":\"WebSite\",\"@id\":\"https:\/\/challengeseconomiques.com\/#website\",\"url\":\"https:\/\/challengeseconomiques.com\/\",\"name\":\"challenges economiques\",\"description\":\"\",\"potentialAction\":[{\"@type\":\"SearchAction\",\"target\":{\"@type\":\"EntryPoint\",\"urlTemplate\":\"https:\/\/challengeseconomiques.com\/?s={search_term_string}\"},\"query-input\":{\"@type\":\"PropertyValueSpecification\",\"valueRequired\":true,\"valueName\":\"search_term_string\"}}],\"inLanguage\":\"fr-FR\"},{\"@type\":\"Person\",\"@id\":\"https:\/\/challengeseconomiques.com\/#\/schema\/person\/b4568c9afebc5a9238a771873801e349\",\"name\":\"admin\",\"image\":{\"@type\":\"ImageObject\",\"inLanguage\":\"fr-FR\",\"@id\":\"https:\/\/challengeseconomiques.com\/#\/schema\/person\/image\/\",\"url\":\"https:\/\/secure.gravatar.com\/avatar\/099e42240b5eea11acdb72751fcce0dd918603f0749d24974b7984ea47ed9fd9?s=96&d=mm&r=g\",\"contentUrl\":\"https:\/\/secure.gravatar.com\/avatar\/099e42240b5eea11acdb72751fcce0dd918603f0749d24974b7984ea47ed9fd9?s=96&d=mm&r=g\",\"caption\":\"admin\"},\"sameAs\":[\"https:\/\/challengeseconomiques.com\"],\"url\":\"https:\/\/challengeseconomiques.com\/?author=1\"}]}<\/script>\n<!-- \/ Yoast SEO plugin. -->","yoast_head_json":{"title":"Le S\u00e9n\u00e9galais Ousmane Dione nomm\u00e9 vice-pr\u00e9sident de la Banque mondiale pour la r\u00e9gion MENA - challenges economiques","robots":{"index":"index","follow":"follow","max-snippet":"max-snippet:-1","max-image-preview":"max-image-preview:large","max-video-preview":"max-video-preview:-1"},"canonical":"https:\/\/challengeseconomiques.com\/?p=6237","og_locale":"fr_FR","og_type":"article","og_title":"Le S\u00e9n\u00e9galais Ousmane Dione nomm\u00e9 vice-pr\u00e9sident de la Banque mondiale pour la r\u00e9gion MENA - challenges economiques","og_description":"\u00a0Anciennement directeur pays pour l\u2019Erythr\u00e9e, l\u2019Ethiopie, le Soudan du Sud et le Soudan, Ousmane Dione succ\u00e8de au Tunisien Ferid Belhaj. Il devra g\u00e9rer un portefeuille...","og_url":"https:\/\/challengeseconomiques.com\/?p=6237","og_site_name":"challenges economiques","article_published_time":"2024-04-18T15:57:52+00:00","article_modified_time":"2024-04-18T15:58:39+00:00","og_image":[{"width":800,"height":400,"url":"https:\/\/challengeseconomiques.com\/wp-content\/uploads\/2024\/04\/ousmane_dione_800.jpg","type":"image\/jpeg"}],"author":"admin","twitter_card":"summary_large_image","twitter_misc":{"\u00c9crit par":"admin","Dur\u00e9e de lecture estim\u00e9e":"2 minutes"},"schema":{"@context":"https:\/\/schema.org","@graph":[{"@type":"Article","@id":"https:\/\/challengeseconomiques.com\/?p=6237#article","isPartOf":{"@id":"https:\/\/challengeseconomiques.com\/?p=6237"},"author":{"name":"admin","@id":"https:\/\/challengeseconomiques.com\/#\/schema\/person\/b4568c9afebc5a9238a771873801e349"},"headline":"Le S\u00e9n\u00e9galais Ousmane Dione nomm\u00e9 vice-pr\u00e9sident de la Banque mondiale pour la r\u00e9gion MENA","datePublished":"2024-04-18T15:57:52+00:00","dateModified":"2024-04-18T15:58:39+00:00","mainEntityOfPage":{"@id":"https:\/\/challengeseconomiques.com\/?p=6237"},"wordCount":342,"image":{"@id":"https:\/\/challengeseconomiques.com\/?p=6237#primaryimage"},"thumbnailUrl":"https:\/\/challengeseconomiques.com\/wp-content\/uploads\/2024\/04\/ousmane_dione_800.jpg","articleSection":["Actualit\u00e9 \u00e9conomique","Infos \u00e9co"],"inLanguage":"fr-FR"},{"@type":"WebPage","@id":"https:\/\/challengeseconomiques.com\/?p=6237","url":"https:\/\/challengeseconomiques.com\/?p=6237","name":"Le S\u00e9n\u00e9galais Ousmane Dione nomm\u00e9 vice-pr\u00e9sident de la Banque mondiale pour la r\u00e9gion MENA - challenges economiques","isPartOf":{"@id":"https:\/\/challengeseconomiques.com\/#website"},"primaryImageOfPage":{"@id":"https:\/\/challengeseconomiques.com\/?p=6237#primaryimage"},"image":{"@id":"https:\/\/challengeseconomiques.com\/?p=6237#primaryimage"},"thumbnailUrl":"https:\/\/challengeseconomiques.com\/wp-content\/uploads\/2024\/04\/ousmane_dione_800.jpg","datePublished":"2024-04-18T15:57:52+00:00","dateModified":"2024-04-18T15:58:39+00:00","author":{"@id":"https:\/\/challengeseconomiques.com\/#\/schema\/person\/b4568c9afebc5a9238a771873801e349"},"breadcrumb":{"@id":"https:\/\/challengeseconomiques.com\/?p=6237#breadcrumb"},"inLanguage":"fr-FR","potentialAction":[{"@type":"ReadAction","target":["https:\/\/challengeseconomiques.com\/?p=6237"]}]},{"@type":"ImageObject","inLanguage":"fr-FR","@id":"https:\/\/challengeseconomiques.com\/?p=6237#primaryimage","url":"https:\/\/challengeseconomiques.com\/wp-content\/uploads\/2024\/04\/ousmane_dione_800.jpg","contentUrl":"https:\/\/challengeseconomiques.com\/wp-content\/uploads\/2024\/04\/ousmane_dione_800.jpg","width":800,"height":400},{"@type":"BreadcrumbList","@id":"https:\/\/challengeseconomiques.com\/?p=6237#breadcrumb","itemListElement":[{"@type":"ListItem","position":1,"name":"Home","item":"https:\/\/challengeseconomiques.com\/"},{"@type":"ListItem","position":2,"name":"Le S\u00e9n\u00e9galais Ousmane Dione nomm\u00e9 vice-pr\u00e9sident de la Banque mondiale pour la r\u00e9gion MENA"}]},{"@type":"WebSite","@id":"https:\/\/challengeseconomiques.com\/#website","url":"https:\/\/challengeseconomiques.com\/","name":"challenges economiques","description":"","potentialAction":[{"@type":"SearchAction","target":{"@type":"EntryPoint","urlTemplate":"https:\/\/challengeseconomiques.com\/?s={search_term_string}"},"query-input":{"@type":"PropertyValueSpecification","valueRequired":true,"valueName":"search_term_string"}}],"inLanguage":"fr-FR"},{"@type":"Person","@id":"https:\/\/challengeseconomiques.com\/#\/schema\/person\/b4568c9afebc5a9238a771873801e349","name":"admin","image":{"@type":"ImageObject","inLanguage":"fr-FR","@id":"https:\/\/challengeseconomiques.com\/#\/schema\/person\/image\/","url":"https:\/\/secure.gravatar.com\/avatar\/099e42240b5eea11acdb72751fcce0dd918603f0749d24974b7984ea47ed9fd9?s=96&d=mm&r=g","contentUrl":"https:\/\/secure.gravatar.com\/avatar\/099e42240b5eea11acdb72751fcce0dd918603f0749d24974b7984ea47ed9fd9?s=96&d=mm&r=g","caption":"admin"},"sameAs":["https:\/\/challengeseconomiques.com"],"url":"https:\/\/challengeseconomiques.com\/?author=1"}]}},"jetpack_featured_media_url":"https:\/\/challengeseconomiques.com\/wp-content\/uploads\/2024\/04\/ousmane_dione_800.jpg","jetpack_sharing_enabled":true,"_links":{"self":[{"href":"https:\/\/challengeseconomiques.com\/index.php?rest_route=\/wp\/v2\/posts\/6237","targetHints":{"allow":["GET"]}}],"collection":[{"href":"https:\/\/challengeseconomiques.com\/index.php?rest_route=\/wp\/v2\/posts"}],"about":[{"href":"https:\/\/challengeseconomiques.com\/index.php?rest_route=\/wp\/v2\/types\/post"}],"author":[{"embeddable":true,"href":"https:\/\/challengeseconomiques.com\/index.php?rest_route=\/wp\/v2\/users\/1"}],"replies":[{"embeddable":true,"href":"https:\/\/challengeseconomiques.com\/index.php?rest_route=%2Fwp%2Fv2%2Fcomments&post=6237"}],"version-history":[{"count":2,"href":"https:\/\/challengeseconomiques.com\/index.php?rest_route=\/wp\/v2\/posts\/6237\/revisions"}],"predecessor-version":[{"id":6240,"href":"https:\/\/challengeseconomiques.com\/index.php?rest_route=\/wp\/v2\/posts\/6237\/revisions\/6240"}],"wp:featuredmedia":[{"embeddable":true,"href":"https:\/\/challengeseconomiques.com\/index.php?rest_route=\/wp\/v2\/media\/6238"}],"wp:attachment":[{"href":"https:\/\/challengeseconomiques.com\/index.php?rest_route=%2Fwp%2Fv2%2Fmedia&parent=6237"}],"wp:term":[{"taxonomy":"category","embeddable":true,"href":"https:\/\/challengeseconomiques.com\/index.php?rest_route=%2Fwp%2Fv2%2Fcategories&post=6237"},{"taxonomy":"post_tag","embeddable":true,"href":"https:\/\/challengeseconomiques.com\/index.php?rest_route=%2Fwp%2Fv2%2Ftags&post=6237"}],"curies":[{"name":"wp","href":"https:\/\/api.w.org\/{rel}","templated":true}]}}