{"id":6217,"date":"2024-04-16T12:26:35","date_gmt":"2024-04-16T12:26:35","guid":{"rendered":"https:\/\/challengeseconomiques.com\/?p=6217"},"modified":"2024-04-16T12:32:29","modified_gmt":"2024-04-16T12:32:29","slug":"ibrahima-kane-rejoint-a-strategy","status":"publish","type":"post","link":"https:\/\/challengeseconomiques.com\/?p=6217","title":{"rendered":"Ibrahima Kane rejoint A&amp;A Strategy"},"content":{"rendered":"<p>L\u2019ancien Partner Advisory Afrique Francophone chez KPMG, Ibrahima Kane a rejoint\u00a0 le cabinet de conseil A&amp;A Strategy, dans le cadre d\u2019une \u00ab collaboration crois\u00e9e \u00bb d\u2019apr\u00e8s le communiqu\u00e9 de la structure.\u00a0 M. Kane a, par la m\u00eame occasion, proc\u00e9d\u00e9 au lancement de DELAA Impact, un fonds d\u2019investissement d\u00e9di\u00e9 \u00e0 la cr\u00e9ation et au d\u00e9ploiement de solutions de financements innovants aux besoins en infrastructures et industries au S\u00e9n\u00e9gal et en l\u2019Afrique de l\u2019Ouest.<\/p>\n<p>L\u2019arriv\u00e9e d\u2019Ibrahima Kane en tant que Senior Vice-President chez A&amp;A Strategy va consolider l\u2019expertise et le leadership du cabinet dans les domaines de l\u2019industrie et du financement de projet, nous informe la m\u00eame source.<\/p>\n<p>Ibrahima Kane compte plus de 25 ann\u00e9es d\u2019exp\u00e9rience professionnelle et de direction dans l\u2019agro-industrie et les mines en France, au Cameroun, en C\u00f4te-d\u2019Ivoire, au S\u00e9n\u00e9gal et en Mauritanie. Avant son passage chez KPMG, il a \u00e9t\u00e9 Directeur G\u00e9n\u00e9ral de la compagnie a\u00e9rienne Air S\u00e9n\u00e9gal de 2019 \u00e0 2022 et du Fonds Souverain d\u2019Investissements Strat\u00e9giques du S\u00e9n\u00e9gal (FONSIS) entre 2016 et 2019. M. Kane est aussi co-fondateur et administrateur de la Laiterie du Berger, depuis 2006.<\/p>\n<p>&nbsp;<\/p>\n","protected":false},"excerpt":{"rendered":"<p>L\u2019ancien Partner Advisory Afrique Francophone chez KPMG, Ibrahima Kane a rejoint\u00a0 le cabinet de conseil A&amp;A Strategy, dans le cadre d\u2019une \u00ab collaboration crois\u00e9e \u00bb&#8230;<\/p>\n","protected":false},"author":1,"featured_media":6221,"comment_status":"closed","ping_status":"open","sticky":false,"template":"","format":"standard","meta":{"_jetpack_memberships_contains_paid_content":false,"footnotes":""},"categories":[23,8,10],"tags":[],"class_list":["post-6217","post","type-post","status-publish","format-standard","has-post-thumbnail","hentry","category-a-la-une","category-actualite-economique","category-infos-eco","wpcat-23-id","wpcat-8-id","wpcat-10-id"],"yoast_head":"<!-- This site is optimized with the Yoast SEO plugin v27.1.1 - https:\/\/yoast.com\/product\/yoast-seo-wordpress\/ -->\n<title>Ibrahima Kane rejoint A&amp;A Strategy - challenges economiques<\/title>\n<meta name=\"robots\" content=\"index, follow, max-snippet:-1, max-image-preview:large, max-video-preview:-1\" \/>\n<link rel=\"canonical\" href=\"https:\/\/challengeseconomiques.com\/?p=6217\" \/>\n<meta property=\"og:locale\" content=\"fr_FR\" \/>\n<meta property=\"og:type\" content=\"article\" \/>\n<meta property=\"og:title\" content=\"Ibrahima Kane rejoint A&amp;A Strategy - challenges economiques\" \/>\n<meta property=\"og:description\" content=\"L\u2019ancien Partner Advisory Afrique Francophone chez KPMG, Ibrahima Kane a rejoint\u00a0 le cabinet de conseil A&amp;A Strategy, dans le cadre d\u2019une \u00ab collaboration crois\u00e9e \u00bb...\" \/>\n<meta property=\"og:url\" content=\"https:\/\/challengeseconomiques.com\/?p=6217\" \/>\n<meta property=\"og:site_name\" content=\"challenges economiques\" \/>\n<meta property=\"article:published_time\" content=\"2024-04-16T12:26:35+00:00\" \/>\n<meta property=\"article:modified_time\" content=\"2024-04-16T12:32:29+00:00\" \/>\n<meta property=\"og:image\" content=\"https:\/\/challengeseconomiques.com\/wp-content\/uploads\/2024\/04\/Ibrahima-Kane.jpg\" \/>\n\t<meta property=\"og:image:width\" content=\"863\" \/>\n\t<meta property=\"og:image:height\" content=\"493\" \/>\n\t<meta property=\"og:image:type\" content=\"image\/jpeg\" \/>\n<meta name=\"author\" content=\"admin\" \/>\n<meta name=\"twitter:card\" content=\"summary_large_image\" \/>\n<meta name=\"twitter:label1\" content=\"\u00c9crit par\" \/>\n\t<meta name=\"twitter:data1\" content=\"admin\" \/>\n\t<meta name=\"twitter:label2\" content=\"Dur\u00e9e de lecture estim\u00e9e\" \/>\n\t<meta name=\"twitter:data2\" content=\"1 minute\" \/>\n<script type=\"application\/ld+json\" class=\"yoast-schema-graph\">{\"@context\":\"https:\/\/schema.org\",\"@graph\":[{\"@type\":\"Article\",\"@id\":\"https:\/\/challengeseconomiques.com\/?p=6217#article\",\"isPartOf\":{\"@id\":\"https:\/\/challengeseconomiques.com\/?p=6217\"},\"author\":{\"name\":\"admin\",\"@id\":\"https:\/\/challengeseconomiques.com\/#\/schema\/person\/b4568c9afebc5a9238a771873801e349\"},\"headline\":\"Ibrahima Kane rejoint A&amp;A Strategy\",\"datePublished\":\"2024-04-16T12:26:35+00:00\",\"dateModified\":\"2024-04-16T12:32:29+00:00\",\"mainEntityOfPage\":{\"@id\":\"https:\/\/challengeseconomiques.com\/?p=6217\"},\"wordCount\":221,\"image\":{\"@id\":\"https:\/\/challengeseconomiques.com\/?p=6217#primaryimage\"},\"thumbnailUrl\":\"https:\/\/challengeseconomiques.com\/wp-content\/uploads\/2024\/04\/Ibrahima-Kane.jpg\",\"articleSection\":[\"A la une\",\"Actualit\u00e9 \u00e9conomique\",\"Infos \u00e9co\"],\"inLanguage\":\"fr-FR\"},{\"@type\":\"WebPage\",\"@id\":\"https:\/\/challengeseconomiques.com\/?p=6217\",\"url\":\"https:\/\/challengeseconomiques.com\/?p=6217\",\"name\":\"Ibrahima Kane rejoint A&amp;A Strategy - challenges economiques\",\"isPartOf\":{\"@id\":\"https:\/\/challengeseconomiques.com\/#website\"},\"primaryImageOfPage\":{\"@id\":\"https:\/\/challengeseconomiques.com\/?p=6217#primaryimage\"},\"image\":{\"@id\":\"https:\/\/challengeseconomiques.com\/?p=6217#primaryimage\"},\"thumbnailUrl\":\"https:\/\/challengeseconomiques.com\/wp-content\/uploads\/2024\/04\/Ibrahima-Kane.jpg\",\"datePublished\":\"2024-04-16T12:26:35+00:00\",\"dateModified\":\"2024-04-16T12:32:29+00:00\",\"author\":{\"@id\":\"https:\/\/challengeseconomiques.com\/#\/schema\/person\/b4568c9afebc5a9238a771873801e349\"},\"breadcrumb\":{\"@id\":\"https:\/\/challengeseconomiques.com\/?p=6217#breadcrumb\"},\"inLanguage\":\"fr-FR\",\"potentialAction\":[{\"@type\":\"ReadAction\",\"target\":[\"https:\/\/challengeseconomiques.com\/?p=6217\"]}]},{\"@type\":\"ImageObject\",\"inLanguage\":\"fr-FR\",\"@id\":\"https:\/\/challengeseconomiques.com\/?p=6217#primaryimage\",\"url\":\"https:\/\/challengeseconomiques.com\/wp-content\/uploads\/2024\/04\/Ibrahima-Kane.jpg\",\"contentUrl\":\"https:\/\/challengeseconomiques.com\/wp-content\/uploads\/2024\/04\/Ibrahima-Kane.jpg\",\"width\":863,\"height\":493},{\"@type\":\"BreadcrumbList\",\"@id\":\"https:\/\/challengeseconomiques.com\/?p=6217#breadcrumb\",\"itemListElement\":[{\"@type\":\"ListItem\",\"position\":1,\"name\":\"Home\",\"item\":\"https:\/\/challengeseconomiques.com\/\"},{\"@type\":\"ListItem\",\"position\":2,\"name\":\"Ibrahima Kane rejoint A&amp;A Strategy\"}]},{\"@type\":\"WebSite\",\"@id\":\"https:\/\/challengeseconomiques.com\/#website\",\"url\":\"https:\/\/challengeseconomiques.com\/\",\"name\":\"challenges economiques\",\"description\":\"\",\"potentialAction\":[{\"@type\":\"SearchAction\",\"target\":{\"@type\":\"EntryPoint\",\"urlTemplate\":\"https:\/\/challengeseconomiques.com\/?s={search_term_string}\"},\"query-input\":{\"@type\":\"PropertyValueSpecification\",\"valueRequired\":true,\"valueName\":\"search_term_string\"}}],\"inLanguage\":\"fr-FR\"},{\"@type\":\"Person\",\"@id\":\"https:\/\/challengeseconomiques.com\/#\/schema\/person\/b4568c9afebc5a9238a771873801e349\",\"name\":\"admin\",\"image\":{\"@type\":\"ImageObject\",\"inLanguage\":\"fr-FR\",\"@id\":\"https:\/\/challengeseconomiques.com\/#\/schema\/person\/image\/\",\"url\":\"https:\/\/secure.gravatar.com\/avatar\/099e42240b5eea11acdb72751fcce0dd918603f0749d24974b7984ea47ed9fd9?s=96&d=mm&r=g\",\"contentUrl\":\"https:\/\/secure.gravatar.com\/avatar\/099e42240b5eea11acdb72751fcce0dd918603f0749d24974b7984ea47ed9fd9?s=96&d=mm&r=g\",\"caption\":\"admin\"},\"sameAs\":[\"https:\/\/challengeseconomiques.com\"],\"url\":\"https:\/\/challengeseconomiques.com\/?author=1\"}]}<\/script>\n<!-- \/ Yoast SEO plugin. -->","yoast_head_json":{"title":"Ibrahima Kane rejoint A&amp;A Strategy - challenges economiques","robots":{"index":"index","follow":"follow","max-snippet":"max-snippet:-1","max-image-preview":"max-image-preview:large","max-video-preview":"max-video-preview:-1"},"canonical":"https:\/\/challengeseconomiques.com\/?p=6217","og_locale":"fr_FR","og_type":"article","og_title":"Ibrahima Kane rejoint A&amp;A Strategy - challenges economiques","og_description":"L\u2019ancien Partner Advisory Afrique Francophone chez KPMG, Ibrahima Kane a rejoint\u00a0 le cabinet de conseil A&amp;A Strategy, dans le cadre d\u2019une \u00ab collaboration crois\u00e9e \u00bb...","og_url":"https:\/\/challengeseconomiques.com\/?p=6217","og_site_name":"challenges economiques","article_published_time":"2024-04-16T12:26:35+00:00","article_modified_time":"2024-04-16T12:32:29+00:00","og_image":[{"width":863,"height":493,"url":"https:\/\/challengeseconomiques.com\/wp-content\/uploads\/2024\/04\/Ibrahima-Kane.jpg","type":"image\/jpeg"}],"author":"admin","twitter_card":"summary_large_image","twitter_misc":{"\u00c9crit par":"admin","Dur\u00e9e de lecture estim\u00e9e":"1 minute"},"schema":{"@context":"https:\/\/schema.org","@graph":[{"@type":"Article","@id":"https:\/\/challengeseconomiques.com\/?p=6217#article","isPartOf":{"@id":"https:\/\/challengeseconomiques.com\/?p=6217"},"author":{"name":"admin","@id":"https:\/\/challengeseconomiques.com\/#\/schema\/person\/b4568c9afebc5a9238a771873801e349"},"headline":"Ibrahima Kane rejoint A&amp;A Strategy","datePublished":"2024-04-16T12:26:35+00:00","dateModified":"2024-04-16T12:32:29+00:00","mainEntityOfPage":{"@id":"https:\/\/challengeseconomiques.com\/?p=6217"},"wordCount":221,"image":{"@id":"https:\/\/challengeseconomiques.com\/?p=6217#primaryimage"},"thumbnailUrl":"https:\/\/challengeseconomiques.com\/wp-content\/uploads\/2024\/04\/Ibrahima-Kane.jpg","articleSection":["A la une","Actualit\u00e9 \u00e9conomique","Infos \u00e9co"],"inLanguage":"fr-FR"},{"@type":"WebPage","@id":"https:\/\/challengeseconomiques.com\/?p=6217","url":"https:\/\/challengeseconomiques.com\/?p=6217","name":"Ibrahima Kane rejoint A&amp;A Strategy - challenges economiques","isPartOf":{"@id":"https:\/\/challengeseconomiques.com\/#website"},"primaryImageOfPage":{"@id":"https:\/\/challengeseconomiques.com\/?p=6217#primaryimage"},"image":{"@id":"https:\/\/challengeseconomiques.com\/?p=6217#primaryimage"},"thumbnailUrl":"https:\/\/challengeseconomiques.com\/wp-content\/uploads\/2024\/04\/Ibrahima-Kane.jpg","datePublished":"2024-04-16T12:26:35+00:00","dateModified":"2024-04-16T12:32:29+00:00","author":{"@id":"https:\/\/challengeseconomiques.com\/#\/schema\/person\/b4568c9afebc5a9238a771873801e349"},"breadcrumb":{"@id":"https:\/\/challengeseconomiques.com\/?p=6217#breadcrumb"},"inLanguage":"fr-FR","potentialAction":[{"@type":"ReadAction","target":["https:\/\/challengeseconomiques.com\/?p=6217"]}]},{"@type":"ImageObject","inLanguage":"fr-FR","@id":"https:\/\/challengeseconomiques.com\/?p=6217#primaryimage","url":"https:\/\/challengeseconomiques.com\/wp-content\/uploads\/2024\/04\/Ibrahima-Kane.jpg","contentUrl":"https:\/\/challengeseconomiques.com\/wp-content\/uploads\/2024\/04\/Ibrahima-Kane.jpg","width":863,"height":493},{"@type":"BreadcrumbList","@id":"https:\/\/challengeseconomiques.com\/?p=6217#breadcrumb","itemListElement":[{"@type":"ListItem","position":1,"name":"Home","item":"https:\/\/challengeseconomiques.com\/"},{"@type":"ListItem","position":2,"name":"Ibrahima Kane rejoint A&amp;A Strategy"}]},{"@type":"WebSite","@id":"https:\/\/challengeseconomiques.com\/#website","url":"https:\/\/challengeseconomiques.com\/","name":"challenges economiques","description":"","potentialAction":[{"@type":"SearchAction","target":{"@type":"EntryPoint","urlTemplate":"https:\/\/challengeseconomiques.com\/?s={search_term_string}"},"query-input":{"@type":"PropertyValueSpecification","valueRequired":true,"valueName":"search_term_string"}}],"inLanguage":"fr-FR"},{"@type":"Person","@id":"https:\/\/challengeseconomiques.com\/#\/schema\/person\/b4568c9afebc5a9238a771873801e349","name":"admin","image":{"@type":"ImageObject","inLanguage":"fr-FR","@id":"https:\/\/challengeseconomiques.com\/#\/schema\/person\/image\/","url":"https:\/\/secure.gravatar.com\/avatar\/099e42240b5eea11acdb72751fcce0dd918603f0749d24974b7984ea47ed9fd9?s=96&d=mm&r=g","contentUrl":"https:\/\/secure.gravatar.com\/avatar\/099e42240b5eea11acdb72751fcce0dd918603f0749d24974b7984ea47ed9fd9?s=96&d=mm&r=g","caption":"admin"},"sameAs":["https:\/\/challengeseconomiques.com"],"url":"https:\/\/challengeseconomiques.com\/?author=1"}]}},"jetpack_featured_media_url":"https:\/\/challengeseconomiques.com\/wp-content\/uploads\/2024\/04\/Ibrahima-Kane.jpg","jetpack_sharing_enabled":true,"_links":{"self":[{"href":"https:\/\/challengeseconomiques.com\/index.php?rest_route=\/wp\/v2\/posts\/6217","targetHints":{"allow":["GET"]}}],"collection":[{"href":"https:\/\/challengeseconomiques.com\/index.php?rest_route=\/wp\/v2\/posts"}],"about":[{"href":"https:\/\/challengeseconomiques.com\/index.php?rest_route=\/wp\/v2\/types\/post"}],"author":[{"embeddable":true,"href":"https:\/\/challengeseconomiques.com\/index.php?rest_route=\/wp\/v2\/users\/1"}],"replies":[{"embeddable":true,"href":"https:\/\/challengeseconomiques.com\/index.php?rest_route=%2Fwp%2Fv2%2Fcomments&post=6217"}],"version-history":[{"count":2,"href":"https:\/\/challengeseconomiques.com\/index.php?rest_route=\/wp\/v2\/posts\/6217\/revisions"}],"predecessor-version":[{"id":6220,"href":"https:\/\/challengeseconomiques.com\/index.php?rest_route=\/wp\/v2\/posts\/6217\/revisions\/6220"}],"wp:featuredmedia":[{"embeddable":true,"href":"https:\/\/challengeseconomiques.com\/index.php?rest_route=\/wp\/v2\/media\/6221"}],"wp:attachment":[{"href":"https:\/\/challengeseconomiques.com\/index.php?rest_route=%2Fwp%2Fv2%2Fmedia&parent=6217"}],"wp:term":[{"taxonomy":"category","embeddable":true,"href":"https:\/\/challengeseconomiques.com\/index.php?rest_route=%2Fwp%2Fv2%2Fcategories&post=6217"},{"taxonomy":"post_tag","embeddable":true,"href":"https:\/\/challengeseconomiques.com\/index.php?rest_route=%2Fwp%2Fv2%2Ftags&post=6217"}],"curies":[{"name":"wp","href":"https:\/\/api.w.org\/{rel}","templated":true}]}}