{"id":6212,"date":"2024-04-13T17:36:47","date_gmt":"2024-04-13T17:36:47","guid":{"rendered":"https:\/\/challengeseconomiques.com\/?p=6212"},"modified":"2024-04-13T17:37:15","modified_gmt":"2024-04-13T17:37:15","slug":"economie-perspectives-abdourahmane-sarr-evoque-les-implications-de-la-souverainete-economique","status":"publish","type":"post","link":"https:\/\/challengeseconomiques.com\/?p=6212","title":{"rendered":"ECONOMIE-PERSPECTIVES \/ Abdourahmane Sarr \u00e9voque les implications de \u201cla souverainet\u00e9 \u00e9conomique\u201d"},"content":{"rendered":"<p>La souverainet\u00e9 \u00e9conomique devrait permettre au S\u00e9n\u00e9gal de \u201cma\u00eetriser son destin\u201d, par le renforcement de la coop\u00e9ration bilat\u00e9rale et multilat\u00e9rale, dans l\u2019objectif \u201cde nous lib\u00e9rer des liens de d\u00e9pendance dans nos politiques publiques\u201d, a d\u00e9clar\u00e9, jeudi, \u00e0 Dakar, le nouveau ministre de l\u2019Economie, du Plan et de la Coop\u00e9ration, Abdourahmane Sarr.<\/p>\n<p>La souverainet\u00e9 \u00e9conomique \u201csera le moyen qui nous permettra d\u2019atteindre l\u2019objectif de ma\u00eetriser notre destin\u201d, a-t-il dit dans son adresse lors de la c\u00e9r\u00e9monie de passation de service avec con pr\u00e9d\u00e9cesseur, Mamadou Moustapha Ba.<\/p>\n<p>Les progr\u00e8s jusque-l\u00e0 r\u00e9alis\u00e9s par le S\u00e9n\u00e9gal dans \u201cbeaucoup de domaines\u201d, notamment celui des infrastructures, serviront de base pour \u201cun nouveau cap\u201d, a indiqu\u00e9 Abdourahmane Sarr.<\/p>\n<p>Il souligne toutefois que ces r\u00e9alisations ont \u201cacc\u00e9l\u00e9r\u00e9 notre endettement en devises pour les r\u00e9aliser, ainsi que pour faire face \u00e0 des chocs ext\u00e9rieurs\u201d, endettement qui, \u201cdans une certaine mesure\u201d, a \u201cr\u00e9duit notre souverainet\u00e9 \u00e9conomique\u201d.<\/p>\n<p>\u201cDe ce fait, nous renforcerons la coop\u00e9ration bilat\u00e9rale et multilat\u00e9rale tout en ayant comme objectif de nous lib\u00e9rer des liens de d\u00e9pendance dans nos politiques publiques\u201d, a-t-il promis.<\/p>\n<p>Le ministre entrant de l\u2019Economie, du Plan et de la Coop\u00e9ration a appel\u00e9 \u00e0 \u201cune affirmation d\u2019un leadership devant faciliter la r\u00e9forme du secteur public par une meilleure \u00e9valuation des d\u00e9penses en soutien \u00e0 l\u2019\u00e9conomie\u201d.<\/p>\n<p>Selon lui, cette perspective implique de construire \u201cdes consensus sur les mesures n\u00e9cessaires aussi bien sur les recettes, les d\u00e9penses et la dette, afin d\u2019atteindre les objectifs politiques assign\u00e9s, tout en pr\u00e9servant des finances publiques saines et soutenables\u201d.<\/p>\n<p>\u201cL\u2019objectif principal assign\u00e9 est d\u2019avoir les moyens de financer des biens et services publics de qualit\u00e9 au b\u00e9n\u00e9fice des populations, notamment les plus vuln\u00e9rables [\u2026]\u201d, a soutenu le ministre de l\u2019\u00c9conomie.<\/p>\n<p>De cette mani\u00e8re, \u201cl\u2019\u00c9tat fort, aux finances publiques soutenables et aux marges de man\u0153uvre certaines, accompagnera et trouvera les partenaires n\u00e9cessaires pour soutenir nos entreprises capitalisant sur nos propres instruments financiers\u201d.<\/p>\n<p>Le ministre sortant, Mamadou Moustapha Ba, s\u2019est f\u00e9licit\u00e9 de passer le t\u00e9moin, disant savoir qu\u2019avec Abdourahmane Sarr, le S\u00e9n\u00e9gal \u201ccontinuera \u00e0 consolider sa place de choix en mati\u00e8re de production de statistiques de r\u00e9f\u00e9rence, pour mieux asseoir notre adh\u00e9sion \u00e0 la norme sp\u00e9ciale de diffusion des donn\u00e9es, en tirant le meilleur de la masse inestimable d\u2019informations fournies par les enqu\u00eates [\u2026]\u201d.<\/p>\n<p>\u201cC\u2019est autant d\u2019\u00e9l\u00e9ments indispensables pour b\u00e2tir, dans un contexte marqu\u00e9 par des chocs multiformes, des politiques publiques adoss\u00e9es \u00e0 des choix et options pertinentes, permettant de d\u00e9gager des perspectives heureuses pour nos agriculteurs, nos jeunes \u00e0 la recherche d\u2019emplois, nos femmes en qu\u00eate d\u2019autonomisation et d\u2019\u00e9mancipation\u201d, note-t-il.<\/p>\n<p>Selon Mamadou Moustapha Ba, ces derniers points sont tout aussi indispensables pour \u201cnotre secteur priv\u00e9 en qu\u00eate de plus de vigueur et de performance, et enfin pour tous nos compatriotes, qui aspirent l\u00e9gitimement \u00e0 un acc\u00e8s aux services essentiels\u201d.<\/p>\n<p><strong>(APS)<\/strong><\/p>\n","protected":false},"excerpt":{"rendered":"<p>La souverainet\u00e9 \u00e9conomique devrait permettre au S\u00e9n\u00e9gal de \u201cma\u00eetriser son destin\u201d, par le renforcement de la coop\u00e9ration bilat\u00e9rale et multilat\u00e9rale, dans l\u2019objectif \u201cde nous lib\u00e9rer&#8230;<\/p>\n","protected":false},"author":1,"featured_media":6213,"comment_status":"closed","ping_status":"open","sticky":false,"template":"","format":"standard","meta":{"_jetpack_memberships_contains_paid_content":false,"footnotes":""},"categories":[8],"tags":[],"class_list":["post-6212","post","type-post","status-publish","format-standard","has-post-thumbnail","hentry","category-actualite-economique","wpcat-8-id"],"yoast_head":"<!-- This site is optimized with the Yoast SEO plugin v27.1.1 - https:\/\/yoast.com\/product\/yoast-seo-wordpress\/ -->\n<title>ECONOMIE-PERSPECTIVES \/ Abdourahmane Sarr \u00e9voque les implications de \u201cla souverainet\u00e9 \u00e9conomique\u201d - challenges economiques<\/title>\n<meta name=\"robots\" content=\"index, follow, max-snippet:-1, max-image-preview:large, max-video-preview:-1\" \/>\n<link rel=\"canonical\" href=\"https:\/\/challengeseconomiques.com\/?p=6212\" \/>\n<meta property=\"og:locale\" content=\"fr_FR\" \/>\n<meta property=\"og:type\" content=\"article\" \/>\n<meta property=\"og:title\" content=\"ECONOMIE-PERSPECTIVES \/ Abdourahmane Sarr \u00e9voque les implications de \u201cla souverainet\u00e9 \u00e9conomique\u201d - challenges economiques\" \/>\n<meta property=\"og:description\" content=\"La souverainet\u00e9 \u00e9conomique devrait permettre au S\u00e9n\u00e9gal de \u201cma\u00eetriser son destin\u201d, par le renforcement de la coop\u00e9ration bilat\u00e9rale et multilat\u00e9rale, dans l\u2019objectif \u201cde nous lib\u00e9rer...\" \/>\n<meta property=\"og:url\" content=\"https:\/\/challengeseconomiques.com\/?p=6212\" \/>\n<meta property=\"og:site_name\" content=\"challenges economiques\" \/>\n<meta property=\"article:published_time\" content=\"2024-04-13T17:36:47+00:00\" \/>\n<meta property=\"article:modified_time\" content=\"2024-04-13T17:37:15+00:00\" \/>\n<meta property=\"og:image\" content=\"https:\/\/challengeseconomiques.com\/wp-content\/uploads\/2024\/04\/sarrba.jpg\" \/>\n\t<meta property=\"og:image:width\" content=\"1280\" \/>\n\t<meta property=\"og:image:height\" content=\"887\" \/>\n\t<meta property=\"og:image:type\" content=\"image\/jpeg\" \/>\n<meta name=\"author\" content=\"admin\" \/>\n<meta name=\"twitter:card\" content=\"summary_large_image\" \/>\n<meta name=\"twitter:label1\" content=\"\u00c9crit par\" \/>\n\t<meta name=\"twitter:data1\" content=\"admin\" \/>\n\t<meta name=\"twitter:label2\" content=\"Dur\u00e9e de lecture estim\u00e9e\" \/>\n\t<meta name=\"twitter:data2\" content=\"3 minutes\" \/>\n<script type=\"application\/ld+json\" class=\"yoast-schema-graph\">{\"@context\":\"https:\/\/schema.org\",\"@graph\":[{\"@type\":\"Article\",\"@id\":\"https:\/\/challengeseconomiques.com\/?p=6212#article\",\"isPartOf\":{\"@id\":\"https:\/\/challengeseconomiques.com\/?p=6212\"},\"author\":{\"name\":\"admin\",\"@id\":\"https:\/\/challengeseconomiques.com\/#\/schema\/person\/b4568c9afebc5a9238a771873801e349\"},\"headline\":\"ECONOMIE-PERSPECTIVES \/ Abdourahmane Sarr \u00e9voque les implications de \u201cla souverainet\u00e9 \u00e9conomique\u201d\",\"datePublished\":\"2024-04-13T17:36:47+00:00\",\"dateModified\":\"2024-04-13T17:37:15+00:00\",\"mainEntityOfPage\":{\"@id\":\"https:\/\/challengeseconomiques.com\/?p=6212\"},\"wordCount\":539,\"image\":{\"@id\":\"https:\/\/challengeseconomiques.com\/?p=6212#primaryimage\"},\"thumbnailUrl\":\"https:\/\/challengeseconomiques.com\/wp-content\/uploads\/2024\/04\/sarrba.jpg\",\"articleSection\":[\"Actualit\u00e9 \u00e9conomique\"],\"inLanguage\":\"fr-FR\"},{\"@type\":\"WebPage\",\"@id\":\"https:\/\/challengeseconomiques.com\/?p=6212\",\"url\":\"https:\/\/challengeseconomiques.com\/?p=6212\",\"name\":\"ECONOMIE-PERSPECTIVES \/ Abdourahmane Sarr \u00e9voque les implications de \u201cla souverainet\u00e9 \u00e9conomique\u201d - challenges economiques\",\"isPartOf\":{\"@id\":\"https:\/\/challengeseconomiques.com\/#website\"},\"primaryImageOfPage\":{\"@id\":\"https:\/\/challengeseconomiques.com\/?p=6212#primaryimage\"},\"image\":{\"@id\":\"https:\/\/challengeseconomiques.com\/?p=6212#primaryimage\"},\"thumbnailUrl\":\"https:\/\/challengeseconomiques.com\/wp-content\/uploads\/2024\/04\/sarrba.jpg\",\"datePublished\":\"2024-04-13T17:36:47+00:00\",\"dateModified\":\"2024-04-13T17:37:15+00:00\",\"author\":{\"@id\":\"https:\/\/challengeseconomiques.com\/#\/schema\/person\/b4568c9afebc5a9238a771873801e349\"},\"breadcrumb\":{\"@id\":\"https:\/\/challengeseconomiques.com\/?p=6212#breadcrumb\"},\"inLanguage\":\"fr-FR\",\"potentialAction\":[{\"@type\":\"ReadAction\",\"target\":[\"https:\/\/challengeseconomiques.com\/?p=6212\"]}]},{\"@type\":\"ImageObject\",\"inLanguage\":\"fr-FR\",\"@id\":\"https:\/\/challengeseconomiques.com\/?p=6212#primaryimage\",\"url\":\"https:\/\/challengeseconomiques.com\/wp-content\/uploads\/2024\/04\/sarrba.jpg\",\"contentUrl\":\"https:\/\/challengeseconomiques.com\/wp-content\/uploads\/2024\/04\/sarrba.jpg\",\"width\":1280,\"height\":887},{\"@type\":\"BreadcrumbList\",\"@id\":\"https:\/\/challengeseconomiques.com\/?p=6212#breadcrumb\",\"itemListElement\":[{\"@type\":\"ListItem\",\"position\":1,\"name\":\"Home\",\"item\":\"https:\/\/challengeseconomiques.com\/\"},{\"@type\":\"ListItem\",\"position\":2,\"name\":\"ECONOMIE-PERSPECTIVES \/ Abdourahmane Sarr \u00e9voque les implications de \u201cla souverainet\u00e9 \u00e9conomique\u201d\"}]},{\"@type\":\"WebSite\",\"@id\":\"https:\/\/challengeseconomiques.com\/#website\",\"url\":\"https:\/\/challengeseconomiques.com\/\",\"name\":\"challenges economiques\",\"description\":\"\",\"potentialAction\":[{\"@type\":\"SearchAction\",\"target\":{\"@type\":\"EntryPoint\",\"urlTemplate\":\"https:\/\/challengeseconomiques.com\/?s={search_term_string}\"},\"query-input\":{\"@type\":\"PropertyValueSpecification\",\"valueRequired\":true,\"valueName\":\"search_term_string\"}}],\"inLanguage\":\"fr-FR\"},{\"@type\":\"Person\",\"@id\":\"https:\/\/challengeseconomiques.com\/#\/schema\/person\/b4568c9afebc5a9238a771873801e349\",\"name\":\"admin\",\"image\":{\"@type\":\"ImageObject\",\"inLanguage\":\"fr-FR\",\"@id\":\"https:\/\/challengeseconomiques.com\/#\/schema\/person\/image\/\",\"url\":\"https:\/\/secure.gravatar.com\/avatar\/099e42240b5eea11acdb72751fcce0dd918603f0749d24974b7984ea47ed9fd9?s=96&d=mm&r=g\",\"contentUrl\":\"https:\/\/secure.gravatar.com\/avatar\/099e42240b5eea11acdb72751fcce0dd918603f0749d24974b7984ea47ed9fd9?s=96&d=mm&r=g\",\"caption\":\"admin\"},\"sameAs\":[\"https:\/\/challengeseconomiques.com\"],\"url\":\"https:\/\/challengeseconomiques.com\/?author=1\"}]}<\/script>\n<!-- \/ Yoast SEO plugin. -->","yoast_head_json":{"title":"ECONOMIE-PERSPECTIVES \/ Abdourahmane Sarr \u00e9voque les implications de \u201cla souverainet\u00e9 \u00e9conomique\u201d - challenges economiques","robots":{"index":"index","follow":"follow","max-snippet":"max-snippet:-1","max-image-preview":"max-image-preview:large","max-video-preview":"max-video-preview:-1"},"canonical":"https:\/\/challengeseconomiques.com\/?p=6212","og_locale":"fr_FR","og_type":"article","og_title":"ECONOMIE-PERSPECTIVES \/ Abdourahmane Sarr \u00e9voque les implications de \u201cla souverainet\u00e9 \u00e9conomique\u201d - challenges economiques","og_description":"La souverainet\u00e9 \u00e9conomique devrait permettre au S\u00e9n\u00e9gal de \u201cma\u00eetriser son destin\u201d, par le renforcement de la coop\u00e9ration bilat\u00e9rale et multilat\u00e9rale, dans l\u2019objectif \u201cde nous lib\u00e9rer...","og_url":"https:\/\/challengeseconomiques.com\/?p=6212","og_site_name":"challenges economiques","article_published_time":"2024-04-13T17:36:47+00:00","article_modified_time":"2024-04-13T17:37:15+00:00","og_image":[{"width":1280,"height":887,"url":"https:\/\/challengeseconomiques.com\/wp-content\/uploads\/2024\/04\/sarrba.jpg","type":"image\/jpeg"}],"author":"admin","twitter_card":"summary_large_image","twitter_misc":{"\u00c9crit par":"admin","Dur\u00e9e de lecture estim\u00e9e":"3 minutes"},"schema":{"@context":"https:\/\/schema.org","@graph":[{"@type":"Article","@id":"https:\/\/challengeseconomiques.com\/?p=6212#article","isPartOf":{"@id":"https:\/\/challengeseconomiques.com\/?p=6212"},"author":{"name":"admin","@id":"https:\/\/challengeseconomiques.com\/#\/schema\/person\/b4568c9afebc5a9238a771873801e349"},"headline":"ECONOMIE-PERSPECTIVES \/ Abdourahmane Sarr \u00e9voque les implications de \u201cla souverainet\u00e9 \u00e9conomique\u201d","datePublished":"2024-04-13T17:36:47+00:00","dateModified":"2024-04-13T17:37:15+00:00","mainEntityOfPage":{"@id":"https:\/\/challengeseconomiques.com\/?p=6212"},"wordCount":539,"image":{"@id":"https:\/\/challengeseconomiques.com\/?p=6212#primaryimage"},"thumbnailUrl":"https:\/\/challengeseconomiques.com\/wp-content\/uploads\/2024\/04\/sarrba.jpg","articleSection":["Actualit\u00e9 \u00e9conomique"],"inLanguage":"fr-FR"},{"@type":"WebPage","@id":"https:\/\/challengeseconomiques.com\/?p=6212","url":"https:\/\/challengeseconomiques.com\/?p=6212","name":"ECONOMIE-PERSPECTIVES \/ Abdourahmane Sarr \u00e9voque les implications de \u201cla souverainet\u00e9 \u00e9conomique\u201d - challenges economiques","isPartOf":{"@id":"https:\/\/challengeseconomiques.com\/#website"},"primaryImageOfPage":{"@id":"https:\/\/challengeseconomiques.com\/?p=6212#primaryimage"},"image":{"@id":"https:\/\/challengeseconomiques.com\/?p=6212#primaryimage"},"thumbnailUrl":"https:\/\/challengeseconomiques.com\/wp-content\/uploads\/2024\/04\/sarrba.jpg","datePublished":"2024-04-13T17:36:47+00:00","dateModified":"2024-04-13T17:37:15+00:00","author":{"@id":"https:\/\/challengeseconomiques.com\/#\/schema\/person\/b4568c9afebc5a9238a771873801e349"},"breadcrumb":{"@id":"https:\/\/challengeseconomiques.com\/?p=6212#breadcrumb"},"inLanguage":"fr-FR","potentialAction":[{"@type":"ReadAction","target":["https:\/\/challengeseconomiques.com\/?p=6212"]}]},{"@type":"ImageObject","inLanguage":"fr-FR","@id":"https:\/\/challengeseconomiques.com\/?p=6212#primaryimage","url":"https:\/\/challengeseconomiques.com\/wp-content\/uploads\/2024\/04\/sarrba.jpg","contentUrl":"https:\/\/challengeseconomiques.com\/wp-content\/uploads\/2024\/04\/sarrba.jpg","width":1280,"height":887},{"@type":"BreadcrumbList","@id":"https:\/\/challengeseconomiques.com\/?p=6212#breadcrumb","itemListElement":[{"@type":"ListItem","position":1,"name":"Home","item":"https:\/\/challengeseconomiques.com\/"},{"@type":"ListItem","position":2,"name":"ECONOMIE-PERSPECTIVES \/ Abdourahmane Sarr \u00e9voque les implications de \u201cla souverainet\u00e9 \u00e9conomique\u201d"}]},{"@type":"WebSite","@id":"https:\/\/challengeseconomiques.com\/#website","url":"https:\/\/challengeseconomiques.com\/","name":"challenges economiques","description":"","potentialAction":[{"@type":"SearchAction","target":{"@type":"EntryPoint","urlTemplate":"https:\/\/challengeseconomiques.com\/?s={search_term_string}"},"query-input":{"@type":"PropertyValueSpecification","valueRequired":true,"valueName":"search_term_string"}}],"inLanguage":"fr-FR"},{"@type":"Person","@id":"https:\/\/challengeseconomiques.com\/#\/schema\/person\/b4568c9afebc5a9238a771873801e349","name":"admin","image":{"@type":"ImageObject","inLanguage":"fr-FR","@id":"https:\/\/challengeseconomiques.com\/#\/schema\/person\/image\/","url":"https:\/\/secure.gravatar.com\/avatar\/099e42240b5eea11acdb72751fcce0dd918603f0749d24974b7984ea47ed9fd9?s=96&d=mm&r=g","contentUrl":"https:\/\/secure.gravatar.com\/avatar\/099e42240b5eea11acdb72751fcce0dd918603f0749d24974b7984ea47ed9fd9?s=96&d=mm&r=g","caption":"admin"},"sameAs":["https:\/\/challengeseconomiques.com"],"url":"https:\/\/challengeseconomiques.com\/?author=1"}]}},"jetpack_featured_media_url":"https:\/\/challengeseconomiques.com\/wp-content\/uploads\/2024\/04\/sarrba.jpg","jetpack_sharing_enabled":true,"_links":{"self":[{"href":"https:\/\/challengeseconomiques.com\/index.php?rest_route=\/wp\/v2\/posts\/6212","targetHints":{"allow":["GET"]}}],"collection":[{"href":"https:\/\/challengeseconomiques.com\/index.php?rest_route=\/wp\/v2\/posts"}],"about":[{"href":"https:\/\/challengeseconomiques.com\/index.php?rest_route=\/wp\/v2\/types\/post"}],"author":[{"embeddable":true,"href":"https:\/\/challengeseconomiques.com\/index.php?rest_route=\/wp\/v2\/users\/1"}],"replies":[{"embeddable":true,"href":"https:\/\/challengeseconomiques.com\/index.php?rest_route=%2Fwp%2Fv2%2Fcomments&post=6212"}],"version-history":[{"count":1,"href":"https:\/\/challengeseconomiques.com\/index.php?rest_route=\/wp\/v2\/posts\/6212\/revisions"}],"predecessor-version":[{"id":6214,"href":"https:\/\/challengeseconomiques.com\/index.php?rest_route=\/wp\/v2\/posts\/6212\/revisions\/6214"}],"wp:featuredmedia":[{"embeddable":true,"href":"https:\/\/challengeseconomiques.com\/index.php?rest_route=\/wp\/v2\/media\/6213"}],"wp:attachment":[{"href":"https:\/\/challengeseconomiques.com\/index.php?rest_route=%2Fwp%2Fv2%2Fmedia&parent=6212"}],"wp:term":[{"taxonomy":"category","embeddable":true,"href":"https:\/\/challengeseconomiques.com\/index.php?rest_route=%2Fwp%2Fv2%2Fcategories&post=6212"},{"taxonomy":"post_tag","embeddable":true,"href":"https:\/\/challengeseconomiques.com\/index.php?rest_route=%2Fwp%2Fv2%2Ftags&post=6212"}],"curies":[{"name":"wp","href":"https:\/\/api.w.org\/{rel}","templated":true}]}}