{"id":6210,"date":"2024-04-13T17:00:08","date_gmt":"2024-04-13T17:00:08","guid":{"rendered":"https:\/\/challengeseconomiques.com\/?p=6210"},"modified":"2024-04-13T17:00:41","modified_gmt":"2024-04-13T17:00:41","slug":"cession-des-parts-de-societe-generale-au-maroc-un-accord-annonce-pour-794-millions-de-dollars","status":"publish","type":"post","link":"https:\/\/challengeseconomiques.com\/?p=6210","title":{"rendered":"Cession des parts de Soci\u00e9t\u00e9 G\u00e9n\u00e9rale au Maroc : un accord annonc\u00e9 pour 794 millions de dollars"},"content":{"rendered":"<div class=\"itemIntroText\">\n<p class=\"texte textearticle\"><strong>\u00a0Des autorisations sont encore requises, le m\u00e9canisme de financement est inconnu et Soci\u00e9t\u00e9 G\u00e9n\u00e9rale pr\u00e9voit de conserver une relative pr\u00e9sence \u00e9conomique au Maroc<\/strong><\/p>\n<p class=\"texte textearticle\">Le groupe bancaire fran\u00e7ais, Soci\u00e9t\u00e9 G\u00e9n\u00e9rale, a officiellement annonc\u00e9 avoir trouv\u00e9 un accord pour c\u00e9der sa participation de 57,67% dans sa filiale marocaine au groupe de l&rsquo;homme d&rsquo;affaires Moulay Hafid Elalamy, pour un montant de 745 millions d&rsquo;euros (794,8 millions de dollars).<\/p>\n<p class=\"texte textearticle\"><em>\u00ab\u00a0Cette op\u00e9ration s&rsquo;inscrit dans la feuille de route strat\u00e9gique pr\u00e9sent\u00e9e en septembre 2023, visant \u00e0 simplifier le mod\u00e8le du groupe et renforcer les fonds propres<\/em>\u00a0\u00bb, a fait savoir la banque.<\/p>\n<p class=\"texte textearticle\">Si Soci\u00e9t\u00e9 G\u00e9n\u00e9rale se d\u00e9sengage en c\u00e9dant ses parts, elle pr\u00e9voit cependant de maintenir une pr\u00e9sence \u00e9conomique au Maroc. Un partenariat commercial de long terme est annonc\u00e9 avec le repreneur, afin que les clients du groupe puissent continuer \u00e0 faire appel \u00e0 un partenaire bancaire local.<\/p>\n<p class=\"texte textearticle\">Pour Moulay Hafid Elalamy, cette transaction marque un retour remarqu\u00e9 dans le secteur financier marocain, apr\u00e8s avoir c\u00e9d\u00e9 en 2022 son groupe d&rsquo;assurances \u00e0 la soci\u00e9t\u00e9 sud-africaine Sanlam. L&rsquo;homme d&rsquo;affaires s&rsquo;est dit <em>\u00ab\u00a0heureux\u00a0\u00bb<\/em> de cette opportunit\u00e9 de reprendre pied dans la finance de son pays.<\/p>\n<p class=\"texte textearticle\">Le p\u00e9rim\u00e8tre de la cession comprend des entit\u00e9s cl\u00e9s telles que Soci\u00e9t\u00e9 G\u00e9n\u00e9rale Maroc, EQDOM (financement sp\u00e9cialis\u00e9), La Marocaine Vie (assurance), Soci\u00e9t\u00e9 G\u00e9n\u00e9rale de Leasing au Maroc, Investima, ainsi que plusieurs filiales de gestion d&rsquo;actifs et de courtage. Si les modalit\u00e9s de financement de cette op\u00e9ration restent inconnues, les ambitions du groupe Elalamy ne semblent pas se limiter au Maroc.<\/p>\n<p class=\"texte textearticle\">Apr\u00e8s la vente de ses activit\u00e9s assurances, sa holding s&rsquo;est mu\u00e9e en fonds d&rsquo;investissement panafricain, avec pour objectif de se reconstituer un portefeuille diversifi\u00e9. Le rachat d&rsquo;autres filiales de Soci\u00e9t\u00e9 G\u00e9n\u00e9rale en Afrique subsaharienne a \u00e9t\u00e9 pr\u00e9sent\u00e9 comme probable, selon certaines rumeurs non encore confirm\u00e9es.<\/p>\n<p class=\"texte textearticle\">La finalisation de ce d\u00e9sengagement au Maroc, sous r\u00e9serve des approbations r\u00e9glementaires, marque une nouvelle \u00e9tape dans l&rsquo;ex\u00e9cution du plan strat\u00e9gique de recentrage de Soci\u00e9t\u00e9 G\u00e9n\u00e9rale. Le groupe fran\u00e7ais dit poursuivre ainsi sa restructuration pour fa\u00e7onner un mod\u00e8le simplifi\u00e9 et plus performant, tout en renfor\u00e7ant ses fonds propres.<\/p>\n<p><strong>(Agence Ecofin)<br \/>\n<\/strong><\/p>\n<\/div>\n","protected":false},"excerpt":{"rendered":"<p>\u00a0Des autorisations sont encore requises, le m\u00e9canisme de financement est inconnu et Soci\u00e9t\u00e9 G\u00e9n\u00e9rale pr\u00e9voit de conserver une relative pr\u00e9sence \u00e9conomique au Maroc Le groupe&#8230;<\/p>\n","protected":false},"author":1,"featured_media":6140,"comment_status":"closed","ping_status":"open","sticky":false,"template":"","format":"standard","meta":{"_jetpack_memberships_contains_paid_content":false,"footnotes":""},"categories":[8,10],"tags":[],"class_list":["post-6210","post","type-post","status-publish","format-standard","has-post-thumbnail","hentry","category-actualite-economique","category-infos-eco","wpcat-8-id","wpcat-10-id"],"yoast_head":"<!-- This site is optimized with the Yoast SEO plugin v27.1.1 - https:\/\/yoast.com\/product\/yoast-seo-wordpress\/ -->\n<title>Cession des parts de Soci\u00e9t\u00e9 G\u00e9n\u00e9rale au Maroc : un accord annonc\u00e9 pour 794 millions de dollars - challenges economiques<\/title>\n<meta name=\"robots\" content=\"index, follow, max-snippet:-1, max-image-preview:large, max-video-preview:-1\" \/>\n<link rel=\"canonical\" href=\"https:\/\/challengeseconomiques.com\/?p=6210\" \/>\n<meta property=\"og:locale\" content=\"fr_FR\" \/>\n<meta property=\"og:type\" content=\"article\" \/>\n<meta property=\"og:title\" content=\"Cession des parts de Soci\u00e9t\u00e9 G\u00e9n\u00e9rale au Maroc : un accord annonc\u00e9 pour 794 millions de dollars - challenges economiques\" \/>\n<meta property=\"og:description\" content=\"\u00a0Des autorisations sont encore requises, le m\u00e9canisme de financement est inconnu et Soci\u00e9t\u00e9 G\u00e9n\u00e9rale pr\u00e9voit de conserver une relative pr\u00e9sence \u00e9conomique au Maroc Le groupe...\" \/>\n<meta property=\"og:url\" content=\"https:\/\/challengeseconomiques.com\/?p=6210\" \/>\n<meta property=\"og:site_name\" content=\"challenges economiques\" \/>\n<meta property=\"article:published_time\" content=\"2024-04-13T17:00:08+00:00\" \/>\n<meta property=\"article:modified_time\" content=\"2024-04-13T17:00:41+00:00\" \/>\n<meta property=\"og:image\" content=\"https:\/\/challengeseconomiques.com\/wp-content\/uploads\/2024\/03\/SG-MAROC.jpg\" \/>\n\t<meta property=\"og:image:width\" content=\"600\" \/>\n\t<meta property=\"og:image:height\" content=\"436\" \/>\n\t<meta property=\"og:image:type\" content=\"image\/jpeg\" \/>\n<meta name=\"author\" content=\"admin\" \/>\n<meta name=\"twitter:card\" content=\"summary_large_image\" \/>\n<meta name=\"twitter:label1\" content=\"\u00c9crit par\" \/>\n\t<meta name=\"twitter:data1\" content=\"admin\" \/>\n\t<meta name=\"twitter:label2\" content=\"Dur\u00e9e de lecture estim\u00e9e\" \/>\n\t<meta name=\"twitter:data2\" content=\"2 minutes\" \/>\n<script type=\"application\/ld+json\" class=\"yoast-schema-graph\">{\"@context\":\"https:\/\/schema.org\",\"@graph\":[{\"@type\":\"Article\",\"@id\":\"https:\/\/challengeseconomiques.com\/?p=6210#article\",\"isPartOf\":{\"@id\":\"https:\/\/challengeseconomiques.com\/?p=6210\"},\"author\":{\"name\":\"admin\",\"@id\":\"https:\/\/challengeseconomiques.com\/#\/schema\/person\/b4568c9afebc5a9238a771873801e349\"},\"headline\":\"Cession des parts de Soci\u00e9t\u00e9 G\u00e9n\u00e9rale au Maroc : un accord annonc\u00e9 pour 794 millions de dollars\",\"datePublished\":\"2024-04-13T17:00:08+00:00\",\"dateModified\":\"2024-04-13T17:00:41+00:00\",\"mainEntityOfPage\":{\"@id\":\"https:\/\/challengeseconomiques.com\/?p=6210\"},\"wordCount\":422,\"image\":{\"@id\":\"https:\/\/challengeseconomiques.com\/?p=6210#primaryimage\"},\"thumbnailUrl\":\"https:\/\/challengeseconomiques.com\/wp-content\/uploads\/2024\/03\/SG-MAROC.jpg\",\"articleSection\":[\"Actualit\u00e9 \u00e9conomique\",\"Infos \u00e9co\"],\"inLanguage\":\"fr-FR\"},{\"@type\":\"WebPage\",\"@id\":\"https:\/\/challengeseconomiques.com\/?p=6210\",\"url\":\"https:\/\/challengeseconomiques.com\/?p=6210\",\"name\":\"Cession des parts de Soci\u00e9t\u00e9 G\u00e9n\u00e9rale au Maroc : un accord annonc\u00e9 pour 794 millions de dollars - challenges economiques\",\"isPartOf\":{\"@id\":\"https:\/\/challengeseconomiques.com\/#website\"},\"primaryImageOfPage\":{\"@id\":\"https:\/\/challengeseconomiques.com\/?p=6210#primaryimage\"},\"image\":{\"@id\":\"https:\/\/challengeseconomiques.com\/?p=6210#primaryimage\"},\"thumbnailUrl\":\"https:\/\/challengeseconomiques.com\/wp-content\/uploads\/2024\/03\/SG-MAROC.jpg\",\"datePublished\":\"2024-04-13T17:00:08+00:00\",\"dateModified\":\"2024-04-13T17:00:41+00:00\",\"author\":{\"@id\":\"https:\/\/challengeseconomiques.com\/#\/schema\/person\/b4568c9afebc5a9238a771873801e349\"},\"breadcrumb\":{\"@id\":\"https:\/\/challengeseconomiques.com\/?p=6210#breadcrumb\"},\"inLanguage\":\"fr-FR\",\"potentialAction\":[{\"@type\":\"ReadAction\",\"target\":[\"https:\/\/challengeseconomiques.com\/?p=6210\"]}]},{\"@type\":\"ImageObject\",\"inLanguage\":\"fr-FR\",\"@id\":\"https:\/\/challengeseconomiques.com\/?p=6210#primaryimage\",\"url\":\"https:\/\/challengeseconomiques.com\/wp-content\/uploads\/2024\/03\/SG-MAROC.jpg\",\"contentUrl\":\"https:\/\/challengeseconomiques.com\/wp-content\/uploads\/2024\/03\/SG-MAROC.jpg\",\"width\":600,\"height\":436},{\"@type\":\"BreadcrumbList\",\"@id\":\"https:\/\/challengeseconomiques.com\/?p=6210#breadcrumb\",\"itemListElement\":[{\"@type\":\"ListItem\",\"position\":1,\"name\":\"Home\",\"item\":\"https:\/\/challengeseconomiques.com\/\"},{\"@type\":\"ListItem\",\"position\":2,\"name\":\"Cession des parts de Soci\u00e9t\u00e9 G\u00e9n\u00e9rale au Maroc : un accord annonc\u00e9 pour 794 millions de dollars\"}]},{\"@type\":\"WebSite\",\"@id\":\"https:\/\/challengeseconomiques.com\/#website\",\"url\":\"https:\/\/challengeseconomiques.com\/\",\"name\":\"challenges economiques\",\"description\":\"\",\"potentialAction\":[{\"@type\":\"SearchAction\",\"target\":{\"@type\":\"EntryPoint\",\"urlTemplate\":\"https:\/\/challengeseconomiques.com\/?s={search_term_string}\"},\"query-input\":{\"@type\":\"PropertyValueSpecification\",\"valueRequired\":true,\"valueName\":\"search_term_string\"}}],\"inLanguage\":\"fr-FR\"},{\"@type\":\"Person\",\"@id\":\"https:\/\/challengeseconomiques.com\/#\/schema\/person\/b4568c9afebc5a9238a771873801e349\",\"name\":\"admin\",\"image\":{\"@type\":\"ImageObject\",\"inLanguage\":\"fr-FR\",\"@id\":\"https:\/\/challengeseconomiques.com\/#\/schema\/person\/image\/\",\"url\":\"https:\/\/secure.gravatar.com\/avatar\/099e42240b5eea11acdb72751fcce0dd918603f0749d24974b7984ea47ed9fd9?s=96&d=mm&r=g\",\"contentUrl\":\"https:\/\/secure.gravatar.com\/avatar\/099e42240b5eea11acdb72751fcce0dd918603f0749d24974b7984ea47ed9fd9?s=96&d=mm&r=g\",\"caption\":\"admin\"},\"sameAs\":[\"https:\/\/challengeseconomiques.com\"],\"url\":\"https:\/\/challengeseconomiques.com\/?author=1\"}]}<\/script>\n<!-- \/ Yoast SEO plugin. -->","yoast_head_json":{"title":"Cession des parts de Soci\u00e9t\u00e9 G\u00e9n\u00e9rale au Maroc : un accord annonc\u00e9 pour 794 millions de dollars - challenges economiques","robots":{"index":"index","follow":"follow","max-snippet":"max-snippet:-1","max-image-preview":"max-image-preview:large","max-video-preview":"max-video-preview:-1"},"canonical":"https:\/\/challengeseconomiques.com\/?p=6210","og_locale":"fr_FR","og_type":"article","og_title":"Cession des parts de Soci\u00e9t\u00e9 G\u00e9n\u00e9rale au Maroc : un accord annonc\u00e9 pour 794 millions de dollars - challenges economiques","og_description":"\u00a0Des autorisations sont encore requises, le m\u00e9canisme de financement est inconnu et Soci\u00e9t\u00e9 G\u00e9n\u00e9rale pr\u00e9voit de conserver une relative pr\u00e9sence \u00e9conomique au Maroc Le groupe...","og_url":"https:\/\/challengeseconomiques.com\/?p=6210","og_site_name":"challenges economiques","article_published_time":"2024-04-13T17:00:08+00:00","article_modified_time":"2024-04-13T17:00:41+00:00","og_image":[{"width":600,"height":436,"url":"https:\/\/challengeseconomiques.com\/wp-content\/uploads\/2024\/03\/SG-MAROC.jpg","type":"image\/jpeg"}],"author":"admin","twitter_card":"summary_large_image","twitter_misc":{"\u00c9crit par":"admin","Dur\u00e9e de lecture estim\u00e9e":"2 minutes"},"schema":{"@context":"https:\/\/schema.org","@graph":[{"@type":"Article","@id":"https:\/\/challengeseconomiques.com\/?p=6210#article","isPartOf":{"@id":"https:\/\/challengeseconomiques.com\/?p=6210"},"author":{"name":"admin","@id":"https:\/\/challengeseconomiques.com\/#\/schema\/person\/b4568c9afebc5a9238a771873801e349"},"headline":"Cession des parts de Soci\u00e9t\u00e9 G\u00e9n\u00e9rale au Maroc : un accord annonc\u00e9 pour 794 millions de dollars","datePublished":"2024-04-13T17:00:08+00:00","dateModified":"2024-04-13T17:00:41+00:00","mainEntityOfPage":{"@id":"https:\/\/challengeseconomiques.com\/?p=6210"},"wordCount":422,"image":{"@id":"https:\/\/challengeseconomiques.com\/?p=6210#primaryimage"},"thumbnailUrl":"https:\/\/challengeseconomiques.com\/wp-content\/uploads\/2024\/03\/SG-MAROC.jpg","articleSection":["Actualit\u00e9 \u00e9conomique","Infos \u00e9co"],"inLanguage":"fr-FR"},{"@type":"WebPage","@id":"https:\/\/challengeseconomiques.com\/?p=6210","url":"https:\/\/challengeseconomiques.com\/?p=6210","name":"Cession des parts de Soci\u00e9t\u00e9 G\u00e9n\u00e9rale au Maroc : un accord annonc\u00e9 pour 794 millions de dollars - challenges economiques","isPartOf":{"@id":"https:\/\/challengeseconomiques.com\/#website"},"primaryImageOfPage":{"@id":"https:\/\/challengeseconomiques.com\/?p=6210#primaryimage"},"image":{"@id":"https:\/\/challengeseconomiques.com\/?p=6210#primaryimage"},"thumbnailUrl":"https:\/\/challengeseconomiques.com\/wp-content\/uploads\/2024\/03\/SG-MAROC.jpg","datePublished":"2024-04-13T17:00:08+00:00","dateModified":"2024-04-13T17:00:41+00:00","author":{"@id":"https:\/\/challengeseconomiques.com\/#\/schema\/person\/b4568c9afebc5a9238a771873801e349"},"breadcrumb":{"@id":"https:\/\/challengeseconomiques.com\/?p=6210#breadcrumb"},"inLanguage":"fr-FR","potentialAction":[{"@type":"ReadAction","target":["https:\/\/challengeseconomiques.com\/?p=6210"]}]},{"@type":"ImageObject","inLanguage":"fr-FR","@id":"https:\/\/challengeseconomiques.com\/?p=6210#primaryimage","url":"https:\/\/challengeseconomiques.com\/wp-content\/uploads\/2024\/03\/SG-MAROC.jpg","contentUrl":"https:\/\/challengeseconomiques.com\/wp-content\/uploads\/2024\/03\/SG-MAROC.jpg","width":600,"height":436},{"@type":"BreadcrumbList","@id":"https:\/\/challengeseconomiques.com\/?p=6210#breadcrumb","itemListElement":[{"@type":"ListItem","position":1,"name":"Home","item":"https:\/\/challengeseconomiques.com\/"},{"@type":"ListItem","position":2,"name":"Cession des parts de Soci\u00e9t\u00e9 G\u00e9n\u00e9rale au Maroc : un accord annonc\u00e9 pour 794 millions de dollars"}]},{"@type":"WebSite","@id":"https:\/\/challengeseconomiques.com\/#website","url":"https:\/\/challengeseconomiques.com\/","name":"challenges economiques","description":"","potentialAction":[{"@type":"SearchAction","target":{"@type":"EntryPoint","urlTemplate":"https:\/\/challengeseconomiques.com\/?s={search_term_string}"},"query-input":{"@type":"PropertyValueSpecification","valueRequired":true,"valueName":"search_term_string"}}],"inLanguage":"fr-FR"},{"@type":"Person","@id":"https:\/\/challengeseconomiques.com\/#\/schema\/person\/b4568c9afebc5a9238a771873801e349","name":"admin","image":{"@type":"ImageObject","inLanguage":"fr-FR","@id":"https:\/\/challengeseconomiques.com\/#\/schema\/person\/image\/","url":"https:\/\/secure.gravatar.com\/avatar\/099e42240b5eea11acdb72751fcce0dd918603f0749d24974b7984ea47ed9fd9?s=96&d=mm&r=g","contentUrl":"https:\/\/secure.gravatar.com\/avatar\/099e42240b5eea11acdb72751fcce0dd918603f0749d24974b7984ea47ed9fd9?s=96&d=mm&r=g","caption":"admin"},"sameAs":["https:\/\/challengeseconomiques.com"],"url":"https:\/\/challengeseconomiques.com\/?author=1"}]}},"jetpack_featured_media_url":"https:\/\/challengeseconomiques.com\/wp-content\/uploads\/2024\/03\/SG-MAROC.jpg","jetpack_sharing_enabled":true,"_links":{"self":[{"href":"https:\/\/challengeseconomiques.com\/index.php?rest_route=\/wp\/v2\/posts\/6210","targetHints":{"allow":["GET"]}}],"collection":[{"href":"https:\/\/challengeseconomiques.com\/index.php?rest_route=\/wp\/v2\/posts"}],"about":[{"href":"https:\/\/challengeseconomiques.com\/index.php?rest_route=\/wp\/v2\/types\/post"}],"author":[{"embeddable":true,"href":"https:\/\/challengeseconomiques.com\/index.php?rest_route=\/wp\/v2\/users\/1"}],"replies":[{"embeddable":true,"href":"https:\/\/challengeseconomiques.com\/index.php?rest_route=%2Fwp%2Fv2%2Fcomments&post=6210"}],"version-history":[{"count":1,"href":"https:\/\/challengeseconomiques.com\/index.php?rest_route=\/wp\/v2\/posts\/6210\/revisions"}],"predecessor-version":[{"id":6211,"href":"https:\/\/challengeseconomiques.com\/index.php?rest_route=\/wp\/v2\/posts\/6210\/revisions\/6211"}],"wp:featuredmedia":[{"embeddable":true,"href":"https:\/\/challengeseconomiques.com\/index.php?rest_route=\/wp\/v2\/media\/6140"}],"wp:attachment":[{"href":"https:\/\/challengeseconomiques.com\/index.php?rest_route=%2Fwp%2Fv2%2Fmedia&parent=6210"}],"wp:term":[{"taxonomy":"category","embeddable":true,"href":"https:\/\/challengeseconomiques.com\/index.php?rest_route=%2Fwp%2Fv2%2Fcategories&post=6210"},{"taxonomy":"post_tag","embeddable":true,"href":"https:\/\/challengeseconomiques.com\/index.php?rest_route=%2Fwp%2Fv2%2Ftags&post=6210"}],"curies":[{"name":"wp","href":"https:\/\/api.w.org\/{rel}","templated":true}]}}