{"id":6202,"date":"2024-04-12T11:38:29","date_gmt":"2024-04-12T11:38:29","guid":{"rendered":"https:\/\/challengeseconomiques.com\/?p=6202"},"modified":"2024-04-12T11:39:13","modified_gmt":"2024-04-12T11:39:13","slug":"mamadou-moustapha-ba-salue-le-travail-abattu-a-la-tete-du-ministere-des-finances-et-du-budget","status":"publish","type":"post","link":"https:\/\/challengeseconomiques.com\/?p=6202","title":{"rendered":"Mamadou Moustapha Ba salue le travail abattu \u00e0 la t\u00eate du minist\u00e8re des finances et du budget"},"content":{"rendered":"<p><strong>Mamadou Moustapha Ba, le ministre de l\u2019\u00e9conomie, des finances, du plan et de la coop\u00e9ration a tir\u00e9 un bilan positif de son travail \u00e0 la t\u00eate de ce minist\u00e8re. Pour ce faire, il a particuli\u00e8rement not\u00e9 les mutations enregistr\u00e9es par les finances publiques avec des budgets record d\u2019une ann\u00e9e \u00e0 l\u2019autre <\/strong><\/p>\n<p>S\u2019exprimant \u00e0 l\u2019occasion de la c\u00e9r\u00e9monie de passation de services avec son rempla\u00e7ant, Cheikh Diba, son \u00ab\u00a0petit fr\u00e8re\u00a0\u00bb,\u00a0 \u00e0 la t\u00eate du d\u00e9partement des finances et du budget, Mamadou Moustapha Ba a indiqu\u00e9 que le budget du S\u00e9n\u00e9gal a atteint les 7003 milliards FCFA en 2024, apr\u00e8s les 4071 milliards francs CFA de 2019 et les 3022 milliards FCFA de 2016.<\/p>\n<p>Il a fait remarquer que les mutations enregistr\u00e9es sur le budget ont permis d\u2019assurer la mise en \u0153uvre des investissements structurants majeurs du plan S\u00e9n\u00e9gal \u00e9mergent (PSE).<\/p>\n<p>\u00ab\u00a0Ces mutations ont permis un rattrapage infrastructurel avec les 2526 km de routes, les 6673 km de pistes de d\u00e9senclavement, les 189 km d\u2019autoroute, les ponts, le projet pilote de Bus Rapid Transit, la relance du transport ferroviaire avec le Train Express R\u00e9gional et la r\u00e9habilitation de l\u2019axe Dakar-Tambacounda et des villes de l\u2019int\u00e9rieur etc.\u00a0\u00bb, a list\u00e9 Mamadou Moustapha Ba.<\/p>\n<p>Il a aussi \u00e9voqu\u00e9 la politique d\u2019inclusion sociale, \u00e0 travers les marqueurs sociaux en insistant sur des programmes tels que le PUMA, PUDC, le CMU, Promovilles, les bourses de s\u00e9curit\u00e9 familiale, la D\u00e9l\u00e9gation \u00e0 l\u2019Entreprenariat Rapide (DER).<\/p>\n<p>\u00ab\u00a0Nous avons soutenu le pouvoir d\u2019achat des m\u00e9nages, \u00e0 travers des niveaux de subventions in\u00e9dits et de renoncements \u00e0 des droits des taxes et de douanes, aussi bien pour l\u2019\u00e9nergie, les hydrocarbures que les denr\u00e9es de premi\u00e8re n\u00e9cessit\u00e9 et proc\u00e9der \u00e0 d\u2019importantes revalorisations salariales\u00a0\u00bb, a relev\u00e9 le ministre sortant des finances et du budget.<\/p>\n<p>Il a rappel\u00e9 que toutes ces mesures, largement d\u00e9velopp\u00e9es dans la Premi\u00e8re partie de l\u2019expos\u00e9 des motifs de la loi N\u00b02023-18 du 15 d\u00e9cembre 2023 portant loi de finances pour l\u2019ann\u00e9e 2024, aux pages 4 \u00e0 21, ont \u00e9t\u00e9 vigoureusement d\u00e9battues lors de la derni\u00e8re session budg\u00e9taire.<\/p>\n<p>Il a par ailleurs rendu hommage aux honorables d\u00e9put\u00e9s qui ont adoub\u00e9 \u00e0 l\u2019occasion de ses diff\u00e9rents passages, les lois \u00e0 l\u2019assembl\u00e9e nationale, en faisant preuve de reconnaissances de\u00a0 la sinc\u00e9rit\u00e9 et la clairvoyance de ses propos.<\/p>\n<p><strong>Idrissa GUEYE<\/strong><\/p>\n","protected":false},"excerpt":{"rendered":"<p>Mamadou Moustapha Ba, le ministre de l\u2019\u00e9conomie, des finances, du plan et de la coop\u00e9ration a tir\u00e9 un bilan positif de son travail \u00e0 la&#8230;<\/p>\n","protected":false},"author":1,"featured_media":6203,"comment_status":"closed","ping_status":"open","sticky":false,"template":"","format":"standard","meta":{"_jetpack_memberships_contains_paid_content":false,"footnotes":""},"categories":[23,8,10],"tags":[],"class_list":["post-6202","post","type-post","status-publish","format-standard","has-post-thumbnail","hentry","category-a-la-une","category-actualite-economique","category-infos-eco","wpcat-23-id","wpcat-8-id","wpcat-10-id"],"yoast_head":"<!-- This site is optimized with the Yoast SEO plugin v27.1.1 - https:\/\/yoast.com\/product\/yoast-seo-wordpress\/ -->\n<title>Mamadou Moustapha Ba salue le travail abattu \u00e0 la t\u00eate du minist\u00e8re des finances et du budget - challenges economiques<\/title>\n<meta name=\"robots\" content=\"index, follow, max-snippet:-1, max-image-preview:large, max-video-preview:-1\" \/>\n<link rel=\"canonical\" href=\"https:\/\/challengeseconomiques.com\/?p=6202\" \/>\n<meta property=\"og:locale\" content=\"fr_FR\" \/>\n<meta property=\"og:type\" content=\"article\" \/>\n<meta property=\"og:title\" content=\"Mamadou Moustapha Ba salue le travail abattu \u00e0 la t\u00eate du minist\u00e8re des finances et du budget - challenges economiques\" \/>\n<meta property=\"og:description\" content=\"Mamadou Moustapha Ba, le ministre de l\u2019\u00e9conomie, des finances, du plan et de la coop\u00e9ration a tir\u00e9 un bilan positif de son travail \u00e0 la...\" \/>\n<meta property=\"og:url\" content=\"https:\/\/challengeseconomiques.com\/?p=6202\" \/>\n<meta property=\"og:site_name\" content=\"challenges economiques\" \/>\n<meta property=\"article:published_time\" content=\"2024-04-12T11:38:29+00:00\" \/>\n<meta property=\"article:modified_time\" content=\"2024-04-12T11:39:13+00:00\" \/>\n<meta property=\"og:image\" content=\"https:\/\/challengeseconomiques.com\/wp-content\/uploads\/2024\/04\/dibaetba.jpg\" \/>\n\t<meta property=\"og:image:width\" content=\"928\" \/>\n\t<meta property=\"og:image:height\" content=\"619\" \/>\n\t<meta property=\"og:image:type\" content=\"image\/jpeg\" \/>\n<meta name=\"author\" content=\"admin\" \/>\n<meta name=\"twitter:card\" content=\"summary_large_image\" \/>\n<meta name=\"twitter:label1\" content=\"\u00c9crit par\" \/>\n\t<meta name=\"twitter:data1\" content=\"admin\" \/>\n\t<meta name=\"twitter:label2\" content=\"Dur\u00e9e de lecture estim\u00e9e\" \/>\n\t<meta name=\"twitter:data2\" content=\"2 minutes\" \/>\n<script type=\"application\/ld+json\" class=\"yoast-schema-graph\">{\"@context\":\"https:\/\/schema.org\",\"@graph\":[{\"@type\":\"Article\",\"@id\":\"https:\/\/challengeseconomiques.com\/?p=6202#article\",\"isPartOf\":{\"@id\":\"https:\/\/challengeseconomiques.com\/?p=6202\"},\"author\":{\"name\":\"admin\",\"@id\":\"https:\/\/challengeseconomiques.com\/#\/schema\/person\/b4568c9afebc5a9238a771873801e349\"},\"headline\":\"Mamadou Moustapha Ba salue le travail abattu \u00e0 la t\u00eate du minist\u00e8re des finances et du budget\",\"datePublished\":\"2024-04-12T11:38:29+00:00\",\"dateModified\":\"2024-04-12T11:39:13+00:00\",\"mainEntityOfPage\":{\"@id\":\"https:\/\/challengeseconomiques.com\/?p=6202\"},\"wordCount\":431,\"image\":{\"@id\":\"https:\/\/challengeseconomiques.com\/?p=6202#primaryimage\"},\"thumbnailUrl\":\"https:\/\/challengeseconomiques.com\/wp-content\/uploads\/2024\/04\/dibaetba.jpg\",\"articleSection\":[\"A la une\",\"Actualit\u00e9 \u00e9conomique\",\"Infos \u00e9co\"],\"inLanguage\":\"fr-FR\"},{\"@type\":\"WebPage\",\"@id\":\"https:\/\/challengeseconomiques.com\/?p=6202\",\"url\":\"https:\/\/challengeseconomiques.com\/?p=6202\",\"name\":\"Mamadou Moustapha Ba salue le travail abattu \u00e0 la t\u00eate du minist\u00e8re des finances et du budget - challenges economiques\",\"isPartOf\":{\"@id\":\"https:\/\/challengeseconomiques.com\/#website\"},\"primaryImageOfPage\":{\"@id\":\"https:\/\/challengeseconomiques.com\/?p=6202#primaryimage\"},\"image\":{\"@id\":\"https:\/\/challengeseconomiques.com\/?p=6202#primaryimage\"},\"thumbnailUrl\":\"https:\/\/challengeseconomiques.com\/wp-content\/uploads\/2024\/04\/dibaetba.jpg\",\"datePublished\":\"2024-04-12T11:38:29+00:00\",\"dateModified\":\"2024-04-12T11:39:13+00:00\",\"author\":{\"@id\":\"https:\/\/challengeseconomiques.com\/#\/schema\/person\/b4568c9afebc5a9238a771873801e349\"},\"breadcrumb\":{\"@id\":\"https:\/\/challengeseconomiques.com\/?p=6202#breadcrumb\"},\"inLanguage\":\"fr-FR\",\"potentialAction\":[{\"@type\":\"ReadAction\",\"target\":[\"https:\/\/challengeseconomiques.com\/?p=6202\"]}]},{\"@type\":\"ImageObject\",\"inLanguage\":\"fr-FR\",\"@id\":\"https:\/\/challengeseconomiques.com\/?p=6202#primaryimage\",\"url\":\"https:\/\/challengeseconomiques.com\/wp-content\/uploads\/2024\/04\/dibaetba.jpg\",\"contentUrl\":\"https:\/\/challengeseconomiques.com\/wp-content\/uploads\/2024\/04\/dibaetba.jpg\",\"width\":928,\"height\":619},{\"@type\":\"BreadcrumbList\",\"@id\":\"https:\/\/challengeseconomiques.com\/?p=6202#breadcrumb\",\"itemListElement\":[{\"@type\":\"ListItem\",\"position\":1,\"name\":\"Home\",\"item\":\"https:\/\/challengeseconomiques.com\/\"},{\"@type\":\"ListItem\",\"position\":2,\"name\":\"Mamadou Moustapha Ba salue le travail abattu \u00e0 la t\u00eate du minist\u00e8re des finances et du budget\"}]},{\"@type\":\"WebSite\",\"@id\":\"https:\/\/challengeseconomiques.com\/#website\",\"url\":\"https:\/\/challengeseconomiques.com\/\",\"name\":\"challenges economiques\",\"description\":\"\",\"potentialAction\":[{\"@type\":\"SearchAction\",\"target\":{\"@type\":\"EntryPoint\",\"urlTemplate\":\"https:\/\/challengeseconomiques.com\/?s={search_term_string}\"},\"query-input\":{\"@type\":\"PropertyValueSpecification\",\"valueRequired\":true,\"valueName\":\"search_term_string\"}}],\"inLanguage\":\"fr-FR\"},{\"@type\":\"Person\",\"@id\":\"https:\/\/challengeseconomiques.com\/#\/schema\/person\/b4568c9afebc5a9238a771873801e349\",\"name\":\"admin\",\"image\":{\"@type\":\"ImageObject\",\"inLanguage\":\"fr-FR\",\"@id\":\"https:\/\/challengeseconomiques.com\/#\/schema\/person\/image\/\",\"url\":\"https:\/\/secure.gravatar.com\/avatar\/099e42240b5eea11acdb72751fcce0dd918603f0749d24974b7984ea47ed9fd9?s=96&d=mm&r=g\",\"contentUrl\":\"https:\/\/secure.gravatar.com\/avatar\/099e42240b5eea11acdb72751fcce0dd918603f0749d24974b7984ea47ed9fd9?s=96&d=mm&r=g\",\"caption\":\"admin\"},\"sameAs\":[\"https:\/\/challengeseconomiques.com\"],\"url\":\"https:\/\/challengeseconomiques.com\/?author=1\"}]}<\/script>\n<!-- \/ Yoast SEO plugin. -->","yoast_head_json":{"title":"Mamadou Moustapha Ba salue le travail abattu \u00e0 la t\u00eate du minist\u00e8re des finances et du budget - challenges economiques","robots":{"index":"index","follow":"follow","max-snippet":"max-snippet:-1","max-image-preview":"max-image-preview:large","max-video-preview":"max-video-preview:-1"},"canonical":"https:\/\/challengeseconomiques.com\/?p=6202","og_locale":"fr_FR","og_type":"article","og_title":"Mamadou Moustapha Ba salue le travail abattu \u00e0 la t\u00eate du minist\u00e8re des finances et du budget - challenges economiques","og_description":"Mamadou Moustapha Ba, le ministre de l\u2019\u00e9conomie, des finances, du plan et de la coop\u00e9ration a tir\u00e9 un bilan positif de son travail \u00e0 la...","og_url":"https:\/\/challengeseconomiques.com\/?p=6202","og_site_name":"challenges economiques","article_published_time":"2024-04-12T11:38:29+00:00","article_modified_time":"2024-04-12T11:39:13+00:00","og_image":[{"width":928,"height":619,"url":"https:\/\/challengeseconomiques.com\/wp-content\/uploads\/2024\/04\/dibaetba.jpg","type":"image\/jpeg"}],"author":"admin","twitter_card":"summary_large_image","twitter_misc":{"\u00c9crit par":"admin","Dur\u00e9e de lecture estim\u00e9e":"2 minutes"},"schema":{"@context":"https:\/\/schema.org","@graph":[{"@type":"Article","@id":"https:\/\/challengeseconomiques.com\/?p=6202#article","isPartOf":{"@id":"https:\/\/challengeseconomiques.com\/?p=6202"},"author":{"name":"admin","@id":"https:\/\/challengeseconomiques.com\/#\/schema\/person\/b4568c9afebc5a9238a771873801e349"},"headline":"Mamadou Moustapha Ba salue le travail abattu \u00e0 la t\u00eate du minist\u00e8re des finances et du budget","datePublished":"2024-04-12T11:38:29+00:00","dateModified":"2024-04-12T11:39:13+00:00","mainEntityOfPage":{"@id":"https:\/\/challengeseconomiques.com\/?p=6202"},"wordCount":431,"image":{"@id":"https:\/\/challengeseconomiques.com\/?p=6202#primaryimage"},"thumbnailUrl":"https:\/\/challengeseconomiques.com\/wp-content\/uploads\/2024\/04\/dibaetba.jpg","articleSection":["A la une","Actualit\u00e9 \u00e9conomique","Infos \u00e9co"],"inLanguage":"fr-FR"},{"@type":"WebPage","@id":"https:\/\/challengeseconomiques.com\/?p=6202","url":"https:\/\/challengeseconomiques.com\/?p=6202","name":"Mamadou Moustapha Ba salue le travail abattu \u00e0 la t\u00eate du minist\u00e8re des finances et du budget - challenges economiques","isPartOf":{"@id":"https:\/\/challengeseconomiques.com\/#website"},"primaryImageOfPage":{"@id":"https:\/\/challengeseconomiques.com\/?p=6202#primaryimage"},"image":{"@id":"https:\/\/challengeseconomiques.com\/?p=6202#primaryimage"},"thumbnailUrl":"https:\/\/challengeseconomiques.com\/wp-content\/uploads\/2024\/04\/dibaetba.jpg","datePublished":"2024-04-12T11:38:29+00:00","dateModified":"2024-04-12T11:39:13+00:00","author":{"@id":"https:\/\/challengeseconomiques.com\/#\/schema\/person\/b4568c9afebc5a9238a771873801e349"},"breadcrumb":{"@id":"https:\/\/challengeseconomiques.com\/?p=6202#breadcrumb"},"inLanguage":"fr-FR","potentialAction":[{"@type":"ReadAction","target":["https:\/\/challengeseconomiques.com\/?p=6202"]}]},{"@type":"ImageObject","inLanguage":"fr-FR","@id":"https:\/\/challengeseconomiques.com\/?p=6202#primaryimage","url":"https:\/\/challengeseconomiques.com\/wp-content\/uploads\/2024\/04\/dibaetba.jpg","contentUrl":"https:\/\/challengeseconomiques.com\/wp-content\/uploads\/2024\/04\/dibaetba.jpg","width":928,"height":619},{"@type":"BreadcrumbList","@id":"https:\/\/challengeseconomiques.com\/?p=6202#breadcrumb","itemListElement":[{"@type":"ListItem","position":1,"name":"Home","item":"https:\/\/challengeseconomiques.com\/"},{"@type":"ListItem","position":2,"name":"Mamadou Moustapha Ba salue le travail abattu \u00e0 la t\u00eate du minist\u00e8re des finances et du budget"}]},{"@type":"WebSite","@id":"https:\/\/challengeseconomiques.com\/#website","url":"https:\/\/challengeseconomiques.com\/","name":"challenges economiques","description":"","potentialAction":[{"@type":"SearchAction","target":{"@type":"EntryPoint","urlTemplate":"https:\/\/challengeseconomiques.com\/?s={search_term_string}"},"query-input":{"@type":"PropertyValueSpecification","valueRequired":true,"valueName":"search_term_string"}}],"inLanguage":"fr-FR"},{"@type":"Person","@id":"https:\/\/challengeseconomiques.com\/#\/schema\/person\/b4568c9afebc5a9238a771873801e349","name":"admin","image":{"@type":"ImageObject","inLanguage":"fr-FR","@id":"https:\/\/challengeseconomiques.com\/#\/schema\/person\/image\/","url":"https:\/\/secure.gravatar.com\/avatar\/099e42240b5eea11acdb72751fcce0dd918603f0749d24974b7984ea47ed9fd9?s=96&d=mm&r=g","contentUrl":"https:\/\/secure.gravatar.com\/avatar\/099e42240b5eea11acdb72751fcce0dd918603f0749d24974b7984ea47ed9fd9?s=96&d=mm&r=g","caption":"admin"},"sameAs":["https:\/\/challengeseconomiques.com"],"url":"https:\/\/challengeseconomiques.com\/?author=1"}]}},"jetpack_featured_media_url":"https:\/\/challengeseconomiques.com\/wp-content\/uploads\/2024\/04\/dibaetba.jpg","jetpack_sharing_enabled":true,"_links":{"self":[{"href":"https:\/\/challengeseconomiques.com\/index.php?rest_route=\/wp\/v2\/posts\/6202","targetHints":{"allow":["GET"]}}],"collection":[{"href":"https:\/\/challengeseconomiques.com\/index.php?rest_route=\/wp\/v2\/posts"}],"about":[{"href":"https:\/\/challengeseconomiques.com\/index.php?rest_route=\/wp\/v2\/types\/post"}],"author":[{"embeddable":true,"href":"https:\/\/challengeseconomiques.com\/index.php?rest_route=\/wp\/v2\/users\/1"}],"replies":[{"embeddable":true,"href":"https:\/\/challengeseconomiques.com\/index.php?rest_route=%2Fwp%2Fv2%2Fcomments&post=6202"}],"version-history":[{"count":1,"href":"https:\/\/challengeseconomiques.com\/index.php?rest_route=\/wp\/v2\/posts\/6202\/revisions"}],"predecessor-version":[{"id":6204,"href":"https:\/\/challengeseconomiques.com\/index.php?rest_route=\/wp\/v2\/posts\/6202\/revisions\/6204"}],"wp:featuredmedia":[{"embeddable":true,"href":"https:\/\/challengeseconomiques.com\/index.php?rest_route=\/wp\/v2\/media\/6203"}],"wp:attachment":[{"href":"https:\/\/challengeseconomiques.com\/index.php?rest_route=%2Fwp%2Fv2%2Fmedia&parent=6202"}],"wp:term":[{"taxonomy":"category","embeddable":true,"href":"https:\/\/challengeseconomiques.com\/index.php?rest_route=%2Fwp%2Fv2%2Fcategories&post=6202"},{"taxonomy":"post_tag","embeddable":true,"href":"https:\/\/challengeseconomiques.com\/index.php?rest_route=%2Fwp%2Fv2%2Ftags&post=6202"}],"curies":[{"name":"wp","href":"https:\/\/api.w.org\/{rel}","templated":true}]}}