{"id":6198,"date":"2024-04-11T16:19:46","date_gmt":"2024-04-11T16:19:46","guid":{"rendered":"https:\/\/challengeseconomiques.com\/?p=6198"},"modified":"2024-04-11T16:30:41","modified_gmt":"2024-04-11T16:30:41","slug":"un-nouveau-gouvernement-pour-un-nouveau-depart","status":"publish","type":"post","link":"https:\/\/challengeseconomiques.com\/?p=6198","title":{"rendered":"Un nouveau gouvernement pour un nouveau d\u00e9part."},"content":{"rendered":"<p>Le pr\u00e9sident Bassirou Diomaye Faye h\u00e9rite d\u2019un pays o\u00f9 tout est urgence comme en 2012. Le dernier mandat de son pr\u00e9d\u00e9cesseur a \u00e9t\u00e9 en effet jalonn\u00e9 par une s\u00e9rie de crises (politique, sanitaire, sociale et \u00e9conomique) qui a beaucoup affect\u00e9 l\u2019\u00e9conomie nationale et fondamentalement remis en cause la trajectoire de croissance \u00e9conomique amorc\u00e9e par le S\u00e9n\u00e9gal avec la mise en \u0153uvre du plan S\u00e9n\u00e9gal \u00e9mergent.<\/p>\n<p>Le nouveau pr\u00e9sident avec son premier ministre, Ousmane Sonko ont ainsi la d\u00e9licate mission de g\u00e9rer ces urgences. Ils ont toutefois l\u2019avantage aussi d\u2019h\u00e9riter d\u2019un pays p\u00e9trolier et gazier qui a par ailleurs d\u2019\u00e9normes potentialit\u00e9s sur le plan agricole et industriel encore moyennement exploit\u00e9es.<\/p>\n<p><strong>R\u00e9duction du co\u00fbt de la vie<\/strong><\/p>\n<p>Le pr\u00e9sident Bassirou Diomaye Faye\u00a0 a fait la promesse qu\u2019il allait rapidement s\u2019attaquer \u00e0 cette question cruciale. Les prix de certaines denr\u00e9es de premi\u00e8re n\u00e9cessit\u00e9\u00a0 ont pris l\u2019ascenseur ces derni\u00e8res ann\u00e9es \u00e0 cause de la crise sanitaire et de la guerre Russo-ukrainienne. Cette \u00a0situation \u00a0a secou\u00e9 le monde entier, poussant toutes les grandes banques centrales \u00e0 revoir\u00a0 leurs taux directeurs \u00e0 la hausse afin de lutter efficacement contre l\u2019inflation. Il en fut de m\u00eame pour la sous-r\u00e9gion Afrique de l\u2019ouest, avec la BCEAO. Heureusement que cette p\u00e9riode sombre est en train de se dissiper. Toutefois, il faudra de la part des nouvelles autorit\u00e9s faire preuve de tact en n\u00e9gociant avec \u00a0les vrais acteurs lesquels pourront les aider efficacement \u00a0\u00e0 faire baisser les prix. Macky Sall s\u2019\u00e9tait \u00a0appuy\u00e9 en son temps sur la puissante Union nationale des commer\u00e7ants et industriels du S\u00e9n\u00e9gal (UNACOIS Jappo) pour r\u00e9ussir \u00e0 maintenir les prix de certaines denr\u00e9es comme le sucre, l\u2019huile et le riz \u00e0 des niveaux raisonnables. Invit\u00e9 \u00e0 la RTS, le directeur ex\u00e9cutif de cette organisation, Ousmane Sy Ndiaye a manifest\u00e9 leur ouverture \u00a0pour des n\u00e9gociations avec le gouvernement \u00a0afin trouver des solutions \u00e0 cette \u00e9pineuse question de la r\u00e9duction du co\u00fbt de la vie. Un bon d\u00e9but pourrait-on dire.<\/p>\n<p>Avec la d\u00e9termination qui semble \u00eatre la boussole de l\u2019action du nouveau pr\u00e9sident, on peut esp\u00e9rer qu\u2019une solution sera bient\u00f4t trouv\u00e9e pour cette urgence.<\/p>\n<p><strong>R\u00e9duction du train de vie de l\u2019Etat<\/strong><\/p>\n<p>L\u2019insolence dont faisait montre les dignitaires du \u00a0r\u00e9gime pr\u00e9c\u00e9dant dans la gestion des finances publiques avait fini de\u00a0 convaincre une bonne partie de la population que la crise n\u2019\u00e9tait v\u00e9cue que par eux. C\u2019est pourquoi, une rationalisation du train de vie de l\u2019\u00e9tat demeure une exigence \u00e0 laquelle, les nouvelles autorit\u00e9s devraient rapidement r\u00e9pondre. C\u2019est une t\u00e2che qui sera sans doute difficile \u00e0 r\u00e9aliser car, \u00eatre aux affaires a \u00e9t\u00e9 toujours synonyme de jouissance sous nos cieux. Et cela malgr\u00e9 les moyens tr\u00e8s limit\u00e9s du S\u00e9n\u00e9gal. Les v\u00e9hicules de fonction achet\u00e9s \u00e0 des dizaines de millions, les nombreuses agences, entre autres devront \u00eatre revus. Macky Sall a essay\u00e9 d\u2019enrayer ce mal mais sans succ\u00e8s. Peut-\u00eatre qu\u2019avec plus de volont\u00e9 et de d\u00e9termination, le pr\u00e9sident Bassirou Diomaye Faye r\u00e9ussira l\u00e0 o\u00f9 son pr\u00e9d\u00e9cesseur a \u00e9chou\u00e9 \u00e0 faire cesser la bamboula avec l\u2019argent public.<\/p>\n<p><strong>Des opportunit\u00e9s pour sortir le S\u00e9n\u00e9gal de cette difficile situation <\/strong><\/p>\n<p>Le p\u00e9trole et le gaz s\u00e9n\u00e9galais constituent sans nul doute une excellente opportunit\u00e9 pour le d\u00e9veloppement du pays. Mais de la bonne gestion des ressources issues de l\u2019exploitation du p\u00e9trole et du gaz d\u00e9pendra la r\u00e9alisation de cet objectif. Les nouvelles autorit\u00e9s semblent au vue de leurs premi\u00e8res d\u00e9clarations accorder une importance capitale \u00e0 ce chantier. Une ren\u00e9gociation des contrats est par exemple agit\u00e9e. M\u00eame si, ce choix peut se r\u00e9v\u00e9ler \u00eatre un couteau \u00e0 double tranchant. Il faut toutefois reconna\u00eetre cette volont\u00e9 de faire b\u00e9n\u00e9ficier aux s\u00e9n\u00e9galais des retomb\u00e9es de l\u2019exploitation du p\u00e9trole et du gaz est salutaire.<\/p>\n<p>Les nouvelles autorit\u00e9s semblent aussi avoir pris la pleine mesure de l\u2019apport inestimable que peut leur valoir une bonne gestion de l\u2019agriculture et une bonne industrialisation du pays.<\/p>\n<p>Les hommes choisis pour g\u00e9rer les d\u00e9partements en charge de ces questions ont le profil de l\u2019emploi. Avec Serigne Gueye Diop comme ministre de l\u2019industrie, avec toute l\u2019expertise qu\u2019on lui conna\u00eet, le secteur sortira sans doute de la l\u00e9thargie dans laquelle, il a \u00e9t\u00e9 plong\u00e9 ces derni\u00e8res ann\u00e9es. Cela \u00e0 cause de choix aussi bien sur les personnes que sur les politiques impertinents. L\u2019industrie il faut le dire a \u00e9t\u00e9 d\u00e9pouiller de toutes ses pr\u00e9rogatives au profit d\u2019agences qui n\u2019ont produits aucun r\u00e9sultats probants.<\/p>\n<p>Concernant \u00a0l\u2019agriculture, les \u00e9normes potentialit\u00e9s dont dispose le S\u00e9n\u00e9gal ne semblent pas avoir b\u00e9n\u00e9fici\u00e9 d\u2019une bonne exploitation. C\u2019est pourquoi, les projets d\u2019autosuffisance en riz et dans les autres vari\u00e9t\u00e9s n\u2019ont pas toujours donn\u00e9 les r\u00e9sultats escompt\u00e9s. Avec Mabouba Diagne, le secteur agricole pourrait plus contribuer \u00e0 la constitution du produit int\u00e9rieur brut. Banquier de profession, M. Diagne pourra rapidement trouver une solution au financement de ce secteur vital pour l\u2019\u00e9conomie s\u00e9n\u00e9galaise.<\/p>\n<p>Ces deux secteurs ont \u00e9galement l\u2019avantage d\u2019\u00eatre des pourvoyeurs d\u2019emplois. Avec le ch\u00f4mage end\u00e9mique des jeunes, une autre urgence, les nouvelles autorit\u00e9s ont int\u00e9r\u00eat \u00e0 mettre le focus sur ces deux secteurs aussi.<\/p>\n","protected":false},"excerpt":{"rendered":"<p>Le pr\u00e9sident Bassirou Diomaye Faye h\u00e9rite d\u2019un pays o\u00f9 tout est urgence comme en 2012. Le dernier mandat de son pr\u00e9d\u00e9cesseur a \u00e9t\u00e9 en effet&#8230;<\/p>\n","protected":false},"author":1,"featured_media":6199,"comment_status":"closed","ping_status":"open","sticky":false,"template":"","format":"standard","meta":{"_jetpack_memberships_contains_paid_content":false,"footnotes":""},"categories":[23,15],"tags":[],"class_list":["post-6198","post","type-post","status-publish","format-standard","has-post-thumbnail","hentry","category-a-la-une","category-analyse","wpcat-23-id","wpcat-15-id"],"yoast_head":"<!-- This site is optimized with the Yoast SEO plugin v27.1.1 - https:\/\/yoast.com\/product\/yoast-seo-wordpress\/ -->\n<title>Un nouveau gouvernement pour un nouveau d\u00e9part. - challenges economiques<\/title>\n<meta name=\"robots\" content=\"index, follow, max-snippet:-1, max-image-preview:large, max-video-preview:-1\" \/>\n<link rel=\"canonical\" href=\"https:\/\/challengeseconomiques.com\/?p=6198\" \/>\n<meta property=\"og:locale\" content=\"fr_FR\" \/>\n<meta property=\"og:type\" content=\"article\" \/>\n<meta property=\"og:title\" content=\"Un nouveau gouvernement pour un nouveau d\u00e9part. - challenges economiques\" \/>\n<meta property=\"og:description\" content=\"Le pr\u00e9sident Bassirou Diomaye Faye h\u00e9rite d\u2019un pays o\u00f9 tout est urgence comme en 2012. Le dernier mandat de son pr\u00e9d\u00e9cesseur a \u00e9t\u00e9 en effet...\" \/>\n<meta property=\"og:url\" content=\"https:\/\/challengeseconomiques.com\/?p=6198\" \/>\n<meta property=\"og:site_name\" content=\"challenges economiques\" \/>\n<meta property=\"article:published_time\" content=\"2024-04-11T16:19:46+00:00\" \/>\n<meta property=\"article:modified_time\" content=\"2024-04-11T16:30:41+00:00\" \/>\n<meta property=\"og:image\" content=\"https:\/\/challengeseconomiques.com\/wp-content\/uploads\/2024\/04\/gouvernement-sonko.jpg\" \/>\n\t<meta property=\"og:image:width\" content=\"696\" \/>\n\t<meta property=\"og:image:height\" content=\"464\" \/>\n\t<meta property=\"og:image:type\" content=\"image\/jpeg\" \/>\n<meta name=\"author\" content=\"admin\" \/>\n<meta name=\"twitter:card\" content=\"summary_large_image\" \/>\n<meta name=\"twitter:label1\" content=\"\u00c9crit par\" \/>\n\t<meta name=\"twitter:data1\" content=\"admin\" \/>\n\t<meta name=\"twitter:label2\" content=\"Dur\u00e9e de lecture estim\u00e9e\" \/>\n\t<meta name=\"twitter:data2\" content=\"5 minutes\" \/>\n<script type=\"application\/ld+json\" class=\"yoast-schema-graph\">{\"@context\":\"https:\/\/schema.org\",\"@graph\":[{\"@type\":\"Article\",\"@id\":\"https:\/\/challengeseconomiques.com\/?p=6198#article\",\"isPartOf\":{\"@id\":\"https:\/\/challengeseconomiques.com\/?p=6198\"},\"author\":{\"name\":\"admin\",\"@id\":\"https:\/\/challengeseconomiques.com\/#\/schema\/person\/b4568c9afebc5a9238a771873801e349\"},\"headline\":\"Un nouveau gouvernement pour un nouveau d\u00e9part.\",\"datePublished\":\"2024-04-11T16:19:46+00:00\",\"dateModified\":\"2024-04-11T16:30:41+00:00\",\"mainEntityOfPage\":{\"@id\":\"https:\/\/challengeseconomiques.com\/?p=6198\"},\"wordCount\":972,\"image\":{\"@id\":\"https:\/\/challengeseconomiques.com\/?p=6198#primaryimage\"},\"thumbnailUrl\":\"https:\/\/challengeseconomiques.com\/wp-content\/uploads\/2024\/04\/gouvernement-sonko.jpg\",\"articleSection\":[\"A la une\",\"Analyse\"],\"inLanguage\":\"fr-FR\"},{\"@type\":\"WebPage\",\"@id\":\"https:\/\/challengeseconomiques.com\/?p=6198\",\"url\":\"https:\/\/challengeseconomiques.com\/?p=6198\",\"name\":\"Un nouveau gouvernement pour un nouveau d\u00e9part. - challenges economiques\",\"isPartOf\":{\"@id\":\"https:\/\/challengeseconomiques.com\/#website\"},\"primaryImageOfPage\":{\"@id\":\"https:\/\/challengeseconomiques.com\/?p=6198#primaryimage\"},\"image\":{\"@id\":\"https:\/\/challengeseconomiques.com\/?p=6198#primaryimage\"},\"thumbnailUrl\":\"https:\/\/challengeseconomiques.com\/wp-content\/uploads\/2024\/04\/gouvernement-sonko.jpg\",\"datePublished\":\"2024-04-11T16:19:46+00:00\",\"dateModified\":\"2024-04-11T16:30:41+00:00\",\"author\":{\"@id\":\"https:\/\/challengeseconomiques.com\/#\/schema\/person\/b4568c9afebc5a9238a771873801e349\"},\"breadcrumb\":{\"@id\":\"https:\/\/challengeseconomiques.com\/?p=6198#breadcrumb\"},\"inLanguage\":\"fr-FR\",\"potentialAction\":[{\"@type\":\"ReadAction\",\"target\":[\"https:\/\/challengeseconomiques.com\/?p=6198\"]}]},{\"@type\":\"ImageObject\",\"inLanguage\":\"fr-FR\",\"@id\":\"https:\/\/challengeseconomiques.com\/?p=6198#primaryimage\",\"url\":\"https:\/\/challengeseconomiques.com\/wp-content\/uploads\/2024\/04\/gouvernement-sonko.jpg\",\"contentUrl\":\"https:\/\/challengeseconomiques.com\/wp-content\/uploads\/2024\/04\/gouvernement-sonko.jpg\",\"width\":696,\"height\":464},{\"@type\":\"BreadcrumbList\",\"@id\":\"https:\/\/challengeseconomiques.com\/?p=6198#breadcrumb\",\"itemListElement\":[{\"@type\":\"ListItem\",\"position\":1,\"name\":\"Home\",\"item\":\"https:\/\/challengeseconomiques.com\/\"},{\"@type\":\"ListItem\",\"position\":2,\"name\":\"Un nouveau gouvernement pour un nouveau d\u00e9part.\"}]},{\"@type\":\"WebSite\",\"@id\":\"https:\/\/challengeseconomiques.com\/#website\",\"url\":\"https:\/\/challengeseconomiques.com\/\",\"name\":\"challenges economiques\",\"description\":\"\",\"potentialAction\":[{\"@type\":\"SearchAction\",\"target\":{\"@type\":\"EntryPoint\",\"urlTemplate\":\"https:\/\/challengeseconomiques.com\/?s={search_term_string}\"},\"query-input\":{\"@type\":\"PropertyValueSpecification\",\"valueRequired\":true,\"valueName\":\"search_term_string\"}}],\"inLanguage\":\"fr-FR\"},{\"@type\":\"Person\",\"@id\":\"https:\/\/challengeseconomiques.com\/#\/schema\/person\/b4568c9afebc5a9238a771873801e349\",\"name\":\"admin\",\"image\":{\"@type\":\"ImageObject\",\"inLanguage\":\"fr-FR\",\"@id\":\"https:\/\/challengeseconomiques.com\/#\/schema\/person\/image\/\",\"url\":\"https:\/\/secure.gravatar.com\/avatar\/099e42240b5eea11acdb72751fcce0dd918603f0749d24974b7984ea47ed9fd9?s=96&d=mm&r=g\",\"contentUrl\":\"https:\/\/secure.gravatar.com\/avatar\/099e42240b5eea11acdb72751fcce0dd918603f0749d24974b7984ea47ed9fd9?s=96&d=mm&r=g\",\"caption\":\"admin\"},\"sameAs\":[\"https:\/\/challengeseconomiques.com\"],\"url\":\"https:\/\/challengeseconomiques.com\/?author=1\"}]}<\/script>\n<!-- \/ Yoast SEO plugin. -->","yoast_head_json":{"title":"Un nouveau gouvernement pour un nouveau d\u00e9part. - challenges economiques","robots":{"index":"index","follow":"follow","max-snippet":"max-snippet:-1","max-image-preview":"max-image-preview:large","max-video-preview":"max-video-preview:-1"},"canonical":"https:\/\/challengeseconomiques.com\/?p=6198","og_locale":"fr_FR","og_type":"article","og_title":"Un nouveau gouvernement pour un nouveau d\u00e9part. - challenges economiques","og_description":"Le pr\u00e9sident Bassirou Diomaye Faye h\u00e9rite d\u2019un pays o\u00f9 tout est urgence comme en 2012. Le dernier mandat de son pr\u00e9d\u00e9cesseur a \u00e9t\u00e9 en effet...","og_url":"https:\/\/challengeseconomiques.com\/?p=6198","og_site_name":"challenges economiques","article_published_time":"2024-04-11T16:19:46+00:00","article_modified_time":"2024-04-11T16:30:41+00:00","og_image":[{"width":696,"height":464,"url":"https:\/\/challengeseconomiques.com\/wp-content\/uploads\/2024\/04\/gouvernement-sonko.jpg","type":"image\/jpeg"}],"author":"admin","twitter_card":"summary_large_image","twitter_misc":{"\u00c9crit par":"admin","Dur\u00e9e de lecture estim\u00e9e":"5 minutes"},"schema":{"@context":"https:\/\/schema.org","@graph":[{"@type":"Article","@id":"https:\/\/challengeseconomiques.com\/?p=6198#article","isPartOf":{"@id":"https:\/\/challengeseconomiques.com\/?p=6198"},"author":{"name":"admin","@id":"https:\/\/challengeseconomiques.com\/#\/schema\/person\/b4568c9afebc5a9238a771873801e349"},"headline":"Un nouveau gouvernement pour un nouveau d\u00e9part.","datePublished":"2024-04-11T16:19:46+00:00","dateModified":"2024-04-11T16:30:41+00:00","mainEntityOfPage":{"@id":"https:\/\/challengeseconomiques.com\/?p=6198"},"wordCount":972,"image":{"@id":"https:\/\/challengeseconomiques.com\/?p=6198#primaryimage"},"thumbnailUrl":"https:\/\/challengeseconomiques.com\/wp-content\/uploads\/2024\/04\/gouvernement-sonko.jpg","articleSection":["A la une","Analyse"],"inLanguage":"fr-FR"},{"@type":"WebPage","@id":"https:\/\/challengeseconomiques.com\/?p=6198","url":"https:\/\/challengeseconomiques.com\/?p=6198","name":"Un nouveau gouvernement pour un nouveau d\u00e9part. - challenges economiques","isPartOf":{"@id":"https:\/\/challengeseconomiques.com\/#website"},"primaryImageOfPage":{"@id":"https:\/\/challengeseconomiques.com\/?p=6198#primaryimage"},"image":{"@id":"https:\/\/challengeseconomiques.com\/?p=6198#primaryimage"},"thumbnailUrl":"https:\/\/challengeseconomiques.com\/wp-content\/uploads\/2024\/04\/gouvernement-sonko.jpg","datePublished":"2024-04-11T16:19:46+00:00","dateModified":"2024-04-11T16:30:41+00:00","author":{"@id":"https:\/\/challengeseconomiques.com\/#\/schema\/person\/b4568c9afebc5a9238a771873801e349"},"breadcrumb":{"@id":"https:\/\/challengeseconomiques.com\/?p=6198#breadcrumb"},"inLanguage":"fr-FR","potentialAction":[{"@type":"ReadAction","target":["https:\/\/challengeseconomiques.com\/?p=6198"]}]},{"@type":"ImageObject","inLanguage":"fr-FR","@id":"https:\/\/challengeseconomiques.com\/?p=6198#primaryimage","url":"https:\/\/challengeseconomiques.com\/wp-content\/uploads\/2024\/04\/gouvernement-sonko.jpg","contentUrl":"https:\/\/challengeseconomiques.com\/wp-content\/uploads\/2024\/04\/gouvernement-sonko.jpg","width":696,"height":464},{"@type":"BreadcrumbList","@id":"https:\/\/challengeseconomiques.com\/?p=6198#breadcrumb","itemListElement":[{"@type":"ListItem","position":1,"name":"Home","item":"https:\/\/challengeseconomiques.com\/"},{"@type":"ListItem","position":2,"name":"Un nouveau gouvernement pour un nouveau d\u00e9part."}]},{"@type":"WebSite","@id":"https:\/\/challengeseconomiques.com\/#website","url":"https:\/\/challengeseconomiques.com\/","name":"challenges economiques","description":"","potentialAction":[{"@type":"SearchAction","target":{"@type":"EntryPoint","urlTemplate":"https:\/\/challengeseconomiques.com\/?s={search_term_string}"},"query-input":{"@type":"PropertyValueSpecification","valueRequired":true,"valueName":"search_term_string"}}],"inLanguage":"fr-FR"},{"@type":"Person","@id":"https:\/\/challengeseconomiques.com\/#\/schema\/person\/b4568c9afebc5a9238a771873801e349","name":"admin","image":{"@type":"ImageObject","inLanguage":"fr-FR","@id":"https:\/\/challengeseconomiques.com\/#\/schema\/person\/image\/","url":"https:\/\/secure.gravatar.com\/avatar\/099e42240b5eea11acdb72751fcce0dd918603f0749d24974b7984ea47ed9fd9?s=96&d=mm&r=g","contentUrl":"https:\/\/secure.gravatar.com\/avatar\/099e42240b5eea11acdb72751fcce0dd918603f0749d24974b7984ea47ed9fd9?s=96&d=mm&r=g","caption":"admin"},"sameAs":["https:\/\/challengeseconomiques.com"],"url":"https:\/\/challengeseconomiques.com\/?author=1"}]}},"jetpack_featured_media_url":"https:\/\/challengeseconomiques.com\/wp-content\/uploads\/2024\/04\/gouvernement-sonko.jpg","jetpack_sharing_enabled":true,"_links":{"self":[{"href":"https:\/\/challengeseconomiques.com\/index.php?rest_route=\/wp\/v2\/posts\/6198","targetHints":{"allow":["GET"]}}],"collection":[{"href":"https:\/\/challengeseconomiques.com\/index.php?rest_route=\/wp\/v2\/posts"}],"about":[{"href":"https:\/\/challengeseconomiques.com\/index.php?rest_route=\/wp\/v2\/types\/post"}],"author":[{"embeddable":true,"href":"https:\/\/challengeseconomiques.com\/index.php?rest_route=\/wp\/v2\/users\/1"}],"replies":[{"embeddable":true,"href":"https:\/\/challengeseconomiques.com\/index.php?rest_route=%2Fwp%2Fv2%2Fcomments&post=6198"}],"version-history":[{"count":1,"href":"https:\/\/challengeseconomiques.com\/index.php?rest_route=\/wp\/v2\/posts\/6198\/revisions"}],"predecessor-version":[{"id":6200,"href":"https:\/\/challengeseconomiques.com\/index.php?rest_route=\/wp\/v2\/posts\/6198\/revisions\/6200"}],"wp:featuredmedia":[{"embeddable":true,"href":"https:\/\/challengeseconomiques.com\/index.php?rest_route=\/wp\/v2\/media\/6199"}],"wp:attachment":[{"href":"https:\/\/challengeseconomiques.com\/index.php?rest_route=%2Fwp%2Fv2%2Fmedia&parent=6198"}],"wp:term":[{"taxonomy":"category","embeddable":true,"href":"https:\/\/challengeseconomiques.com\/index.php?rest_route=%2Fwp%2Fv2%2Fcategories&post=6198"},{"taxonomy":"post_tag","embeddable":true,"href":"https:\/\/challengeseconomiques.com\/index.php?rest_route=%2Fwp%2Fv2%2Ftags&post=6198"}],"curies":[{"name":"wp","href":"https:\/\/api.w.org\/{rel}","templated":true}]}}