{"id":6183,"date":"2024-04-06T15:36:54","date_gmt":"2024-04-06T15:36:54","guid":{"rendered":"https:\/\/challengeseconomiques.com\/?p=6183"},"modified":"2024-04-06T15:37:22","modified_gmt":"2024-04-06T15:37:22","slug":"separation-des-departements-en-charge-de-leconomie-et-des-finances-bassirou-diomaye-faye-reconduit-le-schema-inaugure-par-macky-sall-en-2019","status":"publish","type":"post","link":"https:\/\/challengeseconomiques.com\/?p=6183","title":{"rendered":"S\u00e9paration des d\u00e9partements en charge de l\u2019\u00e9conomie et des finances : Bassirou Diomaye Faye reconduit le sch\u00e9ma inaugur\u00e9 par Macky Sall en 2019"},"content":{"rendered":"<p>Comme son pr\u00e9d\u00e9cesseur, le pr\u00e9sident nouvellement \u00e9lu, Bassirou Diomaye a d\u00e9cid\u00e9 de s\u00e9parer le d\u00e9partement de l\u2019\u00e9conomie de celui des finances et du budget. C\u2019est en effet le sch\u00e9ma que le pr\u00e9sident Macky Sall avait adopt\u00e9 au sortir de l\u2019\u00e9lection pr\u00e9sidentielle de 2019.<\/p>\n<p>Les deux d\u00e9partements minist\u00e9riels sont ainsi confi\u00e9s dans le premier gouvernement du Premier ministre, Ousmane Sonko \u00e0 deux personnalit\u00e9s dont on loue les comp\u00e9tences.<\/p>\n<p>Il s\u2019agit de Abdourahmane Sarr, il est nomm\u00e9 ministre de l\u2019\u00e9conomie, du plan et de la coop\u00e9ration internationale et de Cheikh Diba, ministre des finances et du budget.<\/p>\n<p>Abdourahmane Sarr est un ancien fonctionnaire du fond mon\u00e9taire international (FMI). Il a servi cette institution financi\u00e8re bas\u00e9e \u00e0 Washington, la capitale des Etats unies pendant plusieurs ann\u00e9es. Il est docteur en \u00e9conomie. Tr\u00e8s \u00e9cout\u00e9 par le nouveau Premier ministre qui le cite souvent dans ses interventions en public, il semble \u00eatre l\u2019homme sur qui Ousmane Sonko compte pour redorer le blason de l\u2019\u00e9conomie s\u00e9n\u00e9galaise.<\/p>\n<p>Cheikh Diba, \u00a0est lui inspecteur des imp\u00f4ts et domaines. Avant sa nomination, \u00a0il occupait le poste de \u00a0directeur de la programmation budg\u00e9taire.<\/p>\n<p>En tant que conseiller technique du directeur g\u00e9n\u00e9ral du Budget, il a particip\u00e9 activement \u00e0 l\u2019impl\u00e9mentation des r\u00e9formes budg\u00e9taires et financi\u00e8res depuis la transposition des directives de 2009 de l\u2019UEMOA jusqu\u2019\u00e0 leur mise en \u0153uvre effective, en passant par les travaux de r\u00e9organisation des services du MFB pour les adapter aux nouvelles exigences du nouveau cadre harmonis\u00e9 des finances publiques selon une note du minist\u00e8re des finances et du budget. La m\u00eame note indique qu\u2019il a \u00a0\u00e9t\u00e9 aussi conseiller technique du ministre des finances et du Budget (MFB), charg\u00e9 du suivi de la mise en \u0153uvre des grands projets du Plan S\u00e9n\u00e9gal Emergent (PSE) et coordonnateur du programme \u00e9conomique et financier conclu avec le Fonds mon\u00e9taire international (FMI), au titre de l\u2019instrument de coordination de la politique \u00e9conomique (ICPE).<\/p>\n<p>Le nouveau ministre des finances et du budget, avec ses 16 ann\u00e9es d\u2019exp\u00e9riences est bien en terrain connu.<\/p>\n<p>Il reste maintenant \u00e0 r\u00e9ussir le pari de mettre en harmonie le fonctionnement de ces deux d\u00e9partements minist\u00e9riels fortement d\u00e9pendant l\u2019un de l\u2019autre. Il faudra pour cela \u00a0que ces deux profils assez int\u00e9ressants forment un duo dans lequel, la complicit\u00e9 doit avoir une place de choix.<\/p>\n","protected":false},"excerpt":{"rendered":"<p>Comme son pr\u00e9d\u00e9cesseur, le pr\u00e9sident nouvellement \u00e9lu, Bassirou Diomaye a d\u00e9cid\u00e9 de s\u00e9parer le d\u00e9partement de l\u2019\u00e9conomie de celui des finances et du budget. C\u2019est&#8230;<\/p>\n","protected":false},"author":1,"featured_media":2556,"comment_status":"closed","ping_status":"open","sticky":false,"template":"","format":"standard","meta":{"_jetpack_memberships_contains_paid_content":false,"footnotes":""},"categories":[23],"tags":[],"class_list":["post-6183","post","type-post","status-publish","format-standard","has-post-thumbnail","hentry","category-a-la-une","wpcat-23-id"],"yoast_head":"<!-- This site is optimized with the Yoast SEO plugin v27.1.1 - https:\/\/yoast.com\/product\/yoast-seo-wordpress\/ -->\n<title>S\u00e9paration des d\u00e9partements en charge de l\u2019\u00e9conomie et des finances : Bassirou Diomaye Faye reconduit le sch\u00e9ma inaugur\u00e9 par Macky Sall en 2019 - challenges economiques<\/title>\n<meta name=\"robots\" content=\"index, follow, max-snippet:-1, max-image-preview:large, max-video-preview:-1\" \/>\n<link rel=\"canonical\" href=\"https:\/\/challengeseconomiques.com\/?p=6183\" \/>\n<meta property=\"og:locale\" content=\"fr_FR\" \/>\n<meta property=\"og:type\" content=\"article\" \/>\n<meta property=\"og:title\" content=\"S\u00e9paration des d\u00e9partements en charge de l\u2019\u00e9conomie et des finances : Bassirou Diomaye Faye reconduit le sch\u00e9ma inaugur\u00e9 par Macky Sall en 2019 - challenges economiques\" \/>\n<meta property=\"og:description\" content=\"Comme son pr\u00e9d\u00e9cesseur, le pr\u00e9sident nouvellement \u00e9lu, Bassirou Diomaye a d\u00e9cid\u00e9 de s\u00e9parer le d\u00e9partement de l\u2019\u00e9conomie de celui des finances et du budget. C\u2019est...\" \/>\n<meta property=\"og:url\" content=\"https:\/\/challengeseconomiques.com\/?p=6183\" \/>\n<meta property=\"og:site_name\" content=\"challenges economiques\" \/>\n<meta property=\"article:published_time\" content=\"2024-04-06T15:36:54+00:00\" \/>\n<meta property=\"article:modified_time\" content=\"2024-04-06T15:37:22+00:00\" \/>\n<meta property=\"og:image\" content=\"https:\/\/challengeseconomiques.com\/wp-content\/uploads\/2022\/01\/ministere-finances-budget-bulding-1430x804-1.jpg\" \/>\n\t<meta property=\"og:image:width\" content=\"1430\" \/>\n\t<meta property=\"og:image:height\" content=\"804\" \/>\n\t<meta property=\"og:image:type\" content=\"image\/jpeg\" \/>\n<meta name=\"author\" content=\"admin\" \/>\n<meta name=\"twitter:card\" content=\"summary_large_image\" \/>\n<meta name=\"twitter:label1\" content=\"\u00c9crit par\" \/>\n\t<meta name=\"twitter:data1\" content=\"admin\" \/>\n\t<meta name=\"twitter:label2\" content=\"Dur\u00e9e de lecture estim\u00e9e\" \/>\n\t<meta name=\"twitter:data2\" content=\"2 minutes\" \/>\n<script type=\"application\/ld+json\" class=\"yoast-schema-graph\">{\"@context\":\"https:\/\/schema.org\",\"@graph\":[{\"@type\":\"Article\",\"@id\":\"https:\/\/challengeseconomiques.com\/?p=6183#article\",\"isPartOf\":{\"@id\":\"https:\/\/challengeseconomiques.com\/?p=6183\"},\"author\":{\"name\":\"admin\",\"@id\":\"https:\/\/challengeseconomiques.com\/#\/schema\/person\/b4568c9afebc5a9238a771873801e349\"},\"headline\":\"S\u00e9paration des d\u00e9partements en charge de l\u2019\u00e9conomie et des finances : Bassirou Diomaye Faye reconduit le sch\u00e9ma inaugur\u00e9 par Macky Sall en 2019\",\"datePublished\":\"2024-04-06T15:36:54+00:00\",\"dateModified\":\"2024-04-06T15:37:22+00:00\",\"mainEntityOfPage\":{\"@id\":\"https:\/\/challengeseconomiques.com\/?p=6183\"},\"wordCount\":450,\"image\":{\"@id\":\"https:\/\/challengeseconomiques.com\/?p=6183#primaryimage\"},\"thumbnailUrl\":\"https:\/\/challengeseconomiques.com\/wp-content\/uploads\/2022\/01\/ministere-finances-budget-bulding-1430x804-1.jpg\",\"articleSection\":[\"A la une\"],\"inLanguage\":\"fr-FR\"},{\"@type\":\"WebPage\",\"@id\":\"https:\/\/challengeseconomiques.com\/?p=6183\",\"url\":\"https:\/\/challengeseconomiques.com\/?p=6183\",\"name\":\"S\u00e9paration des d\u00e9partements en charge de l\u2019\u00e9conomie et des finances : Bassirou Diomaye Faye reconduit le sch\u00e9ma inaugur\u00e9 par Macky Sall en 2019 - challenges economiques\",\"isPartOf\":{\"@id\":\"https:\/\/challengeseconomiques.com\/#website\"},\"primaryImageOfPage\":{\"@id\":\"https:\/\/challengeseconomiques.com\/?p=6183#primaryimage\"},\"image\":{\"@id\":\"https:\/\/challengeseconomiques.com\/?p=6183#primaryimage\"},\"thumbnailUrl\":\"https:\/\/challengeseconomiques.com\/wp-content\/uploads\/2022\/01\/ministere-finances-budget-bulding-1430x804-1.jpg\",\"datePublished\":\"2024-04-06T15:36:54+00:00\",\"dateModified\":\"2024-04-06T15:37:22+00:00\",\"author\":{\"@id\":\"https:\/\/challengeseconomiques.com\/#\/schema\/person\/b4568c9afebc5a9238a771873801e349\"},\"breadcrumb\":{\"@id\":\"https:\/\/challengeseconomiques.com\/?p=6183#breadcrumb\"},\"inLanguage\":\"fr-FR\",\"potentialAction\":[{\"@type\":\"ReadAction\",\"target\":[\"https:\/\/challengeseconomiques.com\/?p=6183\"]}]},{\"@type\":\"ImageObject\",\"inLanguage\":\"fr-FR\",\"@id\":\"https:\/\/challengeseconomiques.com\/?p=6183#primaryimage\",\"url\":\"https:\/\/challengeseconomiques.com\/wp-content\/uploads\/2022\/01\/ministere-finances-budget-bulding-1430x804-1.jpg\",\"contentUrl\":\"https:\/\/challengeseconomiques.com\/wp-content\/uploads\/2022\/01\/ministere-finances-budget-bulding-1430x804-1.jpg\",\"width\":1430,\"height\":804},{\"@type\":\"BreadcrumbList\",\"@id\":\"https:\/\/challengeseconomiques.com\/?p=6183#breadcrumb\",\"itemListElement\":[{\"@type\":\"ListItem\",\"position\":1,\"name\":\"Home\",\"item\":\"https:\/\/challengeseconomiques.com\/\"},{\"@type\":\"ListItem\",\"position\":2,\"name\":\"S\u00e9paration des d\u00e9partements en charge de l\u2019\u00e9conomie et des finances : Bassirou Diomaye Faye reconduit le sch\u00e9ma inaugur\u00e9 par Macky Sall en 2019\"}]},{\"@type\":\"WebSite\",\"@id\":\"https:\/\/challengeseconomiques.com\/#website\",\"url\":\"https:\/\/challengeseconomiques.com\/\",\"name\":\"challenges economiques\",\"description\":\"\",\"potentialAction\":[{\"@type\":\"SearchAction\",\"target\":{\"@type\":\"EntryPoint\",\"urlTemplate\":\"https:\/\/challengeseconomiques.com\/?s={search_term_string}\"},\"query-input\":{\"@type\":\"PropertyValueSpecification\",\"valueRequired\":true,\"valueName\":\"search_term_string\"}}],\"inLanguage\":\"fr-FR\"},{\"@type\":\"Person\",\"@id\":\"https:\/\/challengeseconomiques.com\/#\/schema\/person\/b4568c9afebc5a9238a771873801e349\",\"name\":\"admin\",\"image\":{\"@type\":\"ImageObject\",\"inLanguage\":\"fr-FR\",\"@id\":\"https:\/\/challengeseconomiques.com\/#\/schema\/person\/image\/\",\"url\":\"https:\/\/secure.gravatar.com\/avatar\/099e42240b5eea11acdb72751fcce0dd918603f0749d24974b7984ea47ed9fd9?s=96&d=mm&r=g\",\"contentUrl\":\"https:\/\/secure.gravatar.com\/avatar\/099e42240b5eea11acdb72751fcce0dd918603f0749d24974b7984ea47ed9fd9?s=96&d=mm&r=g\",\"caption\":\"admin\"},\"sameAs\":[\"https:\/\/challengeseconomiques.com\"],\"url\":\"https:\/\/challengeseconomiques.com\/?author=1\"}]}<\/script>\n<!-- \/ Yoast SEO plugin. -->","yoast_head_json":{"title":"S\u00e9paration des d\u00e9partements en charge de l\u2019\u00e9conomie et des finances : Bassirou Diomaye Faye reconduit le sch\u00e9ma inaugur\u00e9 par Macky Sall en 2019 - challenges economiques","robots":{"index":"index","follow":"follow","max-snippet":"max-snippet:-1","max-image-preview":"max-image-preview:large","max-video-preview":"max-video-preview:-1"},"canonical":"https:\/\/challengeseconomiques.com\/?p=6183","og_locale":"fr_FR","og_type":"article","og_title":"S\u00e9paration des d\u00e9partements en charge de l\u2019\u00e9conomie et des finances : Bassirou Diomaye Faye reconduit le sch\u00e9ma inaugur\u00e9 par Macky Sall en 2019 - challenges economiques","og_description":"Comme son pr\u00e9d\u00e9cesseur, le pr\u00e9sident nouvellement \u00e9lu, Bassirou Diomaye a d\u00e9cid\u00e9 de s\u00e9parer le d\u00e9partement de l\u2019\u00e9conomie de celui des finances et du budget. C\u2019est...","og_url":"https:\/\/challengeseconomiques.com\/?p=6183","og_site_name":"challenges economiques","article_published_time":"2024-04-06T15:36:54+00:00","article_modified_time":"2024-04-06T15:37:22+00:00","og_image":[{"width":1430,"height":804,"url":"https:\/\/challengeseconomiques.com\/wp-content\/uploads\/2022\/01\/ministere-finances-budget-bulding-1430x804-1.jpg","type":"image\/jpeg"}],"author":"admin","twitter_card":"summary_large_image","twitter_misc":{"\u00c9crit par":"admin","Dur\u00e9e de lecture estim\u00e9e":"2 minutes"},"schema":{"@context":"https:\/\/schema.org","@graph":[{"@type":"Article","@id":"https:\/\/challengeseconomiques.com\/?p=6183#article","isPartOf":{"@id":"https:\/\/challengeseconomiques.com\/?p=6183"},"author":{"name":"admin","@id":"https:\/\/challengeseconomiques.com\/#\/schema\/person\/b4568c9afebc5a9238a771873801e349"},"headline":"S\u00e9paration des d\u00e9partements en charge de l\u2019\u00e9conomie et des finances : Bassirou Diomaye Faye reconduit le sch\u00e9ma inaugur\u00e9 par Macky Sall en 2019","datePublished":"2024-04-06T15:36:54+00:00","dateModified":"2024-04-06T15:37:22+00:00","mainEntityOfPage":{"@id":"https:\/\/challengeseconomiques.com\/?p=6183"},"wordCount":450,"image":{"@id":"https:\/\/challengeseconomiques.com\/?p=6183#primaryimage"},"thumbnailUrl":"https:\/\/challengeseconomiques.com\/wp-content\/uploads\/2022\/01\/ministere-finances-budget-bulding-1430x804-1.jpg","articleSection":["A la une"],"inLanguage":"fr-FR"},{"@type":"WebPage","@id":"https:\/\/challengeseconomiques.com\/?p=6183","url":"https:\/\/challengeseconomiques.com\/?p=6183","name":"S\u00e9paration des d\u00e9partements en charge de l\u2019\u00e9conomie et des finances : Bassirou Diomaye Faye reconduit le sch\u00e9ma inaugur\u00e9 par Macky Sall en 2019 - challenges economiques","isPartOf":{"@id":"https:\/\/challengeseconomiques.com\/#website"},"primaryImageOfPage":{"@id":"https:\/\/challengeseconomiques.com\/?p=6183#primaryimage"},"image":{"@id":"https:\/\/challengeseconomiques.com\/?p=6183#primaryimage"},"thumbnailUrl":"https:\/\/challengeseconomiques.com\/wp-content\/uploads\/2022\/01\/ministere-finances-budget-bulding-1430x804-1.jpg","datePublished":"2024-04-06T15:36:54+00:00","dateModified":"2024-04-06T15:37:22+00:00","author":{"@id":"https:\/\/challengeseconomiques.com\/#\/schema\/person\/b4568c9afebc5a9238a771873801e349"},"breadcrumb":{"@id":"https:\/\/challengeseconomiques.com\/?p=6183#breadcrumb"},"inLanguage":"fr-FR","potentialAction":[{"@type":"ReadAction","target":["https:\/\/challengeseconomiques.com\/?p=6183"]}]},{"@type":"ImageObject","inLanguage":"fr-FR","@id":"https:\/\/challengeseconomiques.com\/?p=6183#primaryimage","url":"https:\/\/challengeseconomiques.com\/wp-content\/uploads\/2022\/01\/ministere-finances-budget-bulding-1430x804-1.jpg","contentUrl":"https:\/\/challengeseconomiques.com\/wp-content\/uploads\/2022\/01\/ministere-finances-budget-bulding-1430x804-1.jpg","width":1430,"height":804},{"@type":"BreadcrumbList","@id":"https:\/\/challengeseconomiques.com\/?p=6183#breadcrumb","itemListElement":[{"@type":"ListItem","position":1,"name":"Home","item":"https:\/\/challengeseconomiques.com\/"},{"@type":"ListItem","position":2,"name":"S\u00e9paration des d\u00e9partements en charge de l\u2019\u00e9conomie et des finances : Bassirou Diomaye Faye reconduit le sch\u00e9ma inaugur\u00e9 par Macky Sall en 2019"}]},{"@type":"WebSite","@id":"https:\/\/challengeseconomiques.com\/#website","url":"https:\/\/challengeseconomiques.com\/","name":"challenges economiques","description":"","potentialAction":[{"@type":"SearchAction","target":{"@type":"EntryPoint","urlTemplate":"https:\/\/challengeseconomiques.com\/?s={search_term_string}"},"query-input":{"@type":"PropertyValueSpecification","valueRequired":true,"valueName":"search_term_string"}}],"inLanguage":"fr-FR"},{"@type":"Person","@id":"https:\/\/challengeseconomiques.com\/#\/schema\/person\/b4568c9afebc5a9238a771873801e349","name":"admin","image":{"@type":"ImageObject","inLanguage":"fr-FR","@id":"https:\/\/challengeseconomiques.com\/#\/schema\/person\/image\/","url":"https:\/\/secure.gravatar.com\/avatar\/099e42240b5eea11acdb72751fcce0dd918603f0749d24974b7984ea47ed9fd9?s=96&d=mm&r=g","contentUrl":"https:\/\/secure.gravatar.com\/avatar\/099e42240b5eea11acdb72751fcce0dd918603f0749d24974b7984ea47ed9fd9?s=96&d=mm&r=g","caption":"admin"},"sameAs":["https:\/\/challengeseconomiques.com"],"url":"https:\/\/challengeseconomiques.com\/?author=1"}]}},"jetpack_featured_media_url":"https:\/\/challengeseconomiques.com\/wp-content\/uploads\/2022\/01\/ministere-finances-budget-bulding-1430x804-1.jpg","jetpack_sharing_enabled":true,"_links":{"self":[{"href":"https:\/\/challengeseconomiques.com\/index.php?rest_route=\/wp\/v2\/posts\/6183","targetHints":{"allow":["GET"]}}],"collection":[{"href":"https:\/\/challengeseconomiques.com\/index.php?rest_route=\/wp\/v2\/posts"}],"about":[{"href":"https:\/\/challengeseconomiques.com\/index.php?rest_route=\/wp\/v2\/types\/post"}],"author":[{"embeddable":true,"href":"https:\/\/challengeseconomiques.com\/index.php?rest_route=\/wp\/v2\/users\/1"}],"replies":[{"embeddable":true,"href":"https:\/\/challengeseconomiques.com\/index.php?rest_route=%2Fwp%2Fv2%2Fcomments&post=6183"}],"version-history":[{"count":1,"href":"https:\/\/challengeseconomiques.com\/index.php?rest_route=\/wp\/v2\/posts\/6183\/revisions"}],"predecessor-version":[{"id":6184,"href":"https:\/\/challengeseconomiques.com\/index.php?rest_route=\/wp\/v2\/posts\/6183\/revisions\/6184"}],"wp:featuredmedia":[{"embeddable":true,"href":"https:\/\/challengeseconomiques.com\/index.php?rest_route=\/wp\/v2\/media\/2556"}],"wp:attachment":[{"href":"https:\/\/challengeseconomiques.com\/index.php?rest_route=%2Fwp%2Fv2%2Fmedia&parent=6183"}],"wp:term":[{"taxonomy":"category","embeddable":true,"href":"https:\/\/challengeseconomiques.com\/index.php?rest_route=%2Fwp%2Fv2%2Fcategories&post=6183"},{"taxonomy":"post_tag","embeddable":true,"href":"https:\/\/challengeseconomiques.com\/index.php?rest_route=%2Fwp%2Fv2%2Ftags&post=6183"}],"curies":[{"name":"wp","href":"https:\/\/api.w.org\/{rel}","templated":true}]}}