{"id":6167,"date":"2024-03-29T16:52:05","date_gmt":"2024-03-29T16:52:05","guid":{"rendered":"https:\/\/challengeseconomiques.com\/?p=6167"},"modified":"2024-03-29T16:52:37","modified_gmt":"2024-03-29T16:52:37","slug":"senegal-italie-transports-ita-airways-va-inaugurer-en-juillet-une-ligne-rome-dakar","status":"publish","type":"post","link":"https:\/\/challengeseconomiques.com\/?p=6167","title":{"rendered":"SENEGAL-ITALIE-TRANSPORTS \/ ITA Airways va inaugurer en juillet une ligne Rome-Dakar"},"content":{"rendered":"<p>La compagnie nationale italienne, ITA Airways, annonce qu\u2019elle va inaugurer \u00e0 partir du mois de juillet prochain, une ligne directe Rome-Dakar \u00e0 raison de quatre vols par semaine, a appris l\u2019APS de source officielle.<\/p>\n<p>\u201cPr\u00e9vu \u00e0 l\u2019\u00e9t\u00e9 2024 et \u00e9tant la deuxi\u00e8me nouvelle liaison vers le continent africain, la liaison Rome \u2013 Dakar repr\u00e9sente un produit majeur pour la compagnie\u201d, peut-on lire dans un communiqu\u00e9 de la partie italienne re\u00e7u, jeudi, \u00e0 l\u2019APS.<\/p>\n<p>\u201cElle permettra \u00e0 ITA Airways d\u2019obtenir non seulement une entr\u00e9e strat\u00e9gique pour le trafic [\u2026], mais aussi pour atteindre d\u2019autres destinations \u00e0 l\u2019int\u00e9rieur des deux pays et au-del\u00e0, combinant ainsi les voyages de loisirs et d\u2019affaires\u201d, ajoute le communiqu\u00e9.<\/p>\n<p>La m\u00eame source pr\u00e9cise que les vols seront programm\u00e9s les mercredi, vendredi, samedi et dimanche.<\/p>\n<p><strong>(APS)<\/strong><\/p>\n","protected":false},"excerpt":{"rendered":"<p>La compagnie nationale italienne, ITA Airways, annonce qu\u2019elle va inaugurer \u00e0 partir du mois de juillet prochain, une ligne directe Rome-Dakar \u00e0 raison de quatre&#8230;<\/p>\n","protected":false},"author":1,"featured_media":6168,"comment_status":"closed","ping_status":"open","sticky":false,"template":"","format":"standard","meta":{"_jetpack_memberships_contains_paid_content":false,"footnotes":""},"categories":[8,10],"tags":[],"class_list":["post-6167","post","type-post","status-publish","format-standard","has-post-thumbnail","hentry","category-actualite-economique","category-infos-eco","wpcat-8-id","wpcat-10-id"],"yoast_head":"<!-- This site is optimized with the Yoast SEO plugin v27.1.1 - https:\/\/yoast.com\/product\/yoast-seo-wordpress\/ -->\n<title>SENEGAL-ITALIE-TRANSPORTS \/ ITA Airways va inaugurer en juillet une ligne Rome-Dakar - challenges economiques<\/title>\n<meta name=\"robots\" content=\"index, follow, max-snippet:-1, max-image-preview:large, max-video-preview:-1\" \/>\n<link rel=\"canonical\" href=\"https:\/\/challengeseconomiques.com\/?p=6167\" \/>\n<meta property=\"og:locale\" content=\"fr_FR\" \/>\n<meta property=\"og:type\" content=\"article\" \/>\n<meta property=\"og:title\" content=\"SENEGAL-ITALIE-TRANSPORTS \/ ITA Airways va inaugurer en juillet une ligne Rome-Dakar - challenges economiques\" \/>\n<meta property=\"og:description\" content=\"La compagnie nationale italienne, ITA Airways, annonce qu\u2019elle va inaugurer \u00e0 partir du mois de juillet prochain, une ligne directe Rome-Dakar \u00e0 raison de quatre...\" \/>\n<meta property=\"og:url\" content=\"https:\/\/challengeseconomiques.com\/?p=6167\" \/>\n<meta property=\"og:site_name\" content=\"challenges economiques\" \/>\n<meta property=\"article:published_time\" content=\"2024-03-29T16:52:05+00:00\" \/>\n<meta property=\"article:modified_time\" content=\"2024-03-29T16:52:37+00:00\" \/>\n<meta property=\"og:image\" content=\"https:\/\/challengeseconomiques.com\/wp-content\/uploads\/2024\/03\/itaairways.jpg\" \/>\n\t<meta property=\"og:image:width\" content=\"800\" \/>\n\t<meta property=\"og:image:height\" content=\"450\" \/>\n\t<meta property=\"og:image:type\" content=\"image\/jpeg\" \/>\n<meta name=\"author\" content=\"admin\" \/>\n<meta name=\"twitter:card\" content=\"summary_large_image\" \/>\n<meta name=\"twitter:label1\" content=\"\u00c9crit par\" \/>\n\t<meta name=\"twitter:data1\" content=\"admin\" \/>\n\t<meta name=\"twitter:label2\" content=\"Dur\u00e9e de lecture estim\u00e9e\" \/>\n\t<meta name=\"twitter:data2\" content=\"1 minute\" \/>\n<script type=\"application\/ld+json\" class=\"yoast-schema-graph\">{\"@context\":\"https:\/\/schema.org\",\"@graph\":[{\"@type\":\"Article\",\"@id\":\"https:\/\/challengeseconomiques.com\/?p=6167#article\",\"isPartOf\":{\"@id\":\"https:\/\/challengeseconomiques.com\/?p=6167\"},\"author\":{\"name\":\"admin\",\"@id\":\"https:\/\/challengeseconomiques.com\/#\/schema\/person\/b4568c9afebc5a9238a771873801e349\"},\"headline\":\"SENEGAL-ITALIE-TRANSPORTS \/ ITA Airways va inaugurer en juillet une ligne Rome-Dakar\",\"datePublished\":\"2024-03-29T16:52:05+00:00\",\"dateModified\":\"2024-03-29T16:52:37+00:00\",\"mainEntityOfPage\":{\"@id\":\"https:\/\/challengeseconomiques.com\/?p=6167\"},\"wordCount\":147,\"image\":{\"@id\":\"https:\/\/challengeseconomiques.com\/?p=6167#primaryimage\"},\"thumbnailUrl\":\"https:\/\/challengeseconomiques.com\/wp-content\/uploads\/2024\/03\/itaairways.jpg\",\"articleSection\":[\"Actualit\u00e9 \u00e9conomique\",\"Infos \u00e9co\"],\"inLanguage\":\"fr-FR\"},{\"@type\":\"WebPage\",\"@id\":\"https:\/\/challengeseconomiques.com\/?p=6167\",\"url\":\"https:\/\/challengeseconomiques.com\/?p=6167\",\"name\":\"SENEGAL-ITALIE-TRANSPORTS \/ ITA Airways va inaugurer en juillet une ligne Rome-Dakar - challenges economiques\",\"isPartOf\":{\"@id\":\"https:\/\/challengeseconomiques.com\/#website\"},\"primaryImageOfPage\":{\"@id\":\"https:\/\/challengeseconomiques.com\/?p=6167#primaryimage\"},\"image\":{\"@id\":\"https:\/\/challengeseconomiques.com\/?p=6167#primaryimage\"},\"thumbnailUrl\":\"https:\/\/challengeseconomiques.com\/wp-content\/uploads\/2024\/03\/itaairways.jpg\",\"datePublished\":\"2024-03-29T16:52:05+00:00\",\"dateModified\":\"2024-03-29T16:52:37+00:00\",\"author\":{\"@id\":\"https:\/\/challengeseconomiques.com\/#\/schema\/person\/b4568c9afebc5a9238a771873801e349\"},\"breadcrumb\":{\"@id\":\"https:\/\/challengeseconomiques.com\/?p=6167#breadcrumb\"},\"inLanguage\":\"fr-FR\",\"potentialAction\":[{\"@type\":\"ReadAction\",\"target\":[\"https:\/\/challengeseconomiques.com\/?p=6167\"]}]},{\"@type\":\"ImageObject\",\"inLanguage\":\"fr-FR\",\"@id\":\"https:\/\/challengeseconomiques.com\/?p=6167#primaryimage\",\"url\":\"https:\/\/challengeseconomiques.com\/wp-content\/uploads\/2024\/03\/itaairways.jpg\",\"contentUrl\":\"https:\/\/challengeseconomiques.com\/wp-content\/uploads\/2024\/03\/itaairways.jpg\",\"width\":800,\"height\":450},{\"@type\":\"BreadcrumbList\",\"@id\":\"https:\/\/challengeseconomiques.com\/?p=6167#breadcrumb\",\"itemListElement\":[{\"@type\":\"ListItem\",\"position\":1,\"name\":\"Home\",\"item\":\"https:\/\/challengeseconomiques.com\/\"},{\"@type\":\"ListItem\",\"position\":2,\"name\":\"SENEGAL-ITALIE-TRANSPORTS \/ ITA Airways va inaugurer en juillet une ligne Rome-Dakar\"}]},{\"@type\":\"WebSite\",\"@id\":\"https:\/\/challengeseconomiques.com\/#website\",\"url\":\"https:\/\/challengeseconomiques.com\/\",\"name\":\"challenges economiques\",\"description\":\"\",\"potentialAction\":[{\"@type\":\"SearchAction\",\"target\":{\"@type\":\"EntryPoint\",\"urlTemplate\":\"https:\/\/challengeseconomiques.com\/?s={search_term_string}\"},\"query-input\":{\"@type\":\"PropertyValueSpecification\",\"valueRequired\":true,\"valueName\":\"search_term_string\"}}],\"inLanguage\":\"fr-FR\"},{\"@type\":\"Person\",\"@id\":\"https:\/\/challengeseconomiques.com\/#\/schema\/person\/b4568c9afebc5a9238a771873801e349\",\"name\":\"admin\",\"image\":{\"@type\":\"ImageObject\",\"inLanguage\":\"fr-FR\",\"@id\":\"https:\/\/challengeseconomiques.com\/#\/schema\/person\/image\/\",\"url\":\"https:\/\/secure.gravatar.com\/avatar\/099e42240b5eea11acdb72751fcce0dd918603f0749d24974b7984ea47ed9fd9?s=96&d=mm&r=g\",\"contentUrl\":\"https:\/\/secure.gravatar.com\/avatar\/099e42240b5eea11acdb72751fcce0dd918603f0749d24974b7984ea47ed9fd9?s=96&d=mm&r=g\",\"caption\":\"admin\"},\"sameAs\":[\"https:\/\/challengeseconomiques.com\"],\"url\":\"https:\/\/challengeseconomiques.com\/?author=1\"}]}<\/script>\n<!-- \/ Yoast SEO plugin. -->","yoast_head_json":{"title":"SENEGAL-ITALIE-TRANSPORTS \/ ITA Airways va inaugurer en juillet une ligne Rome-Dakar - challenges economiques","robots":{"index":"index","follow":"follow","max-snippet":"max-snippet:-1","max-image-preview":"max-image-preview:large","max-video-preview":"max-video-preview:-1"},"canonical":"https:\/\/challengeseconomiques.com\/?p=6167","og_locale":"fr_FR","og_type":"article","og_title":"SENEGAL-ITALIE-TRANSPORTS \/ ITA Airways va inaugurer en juillet une ligne Rome-Dakar - challenges economiques","og_description":"La compagnie nationale italienne, ITA Airways, annonce qu\u2019elle va inaugurer \u00e0 partir du mois de juillet prochain, une ligne directe Rome-Dakar \u00e0 raison de quatre...","og_url":"https:\/\/challengeseconomiques.com\/?p=6167","og_site_name":"challenges economiques","article_published_time":"2024-03-29T16:52:05+00:00","article_modified_time":"2024-03-29T16:52:37+00:00","og_image":[{"width":800,"height":450,"url":"https:\/\/challengeseconomiques.com\/wp-content\/uploads\/2024\/03\/itaairways.jpg","type":"image\/jpeg"}],"author":"admin","twitter_card":"summary_large_image","twitter_misc":{"\u00c9crit par":"admin","Dur\u00e9e de lecture estim\u00e9e":"1 minute"},"schema":{"@context":"https:\/\/schema.org","@graph":[{"@type":"Article","@id":"https:\/\/challengeseconomiques.com\/?p=6167#article","isPartOf":{"@id":"https:\/\/challengeseconomiques.com\/?p=6167"},"author":{"name":"admin","@id":"https:\/\/challengeseconomiques.com\/#\/schema\/person\/b4568c9afebc5a9238a771873801e349"},"headline":"SENEGAL-ITALIE-TRANSPORTS \/ ITA Airways va inaugurer en juillet une ligne Rome-Dakar","datePublished":"2024-03-29T16:52:05+00:00","dateModified":"2024-03-29T16:52:37+00:00","mainEntityOfPage":{"@id":"https:\/\/challengeseconomiques.com\/?p=6167"},"wordCount":147,"image":{"@id":"https:\/\/challengeseconomiques.com\/?p=6167#primaryimage"},"thumbnailUrl":"https:\/\/challengeseconomiques.com\/wp-content\/uploads\/2024\/03\/itaairways.jpg","articleSection":["Actualit\u00e9 \u00e9conomique","Infos \u00e9co"],"inLanguage":"fr-FR"},{"@type":"WebPage","@id":"https:\/\/challengeseconomiques.com\/?p=6167","url":"https:\/\/challengeseconomiques.com\/?p=6167","name":"SENEGAL-ITALIE-TRANSPORTS \/ ITA Airways va inaugurer en juillet une ligne Rome-Dakar - challenges economiques","isPartOf":{"@id":"https:\/\/challengeseconomiques.com\/#website"},"primaryImageOfPage":{"@id":"https:\/\/challengeseconomiques.com\/?p=6167#primaryimage"},"image":{"@id":"https:\/\/challengeseconomiques.com\/?p=6167#primaryimage"},"thumbnailUrl":"https:\/\/challengeseconomiques.com\/wp-content\/uploads\/2024\/03\/itaairways.jpg","datePublished":"2024-03-29T16:52:05+00:00","dateModified":"2024-03-29T16:52:37+00:00","author":{"@id":"https:\/\/challengeseconomiques.com\/#\/schema\/person\/b4568c9afebc5a9238a771873801e349"},"breadcrumb":{"@id":"https:\/\/challengeseconomiques.com\/?p=6167#breadcrumb"},"inLanguage":"fr-FR","potentialAction":[{"@type":"ReadAction","target":["https:\/\/challengeseconomiques.com\/?p=6167"]}]},{"@type":"ImageObject","inLanguage":"fr-FR","@id":"https:\/\/challengeseconomiques.com\/?p=6167#primaryimage","url":"https:\/\/challengeseconomiques.com\/wp-content\/uploads\/2024\/03\/itaairways.jpg","contentUrl":"https:\/\/challengeseconomiques.com\/wp-content\/uploads\/2024\/03\/itaairways.jpg","width":800,"height":450},{"@type":"BreadcrumbList","@id":"https:\/\/challengeseconomiques.com\/?p=6167#breadcrumb","itemListElement":[{"@type":"ListItem","position":1,"name":"Home","item":"https:\/\/challengeseconomiques.com\/"},{"@type":"ListItem","position":2,"name":"SENEGAL-ITALIE-TRANSPORTS \/ ITA Airways va inaugurer en juillet une ligne Rome-Dakar"}]},{"@type":"WebSite","@id":"https:\/\/challengeseconomiques.com\/#website","url":"https:\/\/challengeseconomiques.com\/","name":"challenges economiques","description":"","potentialAction":[{"@type":"SearchAction","target":{"@type":"EntryPoint","urlTemplate":"https:\/\/challengeseconomiques.com\/?s={search_term_string}"},"query-input":{"@type":"PropertyValueSpecification","valueRequired":true,"valueName":"search_term_string"}}],"inLanguage":"fr-FR"},{"@type":"Person","@id":"https:\/\/challengeseconomiques.com\/#\/schema\/person\/b4568c9afebc5a9238a771873801e349","name":"admin","image":{"@type":"ImageObject","inLanguage":"fr-FR","@id":"https:\/\/challengeseconomiques.com\/#\/schema\/person\/image\/","url":"https:\/\/secure.gravatar.com\/avatar\/099e42240b5eea11acdb72751fcce0dd918603f0749d24974b7984ea47ed9fd9?s=96&d=mm&r=g","contentUrl":"https:\/\/secure.gravatar.com\/avatar\/099e42240b5eea11acdb72751fcce0dd918603f0749d24974b7984ea47ed9fd9?s=96&d=mm&r=g","caption":"admin"},"sameAs":["https:\/\/challengeseconomiques.com"],"url":"https:\/\/challengeseconomiques.com\/?author=1"}]}},"jetpack_featured_media_url":"https:\/\/challengeseconomiques.com\/wp-content\/uploads\/2024\/03\/itaairways.jpg","jetpack_sharing_enabled":true,"_links":{"self":[{"href":"https:\/\/challengeseconomiques.com\/index.php?rest_route=\/wp\/v2\/posts\/6167","targetHints":{"allow":["GET"]}}],"collection":[{"href":"https:\/\/challengeseconomiques.com\/index.php?rest_route=\/wp\/v2\/posts"}],"about":[{"href":"https:\/\/challengeseconomiques.com\/index.php?rest_route=\/wp\/v2\/types\/post"}],"author":[{"embeddable":true,"href":"https:\/\/challengeseconomiques.com\/index.php?rest_route=\/wp\/v2\/users\/1"}],"replies":[{"embeddable":true,"href":"https:\/\/challengeseconomiques.com\/index.php?rest_route=%2Fwp%2Fv2%2Fcomments&post=6167"}],"version-history":[{"count":1,"href":"https:\/\/challengeseconomiques.com\/index.php?rest_route=\/wp\/v2\/posts\/6167\/revisions"}],"predecessor-version":[{"id":6169,"href":"https:\/\/challengeseconomiques.com\/index.php?rest_route=\/wp\/v2\/posts\/6167\/revisions\/6169"}],"wp:featuredmedia":[{"embeddable":true,"href":"https:\/\/challengeseconomiques.com\/index.php?rest_route=\/wp\/v2\/media\/6168"}],"wp:attachment":[{"href":"https:\/\/challengeseconomiques.com\/index.php?rest_route=%2Fwp%2Fv2%2Fmedia&parent=6167"}],"wp:term":[{"taxonomy":"category","embeddable":true,"href":"https:\/\/challengeseconomiques.com\/index.php?rest_route=%2Fwp%2Fv2%2Fcategories&post=6167"},{"taxonomy":"post_tag","embeddable":true,"href":"https:\/\/challengeseconomiques.com\/index.php?rest_route=%2Fwp%2Fv2%2Ftags&post=6167"}],"curies":[{"name":"wp","href":"https:\/\/api.w.org\/{rel}","templated":true}]}}