{"id":6156,"date":"2024-03-27T15:06:37","date_gmt":"2024-03-27T15:06:37","guid":{"rendered":"https:\/\/challengeseconomiques.com\/?p=6156"},"modified":"2024-03-27T15:08:07","modified_gmt":"2024-03-27T15:08:07","slug":"le-gouverneur-de-la-bceao-salue-la-bonne-tenue-du-scrutin-presidentiel-au-senegal","status":"publish","type":"post","link":"https:\/\/challengeseconomiques.com\/?p=6156","title":{"rendered":"Le gouverneur de la BCEAO salue \u201cla bonne tenue\u201d du scrutin pr\u00e9sidentiel au S\u00e9n\u00e9gal"},"content":{"rendered":"<p><strong>Le gouverneur de la Banque centrale des Etats de l\u2019Afrique de l\u2019Ouest (BCEAO), Jean Claude Kassi Brou, a salu\u00e9, mercredi, la \u201dbonne tenue\u201d du scrutin pr\u00e9sidentiel de dimanche au S\u00e9n\u00e9gal, tout en f\u00e9licitant le pr\u00e9sident \u00e9lu, Bassirou Diomaye Faye.<\/strong><\/p>\n<p>\u201dJe voudrais en outre f\u00e9liciter les autorit\u00e9s et le peuple s\u00e9n\u00e9galais pour la bonne tenue de l\u2019\u00e9lection\u00a0 pr\u00e9sidentielle du 24 mars 2024\u201d, a d\u00e9clar\u00e9 M. Brou. Il s\u2019entretenait avec des journalistes \u00e0 l\u2019issue de\u00a0 la premi\u00e8re session ordinaire 2024 du Conseil d\u2019administration de cet institut d\u2019\u00e9mission de l\u2019Union \u00e9conomique et mon\u00e9taire ouest africaine.<\/p>\n<p>Les principaux points \u00e0 l\u2019ordre du jour de cette session ont port\u00e9 sur \u201dl\u2019arr\u00eat\u00e9 des comptes de la BCEAO pour l\u2019exercice 2023 \u00e0 travers notamment l\u2019analyse du rapport financier et du rapport d\u2019ex\u00e9cution du budget, et l\u2019examen du relev\u00e9 des conclusions de la r\u00e9union du comit\u00e9 d\u2019audit de la BCEAO, tenu le 25 mars 2024\u201d.<\/p>\n<p>Il a adress\u00e9 ses \u201dchaleureuses f\u00e9licitations au nouveau pr\u00e9sident \u00e9lu du S\u00e9n\u00e9gal, Bassirou Diomaye Faye\u201d.<\/p>\n<p>Jean Claude Kassi Brou a \u00e9galement exprim\u00e9 sa \u201dreconnaissance\u201d au pr\u00e9sident Macky Sall \u201ddont le mandat s\u2019ach\u00e8ve le 2 avril 2024\u201d, pour \u201dson accompagnement personnel et celui de l\u2019\u00c9tat du S\u00e9n\u00e9gal, \u00e0 l\u2019endroit de la BCEAO\u201d.<\/p>\n<p>&nbsp;<\/p>\n<p>\u201dJe voudrais saluer l\u2019ensemble de ses \u0153uvres qui ont permis de consolider les acquis du S\u00e9n\u00e9gal en mati\u00e8re de d\u00e9veloppement \u00e9conomique et social et de stabilit\u00e9 politique\u201d, a-t-il insist\u00e9, relevant, entre autres, \u201dson implication personnelle\u201d lors de la c\u00e9l\u00e9bration du 50<sup>e<\/sup> anniversaire de la BCEAO, en 2012, notamment \u00e0 travers sa pr\u00e9sence effective au lancement de la nouvelle gamme de billets de 500 FCFA.<\/p>\n<p>Selon lui, \u201dle S\u00e9n\u00e9gal, pays h\u00f4te de l\u2019institut d\u2019\u00e9mission a toujours jou\u00e9, sous le leadership fort et clairvoyant de ses diff\u00e9rents chefs d\u2019\u00c9tats, un r\u00f4le important dans le processus d\u2019int\u00e9gration mon\u00e9taire de notre zone ouest africaine\u201d.<\/p>\n<p>\u201dCette implication r\u00e9sulte naturellement de la tradition historique remarquable d\u2019engagement du pays et de son peuple en faveur de la consolidation de l\u2019int\u00e9gration africaine\u201d, a estim\u00e9 M. Brou.<\/p>\n<p><strong>(APS)<\/strong><\/p>\n","protected":false},"excerpt":{"rendered":"<p>Le gouverneur de la Banque centrale des Etats de l\u2019Afrique de l\u2019Ouest (BCEAO), Jean Claude Kassi Brou, a salu\u00e9, mercredi, la \u201dbonne tenue\u201d du scrutin&#8230;<\/p>\n","protected":false},"author":1,"featured_media":3162,"comment_status":"closed","ping_status":"open","sticky":false,"template":"","format":"standard","meta":{"_jetpack_memberships_contains_paid_content":false,"footnotes":""},"categories":[8,10],"tags":[],"class_list":["post-6156","post","type-post","status-publish","format-standard","has-post-thumbnail","hentry","category-actualite-economique","category-infos-eco","wpcat-8-id","wpcat-10-id"],"yoast_head":"<!-- This site is optimized with the Yoast SEO plugin v27.1.1 - https:\/\/yoast.com\/product\/yoast-seo-wordpress\/ -->\n<title>Le gouverneur de la BCEAO salue \u201cla bonne tenue\u201d du scrutin pr\u00e9sidentiel au S\u00e9n\u00e9gal - challenges economiques<\/title>\n<meta name=\"robots\" content=\"index, follow, max-snippet:-1, max-image-preview:large, max-video-preview:-1\" \/>\n<link rel=\"canonical\" href=\"https:\/\/challengeseconomiques.com\/?p=6156\" \/>\n<meta property=\"og:locale\" content=\"fr_FR\" \/>\n<meta property=\"og:type\" content=\"article\" \/>\n<meta property=\"og:title\" content=\"Le gouverneur de la BCEAO salue \u201cla bonne tenue\u201d du scrutin pr\u00e9sidentiel au S\u00e9n\u00e9gal - challenges economiques\" \/>\n<meta property=\"og:description\" content=\"Le gouverneur de la Banque centrale des Etats de l\u2019Afrique de l\u2019Ouest (BCEAO), Jean Claude Kassi Brou, a salu\u00e9, mercredi, la \u201dbonne tenue\u201d du scrutin...\" \/>\n<meta property=\"og:url\" content=\"https:\/\/challengeseconomiques.com\/?p=6156\" \/>\n<meta property=\"og:site_name\" content=\"challenges economiques\" \/>\n<meta property=\"article:published_time\" content=\"2024-03-27T15:06:37+00:00\" \/>\n<meta property=\"article:modified_time\" content=\"2024-03-27T15:08:07+00:00\" \/>\n<meta property=\"og:image\" content=\"https:\/\/challengeseconomiques.com\/wp-content\/uploads\/2022\/04\/JC-Brou.jpg\" \/>\n\t<meta property=\"og:image:width\" content=\"900\" \/>\n\t<meta property=\"og:image:height\" content=\"643\" \/>\n\t<meta property=\"og:image:type\" content=\"image\/jpeg\" \/>\n<meta name=\"author\" content=\"admin\" \/>\n<meta name=\"twitter:card\" content=\"summary_large_image\" \/>\n<meta name=\"twitter:label1\" content=\"\u00c9crit par\" \/>\n\t<meta name=\"twitter:data1\" content=\"admin\" \/>\n\t<meta name=\"twitter:label2\" content=\"Dur\u00e9e de lecture estim\u00e9e\" \/>\n\t<meta name=\"twitter:data2\" content=\"2 minutes\" \/>\n<script type=\"application\/ld+json\" class=\"yoast-schema-graph\">{\"@context\":\"https:\/\/schema.org\",\"@graph\":[{\"@type\":\"Article\",\"@id\":\"https:\/\/challengeseconomiques.com\/?p=6156#article\",\"isPartOf\":{\"@id\":\"https:\/\/challengeseconomiques.com\/?p=6156\"},\"author\":{\"name\":\"admin\",\"@id\":\"https:\/\/challengeseconomiques.com\/#\/schema\/person\/b4568c9afebc5a9238a771873801e349\"},\"headline\":\"Le gouverneur de la BCEAO salue \u201cla bonne tenue\u201d du scrutin pr\u00e9sidentiel au S\u00e9n\u00e9gal\",\"datePublished\":\"2024-03-27T15:06:37+00:00\",\"dateModified\":\"2024-03-27T15:08:07+00:00\",\"mainEntityOfPage\":{\"@id\":\"https:\/\/challengeseconomiques.com\/?p=6156\"},\"wordCount\":395,\"image\":{\"@id\":\"https:\/\/challengeseconomiques.com\/?p=6156#primaryimage\"},\"thumbnailUrl\":\"https:\/\/challengeseconomiques.com\/wp-content\/uploads\/2022\/04\/JC-Brou.jpg\",\"articleSection\":[\"Actualit\u00e9 \u00e9conomique\",\"Infos \u00e9co\"],\"inLanguage\":\"fr-FR\"},{\"@type\":\"WebPage\",\"@id\":\"https:\/\/challengeseconomiques.com\/?p=6156\",\"url\":\"https:\/\/challengeseconomiques.com\/?p=6156\",\"name\":\"Le gouverneur de la BCEAO salue \u201cla bonne tenue\u201d du scrutin pr\u00e9sidentiel au S\u00e9n\u00e9gal - challenges economiques\",\"isPartOf\":{\"@id\":\"https:\/\/challengeseconomiques.com\/#website\"},\"primaryImageOfPage\":{\"@id\":\"https:\/\/challengeseconomiques.com\/?p=6156#primaryimage\"},\"image\":{\"@id\":\"https:\/\/challengeseconomiques.com\/?p=6156#primaryimage\"},\"thumbnailUrl\":\"https:\/\/challengeseconomiques.com\/wp-content\/uploads\/2022\/04\/JC-Brou.jpg\",\"datePublished\":\"2024-03-27T15:06:37+00:00\",\"dateModified\":\"2024-03-27T15:08:07+00:00\",\"author\":{\"@id\":\"https:\/\/challengeseconomiques.com\/#\/schema\/person\/b4568c9afebc5a9238a771873801e349\"},\"breadcrumb\":{\"@id\":\"https:\/\/challengeseconomiques.com\/?p=6156#breadcrumb\"},\"inLanguage\":\"fr-FR\",\"potentialAction\":[{\"@type\":\"ReadAction\",\"target\":[\"https:\/\/challengeseconomiques.com\/?p=6156\"]}]},{\"@type\":\"ImageObject\",\"inLanguage\":\"fr-FR\",\"@id\":\"https:\/\/challengeseconomiques.com\/?p=6156#primaryimage\",\"url\":\"https:\/\/challengeseconomiques.com\/wp-content\/uploads\/2022\/04\/JC-Brou.jpg\",\"contentUrl\":\"https:\/\/challengeseconomiques.com\/wp-content\/uploads\/2022\/04\/JC-Brou.jpg\",\"width\":900,\"height\":643},{\"@type\":\"BreadcrumbList\",\"@id\":\"https:\/\/challengeseconomiques.com\/?p=6156#breadcrumb\",\"itemListElement\":[{\"@type\":\"ListItem\",\"position\":1,\"name\":\"Home\",\"item\":\"https:\/\/challengeseconomiques.com\/\"},{\"@type\":\"ListItem\",\"position\":2,\"name\":\"Le gouverneur de la BCEAO salue \u201cla bonne tenue\u201d du scrutin pr\u00e9sidentiel au S\u00e9n\u00e9gal\"}]},{\"@type\":\"WebSite\",\"@id\":\"https:\/\/challengeseconomiques.com\/#website\",\"url\":\"https:\/\/challengeseconomiques.com\/\",\"name\":\"challenges economiques\",\"description\":\"\",\"potentialAction\":[{\"@type\":\"SearchAction\",\"target\":{\"@type\":\"EntryPoint\",\"urlTemplate\":\"https:\/\/challengeseconomiques.com\/?s={search_term_string}\"},\"query-input\":{\"@type\":\"PropertyValueSpecification\",\"valueRequired\":true,\"valueName\":\"search_term_string\"}}],\"inLanguage\":\"fr-FR\"},{\"@type\":\"Person\",\"@id\":\"https:\/\/challengeseconomiques.com\/#\/schema\/person\/b4568c9afebc5a9238a771873801e349\",\"name\":\"admin\",\"image\":{\"@type\":\"ImageObject\",\"inLanguage\":\"fr-FR\",\"@id\":\"https:\/\/challengeseconomiques.com\/#\/schema\/person\/image\/\",\"url\":\"https:\/\/secure.gravatar.com\/avatar\/099e42240b5eea11acdb72751fcce0dd918603f0749d24974b7984ea47ed9fd9?s=96&d=mm&r=g\",\"contentUrl\":\"https:\/\/secure.gravatar.com\/avatar\/099e42240b5eea11acdb72751fcce0dd918603f0749d24974b7984ea47ed9fd9?s=96&d=mm&r=g\",\"caption\":\"admin\"},\"sameAs\":[\"https:\/\/challengeseconomiques.com\"],\"url\":\"https:\/\/challengeseconomiques.com\/?author=1\"}]}<\/script>\n<!-- \/ Yoast SEO plugin. -->","yoast_head_json":{"title":"Le gouverneur de la BCEAO salue \u201cla bonne tenue\u201d du scrutin pr\u00e9sidentiel au S\u00e9n\u00e9gal - challenges economiques","robots":{"index":"index","follow":"follow","max-snippet":"max-snippet:-1","max-image-preview":"max-image-preview:large","max-video-preview":"max-video-preview:-1"},"canonical":"https:\/\/challengeseconomiques.com\/?p=6156","og_locale":"fr_FR","og_type":"article","og_title":"Le gouverneur de la BCEAO salue \u201cla bonne tenue\u201d du scrutin pr\u00e9sidentiel au S\u00e9n\u00e9gal - challenges economiques","og_description":"Le gouverneur de la Banque centrale des Etats de l\u2019Afrique de l\u2019Ouest (BCEAO), Jean Claude Kassi Brou, a salu\u00e9, mercredi, la \u201dbonne tenue\u201d du scrutin...","og_url":"https:\/\/challengeseconomiques.com\/?p=6156","og_site_name":"challenges economiques","article_published_time":"2024-03-27T15:06:37+00:00","article_modified_time":"2024-03-27T15:08:07+00:00","og_image":[{"width":900,"height":643,"url":"https:\/\/challengeseconomiques.com\/wp-content\/uploads\/2022\/04\/JC-Brou.jpg","type":"image\/jpeg"}],"author":"admin","twitter_card":"summary_large_image","twitter_misc":{"\u00c9crit par":"admin","Dur\u00e9e de lecture estim\u00e9e":"2 minutes"},"schema":{"@context":"https:\/\/schema.org","@graph":[{"@type":"Article","@id":"https:\/\/challengeseconomiques.com\/?p=6156#article","isPartOf":{"@id":"https:\/\/challengeseconomiques.com\/?p=6156"},"author":{"name":"admin","@id":"https:\/\/challengeseconomiques.com\/#\/schema\/person\/b4568c9afebc5a9238a771873801e349"},"headline":"Le gouverneur de la BCEAO salue \u201cla bonne tenue\u201d du scrutin pr\u00e9sidentiel au S\u00e9n\u00e9gal","datePublished":"2024-03-27T15:06:37+00:00","dateModified":"2024-03-27T15:08:07+00:00","mainEntityOfPage":{"@id":"https:\/\/challengeseconomiques.com\/?p=6156"},"wordCount":395,"image":{"@id":"https:\/\/challengeseconomiques.com\/?p=6156#primaryimage"},"thumbnailUrl":"https:\/\/challengeseconomiques.com\/wp-content\/uploads\/2022\/04\/JC-Brou.jpg","articleSection":["Actualit\u00e9 \u00e9conomique","Infos \u00e9co"],"inLanguage":"fr-FR"},{"@type":"WebPage","@id":"https:\/\/challengeseconomiques.com\/?p=6156","url":"https:\/\/challengeseconomiques.com\/?p=6156","name":"Le gouverneur de la BCEAO salue \u201cla bonne tenue\u201d du scrutin pr\u00e9sidentiel au S\u00e9n\u00e9gal - challenges economiques","isPartOf":{"@id":"https:\/\/challengeseconomiques.com\/#website"},"primaryImageOfPage":{"@id":"https:\/\/challengeseconomiques.com\/?p=6156#primaryimage"},"image":{"@id":"https:\/\/challengeseconomiques.com\/?p=6156#primaryimage"},"thumbnailUrl":"https:\/\/challengeseconomiques.com\/wp-content\/uploads\/2022\/04\/JC-Brou.jpg","datePublished":"2024-03-27T15:06:37+00:00","dateModified":"2024-03-27T15:08:07+00:00","author":{"@id":"https:\/\/challengeseconomiques.com\/#\/schema\/person\/b4568c9afebc5a9238a771873801e349"},"breadcrumb":{"@id":"https:\/\/challengeseconomiques.com\/?p=6156#breadcrumb"},"inLanguage":"fr-FR","potentialAction":[{"@type":"ReadAction","target":["https:\/\/challengeseconomiques.com\/?p=6156"]}]},{"@type":"ImageObject","inLanguage":"fr-FR","@id":"https:\/\/challengeseconomiques.com\/?p=6156#primaryimage","url":"https:\/\/challengeseconomiques.com\/wp-content\/uploads\/2022\/04\/JC-Brou.jpg","contentUrl":"https:\/\/challengeseconomiques.com\/wp-content\/uploads\/2022\/04\/JC-Brou.jpg","width":900,"height":643},{"@type":"BreadcrumbList","@id":"https:\/\/challengeseconomiques.com\/?p=6156#breadcrumb","itemListElement":[{"@type":"ListItem","position":1,"name":"Home","item":"https:\/\/challengeseconomiques.com\/"},{"@type":"ListItem","position":2,"name":"Le gouverneur de la BCEAO salue \u201cla bonne tenue\u201d du scrutin pr\u00e9sidentiel au S\u00e9n\u00e9gal"}]},{"@type":"WebSite","@id":"https:\/\/challengeseconomiques.com\/#website","url":"https:\/\/challengeseconomiques.com\/","name":"challenges economiques","description":"","potentialAction":[{"@type":"SearchAction","target":{"@type":"EntryPoint","urlTemplate":"https:\/\/challengeseconomiques.com\/?s={search_term_string}"},"query-input":{"@type":"PropertyValueSpecification","valueRequired":true,"valueName":"search_term_string"}}],"inLanguage":"fr-FR"},{"@type":"Person","@id":"https:\/\/challengeseconomiques.com\/#\/schema\/person\/b4568c9afebc5a9238a771873801e349","name":"admin","image":{"@type":"ImageObject","inLanguage":"fr-FR","@id":"https:\/\/challengeseconomiques.com\/#\/schema\/person\/image\/","url":"https:\/\/secure.gravatar.com\/avatar\/099e42240b5eea11acdb72751fcce0dd918603f0749d24974b7984ea47ed9fd9?s=96&d=mm&r=g","contentUrl":"https:\/\/secure.gravatar.com\/avatar\/099e42240b5eea11acdb72751fcce0dd918603f0749d24974b7984ea47ed9fd9?s=96&d=mm&r=g","caption":"admin"},"sameAs":["https:\/\/challengeseconomiques.com"],"url":"https:\/\/challengeseconomiques.com\/?author=1"}]}},"jetpack_featured_media_url":"https:\/\/challengeseconomiques.com\/wp-content\/uploads\/2022\/04\/JC-Brou.jpg","jetpack_sharing_enabled":true,"_links":{"self":[{"href":"https:\/\/challengeseconomiques.com\/index.php?rest_route=\/wp\/v2\/posts\/6156","targetHints":{"allow":["GET"]}}],"collection":[{"href":"https:\/\/challengeseconomiques.com\/index.php?rest_route=\/wp\/v2\/posts"}],"about":[{"href":"https:\/\/challengeseconomiques.com\/index.php?rest_route=\/wp\/v2\/types\/post"}],"author":[{"embeddable":true,"href":"https:\/\/challengeseconomiques.com\/index.php?rest_route=\/wp\/v2\/users\/1"}],"replies":[{"embeddable":true,"href":"https:\/\/challengeseconomiques.com\/index.php?rest_route=%2Fwp%2Fv2%2Fcomments&post=6156"}],"version-history":[{"count":1,"href":"https:\/\/challengeseconomiques.com\/index.php?rest_route=\/wp\/v2\/posts\/6156\/revisions"}],"predecessor-version":[{"id":6157,"href":"https:\/\/challengeseconomiques.com\/index.php?rest_route=\/wp\/v2\/posts\/6156\/revisions\/6157"}],"wp:featuredmedia":[{"embeddable":true,"href":"https:\/\/challengeseconomiques.com\/index.php?rest_route=\/wp\/v2\/media\/3162"}],"wp:attachment":[{"href":"https:\/\/challengeseconomiques.com\/index.php?rest_route=%2Fwp%2Fv2%2Fmedia&parent=6156"}],"wp:term":[{"taxonomy":"category","embeddable":true,"href":"https:\/\/challengeseconomiques.com\/index.php?rest_route=%2Fwp%2Fv2%2Fcategories&post=6156"},{"taxonomy":"post_tag","embeddable":true,"href":"https:\/\/challengeseconomiques.com\/index.php?rest_route=%2Fwp%2Fv2%2Ftags&post=6156"}],"curies":[{"name":"wp","href":"https:\/\/api.w.org\/{rel}","templated":true}]}}