{"id":6146,"date":"2024-03-25T16:50:08","date_gmt":"2024-03-25T16:50:08","guid":{"rendered":"https:\/\/challengeseconomiques.com\/?p=6146"},"modified":"2024-03-26T13:48:22","modified_gmt":"2024-03-26T13:48:22","slug":"bassirou-diomaye-faye-elu-5eme-president-du-senegal","status":"publish","type":"post","link":"https:\/\/challengeseconomiques.com\/?p=6146","title":{"rendered":"Bassirou Diomaye Faye \u00e9lu 5\u00e8me pr\u00e9sident du S\u00e9n\u00e9gal"},"content":{"rendered":"<p>Le S\u00e9n\u00e9gal vient d\u2019\u00e9lire son cinqui\u00e8me pr\u00e9sident. Il s\u2019agit de Bassirou Diomaye Faye. Il est inspecteur des imp\u00f4ts. Ag\u00e9 aujourd\u2019hui de 44 ans, il a ravi la vedette \u00e0 tous les autres candidats. Secr\u00e9taire g\u00e9n\u00e9ral du PASTEF avant son emprisonnement, il a b\u00e9n\u00e9fici\u00e9 de l\u2019\u00e9limination de son mentor, Ousmane Sonko pour participer \u00e0 cette \u00e9lection in\u00e9dite. Bassirou Diomaye Faye a \u00a0\u00e9t\u00e9 choisi par Ousmane Sonko, le\u00a0 leader du PASTEF, alors qu\u2019il \u00e9tait en prison.<\/p>\n<p>Elargi de prison au bout d\u2019une ann\u00e9e pass\u00e9e \u00a0derri\u00e8re les barreaux, \u00e0 la faveur d\u2019une loi d\u2019amnistie, d\u00e9cid\u00e9e par Macky Sall et\u00a0 vot\u00e9e en urgence par l\u2019Assembl\u00e9e nationale du S\u00e9n\u00e9gal, il a avec son compagnon de bagne, parcouru le S\u00e9n\u00e9gal, aux pas de course, pour faire une campagne tr\u00e8s intense de quelques jours . Sous l\u2019aile protectrice de son mentor au d\u00e9but, ce dernier a bien \u00e9t\u00e9 oblig\u00e9 \u00e0 un certain moment de le laisser voler de ses propres ailes. Un choix gagnant. Il lui a permis en tout cas de se r\u00e9v\u00e9ler aux S\u00e9n\u00e9galais. Bassirou Diomaye Faye a d\u00e9montr\u00e9 \u00e0 travers ses interventions qu\u2019il \u00e9tait en mesure de porter un discours pouvant convaincre l&rsquo;\u00e9lectorat. Il a apparemment convaincu les S\u00e9n\u00e9galais. Rien d\u2019\u00e9tonnant \u00e0 cela car comme le dit leur slogan de campagne \u00ab Sonko mooy Diomaye \u00bb.<\/p>\n<p>Il reste maintenant au \u00a0pr\u00e9sident nouvellement \u00e9lu \u00a0du S\u00e9n\u00e9gal, apr\u00e8s la c\u00e9l\u00e9bration de cette victoire historique et les c\u00e9r\u00e9monies protocolaires de passation de pouvoir et d\u2019investiture, de faire face aux attentes \u00e9normes des s\u00e9n\u00e9galais, lesquels ont largement vot\u00e9 pour le changement. Il faudra au jeune pr\u00e9sident du S\u00e9n\u00e9gal, \u00a0de r\u00e9pondre rapidement \u00e0 ces aspirations \u00e0 un changement v\u00e9ritable. Bassirou Diomaye Faye h\u00e9rite d\u2019un \u00e9tat surendett\u00e9, tr\u00e8s\u00a0 mal en point sur la gestion de la bonne gouvernance \u00e9conomique, mais qui dispose en plus des recettes fiscales, de ressources \u00a0p\u00e9troli\u00e8res et de gazi\u00e8res consid\u00e9rables. Charge \u00e0 lui, avec l&rsquo;\u00e9quipe qui va l&rsquo;accompagner , \u00a0de tout mettre en \u0153uvre pour relever le d\u00e9fi consistant \u00e0 garantir aux s\u00e9n\u00e9galais le bien-\u00eatre .<\/p>\n<p>Lors de son premier discours, prononc\u00e9 le 25 mars 2024, au lendemain de l&rsquo;\u00e9lection, il a indiqu\u00e9 ses priorit\u00e9s. Parmi celles ci figure l&rsquo;all\u00e9gement du co\u00fbt de la vie. Le gouvernement de Macky Sall a pein\u00e9 \u00e0 trouver une solution \u00e0 cette \u00e9quation. Cependant, avec la baisse du taux d&rsquo;inflation constat\u00e9 depuis quelques mois, le nouveau chef de l&rsquo;\u00e9tat s\u00e9n\u00e9galais pourra trouver les moyens d&rsquo;all\u00e9ger ce co\u00fbt de la vie qui a rendu encore plus impopulaire le r\u00e9gime du pr\u00e9sident sortant. Avec l&rsquo;euphorie de la victoire, et la p\u00e9riode de gr\u00e2ce qui va sans doute suivre son \u00e9lection, les populations accorderont certainement un temps de r\u00e9pit\u00a0 \u00e0 M. Bassirou\u00a0 Diomaye Faye.<\/p>\n","protected":false},"excerpt":{"rendered":"<p>Le S\u00e9n\u00e9gal vient d\u2019\u00e9lire son cinqui\u00e8me pr\u00e9sident. Il s\u2019agit de Bassirou Diomaye Faye. Il est inspecteur des imp\u00f4ts. Ag\u00e9 aujourd\u2019hui de 44 ans, il a&#8230;<\/p>\n","protected":false},"author":1,"featured_media":6155,"comment_status":"closed","ping_status":"open","sticky":false,"template":"","format":"standard","meta":{"_jetpack_memberships_contains_paid_content":false,"footnotes":""},"categories":[1],"tags":[],"class_list":["post-6146","post","type-post","status-publish","format-standard","has-post-thumbnail","hentry","category-uncategorized","wpcat-1-id"],"yoast_head":"<!-- This site is optimized with the Yoast SEO plugin v27.1.1 - https:\/\/yoast.com\/product\/yoast-seo-wordpress\/ -->\n<title>Bassirou Diomaye Faye \u00e9lu 5\u00e8me pr\u00e9sident du S\u00e9n\u00e9gal - challenges economiques<\/title>\n<meta name=\"robots\" content=\"index, follow, max-snippet:-1, max-image-preview:large, max-video-preview:-1\" \/>\n<link rel=\"canonical\" href=\"https:\/\/challengeseconomiques.com\/?p=6146\" \/>\n<meta property=\"og:locale\" content=\"fr_FR\" \/>\n<meta property=\"og:type\" content=\"article\" \/>\n<meta property=\"og:title\" content=\"Bassirou Diomaye Faye \u00e9lu 5\u00e8me pr\u00e9sident du S\u00e9n\u00e9gal - challenges economiques\" \/>\n<meta property=\"og:description\" content=\"Le S\u00e9n\u00e9gal vient d\u2019\u00e9lire son cinqui\u00e8me pr\u00e9sident. Il s\u2019agit de Bassirou Diomaye Faye. Il est inspecteur des imp\u00f4ts. Ag\u00e9 aujourd\u2019hui de 44 ans, il a...\" \/>\n<meta property=\"og:url\" content=\"https:\/\/challengeseconomiques.com\/?p=6146\" \/>\n<meta property=\"og:site_name\" content=\"challenges economiques\" \/>\n<meta property=\"article:published_time\" content=\"2024-03-25T16:50:08+00:00\" \/>\n<meta property=\"article:modified_time\" content=\"2024-03-26T13:48:22+00:00\" \/>\n<meta property=\"og:image\" content=\"https:\/\/challengeseconomiques.com\/wp-content\/uploads\/2024\/03\/bassfaye.jpg\" \/>\n\t<meta property=\"og:image:width\" content=\"1242\" \/>\n\t<meta property=\"og:image:height\" content=\"957\" \/>\n\t<meta property=\"og:image:type\" content=\"image\/jpeg\" \/>\n<meta name=\"author\" content=\"admin\" \/>\n<meta name=\"twitter:card\" content=\"summary_large_image\" \/>\n<meta name=\"twitter:label1\" content=\"\u00c9crit par\" \/>\n\t<meta name=\"twitter:data1\" content=\"admin\" \/>\n\t<meta name=\"twitter:label2\" content=\"Dur\u00e9e de lecture estim\u00e9e\" \/>\n\t<meta name=\"twitter:data2\" content=\"3 minutes\" \/>\n<script type=\"application\/ld+json\" class=\"yoast-schema-graph\">{\"@context\":\"https:\/\/schema.org\",\"@graph\":[{\"@type\":\"Article\",\"@id\":\"https:\/\/challengeseconomiques.com\/?p=6146#article\",\"isPartOf\":{\"@id\":\"https:\/\/challengeseconomiques.com\/?p=6146\"},\"author\":{\"name\":\"admin\",\"@id\":\"https:\/\/challengeseconomiques.com\/#\/schema\/person\/b4568c9afebc5a9238a771873801e349\"},\"headline\":\"Bassirou Diomaye Faye \u00e9lu 5\u00e8me pr\u00e9sident du S\u00e9n\u00e9gal\",\"datePublished\":\"2024-03-25T16:50:08+00:00\",\"dateModified\":\"2024-03-26T13:48:22+00:00\",\"mainEntityOfPage\":{\"@id\":\"https:\/\/challengeseconomiques.com\/?p=6146\"},\"wordCount\":522,\"image\":{\"@id\":\"https:\/\/challengeseconomiques.com\/?p=6146#primaryimage\"},\"thumbnailUrl\":\"https:\/\/challengeseconomiques.com\/wp-content\/uploads\/2024\/03\/bassfaye.jpg\",\"articleSection\":[\"Uncategorized\"],\"inLanguage\":\"fr-FR\"},{\"@type\":\"WebPage\",\"@id\":\"https:\/\/challengeseconomiques.com\/?p=6146\",\"url\":\"https:\/\/challengeseconomiques.com\/?p=6146\",\"name\":\"Bassirou Diomaye Faye \u00e9lu 5\u00e8me pr\u00e9sident du S\u00e9n\u00e9gal - challenges economiques\",\"isPartOf\":{\"@id\":\"https:\/\/challengeseconomiques.com\/#website\"},\"primaryImageOfPage\":{\"@id\":\"https:\/\/challengeseconomiques.com\/?p=6146#primaryimage\"},\"image\":{\"@id\":\"https:\/\/challengeseconomiques.com\/?p=6146#primaryimage\"},\"thumbnailUrl\":\"https:\/\/challengeseconomiques.com\/wp-content\/uploads\/2024\/03\/bassfaye.jpg\",\"datePublished\":\"2024-03-25T16:50:08+00:00\",\"dateModified\":\"2024-03-26T13:48:22+00:00\",\"author\":{\"@id\":\"https:\/\/challengeseconomiques.com\/#\/schema\/person\/b4568c9afebc5a9238a771873801e349\"},\"breadcrumb\":{\"@id\":\"https:\/\/challengeseconomiques.com\/?p=6146#breadcrumb\"},\"inLanguage\":\"fr-FR\",\"potentialAction\":[{\"@type\":\"ReadAction\",\"target\":[\"https:\/\/challengeseconomiques.com\/?p=6146\"]}]},{\"@type\":\"ImageObject\",\"inLanguage\":\"fr-FR\",\"@id\":\"https:\/\/challengeseconomiques.com\/?p=6146#primaryimage\",\"url\":\"https:\/\/challengeseconomiques.com\/wp-content\/uploads\/2024\/03\/bassfaye.jpg\",\"contentUrl\":\"https:\/\/challengeseconomiques.com\/wp-content\/uploads\/2024\/03\/bassfaye.jpg\",\"width\":1242,\"height\":957},{\"@type\":\"BreadcrumbList\",\"@id\":\"https:\/\/challengeseconomiques.com\/?p=6146#breadcrumb\",\"itemListElement\":[{\"@type\":\"ListItem\",\"position\":1,\"name\":\"Home\",\"item\":\"https:\/\/challengeseconomiques.com\/\"},{\"@type\":\"ListItem\",\"position\":2,\"name\":\"Bassirou Diomaye Faye \u00e9lu 5\u00e8me pr\u00e9sident du S\u00e9n\u00e9gal\"}]},{\"@type\":\"WebSite\",\"@id\":\"https:\/\/challengeseconomiques.com\/#website\",\"url\":\"https:\/\/challengeseconomiques.com\/\",\"name\":\"challenges economiques\",\"description\":\"\",\"potentialAction\":[{\"@type\":\"SearchAction\",\"target\":{\"@type\":\"EntryPoint\",\"urlTemplate\":\"https:\/\/challengeseconomiques.com\/?s={search_term_string}\"},\"query-input\":{\"@type\":\"PropertyValueSpecification\",\"valueRequired\":true,\"valueName\":\"search_term_string\"}}],\"inLanguage\":\"fr-FR\"},{\"@type\":\"Person\",\"@id\":\"https:\/\/challengeseconomiques.com\/#\/schema\/person\/b4568c9afebc5a9238a771873801e349\",\"name\":\"admin\",\"image\":{\"@type\":\"ImageObject\",\"inLanguage\":\"fr-FR\",\"@id\":\"https:\/\/challengeseconomiques.com\/#\/schema\/person\/image\/\",\"url\":\"https:\/\/secure.gravatar.com\/avatar\/099e42240b5eea11acdb72751fcce0dd918603f0749d24974b7984ea47ed9fd9?s=96&d=mm&r=g\",\"contentUrl\":\"https:\/\/secure.gravatar.com\/avatar\/099e42240b5eea11acdb72751fcce0dd918603f0749d24974b7984ea47ed9fd9?s=96&d=mm&r=g\",\"caption\":\"admin\"},\"sameAs\":[\"https:\/\/challengeseconomiques.com\"],\"url\":\"https:\/\/challengeseconomiques.com\/?author=1\"}]}<\/script>\n<!-- \/ Yoast SEO plugin. -->","yoast_head_json":{"title":"Bassirou Diomaye Faye \u00e9lu 5\u00e8me pr\u00e9sident du S\u00e9n\u00e9gal - challenges economiques","robots":{"index":"index","follow":"follow","max-snippet":"max-snippet:-1","max-image-preview":"max-image-preview:large","max-video-preview":"max-video-preview:-1"},"canonical":"https:\/\/challengeseconomiques.com\/?p=6146","og_locale":"fr_FR","og_type":"article","og_title":"Bassirou Diomaye Faye \u00e9lu 5\u00e8me pr\u00e9sident du S\u00e9n\u00e9gal - challenges economiques","og_description":"Le S\u00e9n\u00e9gal vient d\u2019\u00e9lire son cinqui\u00e8me pr\u00e9sident. Il s\u2019agit de Bassirou Diomaye Faye. Il est inspecteur des imp\u00f4ts. Ag\u00e9 aujourd\u2019hui de 44 ans, il a...","og_url":"https:\/\/challengeseconomiques.com\/?p=6146","og_site_name":"challenges economiques","article_published_time":"2024-03-25T16:50:08+00:00","article_modified_time":"2024-03-26T13:48:22+00:00","og_image":[{"width":1242,"height":957,"url":"https:\/\/challengeseconomiques.com\/wp-content\/uploads\/2024\/03\/bassfaye.jpg","type":"image\/jpeg"}],"author":"admin","twitter_card":"summary_large_image","twitter_misc":{"\u00c9crit par":"admin","Dur\u00e9e de lecture estim\u00e9e":"3 minutes"},"schema":{"@context":"https:\/\/schema.org","@graph":[{"@type":"Article","@id":"https:\/\/challengeseconomiques.com\/?p=6146#article","isPartOf":{"@id":"https:\/\/challengeseconomiques.com\/?p=6146"},"author":{"name":"admin","@id":"https:\/\/challengeseconomiques.com\/#\/schema\/person\/b4568c9afebc5a9238a771873801e349"},"headline":"Bassirou Diomaye Faye \u00e9lu 5\u00e8me pr\u00e9sident du S\u00e9n\u00e9gal","datePublished":"2024-03-25T16:50:08+00:00","dateModified":"2024-03-26T13:48:22+00:00","mainEntityOfPage":{"@id":"https:\/\/challengeseconomiques.com\/?p=6146"},"wordCount":522,"image":{"@id":"https:\/\/challengeseconomiques.com\/?p=6146#primaryimage"},"thumbnailUrl":"https:\/\/challengeseconomiques.com\/wp-content\/uploads\/2024\/03\/bassfaye.jpg","articleSection":["Uncategorized"],"inLanguage":"fr-FR"},{"@type":"WebPage","@id":"https:\/\/challengeseconomiques.com\/?p=6146","url":"https:\/\/challengeseconomiques.com\/?p=6146","name":"Bassirou Diomaye Faye \u00e9lu 5\u00e8me pr\u00e9sident du S\u00e9n\u00e9gal - challenges economiques","isPartOf":{"@id":"https:\/\/challengeseconomiques.com\/#website"},"primaryImageOfPage":{"@id":"https:\/\/challengeseconomiques.com\/?p=6146#primaryimage"},"image":{"@id":"https:\/\/challengeseconomiques.com\/?p=6146#primaryimage"},"thumbnailUrl":"https:\/\/challengeseconomiques.com\/wp-content\/uploads\/2024\/03\/bassfaye.jpg","datePublished":"2024-03-25T16:50:08+00:00","dateModified":"2024-03-26T13:48:22+00:00","author":{"@id":"https:\/\/challengeseconomiques.com\/#\/schema\/person\/b4568c9afebc5a9238a771873801e349"},"breadcrumb":{"@id":"https:\/\/challengeseconomiques.com\/?p=6146#breadcrumb"},"inLanguage":"fr-FR","potentialAction":[{"@type":"ReadAction","target":["https:\/\/challengeseconomiques.com\/?p=6146"]}]},{"@type":"ImageObject","inLanguage":"fr-FR","@id":"https:\/\/challengeseconomiques.com\/?p=6146#primaryimage","url":"https:\/\/challengeseconomiques.com\/wp-content\/uploads\/2024\/03\/bassfaye.jpg","contentUrl":"https:\/\/challengeseconomiques.com\/wp-content\/uploads\/2024\/03\/bassfaye.jpg","width":1242,"height":957},{"@type":"BreadcrumbList","@id":"https:\/\/challengeseconomiques.com\/?p=6146#breadcrumb","itemListElement":[{"@type":"ListItem","position":1,"name":"Home","item":"https:\/\/challengeseconomiques.com\/"},{"@type":"ListItem","position":2,"name":"Bassirou Diomaye Faye \u00e9lu 5\u00e8me pr\u00e9sident du S\u00e9n\u00e9gal"}]},{"@type":"WebSite","@id":"https:\/\/challengeseconomiques.com\/#website","url":"https:\/\/challengeseconomiques.com\/","name":"challenges economiques","description":"","potentialAction":[{"@type":"SearchAction","target":{"@type":"EntryPoint","urlTemplate":"https:\/\/challengeseconomiques.com\/?s={search_term_string}"},"query-input":{"@type":"PropertyValueSpecification","valueRequired":true,"valueName":"search_term_string"}}],"inLanguage":"fr-FR"},{"@type":"Person","@id":"https:\/\/challengeseconomiques.com\/#\/schema\/person\/b4568c9afebc5a9238a771873801e349","name":"admin","image":{"@type":"ImageObject","inLanguage":"fr-FR","@id":"https:\/\/challengeseconomiques.com\/#\/schema\/person\/image\/","url":"https:\/\/secure.gravatar.com\/avatar\/099e42240b5eea11acdb72751fcce0dd918603f0749d24974b7984ea47ed9fd9?s=96&d=mm&r=g","contentUrl":"https:\/\/secure.gravatar.com\/avatar\/099e42240b5eea11acdb72751fcce0dd918603f0749d24974b7984ea47ed9fd9?s=96&d=mm&r=g","caption":"admin"},"sameAs":["https:\/\/challengeseconomiques.com"],"url":"https:\/\/challengeseconomiques.com\/?author=1"}]}},"jetpack_featured_media_url":"https:\/\/challengeseconomiques.com\/wp-content\/uploads\/2024\/03\/bassfaye.jpg","jetpack_sharing_enabled":true,"_links":{"self":[{"href":"https:\/\/challengeseconomiques.com\/index.php?rest_route=\/wp\/v2\/posts\/6146","targetHints":{"allow":["GET"]}}],"collection":[{"href":"https:\/\/challengeseconomiques.com\/index.php?rest_route=\/wp\/v2\/posts"}],"about":[{"href":"https:\/\/challengeseconomiques.com\/index.php?rest_route=\/wp\/v2\/types\/post"}],"author":[{"embeddable":true,"href":"https:\/\/challengeseconomiques.com\/index.php?rest_route=\/wp\/v2\/users\/1"}],"replies":[{"embeddable":true,"href":"https:\/\/challengeseconomiques.com\/index.php?rest_route=%2Fwp%2Fv2%2Fcomments&post=6146"}],"version-history":[{"count":2,"href":"https:\/\/challengeseconomiques.com\/index.php?rest_route=\/wp\/v2\/posts\/6146\/revisions"}],"predecessor-version":[{"id":6154,"href":"https:\/\/challengeseconomiques.com\/index.php?rest_route=\/wp\/v2\/posts\/6146\/revisions\/6154"}],"wp:featuredmedia":[{"embeddable":true,"href":"https:\/\/challengeseconomiques.com\/index.php?rest_route=\/wp\/v2\/media\/6155"}],"wp:attachment":[{"href":"https:\/\/challengeseconomiques.com\/index.php?rest_route=%2Fwp%2Fv2%2Fmedia&parent=6146"}],"wp:term":[{"taxonomy":"category","embeddable":true,"href":"https:\/\/challengeseconomiques.com\/index.php?rest_route=%2Fwp%2Fv2%2Fcategories&post=6146"},{"taxonomy":"post_tag","embeddable":true,"href":"https:\/\/challengeseconomiques.com\/index.php?rest_route=%2Fwp%2Fv2%2Ftags&post=6146"}],"curies":[{"name":"wp","href":"https:\/\/api.w.org\/{rel}","templated":true}]}}