{"id":6139,"date":"2024-03-22T12:57:11","date_gmt":"2024-03-22T12:57:11","guid":{"rendered":"https:\/\/challengeseconomiques.com\/?p=6139"},"modified":"2024-03-22T12:57:39","modified_gmt":"2024-03-22T12:57:39","slug":"societe-generale-projette-de-quitter-la-cote-divoire-et-le-senegal","status":"publish","type":"post","link":"https:\/\/challengeseconomiques.com\/?p=6139","title":{"rendered":"Soci\u00e9t\u00e9 g\u00e9n\u00e9rale projette de quitter la C\u00f4te d\u2019Ivoire et le S\u00e9n\u00e9gal"},"content":{"rendered":"<p>Apr\u00e8s avoir quitt\u00e9 le Tchad, le Congo, \u00a0la Guin\u00e9e Equatoriale, la Mauritanie, le Burkina Faso et le Mozambique, le groupe Soci\u00e9t\u00e9 g\u00e9n\u00e9rale projetterait \u00a0de quitter la C\u00f4te d\u2019ivoire et le S\u00e9n\u00e9gal selon Sika Finance qui cite \u00a0certaines de ces sources. Ce d\u00e9part de groupe bancaire fran\u00e7ais des deux locomotives \u00e9conomiques de la sous-r\u00e9gion Afrique de l\u2019ouest interviendrait apr\u00e8s son d\u00e9part du Maroc. En effet, selon Sika Finance Abdellatif Jouahri, le gouverneur de la Banque centrale du Maroc a confirm\u00e9 la volont\u00e9 du groupe Soci\u00e9t\u00e9 G\u00e9n\u00e9rale de c\u00e9der les parts de sa filiale du Maroc. L\u2019information a \u00e9t\u00e9 relay\u00e9e le 19 mars, lors de la premi\u00e8re r\u00e9union trimestrielle du conseil de l\u2019institution mon\u00e9taire ajoute Sika Finance. Il informe que la semaine \u00a0derni\u00e8re, des informations avaient circul\u00e9 affirmant que Moulay Hafid Elalmy, le PDG du groupe Saham, une soci\u00e9t\u00e9 d\u2019investissement au Maroc aurait entam\u00e9 les n\u00e9gociations avec le top management de Soci\u00e9t\u00e9 G\u00e9n\u00e9ral group. Si ces n\u00e9gociations aboutissent, Soci\u00e9t\u00e9 G\u00e9n\u00e9rale Maroc serait la septi\u00e8me filiale vendue par le groupe fran\u00e7ais d\u2019apr\u00e8s le site d\u2019information \u00e9conomique.<\/p>\n","protected":false},"excerpt":{"rendered":"<p>Apr\u00e8s avoir quitt\u00e9 le Tchad, le Congo, \u00a0la Guin\u00e9e Equatoriale, la Mauritanie, le Burkina Faso et le Mozambique, le groupe Soci\u00e9t\u00e9 g\u00e9n\u00e9rale projetterait \u00a0de quitter&#8230;<\/p>\n","protected":false},"author":1,"featured_media":6140,"comment_status":"closed","ping_status":"open","sticky":false,"template":"","format":"standard","meta":{"_jetpack_memberships_contains_paid_content":false,"footnotes":""},"categories":[23,10],"tags":[],"class_list":["post-6139","post","type-post","status-publish","format-standard","has-post-thumbnail","hentry","category-a-la-une","category-infos-eco","wpcat-23-id","wpcat-10-id"],"yoast_head":"<!-- This site is optimized with the Yoast SEO plugin v27.1.1 - https:\/\/yoast.com\/product\/yoast-seo-wordpress\/ -->\n<title>Soci\u00e9t\u00e9 g\u00e9n\u00e9rale projette de quitter la C\u00f4te d\u2019Ivoire et le S\u00e9n\u00e9gal - challenges economiques<\/title>\n<meta name=\"robots\" content=\"index, follow, max-snippet:-1, max-image-preview:large, max-video-preview:-1\" \/>\n<link rel=\"canonical\" href=\"https:\/\/challengeseconomiques.com\/?p=6139\" \/>\n<meta property=\"og:locale\" content=\"fr_FR\" \/>\n<meta property=\"og:type\" content=\"article\" \/>\n<meta property=\"og:title\" content=\"Soci\u00e9t\u00e9 g\u00e9n\u00e9rale projette de quitter la C\u00f4te d\u2019Ivoire et le S\u00e9n\u00e9gal - challenges economiques\" \/>\n<meta property=\"og:description\" content=\"Apr\u00e8s avoir quitt\u00e9 le Tchad, le Congo, \u00a0la Guin\u00e9e Equatoriale, la Mauritanie, le Burkina Faso et le Mozambique, le groupe Soci\u00e9t\u00e9 g\u00e9n\u00e9rale projetterait \u00a0de quitter...\" \/>\n<meta property=\"og:url\" content=\"https:\/\/challengeseconomiques.com\/?p=6139\" \/>\n<meta property=\"og:site_name\" content=\"challenges economiques\" \/>\n<meta property=\"article:published_time\" content=\"2024-03-22T12:57:11+00:00\" \/>\n<meta property=\"article:modified_time\" content=\"2024-03-22T12:57:39+00:00\" \/>\n<meta property=\"og:image\" content=\"https:\/\/challengeseconomiques.com\/wp-content\/uploads\/2024\/03\/SG-MAROC.jpg\" \/>\n\t<meta property=\"og:image:width\" content=\"600\" \/>\n\t<meta property=\"og:image:height\" content=\"436\" \/>\n\t<meta property=\"og:image:type\" content=\"image\/jpeg\" \/>\n<meta name=\"author\" content=\"admin\" \/>\n<meta name=\"twitter:card\" content=\"summary_large_image\" \/>\n<meta name=\"twitter:label1\" content=\"\u00c9crit par\" \/>\n\t<meta name=\"twitter:data1\" content=\"admin\" \/>\n\t<meta name=\"twitter:label2\" content=\"Dur\u00e9e de lecture estim\u00e9e\" \/>\n\t<meta name=\"twitter:data2\" content=\"1 minute\" \/>\n<script type=\"application\/ld+json\" class=\"yoast-schema-graph\">{\"@context\":\"https:\/\/schema.org\",\"@graph\":[{\"@type\":\"Article\",\"@id\":\"https:\/\/challengeseconomiques.com\/?p=6139#article\",\"isPartOf\":{\"@id\":\"https:\/\/challengeseconomiques.com\/?p=6139\"},\"author\":{\"name\":\"admin\",\"@id\":\"https:\/\/challengeseconomiques.com\/#\/schema\/person\/b4568c9afebc5a9238a771873801e349\"},\"headline\":\"Soci\u00e9t\u00e9 g\u00e9n\u00e9rale projette de quitter la C\u00f4te d\u2019Ivoire et le S\u00e9n\u00e9gal\",\"datePublished\":\"2024-03-22T12:57:11+00:00\",\"dateModified\":\"2024-03-22T12:57:39+00:00\",\"mainEntityOfPage\":{\"@id\":\"https:\/\/challengeseconomiques.com\/?p=6139\"},\"wordCount\":231,\"image\":{\"@id\":\"https:\/\/challengeseconomiques.com\/?p=6139#primaryimage\"},\"thumbnailUrl\":\"https:\/\/challengeseconomiques.com\/wp-content\/uploads\/2024\/03\/SG-MAROC.jpg\",\"articleSection\":[\"A la une\",\"Infos \u00e9co\"],\"inLanguage\":\"fr-FR\"},{\"@type\":\"WebPage\",\"@id\":\"https:\/\/challengeseconomiques.com\/?p=6139\",\"url\":\"https:\/\/challengeseconomiques.com\/?p=6139\",\"name\":\"Soci\u00e9t\u00e9 g\u00e9n\u00e9rale projette de quitter la C\u00f4te d\u2019Ivoire et le S\u00e9n\u00e9gal - challenges economiques\",\"isPartOf\":{\"@id\":\"https:\/\/challengeseconomiques.com\/#website\"},\"primaryImageOfPage\":{\"@id\":\"https:\/\/challengeseconomiques.com\/?p=6139#primaryimage\"},\"image\":{\"@id\":\"https:\/\/challengeseconomiques.com\/?p=6139#primaryimage\"},\"thumbnailUrl\":\"https:\/\/challengeseconomiques.com\/wp-content\/uploads\/2024\/03\/SG-MAROC.jpg\",\"datePublished\":\"2024-03-22T12:57:11+00:00\",\"dateModified\":\"2024-03-22T12:57:39+00:00\",\"author\":{\"@id\":\"https:\/\/challengeseconomiques.com\/#\/schema\/person\/b4568c9afebc5a9238a771873801e349\"},\"breadcrumb\":{\"@id\":\"https:\/\/challengeseconomiques.com\/?p=6139#breadcrumb\"},\"inLanguage\":\"fr-FR\",\"potentialAction\":[{\"@type\":\"ReadAction\",\"target\":[\"https:\/\/challengeseconomiques.com\/?p=6139\"]}]},{\"@type\":\"ImageObject\",\"inLanguage\":\"fr-FR\",\"@id\":\"https:\/\/challengeseconomiques.com\/?p=6139#primaryimage\",\"url\":\"https:\/\/challengeseconomiques.com\/wp-content\/uploads\/2024\/03\/SG-MAROC.jpg\",\"contentUrl\":\"https:\/\/challengeseconomiques.com\/wp-content\/uploads\/2024\/03\/SG-MAROC.jpg\",\"width\":600,\"height\":436},{\"@type\":\"BreadcrumbList\",\"@id\":\"https:\/\/challengeseconomiques.com\/?p=6139#breadcrumb\",\"itemListElement\":[{\"@type\":\"ListItem\",\"position\":1,\"name\":\"Home\",\"item\":\"https:\/\/challengeseconomiques.com\/\"},{\"@type\":\"ListItem\",\"position\":2,\"name\":\"Soci\u00e9t\u00e9 g\u00e9n\u00e9rale projette de quitter la C\u00f4te d\u2019Ivoire et le S\u00e9n\u00e9gal\"}]},{\"@type\":\"WebSite\",\"@id\":\"https:\/\/challengeseconomiques.com\/#website\",\"url\":\"https:\/\/challengeseconomiques.com\/\",\"name\":\"challenges economiques\",\"description\":\"\",\"potentialAction\":[{\"@type\":\"SearchAction\",\"target\":{\"@type\":\"EntryPoint\",\"urlTemplate\":\"https:\/\/challengeseconomiques.com\/?s={search_term_string}\"},\"query-input\":{\"@type\":\"PropertyValueSpecification\",\"valueRequired\":true,\"valueName\":\"search_term_string\"}}],\"inLanguage\":\"fr-FR\"},{\"@type\":\"Person\",\"@id\":\"https:\/\/challengeseconomiques.com\/#\/schema\/person\/b4568c9afebc5a9238a771873801e349\",\"name\":\"admin\",\"image\":{\"@type\":\"ImageObject\",\"inLanguage\":\"fr-FR\",\"@id\":\"https:\/\/challengeseconomiques.com\/#\/schema\/person\/image\/\",\"url\":\"https:\/\/secure.gravatar.com\/avatar\/099e42240b5eea11acdb72751fcce0dd918603f0749d24974b7984ea47ed9fd9?s=96&d=mm&r=g\",\"contentUrl\":\"https:\/\/secure.gravatar.com\/avatar\/099e42240b5eea11acdb72751fcce0dd918603f0749d24974b7984ea47ed9fd9?s=96&d=mm&r=g\",\"caption\":\"admin\"},\"sameAs\":[\"https:\/\/challengeseconomiques.com\"],\"url\":\"https:\/\/challengeseconomiques.com\/?author=1\"}]}<\/script>\n<!-- \/ Yoast SEO plugin. -->","yoast_head_json":{"title":"Soci\u00e9t\u00e9 g\u00e9n\u00e9rale projette de quitter la C\u00f4te d\u2019Ivoire et le S\u00e9n\u00e9gal - challenges economiques","robots":{"index":"index","follow":"follow","max-snippet":"max-snippet:-1","max-image-preview":"max-image-preview:large","max-video-preview":"max-video-preview:-1"},"canonical":"https:\/\/challengeseconomiques.com\/?p=6139","og_locale":"fr_FR","og_type":"article","og_title":"Soci\u00e9t\u00e9 g\u00e9n\u00e9rale projette de quitter la C\u00f4te d\u2019Ivoire et le S\u00e9n\u00e9gal - challenges economiques","og_description":"Apr\u00e8s avoir quitt\u00e9 le Tchad, le Congo, \u00a0la Guin\u00e9e Equatoriale, la Mauritanie, le Burkina Faso et le Mozambique, le groupe Soci\u00e9t\u00e9 g\u00e9n\u00e9rale projetterait \u00a0de quitter...","og_url":"https:\/\/challengeseconomiques.com\/?p=6139","og_site_name":"challenges economiques","article_published_time":"2024-03-22T12:57:11+00:00","article_modified_time":"2024-03-22T12:57:39+00:00","og_image":[{"width":600,"height":436,"url":"https:\/\/challengeseconomiques.com\/wp-content\/uploads\/2024\/03\/SG-MAROC.jpg","type":"image\/jpeg"}],"author":"admin","twitter_card":"summary_large_image","twitter_misc":{"\u00c9crit par":"admin","Dur\u00e9e de lecture estim\u00e9e":"1 minute"},"schema":{"@context":"https:\/\/schema.org","@graph":[{"@type":"Article","@id":"https:\/\/challengeseconomiques.com\/?p=6139#article","isPartOf":{"@id":"https:\/\/challengeseconomiques.com\/?p=6139"},"author":{"name":"admin","@id":"https:\/\/challengeseconomiques.com\/#\/schema\/person\/b4568c9afebc5a9238a771873801e349"},"headline":"Soci\u00e9t\u00e9 g\u00e9n\u00e9rale projette de quitter la C\u00f4te d\u2019Ivoire et le S\u00e9n\u00e9gal","datePublished":"2024-03-22T12:57:11+00:00","dateModified":"2024-03-22T12:57:39+00:00","mainEntityOfPage":{"@id":"https:\/\/challengeseconomiques.com\/?p=6139"},"wordCount":231,"image":{"@id":"https:\/\/challengeseconomiques.com\/?p=6139#primaryimage"},"thumbnailUrl":"https:\/\/challengeseconomiques.com\/wp-content\/uploads\/2024\/03\/SG-MAROC.jpg","articleSection":["A la une","Infos \u00e9co"],"inLanguage":"fr-FR"},{"@type":"WebPage","@id":"https:\/\/challengeseconomiques.com\/?p=6139","url":"https:\/\/challengeseconomiques.com\/?p=6139","name":"Soci\u00e9t\u00e9 g\u00e9n\u00e9rale projette de quitter la C\u00f4te d\u2019Ivoire et le S\u00e9n\u00e9gal - challenges economiques","isPartOf":{"@id":"https:\/\/challengeseconomiques.com\/#website"},"primaryImageOfPage":{"@id":"https:\/\/challengeseconomiques.com\/?p=6139#primaryimage"},"image":{"@id":"https:\/\/challengeseconomiques.com\/?p=6139#primaryimage"},"thumbnailUrl":"https:\/\/challengeseconomiques.com\/wp-content\/uploads\/2024\/03\/SG-MAROC.jpg","datePublished":"2024-03-22T12:57:11+00:00","dateModified":"2024-03-22T12:57:39+00:00","author":{"@id":"https:\/\/challengeseconomiques.com\/#\/schema\/person\/b4568c9afebc5a9238a771873801e349"},"breadcrumb":{"@id":"https:\/\/challengeseconomiques.com\/?p=6139#breadcrumb"},"inLanguage":"fr-FR","potentialAction":[{"@type":"ReadAction","target":["https:\/\/challengeseconomiques.com\/?p=6139"]}]},{"@type":"ImageObject","inLanguage":"fr-FR","@id":"https:\/\/challengeseconomiques.com\/?p=6139#primaryimage","url":"https:\/\/challengeseconomiques.com\/wp-content\/uploads\/2024\/03\/SG-MAROC.jpg","contentUrl":"https:\/\/challengeseconomiques.com\/wp-content\/uploads\/2024\/03\/SG-MAROC.jpg","width":600,"height":436},{"@type":"BreadcrumbList","@id":"https:\/\/challengeseconomiques.com\/?p=6139#breadcrumb","itemListElement":[{"@type":"ListItem","position":1,"name":"Home","item":"https:\/\/challengeseconomiques.com\/"},{"@type":"ListItem","position":2,"name":"Soci\u00e9t\u00e9 g\u00e9n\u00e9rale projette de quitter la C\u00f4te d\u2019Ivoire et le S\u00e9n\u00e9gal"}]},{"@type":"WebSite","@id":"https:\/\/challengeseconomiques.com\/#website","url":"https:\/\/challengeseconomiques.com\/","name":"challenges economiques","description":"","potentialAction":[{"@type":"SearchAction","target":{"@type":"EntryPoint","urlTemplate":"https:\/\/challengeseconomiques.com\/?s={search_term_string}"},"query-input":{"@type":"PropertyValueSpecification","valueRequired":true,"valueName":"search_term_string"}}],"inLanguage":"fr-FR"},{"@type":"Person","@id":"https:\/\/challengeseconomiques.com\/#\/schema\/person\/b4568c9afebc5a9238a771873801e349","name":"admin","image":{"@type":"ImageObject","inLanguage":"fr-FR","@id":"https:\/\/challengeseconomiques.com\/#\/schema\/person\/image\/","url":"https:\/\/secure.gravatar.com\/avatar\/099e42240b5eea11acdb72751fcce0dd918603f0749d24974b7984ea47ed9fd9?s=96&d=mm&r=g","contentUrl":"https:\/\/secure.gravatar.com\/avatar\/099e42240b5eea11acdb72751fcce0dd918603f0749d24974b7984ea47ed9fd9?s=96&d=mm&r=g","caption":"admin"},"sameAs":["https:\/\/challengeseconomiques.com"],"url":"https:\/\/challengeseconomiques.com\/?author=1"}]}},"jetpack_featured_media_url":"https:\/\/challengeseconomiques.com\/wp-content\/uploads\/2024\/03\/SG-MAROC.jpg","jetpack_sharing_enabled":true,"_links":{"self":[{"href":"https:\/\/challengeseconomiques.com\/index.php?rest_route=\/wp\/v2\/posts\/6139","targetHints":{"allow":["GET"]}}],"collection":[{"href":"https:\/\/challengeseconomiques.com\/index.php?rest_route=\/wp\/v2\/posts"}],"about":[{"href":"https:\/\/challengeseconomiques.com\/index.php?rest_route=\/wp\/v2\/types\/post"}],"author":[{"embeddable":true,"href":"https:\/\/challengeseconomiques.com\/index.php?rest_route=\/wp\/v2\/users\/1"}],"replies":[{"embeddable":true,"href":"https:\/\/challengeseconomiques.com\/index.php?rest_route=%2Fwp%2Fv2%2Fcomments&post=6139"}],"version-history":[{"count":1,"href":"https:\/\/challengeseconomiques.com\/index.php?rest_route=\/wp\/v2\/posts\/6139\/revisions"}],"predecessor-version":[{"id":6141,"href":"https:\/\/challengeseconomiques.com\/index.php?rest_route=\/wp\/v2\/posts\/6139\/revisions\/6141"}],"wp:featuredmedia":[{"embeddable":true,"href":"https:\/\/challengeseconomiques.com\/index.php?rest_route=\/wp\/v2\/media\/6140"}],"wp:attachment":[{"href":"https:\/\/challengeseconomiques.com\/index.php?rest_route=%2Fwp%2Fv2%2Fmedia&parent=6139"}],"wp:term":[{"taxonomy":"category","embeddable":true,"href":"https:\/\/challengeseconomiques.com\/index.php?rest_route=%2Fwp%2Fv2%2Fcategories&post=6139"},{"taxonomy":"post_tag","embeddable":true,"href":"https:\/\/challengeseconomiques.com\/index.php?rest_route=%2Fwp%2Fv2%2Ftags&post=6139"}],"curies":[{"name":"wp","href":"https:\/\/api.w.org\/{rel}","templated":true}]}}