{"id":6131,"date":"2024-03-21T13:01:26","date_gmt":"2024-03-21T13:01:26","guid":{"rendered":"https:\/\/challengeseconomiques.com\/?p=6131"},"modified":"2024-03-21T13:02:41","modified_gmt":"2024-03-21T13:02:41","slug":"train-express-regional-ter-7-rames-supplementaires-arriveront-en-decembre-2024","status":"publish","type":"post","link":"https:\/\/challengeseconomiques.com\/?p=6131","title":{"rendered":"Train express r\u00e9gional (TER) : 7 rames suppl\u00e9mentaires arriveront en d\u00e9cembre 2024"},"content":{"rendered":"<p>Le pr\u00e9sident du S\u00e9n\u00e9gal, Macky Sall a re\u00e7u mercredi 20 mars 2024 en audience \u00a0une d\u00e9l\u00e9gation de responsables de la SETER et de la SENTER. Ces derniers ont pr\u00e9sent\u00e9 au chef de l\u2019Etat s\u00e9n\u00e9galais les r\u00e9sultats plut\u00f4t satisfaisants enregistr\u00e9s par le TER, depuis sa mise en service, le 17 janvier 2024. Pierre Boutier, pr\u00e9sident du Conseil de direction de la Soci\u00e9t\u00e9 d\u2019exploitation du Train express r\u00e9gional (SETER), a confi\u00e9 \u00e0 la RTS, \u00e0 la sortie de l\u2019audience que 43 millions de voyageurs ont \u00e9t\u00e9 transport\u00e9s par le train express r\u00e9gional, depuis sa mise en service.Au niveau de la ponctualit\u00e9, le TER affiche un pourcentage qui va au-del\u00e0 des 98 % selon M. Boutier.<\/p>\n<p>Le SETER a aussi r\u00e9v\u00e9l\u00e9 Pierre Boutier emploie 980 salari\u00e9s lesquels a tenu \u00e0 pr\u00e9ciser\u00a0 le pr\u00e9sident du Conseil de direction de la SETER sont s\u00e9n\u00e9galais. Presque la moiti\u00e9 de cet effectif est compos\u00e9 de femmes. Elles repr\u00e9sentent 40% des employ\u00e9s d\u2019apr\u00e8s M. Boutier. Ce dernier a en outre indiqu\u00e9 que ce personnel est en train d\u2019acqu\u00e9rir des comp\u00e9tences qui seront tr\u00e8s utiles pour les projets d\u2019extension du r\u00e9seau ferroviaire du S\u00e9n\u00e9gal.<\/p>\n<p>La bonne a \u00e9t\u00e9 donn\u00e9e par le patron de SNCF international, Di\u00e9go Diaz. Il a annonc\u00e9 que 7 rames suppl\u00e9mentaires viendront s\u2019ajouter aux 15 d\u00e9j\u00e0 en circulation entre la gare de Dakar et celle de \u00a0Diamniadio en attendant de rallier l\u2019a\u00e9roport Blaise Diagne de Diass, d\u2019ici la fin de l\u2019ann\u00e9e.<\/p>\n","protected":false},"excerpt":{"rendered":"<p>Le pr\u00e9sident du S\u00e9n\u00e9gal, Macky Sall a re\u00e7u mercredi 20 mars 2024 en audience \u00a0une d\u00e9l\u00e9gation de responsables de la SETER et de la SENTER&#8230;.<\/p>\n","protected":false},"author":1,"featured_media":2467,"comment_status":"closed","ping_status":"open","sticky":false,"template":"","format":"standard","meta":{"_jetpack_memberships_contains_paid_content":false,"footnotes":""},"categories":[23,8],"tags":[],"class_list":["post-6131","post","type-post","status-publish","format-standard","has-post-thumbnail","hentry","category-a-la-une","category-actualite-economique","wpcat-23-id","wpcat-8-id"],"yoast_head":"<!-- This site is optimized with the Yoast SEO plugin v27.1.1 - https:\/\/yoast.com\/product\/yoast-seo-wordpress\/ -->\n<title>Train express r\u00e9gional (TER) : 7 rames suppl\u00e9mentaires arriveront en d\u00e9cembre 2024 - challenges economiques<\/title>\n<meta name=\"robots\" content=\"index, follow, max-snippet:-1, max-image-preview:large, max-video-preview:-1\" \/>\n<link rel=\"canonical\" href=\"https:\/\/challengeseconomiques.com\/?p=6131\" \/>\n<meta property=\"og:locale\" content=\"fr_FR\" \/>\n<meta property=\"og:type\" content=\"article\" \/>\n<meta property=\"og:title\" content=\"Train express r\u00e9gional (TER) : 7 rames suppl\u00e9mentaires arriveront en d\u00e9cembre 2024 - challenges economiques\" \/>\n<meta property=\"og:description\" content=\"Le pr\u00e9sident du S\u00e9n\u00e9gal, Macky Sall a re\u00e7u mercredi 20 mars 2024 en audience \u00a0une d\u00e9l\u00e9gation de responsables de la SETER et de la SENTER....\" \/>\n<meta property=\"og:url\" content=\"https:\/\/challengeseconomiques.com\/?p=6131\" \/>\n<meta property=\"og:site_name\" content=\"challenges economiques\" \/>\n<meta property=\"article:published_time\" content=\"2024-03-21T13:01:26+00:00\" \/>\n<meta property=\"article:modified_time\" content=\"2024-03-21T13:02:41+00:00\" \/>\n<meta property=\"og:image\" content=\"https:\/\/challengeseconomiques.com\/wp-content\/uploads\/2021\/12\/TER-senegal.jpg\" \/>\n\t<meta property=\"og:image:width\" content=\"1200\" \/>\n\t<meta property=\"og:image:height\" content=\"675\" \/>\n\t<meta property=\"og:image:type\" content=\"image\/jpeg\" \/>\n<meta name=\"author\" content=\"admin\" \/>\n<meta name=\"twitter:card\" content=\"summary_large_image\" \/>\n<meta name=\"twitter:label1\" content=\"\u00c9crit par\" \/>\n\t<meta name=\"twitter:data1\" content=\"admin\" \/>\n\t<meta name=\"twitter:label2\" content=\"Dur\u00e9e de lecture estim\u00e9e\" \/>\n\t<meta name=\"twitter:data2\" content=\"1 minute\" \/>\n<script type=\"application\/ld+json\" class=\"yoast-schema-graph\">{\"@context\":\"https:\/\/schema.org\",\"@graph\":[{\"@type\":\"Article\",\"@id\":\"https:\/\/challengeseconomiques.com\/?p=6131#article\",\"isPartOf\":{\"@id\":\"https:\/\/challengeseconomiques.com\/?p=6131\"},\"author\":{\"name\":\"admin\",\"@id\":\"https:\/\/challengeseconomiques.com\/#\/schema\/person\/b4568c9afebc5a9238a771873801e349\"},\"headline\":\"Train express r\u00e9gional (TER) : 7 rames suppl\u00e9mentaires arriveront en d\u00e9cembre 2024\",\"datePublished\":\"2024-03-21T13:01:26+00:00\",\"dateModified\":\"2024-03-21T13:02:41+00:00\",\"mainEntityOfPage\":{\"@id\":\"https:\/\/challengeseconomiques.com\/?p=6131\"},\"wordCount\":283,\"image\":{\"@id\":\"https:\/\/challengeseconomiques.com\/?p=6131#primaryimage\"},\"thumbnailUrl\":\"https:\/\/challengeseconomiques.com\/wp-content\/uploads\/2021\/12\/TER-senegal.jpg\",\"articleSection\":[\"A la une\",\"Actualit\u00e9 \u00e9conomique\"],\"inLanguage\":\"fr-FR\"},{\"@type\":\"WebPage\",\"@id\":\"https:\/\/challengeseconomiques.com\/?p=6131\",\"url\":\"https:\/\/challengeseconomiques.com\/?p=6131\",\"name\":\"Train express r\u00e9gional (TER) : 7 rames suppl\u00e9mentaires arriveront en d\u00e9cembre 2024 - challenges economiques\",\"isPartOf\":{\"@id\":\"https:\/\/challengeseconomiques.com\/#website\"},\"primaryImageOfPage\":{\"@id\":\"https:\/\/challengeseconomiques.com\/?p=6131#primaryimage\"},\"image\":{\"@id\":\"https:\/\/challengeseconomiques.com\/?p=6131#primaryimage\"},\"thumbnailUrl\":\"https:\/\/challengeseconomiques.com\/wp-content\/uploads\/2021\/12\/TER-senegal.jpg\",\"datePublished\":\"2024-03-21T13:01:26+00:00\",\"dateModified\":\"2024-03-21T13:02:41+00:00\",\"author\":{\"@id\":\"https:\/\/challengeseconomiques.com\/#\/schema\/person\/b4568c9afebc5a9238a771873801e349\"},\"breadcrumb\":{\"@id\":\"https:\/\/challengeseconomiques.com\/?p=6131#breadcrumb\"},\"inLanguage\":\"fr-FR\",\"potentialAction\":[{\"@type\":\"ReadAction\",\"target\":[\"https:\/\/challengeseconomiques.com\/?p=6131\"]}]},{\"@type\":\"ImageObject\",\"inLanguage\":\"fr-FR\",\"@id\":\"https:\/\/challengeseconomiques.com\/?p=6131#primaryimage\",\"url\":\"https:\/\/challengeseconomiques.com\/wp-content\/uploads\/2021\/12\/TER-senegal.jpg\",\"contentUrl\":\"https:\/\/challengeseconomiques.com\/wp-content\/uploads\/2021\/12\/TER-senegal.jpg\",\"width\":1200,\"height\":675},{\"@type\":\"BreadcrumbList\",\"@id\":\"https:\/\/challengeseconomiques.com\/?p=6131#breadcrumb\",\"itemListElement\":[{\"@type\":\"ListItem\",\"position\":1,\"name\":\"Home\",\"item\":\"https:\/\/challengeseconomiques.com\/\"},{\"@type\":\"ListItem\",\"position\":2,\"name\":\"Train express r\u00e9gional (TER) : 7 rames suppl\u00e9mentaires arriveront en d\u00e9cembre 2024\"}]},{\"@type\":\"WebSite\",\"@id\":\"https:\/\/challengeseconomiques.com\/#website\",\"url\":\"https:\/\/challengeseconomiques.com\/\",\"name\":\"challenges economiques\",\"description\":\"\",\"potentialAction\":[{\"@type\":\"SearchAction\",\"target\":{\"@type\":\"EntryPoint\",\"urlTemplate\":\"https:\/\/challengeseconomiques.com\/?s={search_term_string}\"},\"query-input\":{\"@type\":\"PropertyValueSpecification\",\"valueRequired\":true,\"valueName\":\"search_term_string\"}}],\"inLanguage\":\"fr-FR\"},{\"@type\":\"Person\",\"@id\":\"https:\/\/challengeseconomiques.com\/#\/schema\/person\/b4568c9afebc5a9238a771873801e349\",\"name\":\"admin\",\"image\":{\"@type\":\"ImageObject\",\"inLanguage\":\"fr-FR\",\"@id\":\"https:\/\/challengeseconomiques.com\/#\/schema\/person\/image\/\",\"url\":\"https:\/\/secure.gravatar.com\/avatar\/099e42240b5eea11acdb72751fcce0dd918603f0749d24974b7984ea47ed9fd9?s=96&d=mm&r=g\",\"contentUrl\":\"https:\/\/secure.gravatar.com\/avatar\/099e42240b5eea11acdb72751fcce0dd918603f0749d24974b7984ea47ed9fd9?s=96&d=mm&r=g\",\"caption\":\"admin\"},\"sameAs\":[\"https:\/\/challengeseconomiques.com\"],\"url\":\"https:\/\/challengeseconomiques.com\/?author=1\"}]}<\/script>\n<!-- \/ Yoast SEO plugin. -->","yoast_head_json":{"title":"Train express r\u00e9gional (TER) : 7 rames suppl\u00e9mentaires arriveront en d\u00e9cembre 2024 - challenges economiques","robots":{"index":"index","follow":"follow","max-snippet":"max-snippet:-1","max-image-preview":"max-image-preview:large","max-video-preview":"max-video-preview:-1"},"canonical":"https:\/\/challengeseconomiques.com\/?p=6131","og_locale":"fr_FR","og_type":"article","og_title":"Train express r\u00e9gional (TER) : 7 rames suppl\u00e9mentaires arriveront en d\u00e9cembre 2024 - challenges economiques","og_description":"Le pr\u00e9sident du S\u00e9n\u00e9gal, Macky Sall a re\u00e7u mercredi 20 mars 2024 en audience \u00a0une d\u00e9l\u00e9gation de responsables de la SETER et de la SENTER....","og_url":"https:\/\/challengeseconomiques.com\/?p=6131","og_site_name":"challenges economiques","article_published_time":"2024-03-21T13:01:26+00:00","article_modified_time":"2024-03-21T13:02:41+00:00","og_image":[{"width":1200,"height":675,"url":"https:\/\/challengeseconomiques.com\/wp-content\/uploads\/2021\/12\/TER-senegal.jpg","type":"image\/jpeg"}],"author":"admin","twitter_card":"summary_large_image","twitter_misc":{"\u00c9crit par":"admin","Dur\u00e9e de lecture estim\u00e9e":"1 minute"},"schema":{"@context":"https:\/\/schema.org","@graph":[{"@type":"Article","@id":"https:\/\/challengeseconomiques.com\/?p=6131#article","isPartOf":{"@id":"https:\/\/challengeseconomiques.com\/?p=6131"},"author":{"name":"admin","@id":"https:\/\/challengeseconomiques.com\/#\/schema\/person\/b4568c9afebc5a9238a771873801e349"},"headline":"Train express r\u00e9gional (TER) : 7 rames suppl\u00e9mentaires arriveront en d\u00e9cembre 2024","datePublished":"2024-03-21T13:01:26+00:00","dateModified":"2024-03-21T13:02:41+00:00","mainEntityOfPage":{"@id":"https:\/\/challengeseconomiques.com\/?p=6131"},"wordCount":283,"image":{"@id":"https:\/\/challengeseconomiques.com\/?p=6131#primaryimage"},"thumbnailUrl":"https:\/\/challengeseconomiques.com\/wp-content\/uploads\/2021\/12\/TER-senegal.jpg","articleSection":["A la une","Actualit\u00e9 \u00e9conomique"],"inLanguage":"fr-FR"},{"@type":"WebPage","@id":"https:\/\/challengeseconomiques.com\/?p=6131","url":"https:\/\/challengeseconomiques.com\/?p=6131","name":"Train express r\u00e9gional (TER) : 7 rames suppl\u00e9mentaires arriveront en d\u00e9cembre 2024 - challenges economiques","isPartOf":{"@id":"https:\/\/challengeseconomiques.com\/#website"},"primaryImageOfPage":{"@id":"https:\/\/challengeseconomiques.com\/?p=6131#primaryimage"},"image":{"@id":"https:\/\/challengeseconomiques.com\/?p=6131#primaryimage"},"thumbnailUrl":"https:\/\/challengeseconomiques.com\/wp-content\/uploads\/2021\/12\/TER-senegal.jpg","datePublished":"2024-03-21T13:01:26+00:00","dateModified":"2024-03-21T13:02:41+00:00","author":{"@id":"https:\/\/challengeseconomiques.com\/#\/schema\/person\/b4568c9afebc5a9238a771873801e349"},"breadcrumb":{"@id":"https:\/\/challengeseconomiques.com\/?p=6131#breadcrumb"},"inLanguage":"fr-FR","potentialAction":[{"@type":"ReadAction","target":["https:\/\/challengeseconomiques.com\/?p=6131"]}]},{"@type":"ImageObject","inLanguage":"fr-FR","@id":"https:\/\/challengeseconomiques.com\/?p=6131#primaryimage","url":"https:\/\/challengeseconomiques.com\/wp-content\/uploads\/2021\/12\/TER-senegal.jpg","contentUrl":"https:\/\/challengeseconomiques.com\/wp-content\/uploads\/2021\/12\/TER-senegal.jpg","width":1200,"height":675},{"@type":"BreadcrumbList","@id":"https:\/\/challengeseconomiques.com\/?p=6131#breadcrumb","itemListElement":[{"@type":"ListItem","position":1,"name":"Home","item":"https:\/\/challengeseconomiques.com\/"},{"@type":"ListItem","position":2,"name":"Train express r\u00e9gional (TER) : 7 rames suppl\u00e9mentaires arriveront en d\u00e9cembre 2024"}]},{"@type":"WebSite","@id":"https:\/\/challengeseconomiques.com\/#website","url":"https:\/\/challengeseconomiques.com\/","name":"challenges economiques","description":"","potentialAction":[{"@type":"SearchAction","target":{"@type":"EntryPoint","urlTemplate":"https:\/\/challengeseconomiques.com\/?s={search_term_string}"},"query-input":{"@type":"PropertyValueSpecification","valueRequired":true,"valueName":"search_term_string"}}],"inLanguage":"fr-FR"},{"@type":"Person","@id":"https:\/\/challengeseconomiques.com\/#\/schema\/person\/b4568c9afebc5a9238a771873801e349","name":"admin","image":{"@type":"ImageObject","inLanguage":"fr-FR","@id":"https:\/\/challengeseconomiques.com\/#\/schema\/person\/image\/","url":"https:\/\/secure.gravatar.com\/avatar\/099e42240b5eea11acdb72751fcce0dd918603f0749d24974b7984ea47ed9fd9?s=96&d=mm&r=g","contentUrl":"https:\/\/secure.gravatar.com\/avatar\/099e42240b5eea11acdb72751fcce0dd918603f0749d24974b7984ea47ed9fd9?s=96&d=mm&r=g","caption":"admin"},"sameAs":["https:\/\/challengeseconomiques.com"],"url":"https:\/\/challengeseconomiques.com\/?author=1"}]}},"jetpack_featured_media_url":"https:\/\/challengeseconomiques.com\/wp-content\/uploads\/2021\/12\/TER-senegal.jpg","jetpack_sharing_enabled":true,"_links":{"self":[{"href":"https:\/\/challengeseconomiques.com\/index.php?rest_route=\/wp\/v2\/posts\/6131","targetHints":{"allow":["GET"]}}],"collection":[{"href":"https:\/\/challengeseconomiques.com\/index.php?rest_route=\/wp\/v2\/posts"}],"about":[{"href":"https:\/\/challengeseconomiques.com\/index.php?rest_route=\/wp\/v2\/types\/post"}],"author":[{"embeddable":true,"href":"https:\/\/challengeseconomiques.com\/index.php?rest_route=\/wp\/v2\/users\/1"}],"replies":[{"embeddable":true,"href":"https:\/\/challengeseconomiques.com\/index.php?rest_route=%2Fwp%2Fv2%2Fcomments&post=6131"}],"version-history":[{"count":2,"href":"https:\/\/challengeseconomiques.com\/index.php?rest_route=\/wp\/v2\/posts\/6131\/revisions"}],"predecessor-version":[{"id":6133,"href":"https:\/\/challengeseconomiques.com\/index.php?rest_route=\/wp\/v2\/posts\/6131\/revisions\/6133"}],"wp:featuredmedia":[{"embeddable":true,"href":"https:\/\/challengeseconomiques.com\/index.php?rest_route=\/wp\/v2\/media\/2467"}],"wp:attachment":[{"href":"https:\/\/challengeseconomiques.com\/index.php?rest_route=%2Fwp%2Fv2%2Fmedia&parent=6131"}],"wp:term":[{"taxonomy":"category","embeddable":true,"href":"https:\/\/challengeseconomiques.com\/index.php?rest_route=%2Fwp%2Fv2%2Fcategories&post=6131"},{"taxonomy":"post_tag","embeddable":true,"href":"https:\/\/challengeseconomiques.com\/index.php?rest_route=%2Fwp%2Fv2%2Ftags&post=6131"}],"curies":[{"name":"wp","href":"https:\/\/api.w.org\/{rel}","templated":true}]}}