{"id":6118,"date":"2024-03-15T15:11:35","date_gmt":"2024-03-15T15:11:35","guid":{"rendered":"https:\/\/challengeseconomiques.com\/?p=6118"},"modified":"2024-03-15T15:13:21","modified_gmt":"2024-03-15T15:13:21","slug":"electrification-de-370-villages-des-regions-de-fatick-kaolack-kolda-sedhiou-et-tambacounda","status":"publish","type":"post","link":"https:\/\/challengeseconomiques.com\/?p=6118","title":{"rendered":"Electrification de 370 villages des r\u00e9gions de Fatick, Kaolack, Kolda, S\u00e9dhiou et Tambacounda"},"content":{"rendered":"<p>Le Millenium Challenge Account (MCA-S\u00e9n\u00e9gal II) a sign\u00e9 avec les groupes Cegelec et Vinci \u00c9nergies S\u00e9n\u00e9gal un contrat en vue de l\u2019\u00e9lectrification de 370 villages des r\u00e9gions de Fatick, Kaolack, Kolda, S\u00e9dhiou et Tambacounda. D\u2019une dur\u00e9e de cinq ans, le projet devrait profiter \u00e0 environ 220\u00a0000 S\u00e9n\u00e9galais.<\/p>\n<p>Quinze p\u00e9rim\u00e8tres de bananeraies de la r\u00e9gion de Tambacounda vont b\u00e9n\u00e9ficier de l\u2019\u00e9lectrification. L\u2019acc\u00e8s \u00e0 l\u2019\u00e9lectricit\u00e9 dans ces zones contribuera au d\u00e9veloppement des fili\u00e8res porteuses de croissance\u00a0: le riz dans la zone de l\u2019Anamb\u00e9, l\u2019anacarde dans les r\u00e9gions de S\u00e9dhiou et Fatick et la banane dans la r\u00e9gion de Tambacounda.<\/p>\n<p>Le MCA-S\u00e9n\u00e9gal comprend un don d\u2019investissement de 550 millions\u00a0$ du gouvernement am\u00e9ricain et une contribution suppl\u00e9mentaire de 50 millions\u00a0$ du S\u00e9n\u00e9gal. Soit un investissement global de 600 millions\u00a0$.<\/p>\n<p><strong>Le Magazine de l&rsquo;Afrique<\/strong><\/p>\n","protected":false},"excerpt":{"rendered":"<p>Le Millenium Challenge Account (MCA-S\u00e9n\u00e9gal II) a sign\u00e9 avec les groupes Cegelec et Vinci \u00c9nergies S\u00e9n\u00e9gal un contrat en vue de l\u2019\u00e9lectrification de 370 villages&#8230;<\/p>\n","protected":false},"author":1,"featured_media":6119,"comment_status":"closed","ping_status":"open","sticky":false,"template":"","format":"standard","meta":{"_jetpack_memberships_contains_paid_content":false,"footnotes":""},"categories":[23,8],"tags":[],"class_list":["post-6118","post","type-post","status-publish","format-standard","has-post-thumbnail","hentry","category-a-la-une","category-actualite-economique","wpcat-23-id","wpcat-8-id"],"yoast_head":"<!-- This site is optimized with the Yoast SEO plugin v27.1.1 - https:\/\/yoast.com\/product\/yoast-seo-wordpress\/ -->\n<title>Electrification de 370 villages des r\u00e9gions de Fatick, Kaolack, Kolda, S\u00e9dhiou et Tambacounda - challenges economiques<\/title>\n<meta name=\"robots\" content=\"index, follow, max-snippet:-1, max-image-preview:large, max-video-preview:-1\" \/>\n<link rel=\"canonical\" href=\"https:\/\/challengeseconomiques.com\/?p=6118\" \/>\n<meta property=\"og:locale\" content=\"fr_FR\" \/>\n<meta property=\"og:type\" content=\"article\" \/>\n<meta property=\"og:title\" content=\"Electrification de 370 villages des r\u00e9gions de Fatick, Kaolack, Kolda, S\u00e9dhiou et Tambacounda - challenges economiques\" \/>\n<meta property=\"og:description\" content=\"Le Millenium Challenge Account (MCA-S\u00e9n\u00e9gal II) a sign\u00e9 avec les groupes Cegelec et Vinci \u00c9nergies S\u00e9n\u00e9gal un contrat en vue de l\u2019\u00e9lectrification de 370 villages...\" \/>\n<meta property=\"og:url\" content=\"https:\/\/challengeseconomiques.com\/?p=6118\" \/>\n<meta property=\"og:site_name\" content=\"challenges economiques\" \/>\n<meta property=\"article:published_time\" content=\"2024-03-15T15:11:35+00:00\" \/>\n<meta property=\"article:modified_time\" content=\"2024-03-15T15:13:21+00:00\" \/>\n<meta property=\"og:image\" content=\"https:\/\/challengeseconomiques.com\/wp-content\/uploads\/2024\/03\/Electrification-rurale.jpg\" \/>\n\t<meta property=\"og:image:width\" content=\"600\" \/>\n\t<meta property=\"og:image:height\" content=\"400\" \/>\n\t<meta property=\"og:image:type\" content=\"image\/jpeg\" \/>\n<meta name=\"author\" content=\"admin\" \/>\n<meta name=\"twitter:card\" content=\"summary_large_image\" \/>\n<meta name=\"twitter:label1\" content=\"\u00c9crit par\" \/>\n\t<meta name=\"twitter:data1\" content=\"admin\" \/>\n\t<meta name=\"twitter:label2\" content=\"Dur\u00e9e de lecture estim\u00e9e\" \/>\n\t<meta name=\"twitter:data2\" content=\"1 minute\" \/>\n<script type=\"application\/ld+json\" class=\"yoast-schema-graph\">{\"@context\":\"https:\/\/schema.org\",\"@graph\":[{\"@type\":\"Article\",\"@id\":\"https:\/\/challengeseconomiques.com\/?p=6118#article\",\"isPartOf\":{\"@id\":\"https:\/\/challengeseconomiques.com\/?p=6118\"},\"author\":{\"name\":\"admin\",\"@id\":\"https:\/\/challengeseconomiques.com\/#\/schema\/person\/b4568c9afebc5a9238a771873801e349\"},\"headline\":\"Electrification de 370 villages des r\u00e9gions de Fatick, Kaolack, Kolda, S\u00e9dhiou et Tambacounda\",\"datePublished\":\"2024-03-15T15:11:35+00:00\",\"dateModified\":\"2024-03-15T15:13:21+00:00\",\"mainEntityOfPage\":{\"@id\":\"https:\/\/challengeseconomiques.com\/?p=6118\"},\"wordCount\":171,\"image\":{\"@id\":\"https:\/\/challengeseconomiques.com\/?p=6118#primaryimage\"},\"thumbnailUrl\":\"https:\/\/challengeseconomiques.com\/wp-content\/uploads\/2024\/03\/Electrification-rurale.jpg\",\"articleSection\":[\"A la une\",\"Actualit\u00e9 \u00e9conomique\"],\"inLanguage\":\"fr-FR\"},{\"@type\":\"WebPage\",\"@id\":\"https:\/\/challengeseconomiques.com\/?p=6118\",\"url\":\"https:\/\/challengeseconomiques.com\/?p=6118\",\"name\":\"Electrification de 370 villages des r\u00e9gions de Fatick, Kaolack, Kolda, S\u00e9dhiou et Tambacounda - challenges economiques\",\"isPartOf\":{\"@id\":\"https:\/\/challengeseconomiques.com\/#website\"},\"primaryImageOfPage\":{\"@id\":\"https:\/\/challengeseconomiques.com\/?p=6118#primaryimage\"},\"image\":{\"@id\":\"https:\/\/challengeseconomiques.com\/?p=6118#primaryimage\"},\"thumbnailUrl\":\"https:\/\/challengeseconomiques.com\/wp-content\/uploads\/2024\/03\/Electrification-rurale.jpg\",\"datePublished\":\"2024-03-15T15:11:35+00:00\",\"dateModified\":\"2024-03-15T15:13:21+00:00\",\"author\":{\"@id\":\"https:\/\/challengeseconomiques.com\/#\/schema\/person\/b4568c9afebc5a9238a771873801e349\"},\"breadcrumb\":{\"@id\":\"https:\/\/challengeseconomiques.com\/?p=6118#breadcrumb\"},\"inLanguage\":\"fr-FR\",\"potentialAction\":[{\"@type\":\"ReadAction\",\"target\":[\"https:\/\/challengeseconomiques.com\/?p=6118\"]}]},{\"@type\":\"ImageObject\",\"inLanguage\":\"fr-FR\",\"@id\":\"https:\/\/challengeseconomiques.com\/?p=6118#primaryimage\",\"url\":\"https:\/\/challengeseconomiques.com\/wp-content\/uploads\/2024\/03\/Electrification-rurale.jpg\",\"contentUrl\":\"https:\/\/challengeseconomiques.com\/wp-content\/uploads\/2024\/03\/Electrification-rurale.jpg\",\"width\":600,\"height\":400},{\"@type\":\"BreadcrumbList\",\"@id\":\"https:\/\/challengeseconomiques.com\/?p=6118#breadcrumb\",\"itemListElement\":[{\"@type\":\"ListItem\",\"position\":1,\"name\":\"Home\",\"item\":\"https:\/\/challengeseconomiques.com\/\"},{\"@type\":\"ListItem\",\"position\":2,\"name\":\"Electrification de 370 villages des r\u00e9gions de Fatick, Kaolack, Kolda, S\u00e9dhiou et Tambacounda\"}]},{\"@type\":\"WebSite\",\"@id\":\"https:\/\/challengeseconomiques.com\/#website\",\"url\":\"https:\/\/challengeseconomiques.com\/\",\"name\":\"challenges economiques\",\"description\":\"\",\"potentialAction\":[{\"@type\":\"SearchAction\",\"target\":{\"@type\":\"EntryPoint\",\"urlTemplate\":\"https:\/\/challengeseconomiques.com\/?s={search_term_string}\"},\"query-input\":{\"@type\":\"PropertyValueSpecification\",\"valueRequired\":true,\"valueName\":\"search_term_string\"}}],\"inLanguage\":\"fr-FR\"},{\"@type\":\"Person\",\"@id\":\"https:\/\/challengeseconomiques.com\/#\/schema\/person\/b4568c9afebc5a9238a771873801e349\",\"name\":\"admin\",\"image\":{\"@type\":\"ImageObject\",\"inLanguage\":\"fr-FR\",\"@id\":\"https:\/\/challengeseconomiques.com\/#\/schema\/person\/image\/\",\"url\":\"https:\/\/secure.gravatar.com\/avatar\/099e42240b5eea11acdb72751fcce0dd918603f0749d24974b7984ea47ed9fd9?s=96&d=mm&r=g\",\"contentUrl\":\"https:\/\/secure.gravatar.com\/avatar\/099e42240b5eea11acdb72751fcce0dd918603f0749d24974b7984ea47ed9fd9?s=96&d=mm&r=g\",\"caption\":\"admin\"},\"sameAs\":[\"https:\/\/challengeseconomiques.com\"],\"url\":\"https:\/\/challengeseconomiques.com\/?author=1\"}]}<\/script>\n<!-- \/ Yoast SEO plugin. -->","yoast_head_json":{"title":"Electrification de 370 villages des r\u00e9gions de Fatick, Kaolack, Kolda, S\u00e9dhiou et Tambacounda - challenges economiques","robots":{"index":"index","follow":"follow","max-snippet":"max-snippet:-1","max-image-preview":"max-image-preview:large","max-video-preview":"max-video-preview:-1"},"canonical":"https:\/\/challengeseconomiques.com\/?p=6118","og_locale":"fr_FR","og_type":"article","og_title":"Electrification de 370 villages des r\u00e9gions de Fatick, Kaolack, Kolda, S\u00e9dhiou et Tambacounda - challenges economiques","og_description":"Le Millenium Challenge Account (MCA-S\u00e9n\u00e9gal II) a sign\u00e9 avec les groupes Cegelec et Vinci \u00c9nergies S\u00e9n\u00e9gal un contrat en vue de l\u2019\u00e9lectrification de 370 villages...","og_url":"https:\/\/challengeseconomiques.com\/?p=6118","og_site_name":"challenges economiques","article_published_time":"2024-03-15T15:11:35+00:00","article_modified_time":"2024-03-15T15:13:21+00:00","og_image":[{"width":600,"height":400,"url":"https:\/\/challengeseconomiques.com\/wp-content\/uploads\/2024\/03\/Electrification-rurale.jpg","type":"image\/jpeg"}],"author":"admin","twitter_card":"summary_large_image","twitter_misc":{"\u00c9crit par":"admin","Dur\u00e9e de lecture estim\u00e9e":"1 minute"},"schema":{"@context":"https:\/\/schema.org","@graph":[{"@type":"Article","@id":"https:\/\/challengeseconomiques.com\/?p=6118#article","isPartOf":{"@id":"https:\/\/challengeseconomiques.com\/?p=6118"},"author":{"name":"admin","@id":"https:\/\/challengeseconomiques.com\/#\/schema\/person\/b4568c9afebc5a9238a771873801e349"},"headline":"Electrification de 370 villages des r\u00e9gions de Fatick, Kaolack, Kolda, S\u00e9dhiou et Tambacounda","datePublished":"2024-03-15T15:11:35+00:00","dateModified":"2024-03-15T15:13:21+00:00","mainEntityOfPage":{"@id":"https:\/\/challengeseconomiques.com\/?p=6118"},"wordCount":171,"image":{"@id":"https:\/\/challengeseconomiques.com\/?p=6118#primaryimage"},"thumbnailUrl":"https:\/\/challengeseconomiques.com\/wp-content\/uploads\/2024\/03\/Electrification-rurale.jpg","articleSection":["A la une","Actualit\u00e9 \u00e9conomique"],"inLanguage":"fr-FR"},{"@type":"WebPage","@id":"https:\/\/challengeseconomiques.com\/?p=6118","url":"https:\/\/challengeseconomiques.com\/?p=6118","name":"Electrification de 370 villages des r\u00e9gions de Fatick, Kaolack, Kolda, S\u00e9dhiou et Tambacounda - challenges economiques","isPartOf":{"@id":"https:\/\/challengeseconomiques.com\/#website"},"primaryImageOfPage":{"@id":"https:\/\/challengeseconomiques.com\/?p=6118#primaryimage"},"image":{"@id":"https:\/\/challengeseconomiques.com\/?p=6118#primaryimage"},"thumbnailUrl":"https:\/\/challengeseconomiques.com\/wp-content\/uploads\/2024\/03\/Electrification-rurale.jpg","datePublished":"2024-03-15T15:11:35+00:00","dateModified":"2024-03-15T15:13:21+00:00","author":{"@id":"https:\/\/challengeseconomiques.com\/#\/schema\/person\/b4568c9afebc5a9238a771873801e349"},"breadcrumb":{"@id":"https:\/\/challengeseconomiques.com\/?p=6118#breadcrumb"},"inLanguage":"fr-FR","potentialAction":[{"@type":"ReadAction","target":["https:\/\/challengeseconomiques.com\/?p=6118"]}]},{"@type":"ImageObject","inLanguage":"fr-FR","@id":"https:\/\/challengeseconomiques.com\/?p=6118#primaryimage","url":"https:\/\/challengeseconomiques.com\/wp-content\/uploads\/2024\/03\/Electrification-rurale.jpg","contentUrl":"https:\/\/challengeseconomiques.com\/wp-content\/uploads\/2024\/03\/Electrification-rurale.jpg","width":600,"height":400},{"@type":"BreadcrumbList","@id":"https:\/\/challengeseconomiques.com\/?p=6118#breadcrumb","itemListElement":[{"@type":"ListItem","position":1,"name":"Home","item":"https:\/\/challengeseconomiques.com\/"},{"@type":"ListItem","position":2,"name":"Electrification de 370 villages des r\u00e9gions de Fatick, Kaolack, Kolda, S\u00e9dhiou et Tambacounda"}]},{"@type":"WebSite","@id":"https:\/\/challengeseconomiques.com\/#website","url":"https:\/\/challengeseconomiques.com\/","name":"challenges economiques","description":"","potentialAction":[{"@type":"SearchAction","target":{"@type":"EntryPoint","urlTemplate":"https:\/\/challengeseconomiques.com\/?s={search_term_string}"},"query-input":{"@type":"PropertyValueSpecification","valueRequired":true,"valueName":"search_term_string"}}],"inLanguage":"fr-FR"},{"@type":"Person","@id":"https:\/\/challengeseconomiques.com\/#\/schema\/person\/b4568c9afebc5a9238a771873801e349","name":"admin","image":{"@type":"ImageObject","inLanguage":"fr-FR","@id":"https:\/\/challengeseconomiques.com\/#\/schema\/person\/image\/","url":"https:\/\/secure.gravatar.com\/avatar\/099e42240b5eea11acdb72751fcce0dd918603f0749d24974b7984ea47ed9fd9?s=96&d=mm&r=g","contentUrl":"https:\/\/secure.gravatar.com\/avatar\/099e42240b5eea11acdb72751fcce0dd918603f0749d24974b7984ea47ed9fd9?s=96&d=mm&r=g","caption":"admin"},"sameAs":["https:\/\/challengeseconomiques.com"],"url":"https:\/\/challengeseconomiques.com\/?author=1"}]}},"jetpack_featured_media_url":"https:\/\/challengeseconomiques.com\/wp-content\/uploads\/2024\/03\/Electrification-rurale.jpg","jetpack_sharing_enabled":true,"_links":{"self":[{"href":"https:\/\/challengeseconomiques.com\/index.php?rest_route=\/wp\/v2\/posts\/6118","targetHints":{"allow":["GET"]}}],"collection":[{"href":"https:\/\/challengeseconomiques.com\/index.php?rest_route=\/wp\/v2\/posts"}],"about":[{"href":"https:\/\/challengeseconomiques.com\/index.php?rest_route=\/wp\/v2\/types\/post"}],"author":[{"embeddable":true,"href":"https:\/\/challengeseconomiques.com\/index.php?rest_route=\/wp\/v2\/users\/1"}],"replies":[{"embeddable":true,"href":"https:\/\/challengeseconomiques.com\/index.php?rest_route=%2Fwp%2Fv2%2Fcomments&post=6118"}],"version-history":[{"count":2,"href":"https:\/\/challengeseconomiques.com\/index.php?rest_route=\/wp\/v2\/posts\/6118\/revisions"}],"predecessor-version":[{"id":6121,"href":"https:\/\/challengeseconomiques.com\/index.php?rest_route=\/wp\/v2\/posts\/6118\/revisions\/6121"}],"wp:featuredmedia":[{"embeddable":true,"href":"https:\/\/challengeseconomiques.com\/index.php?rest_route=\/wp\/v2\/media\/6119"}],"wp:attachment":[{"href":"https:\/\/challengeseconomiques.com\/index.php?rest_route=%2Fwp%2Fv2%2Fmedia&parent=6118"}],"wp:term":[{"taxonomy":"category","embeddable":true,"href":"https:\/\/challengeseconomiques.com\/index.php?rest_route=%2Fwp%2Fv2%2Fcategories&post=6118"},{"taxonomy":"post_tag","embeddable":true,"href":"https:\/\/challengeseconomiques.com\/index.php?rest_route=%2Fwp%2Fv2%2Ftags&post=6118"}],"curies":[{"name":"wp","href":"https:\/\/api.w.org\/{rel}","templated":true}]}}