{"id":6108,"date":"2024-03-07T18:58:55","date_gmt":"2024-03-07T18:58:55","guid":{"rendered":"https:\/\/challengeseconomiques.com\/?p=6108"},"modified":"2024-03-07T18:59:50","modified_gmt":"2024-03-07T18:59:50","slug":"le-senegal-au-forum-des-pays-exportateurs-de-gaz-une-alliance-geostrategique","status":"publish","type":"post","link":"https:\/\/challengeseconomiques.com\/?p=6108","title":{"rendered":"LE SENEGAL AU FORUM DES PAYS EXPORTATEURS DE GAZ : Une alliance g\u00e9ostrat\u00e9gique"},"content":{"rendered":"<p><strong>Qu\u2019est-ce que le S\u00e9n\u00e9gal gagne-t-il en rejoignant le cercle du Forum des pays exportateurs (GECF)? La r\u00e9ponse \u00e0 cette question r\u00e9side dans la maxime : \u00abensemble, nous sommes plus forts\u00bb. Lorsque pays d\u00e9velopp\u00e9s et pays moins nantis se mettent ensemble pour parler d\u2019une seule voix, il vaut mieux en \u00eatre. Le S\u00e9n\u00e9gal qui s\u2019appr\u00eate \u00e0 accueillir son first gaz et envisage son exploitation dans la cha\u00eene des valeurs de l\u2019industrie chimique et du secteur \u00e9lectrique, mais aussi sa \u00a0commercialisation sous forme de GNL (Gaz naturel liqu\u00e9fi\u00e9), en a bien \u00a0saisi les enjeux : \u00ab faire du gaz naturel la ressource principale d&rsquo;un d\u00e9veloppement global et durable \u00bb.<\/strong><\/p>\n<p>&nbsp;<\/p>\n<p>Le S\u00e9n\u00e9gal vient d\u2019\u00eatre officiellement admis comme membre observateur au GEFC (Forum des pays exportateurs de gaz), dans un contexte marqu\u00e9 par \u00a0des tensions g\u00e9ostrat\u00e9giques, et qui rassemble les principaux pays exportateurs de gaz. Le GEFC s&rsquo;efforce \u00e0 mettre en place un m\u00e9canisme \u00a0permettant \u00abun dialogue constructif entre les producteurs et les consommateurs de gaz\u00bb afin \u00abd&rsquo;am\u00e9liorer la stabilit\u00e9 et la s\u00e9curit\u00e9 de l&rsquo;offre et de la demande sur les march\u00e9s du gaz dans le monde entier\u00bb.<\/p>\n<p>Cr\u00e9\u00e9 en 2001, ce n\u2019est qu\u2019en 2011 que s\u2019est tenu le premier sommet du GECF, au Qatar. Le sommet d\u2019Alger, septi\u00e8me \u00e9dition, qui s\u2019est tenu \u00e0 peine trois mois apr\u00e8s la COP 28 au cours de laquelle les \u00e9nergies fossiles tel que le gaz ont fait l\u2019objet d\u2019une lev\u00e9e de boucliers sans pr\u00e9c\u00e9dent, vient de s\u2019achever sur une r\u00e9solution forte : \u00ab le rejet de toute entrave \u00e0 l\u2019investissement dans les projets gaziers \u00bb. Le cheval de bataille du chef de l\u2019Etat s\u00e9n\u00e9galais, le pr\u00e9sident Macky Sall.<\/p>\n<p>A l\u2019inverse de l\u2019Opep (Organisation des pays exportateurs de p\u00e9trole), le march\u00e9 mondial du gaz, du fait de ses sp\u00e9cificit\u00e9s notamment ses \u00a0contraintes, ne peut pas, pour l\u2019heure, faire l\u2019objet d\u2019une cartellisation, comme \u00a0le voudrait le mastodonte russe, membre \u00e0 part enti\u00e8re du GEFC. Le g\u00e9ant russe, principal exportateur de gaz, voudrait bien une \u00abOPEP DU GAZ\u00bb aux fins d\u2019utiliser cette ressource comme arme politique. En 2006, d\u00e9j\u00e0, elle avait \u00a0\u00a0laiss\u00e9 courir l\u2019id\u00e9e d\u2019une \u00abOpep du gaz\u00bb qui laissait croire \u00e0 la possibilit\u00e9 d\u2019un contr\u00f4le des prix par la cartellisation du march\u00e9. Une perspective qui avait suscit\u00e9 beaucoup de craintes notamment chez les europ\u00e9ens. Sauf que le sc\u00e9nario d\u2019un cartel du gaz qui jouerait sur les quantit\u00e9s mises sur le march\u00e9 pour faire monter les prix, \u00e0 l\u2019image de l\u2019Opep, est apparu comme peu cr\u00e9dible aux yeux de l\u2019industrie gazi\u00e8re.<\/p>\n<p>La dynamique g\u00e9ostrat\u00e9gique du GECF est \u00e0 la mesure des mutations mondiales actuelles, influenc\u00e9es par une recomposition du pouvoir mondial vers un monde multipolaire et, les changements \u00e0 venir entre 2024, 2030 et 2035, n\u00e9cessitent des adaptations syst\u00e9miques pour s\u2019ins\u00e9rer dans un ordre social en devenir. Il n\u2019emp\u00eache, m\u00eame si elle ne semble pas constituer un obstacle pour des d\u00e9cisions communes, on ne peut ignorer la dynamique g\u00e9opolitique au sein du GECF \u00e0 travers ses membres et leurs divergences id\u00e9ologiques. Le Qatar est tr\u00e8s proche des pays occidentaux tandis que la Russie, de m\u00eame que l\u2019Iran, sont en train d\u2019\u0153uvrer pour un front anti-occidental.<\/p>\n<p><strong>\u00a0<\/strong><\/p>\n<p><strong>70% des r\u00e9serves mondiales de gaz<\/strong><\/p>\n<p>&nbsp;<\/p>\n<p>Rappelons que les membres \u00e0 part enti\u00e8re du GECF sont l\u2019Alg\u00e9rie, la Bolivie, l\u2019Egypte, la Guin\u00e9e \u00e9quatoriale, l\u2019Iran, la Libye, le Nigeria, le Qatar, la Russie, le Trinit\u00e9-et-Tobago, les \u00c9mirats arabes unis et le Venezuela. Quant \u00e0 l&rsquo;Angola, l&rsquo;Azerba\u00efdjan, l&rsquo;Irak, la Malaisie, le Mozambique, le P\u00e9rou et d\u00e9sormais la Mauritanie et le S\u00e9n\u00e9gal, ils ont le statut d&rsquo;observateurs. Ces deux derniers pays deviendront membres de plein droit apr\u00e8s l\u2019entr\u00e9e en production du gisement Grand Tortue Ahmeyim (GTA), actuellement en phase exploitation \u00e0 la lisi\u00e8re des deux pays, pour un investissement de 5 milliards de dollars (plus de 3000 milliards de FCFA) au cours des 5 derni\u00e8res ann\u00e9es. Avec une production attendue \u00e0 2,5 millions de tonnes de gaz naturel liqu\u00e9fi\u00e9 (GNL) par an, une capacit\u00e9 qui devrait augmenter \u00e0 10 millions de tonnes d\u2019ici \u00e0 2030, le S\u00e9n\u00e9gal a bien sa place dans le concert des pays producteurs. D\u2019autant plus que le pays dispose de deux autres gisements importants de gaz offshore appel\u00e9s Yaakaar et Teranga (respectivement 420 milliards de m3, 140 milliards de m3) placent le S\u00e9n\u00e9gal sur la carte mondiale des producteurs de gaz naturel. Dans le landerneau du gaz, le GECF p\u00e8se 70% des r\u00e9serves mondiales (144 000 milliards de m\u00e8tres cubes), 42% de la production commercialis\u00e9e (1650 milliards de m3) dont 45 \u00e0 50% sont export\u00e9s et 60% des exportations mondiales de Gaz naturel liqu\u00e9fi\u00e9 (GNL).<\/p>\n<p><strong>Le S\u00e9n\u00e9gal au centre du jeu <\/strong><\/p>\n<p>Petit producteur certes, avec des r\u00e9serves estim\u00e9es \u00e0 900 milliards de m\u00e8tres cubes (sans compter les gisements de Yaakar et Teranga), compar\u00e9 aux g\u00e9ants du gaz comme l&rsquo;Iran, le Qatar et la Russie, mais le statut du S\u00e9n\u00e9gal au sein du GECF n\u2019est pas n\u00e9gligeable, car il lui permettra de peser sur les d\u00e9cisions de GECF. Avec ses r\u00e9serves consid\u00e9rables, le S\u00e9n\u00e9gal trouve-l\u00e0 une opportunit\u00e9 importante de jouer sa partition dans le concert des nations. Le march\u00e9 europ\u00e9en, \u00ab immuno-d\u00e9pendant \u00bb du gaz russe et qui subit les affres de la guerre russo-ukrainienne, tend les bras \u00e0 Dakar. En juillet 2022, 5 mois apr\u00e8s le d\u00e9but du conflit russo-ukrainien, Olav Scholz, le chancelier allemand (un pays tr\u00e8s d\u00e9pendant du gaz russe) a fait le d\u00e9placement \u00e0 Dakar au S\u00e9n\u00e9gal et manifest\u00e9 ses ambitions gazi\u00e8res de partenariat avec le S\u00e9n\u00e9gal. Son nouveau statut de pays gazier place par ailleurs le S\u00e9n\u00e9gal sur la route des ambitions du Maroc et de l\u2019Alg\u00e9rie. Au c\u0153ur des tensions g\u00e9opolitiques en Afrique du Nord, la concurrence fait rage pour le contr\u00f4le des nouvelles routes d\u2019exportation du gaz naturel. La rivalit\u00e9 entre ces deux pays est davantage mise en lumi\u00e8re par le nouveau statut gazier du S\u00e9n\u00e9gal, Pour s\u2019imposer comme un acteur cl\u00e9 dans le transit du gaz vers l\u2019Europe, le Maroc envisage la construction d\u2019un gazoduc reliant le S\u00e9n\u00e9gal \u00e0 l\u2019Europe via la Mauritanie. L\u2019Alg\u00e9rie, elle, a une longueur d\u2019avance en tant que fournisseur historique de gaz \u00e0 l\u2019Europe. En plus d\u2019avoir renforc\u00e9 ses liens avec le S\u00e9n\u00e9gal, elle fait valoir sa coop\u00e9ration avec le Nig\u00e9ria notamment \u00e0 travers le projet de gazoduc transsaharien (TSGP) visant \u00e0 relier les champs gaziers nig\u00e9rians au r\u00e9seau alg\u00e9rien, comme le rappelle l\u2019hebdomadaire panafricain, Jeune Afrique, dans son \u00e9dition du 4 mars dernier. L\u2019un dans l\u2019autre, les d\u00e9fis qui se dressent sur la route de ces deux pays sont r\u00e9els, ne serait-ce que par rapport au p\u00e9ril s\u00e9curitaire, entre autres. D\u2019un c\u00f4t\u00e9 il y a la menace Boko Haram tandis que de l\u2019autre, plane le syndrome des djihadistes du Nord. Au centre du jeu, le S\u00e9n\u00e9gal a choisi le moyen le plus rapide pour commercialiser son gaz, le moins contraignant en termes d\u2019infrastructures et le moins co\u00fbteux: la voie du GNL dont l\u2019UE importe 40% de ses besoins. Les Etats-Unis l\u2019ont d\u2019autant mieux compris qu\u2019ils sont devenus le premier exportateur de GNL en Europe, suivis par la Russie qui dispose des plus grandes r\u00e9serves de gaz naturel. Le conflit russo-ukrainien a fini d\u2019orienter l\u2019int\u00e9r\u00eat des europ\u00e9ens sur le gaz africain.<\/p>\n<p><strong>L\u2019enjeu des march\u00e9s<\/strong><\/p>\n<p>Le facteur li\u00e9 au contr\u00f4le du march\u00e9 gazier est un autre \u00e9l\u00e9ment important et pertinent de l\u2019adh\u00e9sion du S\u00e9n\u00e9gal au Forum GECF. Les risques et les d\u00e9fis auxquels sont confront\u00e9s les march\u00e9s du gaz naturel et qui d\u00e9coulent des incertitudes g\u00e9opolitiques et \u00e9conomiques, repr\u00e9sentent un enjeu de taille. Dans le contexte du covid, une certaine coh\u00e9sion au sein de l\u2019OPEP avait beaucoup contribu\u00e9 \u00e0 la stabilisation du march\u00e9 p\u00e9trolier et \u00e9vit\u00e9 une \u00abcatastrophe\u00bb aux pays producteurs. Aussi pour s\u2019adapter \u00e0 l\u2019\u00e9volution des march\u00e9s, le GECF devrait suivre la m\u00eame logique. Du moins, le Forum tient \u00e0 ne pas laisser le contr\u00f4le du march\u00e9 \u00e0 d\u2019autres. Par ailleurs, dans ces m\u00eames march\u00e9s, le GECF trouve un grand int\u00e9r\u00eat au maintien des contrats de long terme eu \u00e9gard aux investissements n\u00e9cessaires pour garantir les capacit\u00e9s de production futures. Ces contrats de long terme sont susceptibles de garantir la rentabilit\u00e9 des futures productions et un prix du MMBtu (Million British Thermic) qui ne peut \u00eatre stable (du moins \u00e0 moyen terme) que s\u2019il est index\u00e9 sur une ressource \u00e9nerg\u00e9tique stable. A l\u2019inverse du p\u00e9trole, le prix du gaz ne r\u00e9agit pas instantan\u00e9ment \u00e0 l\u2019offre et \u00e0 la demande comme le p\u00e9trole. Le march\u00e9 du gaz est segment\u00e9 g\u00e9ographiquement du fait de la pr\u00e9pond\u00e9rance des gazoducs (environ 70%) et du GNL (environ 30%), soulignant l\u2019importance des contrats \u00e0 moyen et long terme en raison de lourds investissements et de la rentabilit\u00e9 \u00e0 moyen et long terme. En d\u00e9pit de la forte pression exerc\u00e9e par les climato-sceptiques sur le financement de l\u2019industrie gazi\u00e8re, le gaz naturel a un bel avenir. Si l\u2019on en juge d\u2019abord par les march\u00e9s et les pr\u00e9visions de la demande. D\u2019ici \u00e0 2050, la demande devrait augmenter de mani\u00e8re impressionnante de 34%, selon le dernier rapport annuel \u00abGlobal Gas Outlook 2050\u00bb du GEFC, publi\u00e9 la semaine derni\u00e8re. Quant \u00e0 l\u2019AIE (Agence internationale de l\u2019\u00e9nergie), elle estime dans son dernier rapport trimestriel publi\u00e9 en janvier dernier, que la demande mondiale de gaz devrait conna\u00eetre une \u00ab forte croissance \u00bb en 2024, soutenue par des pr\u00e9visions de temp\u00e9ratures plus froides et la baisse des prix.<\/p>\n<p><strong>Malick NDAO<\/strong><\/p>\n","protected":false},"excerpt":{"rendered":"<p>Qu\u2019est-ce que le S\u00e9n\u00e9gal gagne-t-il en rejoignant le cercle du Forum des pays exportateurs (GECF)? La r\u00e9ponse \u00e0 cette question r\u00e9side dans la maxime :&#8230;<\/p>\n","protected":false},"author":1,"featured_media":400,"comment_status":"closed","ping_status":"open","sticky":false,"template":"","format":"standard","meta":{"_jetpack_memberships_contains_paid_content":false,"footnotes":""},"categories":[23,8],"tags":[],"class_list":["post-6108","post","type-post","status-publish","format-standard","has-post-thumbnail","hentry","category-a-la-une","category-actualite-economique","wpcat-23-id","wpcat-8-id"],"yoast_head":"<!-- This site is optimized with the Yoast SEO plugin v27.1.1 - https:\/\/yoast.com\/product\/yoast-seo-wordpress\/ -->\n<title>LE SENEGAL AU FORUM DES PAYS EXPORTATEURS DE GAZ : Une alliance g\u00e9ostrat\u00e9gique - challenges economiques<\/title>\n<meta name=\"robots\" content=\"index, follow, max-snippet:-1, max-image-preview:large, max-video-preview:-1\" \/>\n<link rel=\"canonical\" href=\"https:\/\/challengeseconomiques.com\/?p=6108\" \/>\n<meta property=\"og:locale\" content=\"fr_FR\" \/>\n<meta property=\"og:type\" content=\"article\" \/>\n<meta property=\"og:title\" content=\"LE SENEGAL AU FORUM DES PAYS EXPORTATEURS DE GAZ : Une alliance g\u00e9ostrat\u00e9gique - challenges economiques\" \/>\n<meta property=\"og:description\" content=\"Qu\u2019est-ce que le S\u00e9n\u00e9gal gagne-t-il en rejoignant le cercle du Forum des pays exportateurs (GECF)? La r\u00e9ponse \u00e0 cette question r\u00e9side dans la maxime :...\" \/>\n<meta property=\"og:url\" content=\"https:\/\/challengeseconomiques.com\/?p=6108\" \/>\n<meta property=\"og:site_name\" content=\"challenges economiques\" \/>\n<meta property=\"article:published_time\" content=\"2024-03-07T18:58:55+00:00\" \/>\n<meta property=\"article:modified_time\" content=\"2024-03-07T18:59:50+00:00\" \/>\n<meta property=\"og:image\" content=\"https:\/\/challengeseconomiques.com\/wp-content\/uploads\/2020\/12\/petrol_gaz.jpg\" \/>\n\t<meta property=\"og:image:width\" content=\"700\" \/>\n\t<meta property=\"og:image:height\" content=\"476\" \/>\n\t<meta property=\"og:image:type\" content=\"image\/jpeg\" \/>\n<meta name=\"author\" content=\"admin\" \/>\n<meta name=\"twitter:card\" content=\"summary_large_image\" \/>\n<meta name=\"twitter:label1\" content=\"\u00c9crit par\" \/>\n\t<meta name=\"twitter:data1\" content=\"admin\" \/>\n\t<meta name=\"twitter:label2\" content=\"Dur\u00e9e de lecture estim\u00e9e\" \/>\n\t<meta name=\"twitter:data2\" content=\"9 minutes\" \/>\n<script type=\"application\/ld+json\" class=\"yoast-schema-graph\">{\"@context\":\"https:\/\/schema.org\",\"@graph\":[{\"@type\":\"Article\",\"@id\":\"https:\/\/challengeseconomiques.com\/?p=6108#article\",\"isPartOf\":{\"@id\":\"https:\/\/challengeseconomiques.com\/?p=6108\"},\"author\":{\"name\":\"admin\",\"@id\":\"https:\/\/challengeseconomiques.com\/#\/schema\/person\/b4568c9afebc5a9238a771873801e349\"},\"headline\":\"LE SENEGAL AU FORUM DES PAYS EXPORTATEURS DE GAZ : Une alliance g\u00e9ostrat\u00e9gique\",\"datePublished\":\"2024-03-07T18:58:55+00:00\",\"dateModified\":\"2024-03-07T18:59:50+00:00\",\"mainEntityOfPage\":{\"@id\":\"https:\/\/challengeseconomiques.com\/?p=6108\"},\"wordCount\":1735,\"image\":{\"@id\":\"https:\/\/challengeseconomiques.com\/?p=6108#primaryimage\"},\"thumbnailUrl\":\"https:\/\/challengeseconomiques.com\/wp-content\/uploads\/2020\/12\/petrol_gaz.jpg\",\"articleSection\":[\"A la une\",\"Actualit\u00e9 \u00e9conomique\"],\"inLanguage\":\"fr-FR\"},{\"@type\":\"WebPage\",\"@id\":\"https:\/\/challengeseconomiques.com\/?p=6108\",\"url\":\"https:\/\/challengeseconomiques.com\/?p=6108\",\"name\":\"LE SENEGAL AU FORUM DES PAYS EXPORTATEURS DE GAZ : Une alliance g\u00e9ostrat\u00e9gique - challenges economiques\",\"isPartOf\":{\"@id\":\"https:\/\/challengeseconomiques.com\/#website\"},\"primaryImageOfPage\":{\"@id\":\"https:\/\/challengeseconomiques.com\/?p=6108#primaryimage\"},\"image\":{\"@id\":\"https:\/\/challengeseconomiques.com\/?p=6108#primaryimage\"},\"thumbnailUrl\":\"https:\/\/challengeseconomiques.com\/wp-content\/uploads\/2020\/12\/petrol_gaz.jpg\",\"datePublished\":\"2024-03-07T18:58:55+00:00\",\"dateModified\":\"2024-03-07T18:59:50+00:00\",\"author\":{\"@id\":\"https:\/\/challengeseconomiques.com\/#\/schema\/person\/b4568c9afebc5a9238a771873801e349\"},\"breadcrumb\":{\"@id\":\"https:\/\/challengeseconomiques.com\/?p=6108#breadcrumb\"},\"inLanguage\":\"fr-FR\",\"potentialAction\":[{\"@type\":\"ReadAction\",\"target\":[\"https:\/\/challengeseconomiques.com\/?p=6108\"]}]},{\"@type\":\"ImageObject\",\"inLanguage\":\"fr-FR\",\"@id\":\"https:\/\/challengeseconomiques.com\/?p=6108#primaryimage\",\"url\":\"https:\/\/challengeseconomiques.com\/wp-content\/uploads\/2020\/12\/petrol_gaz.jpg\",\"contentUrl\":\"https:\/\/challengeseconomiques.com\/wp-content\/uploads\/2020\/12\/petrol_gaz.jpg\",\"width\":700,\"height\":476},{\"@type\":\"BreadcrumbList\",\"@id\":\"https:\/\/challengeseconomiques.com\/?p=6108#breadcrumb\",\"itemListElement\":[{\"@type\":\"ListItem\",\"position\":1,\"name\":\"Home\",\"item\":\"https:\/\/challengeseconomiques.com\/\"},{\"@type\":\"ListItem\",\"position\":2,\"name\":\"LE SENEGAL AU FORUM DES PAYS EXPORTATEURS DE GAZ : Une alliance g\u00e9ostrat\u00e9gique\"}]},{\"@type\":\"WebSite\",\"@id\":\"https:\/\/challengeseconomiques.com\/#website\",\"url\":\"https:\/\/challengeseconomiques.com\/\",\"name\":\"challenges economiques\",\"description\":\"\",\"potentialAction\":[{\"@type\":\"SearchAction\",\"target\":{\"@type\":\"EntryPoint\",\"urlTemplate\":\"https:\/\/challengeseconomiques.com\/?s={search_term_string}\"},\"query-input\":{\"@type\":\"PropertyValueSpecification\",\"valueRequired\":true,\"valueName\":\"search_term_string\"}}],\"inLanguage\":\"fr-FR\"},{\"@type\":\"Person\",\"@id\":\"https:\/\/challengeseconomiques.com\/#\/schema\/person\/b4568c9afebc5a9238a771873801e349\",\"name\":\"admin\",\"image\":{\"@type\":\"ImageObject\",\"inLanguage\":\"fr-FR\",\"@id\":\"https:\/\/challengeseconomiques.com\/#\/schema\/person\/image\/\",\"url\":\"https:\/\/secure.gravatar.com\/avatar\/099e42240b5eea11acdb72751fcce0dd918603f0749d24974b7984ea47ed9fd9?s=96&d=mm&r=g\",\"contentUrl\":\"https:\/\/secure.gravatar.com\/avatar\/099e42240b5eea11acdb72751fcce0dd918603f0749d24974b7984ea47ed9fd9?s=96&d=mm&r=g\",\"caption\":\"admin\"},\"sameAs\":[\"https:\/\/challengeseconomiques.com\"],\"url\":\"https:\/\/challengeseconomiques.com\/?author=1\"}]}<\/script>\n<!-- \/ Yoast SEO plugin. -->","yoast_head_json":{"title":"LE SENEGAL AU FORUM DES PAYS EXPORTATEURS DE GAZ : Une alliance g\u00e9ostrat\u00e9gique - challenges economiques","robots":{"index":"index","follow":"follow","max-snippet":"max-snippet:-1","max-image-preview":"max-image-preview:large","max-video-preview":"max-video-preview:-1"},"canonical":"https:\/\/challengeseconomiques.com\/?p=6108","og_locale":"fr_FR","og_type":"article","og_title":"LE SENEGAL AU FORUM DES PAYS EXPORTATEURS DE GAZ : Une alliance g\u00e9ostrat\u00e9gique - challenges economiques","og_description":"Qu\u2019est-ce que le S\u00e9n\u00e9gal gagne-t-il en rejoignant le cercle du Forum des pays exportateurs (GECF)? La r\u00e9ponse \u00e0 cette question r\u00e9side dans la maxime :...","og_url":"https:\/\/challengeseconomiques.com\/?p=6108","og_site_name":"challenges economiques","article_published_time":"2024-03-07T18:58:55+00:00","article_modified_time":"2024-03-07T18:59:50+00:00","og_image":[{"width":700,"height":476,"url":"https:\/\/challengeseconomiques.com\/wp-content\/uploads\/2020\/12\/petrol_gaz.jpg","type":"image\/jpeg"}],"author":"admin","twitter_card":"summary_large_image","twitter_misc":{"\u00c9crit par":"admin","Dur\u00e9e de lecture estim\u00e9e":"9 minutes"},"schema":{"@context":"https:\/\/schema.org","@graph":[{"@type":"Article","@id":"https:\/\/challengeseconomiques.com\/?p=6108#article","isPartOf":{"@id":"https:\/\/challengeseconomiques.com\/?p=6108"},"author":{"name":"admin","@id":"https:\/\/challengeseconomiques.com\/#\/schema\/person\/b4568c9afebc5a9238a771873801e349"},"headline":"LE SENEGAL AU FORUM DES PAYS EXPORTATEURS DE GAZ : Une alliance g\u00e9ostrat\u00e9gique","datePublished":"2024-03-07T18:58:55+00:00","dateModified":"2024-03-07T18:59:50+00:00","mainEntityOfPage":{"@id":"https:\/\/challengeseconomiques.com\/?p=6108"},"wordCount":1735,"image":{"@id":"https:\/\/challengeseconomiques.com\/?p=6108#primaryimage"},"thumbnailUrl":"https:\/\/challengeseconomiques.com\/wp-content\/uploads\/2020\/12\/petrol_gaz.jpg","articleSection":["A la une","Actualit\u00e9 \u00e9conomique"],"inLanguage":"fr-FR"},{"@type":"WebPage","@id":"https:\/\/challengeseconomiques.com\/?p=6108","url":"https:\/\/challengeseconomiques.com\/?p=6108","name":"LE SENEGAL AU FORUM DES PAYS EXPORTATEURS DE GAZ : Une alliance g\u00e9ostrat\u00e9gique - challenges economiques","isPartOf":{"@id":"https:\/\/challengeseconomiques.com\/#website"},"primaryImageOfPage":{"@id":"https:\/\/challengeseconomiques.com\/?p=6108#primaryimage"},"image":{"@id":"https:\/\/challengeseconomiques.com\/?p=6108#primaryimage"},"thumbnailUrl":"https:\/\/challengeseconomiques.com\/wp-content\/uploads\/2020\/12\/petrol_gaz.jpg","datePublished":"2024-03-07T18:58:55+00:00","dateModified":"2024-03-07T18:59:50+00:00","author":{"@id":"https:\/\/challengeseconomiques.com\/#\/schema\/person\/b4568c9afebc5a9238a771873801e349"},"breadcrumb":{"@id":"https:\/\/challengeseconomiques.com\/?p=6108#breadcrumb"},"inLanguage":"fr-FR","potentialAction":[{"@type":"ReadAction","target":["https:\/\/challengeseconomiques.com\/?p=6108"]}]},{"@type":"ImageObject","inLanguage":"fr-FR","@id":"https:\/\/challengeseconomiques.com\/?p=6108#primaryimage","url":"https:\/\/challengeseconomiques.com\/wp-content\/uploads\/2020\/12\/petrol_gaz.jpg","contentUrl":"https:\/\/challengeseconomiques.com\/wp-content\/uploads\/2020\/12\/petrol_gaz.jpg","width":700,"height":476},{"@type":"BreadcrumbList","@id":"https:\/\/challengeseconomiques.com\/?p=6108#breadcrumb","itemListElement":[{"@type":"ListItem","position":1,"name":"Home","item":"https:\/\/challengeseconomiques.com\/"},{"@type":"ListItem","position":2,"name":"LE SENEGAL AU FORUM DES PAYS EXPORTATEURS DE GAZ : Une alliance g\u00e9ostrat\u00e9gique"}]},{"@type":"WebSite","@id":"https:\/\/challengeseconomiques.com\/#website","url":"https:\/\/challengeseconomiques.com\/","name":"challenges economiques","description":"","potentialAction":[{"@type":"SearchAction","target":{"@type":"EntryPoint","urlTemplate":"https:\/\/challengeseconomiques.com\/?s={search_term_string}"},"query-input":{"@type":"PropertyValueSpecification","valueRequired":true,"valueName":"search_term_string"}}],"inLanguage":"fr-FR"},{"@type":"Person","@id":"https:\/\/challengeseconomiques.com\/#\/schema\/person\/b4568c9afebc5a9238a771873801e349","name":"admin","image":{"@type":"ImageObject","inLanguage":"fr-FR","@id":"https:\/\/challengeseconomiques.com\/#\/schema\/person\/image\/","url":"https:\/\/secure.gravatar.com\/avatar\/099e42240b5eea11acdb72751fcce0dd918603f0749d24974b7984ea47ed9fd9?s=96&d=mm&r=g","contentUrl":"https:\/\/secure.gravatar.com\/avatar\/099e42240b5eea11acdb72751fcce0dd918603f0749d24974b7984ea47ed9fd9?s=96&d=mm&r=g","caption":"admin"},"sameAs":["https:\/\/challengeseconomiques.com"],"url":"https:\/\/challengeseconomiques.com\/?author=1"}]}},"jetpack_featured_media_url":"https:\/\/challengeseconomiques.com\/wp-content\/uploads\/2020\/12\/petrol_gaz.jpg","jetpack_sharing_enabled":true,"_links":{"self":[{"href":"https:\/\/challengeseconomiques.com\/index.php?rest_route=\/wp\/v2\/posts\/6108","targetHints":{"allow":["GET"]}}],"collection":[{"href":"https:\/\/challengeseconomiques.com\/index.php?rest_route=\/wp\/v2\/posts"}],"about":[{"href":"https:\/\/challengeseconomiques.com\/index.php?rest_route=\/wp\/v2\/types\/post"}],"author":[{"embeddable":true,"href":"https:\/\/challengeseconomiques.com\/index.php?rest_route=\/wp\/v2\/users\/1"}],"replies":[{"embeddable":true,"href":"https:\/\/challengeseconomiques.com\/index.php?rest_route=%2Fwp%2Fv2%2Fcomments&post=6108"}],"version-history":[{"count":2,"href":"https:\/\/challengeseconomiques.com\/index.php?rest_route=\/wp\/v2\/posts\/6108\/revisions"}],"predecessor-version":[{"id":6110,"href":"https:\/\/challengeseconomiques.com\/index.php?rest_route=\/wp\/v2\/posts\/6108\/revisions\/6110"}],"wp:featuredmedia":[{"embeddable":true,"href":"https:\/\/challengeseconomiques.com\/index.php?rest_route=\/wp\/v2\/media\/400"}],"wp:attachment":[{"href":"https:\/\/challengeseconomiques.com\/index.php?rest_route=%2Fwp%2Fv2%2Fmedia&parent=6108"}],"wp:term":[{"taxonomy":"category","embeddable":true,"href":"https:\/\/challengeseconomiques.com\/index.php?rest_route=%2Fwp%2Fv2%2Fcategories&post=6108"},{"taxonomy":"post_tag","embeddable":true,"href":"https:\/\/challengeseconomiques.com\/index.php?rest_route=%2Fwp%2Fv2%2Ftags&post=6108"}],"curies":[{"name":"wp","href":"https:\/\/api.w.org\/{rel}","templated":true}]}}