{"id":6106,"date":"2024-03-07T16:35:27","date_gmt":"2024-03-07T16:35:27","guid":{"rendered":"https:\/\/challengeseconomiques.com\/?p=6106"},"modified":"2024-03-07T15:38:24","modified_gmt":"2024-03-07T15:38:24","slug":"telecoms-free-declare-avoir-lance-ses-services-5g","status":"publish","type":"post","link":"https:\/\/challengeseconomiques.com\/?p=6106","title":{"rendered":"TELECOMS \/ Free d\u00e9clare avoir lanc\u00e9 ses services 5G"},"content":{"rendered":"<p>L\u2019op\u00e9rateur de t\u00e9l\u00e9phonie Free S\u00e9n\u00e9gal annonce avoir lanc\u00e9 depuis mardi 5 mars ses services de 5G au S\u00e9n\u00e9gal, pour permettre \u00e0 ses abonn\u00e9s un \u201cvisionnage des vid\u00e9os en tr\u00e8s haute d\u00e9finition\u201d, un \u201ct\u00e9l\u00e9chargement rapide des fichiers volumineux\u201d et la possibilit\u00e9 de \u201cparticiper \u00e0 des r\u00e9unions en visioconf\u00e9rence avec de nombreux interlocuteurs, sans interruption\u201d.<\/p>\n<p>Le lancement, par cet op\u00e9rateur de la cinqui\u00e8me g\u00e9n\u00e9ration de r\u00e9seau de t\u00e9l\u00e9phonie mobile, va \u00e9galement permettre aux usagers de \u201csauvegarder tr\u00e8s rapidement des fichiers dans le cloud\u201d, et d\u2019y \u201cacc\u00e9der de mani\u00e8re [\u2026] fluide\u201d, assure le d\u00e9partement charg\u00e9 de sa communication dans un communiqu\u00e9.<\/p>\n<p>\u201cAvec ce d\u00e9ploiement historique\u201d, Free S\u00e9n\u00e9gal ouvre \u201cla voie \u00e0 une \u00e8re nouvelle de rapidit\u00e9 [et] de fiabilit\u00e9\u201d, lit-on dans le communiqu\u00e9.<\/p>\n<p>\u201cLa 5G n\u2019est pas simplement une \u00e9volution, mais une r\u00e9volution qui transformera la mani\u00e8re dont les S\u00e9n\u00e9galais vivent, travaillent et se connectent\u201d, assure Mamadou Mbengue, le directeur g\u00e9n\u00e9ral de Free.<\/p>\n<p>\u201cAvec une vitesse et une fiabilit\u00e9 exceptionnelle, la 5G de Free va bien au-del\u00e0 de la simple am\u00e9lioration de la connectivit\u00e9. Elle offre des opportunit\u00e9s novatrices pour transformer le paysage des affaires au S\u00e9n\u00e9gal. La 5G est une occasion sans pr\u00e9c\u00e9dent pour les entreprises s\u00e9n\u00e9galaises d\u2019\u00e9voluer [et] de se d\u00e9velopper\u201d, ajoute M. Mbengue dans le communiqu\u00e9.<\/p>\n<p>Free S\u00e9n\u00e9gal ajoute que le d\u00e9ploiement de sa 5G se fera progressivement.<\/p>\n<p>\u201cDans un premier temps, pr\u00e9cise l\u2019op\u00e9rateur, cinq sites [sont] install\u00e9s \u00e0 Dakar. Plus de 50 autres sites 5G seront bient\u00f4t install\u00e9s dans d\u2019autres r\u00e9gions qui pourront aussi vivre cette r\u00e9volution technologique.\u201d<\/p>\n<p>Free fait partie du groupe Axian Telecom. Il d\u00e9clare compter 5 millions de clients qui utilisent tous les jours ses services mobiles, Internet et financiers.<\/p>\n<p><strong>(APS)<\/strong><\/p>\n","protected":false},"excerpt":{"rendered":"<p>L\u2019op\u00e9rateur de t\u00e9l\u00e9phonie Free S\u00e9n\u00e9gal annonce avoir lanc\u00e9 depuis mardi 5 mars ses services de 5G au S\u00e9n\u00e9gal, pour permettre \u00e0 ses abonn\u00e9s un \u201cvisionnage&#8230;<\/p>\n","protected":false},"author":1,"featured_media":3494,"comment_status":"closed","ping_status":"open","sticky":false,"template":"","format":"standard","meta":{"_jetpack_memberships_contains_paid_content":false,"footnotes":""},"categories":[23,8],"tags":[],"class_list":["post-6106","post","type-post","status-publish","format-standard","has-post-thumbnail","hentry","category-a-la-une","category-actualite-economique","wpcat-23-id","wpcat-8-id"],"yoast_head":"<!-- This site is optimized with the Yoast SEO plugin v27.1.1 - https:\/\/yoast.com\/product\/yoast-seo-wordpress\/ -->\n<title>TELECOMS \/ Free d\u00e9clare avoir lanc\u00e9 ses services 5G - challenges economiques<\/title>\n<meta name=\"robots\" content=\"index, follow, max-snippet:-1, max-image-preview:large, max-video-preview:-1\" \/>\n<link rel=\"canonical\" href=\"https:\/\/challengeseconomiques.com\/?p=6106\" \/>\n<meta property=\"og:locale\" content=\"fr_FR\" \/>\n<meta property=\"og:type\" content=\"article\" \/>\n<meta property=\"og:title\" content=\"TELECOMS \/ Free d\u00e9clare avoir lanc\u00e9 ses services 5G - challenges economiques\" \/>\n<meta property=\"og:description\" content=\"L\u2019op\u00e9rateur de t\u00e9l\u00e9phonie Free S\u00e9n\u00e9gal annonce avoir lanc\u00e9 depuis mardi 5 mars ses services de 5G au S\u00e9n\u00e9gal, pour permettre \u00e0 ses abonn\u00e9s un \u201cvisionnage...\" \/>\n<meta property=\"og:url\" content=\"https:\/\/challengeseconomiques.com\/?p=6106\" \/>\n<meta property=\"og:site_name\" content=\"challenges economiques\" \/>\n<meta property=\"article:published_time\" content=\"2024-03-07T16:35:27+00:00\" \/>\n<meta property=\"og:image\" content=\"https:\/\/challengeseconomiques.com\/wp-content\/uploads\/2022\/06\/5g.jpg\" \/>\n\t<meta property=\"og:image:width\" content=\"1200\" \/>\n\t<meta property=\"og:image:height\" content=\"800\" \/>\n\t<meta property=\"og:image:type\" content=\"image\/jpeg\" \/>\n<meta name=\"author\" content=\"admin\" \/>\n<meta name=\"twitter:card\" content=\"summary_large_image\" \/>\n<meta name=\"twitter:label1\" content=\"\u00c9crit par\" \/>\n\t<meta name=\"twitter:data1\" content=\"admin\" \/>\n\t<meta name=\"twitter:label2\" content=\"Dur\u00e9e de lecture estim\u00e9e\" \/>\n\t<meta name=\"twitter:data2\" content=\"2 minutes\" \/>\n<script type=\"application\/ld+json\" class=\"yoast-schema-graph\">{\"@context\":\"https:\/\/schema.org\",\"@graph\":[{\"@type\":\"Article\",\"@id\":\"https:\/\/challengeseconomiques.com\/?p=6106#article\",\"isPartOf\":{\"@id\":\"https:\/\/challengeseconomiques.com\/?p=6106\"},\"author\":{\"name\":\"admin\",\"@id\":\"https:\/\/challengeseconomiques.com\/#\/schema\/person\/b4568c9afebc5a9238a771873801e349\"},\"headline\":\"TELECOMS \/ Free d\u00e9clare avoir lanc\u00e9 ses services 5G\",\"datePublished\":\"2024-03-07T16:35:27+00:00\",\"mainEntityOfPage\":{\"@id\":\"https:\/\/challengeseconomiques.com\/?p=6106\"},\"wordCount\":337,\"image\":{\"@id\":\"https:\/\/challengeseconomiques.com\/?p=6106#primaryimage\"},\"thumbnailUrl\":\"https:\/\/challengeseconomiques.com\/wp-content\/uploads\/2022\/06\/5g.jpg\",\"articleSection\":[\"A la une\",\"Actualit\u00e9 \u00e9conomique\"],\"inLanguage\":\"fr-FR\"},{\"@type\":\"WebPage\",\"@id\":\"https:\/\/challengeseconomiques.com\/?p=6106\",\"url\":\"https:\/\/challengeseconomiques.com\/?p=6106\",\"name\":\"TELECOMS \/ Free d\u00e9clare avoir lanc\u00e9 ses services 5G - challenges economiques\",\"isPartOf\":{\"@id\":\"https:\/\/challengeseconomiques.com\/#website\"},\"primaryImageOfPage\":{\"@id\":\"https:\/\/challengeseconomiques.com\/?p=6106#primaryimage\"},\"image\":{\"@id\":\"https:\/\/challengeseconomiques.com\/?p=6106#primaryimage\"},\"thumbnailUrl\":\"https:\/\/challengeseconomiques.com\/wp-content\/uploads\/2022\/06\/5g.jpg\",\"datePublished\":\"2024-03-07T16:35:27+00:00\",\"author\":{\"@id\":\"https:\/\/challengeseconomiques.com\/#\/schema\/person\/b4568c9afebc5a9238a771873801e349\"},\"breadcrumb\":{\"@id\":\"https:\/\/challengeseconomiques.com\/?p=6106#breadcrumb\"},\"inLanguage\":\"fr-FR\",\"potentialAction\":[{\"@type\":\"ReadAction\",\"target\":[\"https:\/\/challengeseconomiques.com\/?p=6106\"]}]},{\"@type\":\"ImageObject\",\"inLanguage\":\"fr-FR\",\"@id\":\"https:\/\/challengeseconomiques.com\/?p=6106#primaryimage\",\"url\":\"https:\/\/challengeseconomiques.com\/wp-content\/uploads\/2022\/06\/5g.jpg\",\"contentUrl\":\"https:\/\/challengeseconomiques.com\/wp-content\/uploads\/2022\/06\/5g.jpg\",\"width\":1200,\"height\":800},{\"@type\":\"BreadcrumbList\",\"@id\":\"https:\/\/challengeseconomiques.com\/?p=6106#breadcrumb\",\"itemListElement\":[{\"@type\":\"ListItem\",\"position\":1,\"name\":\"Home\",\"item\":\"https:\/\/challengeseconomiques.com\/\"},{\"@type\":\"ListItem\",\"position\":2,\"name\":\"TELECOMS \/ Free d\u00e9clare avoir lanc\u00e9 ses services 5G\"}]},{\"@type\":\"WebSite\",\"@id\":\"https:\/\/challengeseconomiques.com\/#website\",\"url\":\"https:\/\/challengeseconomiques.com\/\",\"name\":\"challenges economiques\",\"description\":\"\",\"potentialAction\":[{\"@type\":\"SearchAction\",\"target\":{\"@type\":\"EntryPoint\",\"urlTemplate\":\"https:\/\/challengeseconomiques.com\/?s={search_term_string}\"},\"query-input\":{\"@type\":\"PropertyValueSpecification\",\"valueRequired\":true,\"valueName\":\"search_term_string\"}}],\"inLanguage\":\"fr-FR\"},{\"@type\":\"Person\",\"@id\":\"https:\/\/challengeseconomiques.com\/#\/schema\/person\/b4568c9afebc5a9238a771873801e349\",\"name\":\"admin\",\"image\":{\"@type\":\"ImageObject\",\"inLanguage\":\"fr-FR\",\"@id\":\"https:\/\/challengeseconomiques.com\/#\/schema\/person\/image\/\",\"url\":\"https:\/\/secure.gravatar.com\/avatar\/099e42240b5eea11acdb72751fcce0dd918603f0749d24974b7984ea47ed9fd9?s=96&d=mm&r=g\",\"contentUrl\":\"https:\/\/secure.gravatar.com\/avatar\/099e42240b5eea11acdb72751fcce0dd918603f0749d24974b7984ea47ed9fd9?s=96&d=mm&r=g\",\"caption\":\"admin\"},\"sameAs\":[\"https:\/\/challengeseconomiques.com\"],\"url\":\"https:\/\/challengeseconomiques.com\/?author=1\"}]}<\/script>\n<!-- \/ Yoast SEO plugin. -->","yoast_head_json":{"title":"TELECOMS \/ Free d\u00e9clare avoir lanc\u00e9 ses services 5G - challenges economiques","robots":{"index":"index","follow":"follow","max-snippet":"max-snippet:-1","max-image-preview":"max-image-preview:large","max-video-preview":"max-video-preview:-1"},"canonical":"https:\/\/challengeseconomiques.com\/?p=6106","og_locale":"fr_FR","og_type":"article","og_title":"TELECOMS \/ Free d\u00e9clare avoir lanc\u00e9 ses services 5G - challenges economiques","og_description":"L\u2019op\u00e9rateur de t\u00e9l\u00e9phonie Free S\u00e9n\u00e9gal annonce avoir lanc\u00e9 depuis mardi 5 mars ses services de 5G au S\u00e9n\u00e9gal, pour permettre \u00e0 ses abonn\u00e9s un \u201cvisionnage...","og_url":"https:\/\/challengeseconomiques.com\/?p=6106","og_site_name":"challenges economiques","article_published_time":"2024-03-07T16:35:27+00:00","og_image":[{"width":1200,"height":800,"url":"https:\/\/challengeseconomiques.com\/wp-content\/uploads\/2022\/06\/5g.jpg","type":"image\/jpeg"}],"author":"admin","twitter_card":"summary_large_image","twitter_misc":{"\u00c9crit par":"admin","Dur\u00e9e de lecture estim\u00e9e":"2 minutes"},"schema":{"@context":"https:\/\/schema.org","@graph":[{"@type":"Article","@id":"https:\/\/challengeseconomiques.com\/?p=6106#article","isPartOf":{"@id":"https:\/\/challengeseconomiques.com\/?p=6106"},"author":{"name":"admin","@id":"https:\/\/challengeseconomiques.com\/#\/schema\/person\/b4568c9afebc5a9238a771873801e349"},"headline":"TELECOMS \/ Free d\u00e9clare avoir lanc\u00e9 ses services 5G","datePublished":"2024-03-07T16:35:27+00:00","mainEntityOfPage":{"@id":"https:\/\/challengeseconomiques.com\/?p=6106"},"wordCount":337,"image":{"@id":"https:\/\/challengeseconomiques.com\/?p=6106#primaryimage"},"thumbnailUrl":"https:\/\/challengeseconomiques.com\/wp-content\/uploads\/2022\/06\/5g.jpg","articleSection":["A la une","Actualit\u00e9 \u00e9conomique"],"inLanguage":"fr-FR"},{"@type":"WebPage","@id":"https:\/\/challengeseconomiques.com\/?p=6106","url":"https:\/\/challengeseconomiques.com\/?p=6106","name":"TELECOMS \/ Free d\u00e9clare avoir lanc\u00e9 ses services 5G - challenges economiques","isPartOf":{"@id":"https:\/\/challengeseconomiques.com\/#website"},"primaryImageOfPage":{"@id":"https:\/\/challengeseconomiques.com\/?p=6106#primaryimage"},"image":{"@id":"https:\/\/challengeseconomiques.com\/?p=6106#primaryimage"},"thumbnailUrl":"https:\/\/challengeseconomiques.com\/wp-content\/uploads\/2022\/06\/5g.jpg","datePublished":"2024-03-07T16:35:27+00:00","author":{"@id":"https:\/\/challengeseconomiques.com\/#\/schema\/person\/b4568c9afebc5a9238a771873801e349"},"breadcrumb":{"@id":"https:\/\/challengeseconomiques.com\/?p=6106#breadcrumb"},"inLanguage":"fr-FR","potentialAction":[{"@type":"ReadAction","target":["https:\/\/challengeseconomiques.com\/?p=6106"]}]},{"@type":"ImageObject","inLanguage":"fr-FR","@id":"https:\/\/challengeseconomiques.com\/?p=6106#primaryimage","url":"https:\/\/challengeseconomiques.com\/wp-content\/uploads\/2022\/06\/5g.jpg","contentUrl":"https:\/\/challengeseconomiques.com\/wp-content\/uploads\/2022\/06\/5g.jpg","width":1200,"height":800},{"@type":"BreadcrumbList","@id":"https:\/\/challengeseconomiques.com\/?p=6106#breadcrumb","itemListElement":[{"@type":"ListItem","position":1,"name":"Home","item":"https:\/\/challengeseconomiques.com\/"},{"@type":"ListItem","position":2,"name":"TELECOMS \/ Free d\u00e9clare avoir lanc\u00e9 ses services 5G"}]},{"@type":"WebSite","@id":"https:\/\/challengeseconomiques.com\/#website","url":"https:\/\/challengeseconomiques.com\/","name":"challenges economiques","description":"","potentialAction":[{"@type":"SearchAction","target":{"@type":"EntryPoint","urlTemplate":"https:\/\/challengeseconomiques.com\/?s={search_term_string}"},"query-input":{"@type":"PropertyValueSpecification","valueRequired":true,"valueName":"search_term_string"}}],"inLanguage":"fr-FR"},{"@type":"Person","@id":"https:\/\/challengeseconomiques.com\/#\/schema\/person\/b4568c9afebc5a9238a771873801e349","name":"admin","image":{"@type":"ImageObject","inLanguage":"fr-FR","@id":"https:\/\/challengeseconomiques.com\/#\/schema\/person\/image\/","url":"https:\/\/secure.gravatar.com\/avatar\/099e42240b5eea11acdb72751fcce0dd918603f0749d24974b7984ea47ed9fd9?s=96&d=mm&r=g","contentUrl":"https:\/\/secure.gravatar.com\/avatar\/099e42240b5eea11acdb72751fcce0dd918603f0749d24974b7984ea47ed9fd9?s=96&d=mm&r=g","caption":"admin"},"sameAs":["https:\/\/challengeseconomiques.com"],"url":"https:\/\/challengeseconomiques.com\/?author=1"}]}},"jetpack_featured_media_url":"https:\/\/challengeseconomiques.com\/wp-content\/uploads\/2022\/06\/5g.jpg","jetpack_sharing_enabled":true,"_links":{"self":[{"href":"https:\/\/challengeseconomiques.com\/index.php?rest_route=\/wp\/v2\/posts\/6106","targetHints":{"allow":["GET"]}}],"collection":[{"href":"https:\/\/challengeseconomiques.com\/index.php?rest_route=\/wp\/v2\/posts"}],"about":[{"href":"https:\/\/challengeseconomiques.com\/index.php?rest_route=\/wp\/v2\/types\/post"}],"author":[{"embeddable":true,"href":"https:\/\/challengeseconomiques.com\/index.php?rest_route=\/wp\/v2\/users\/1"}],"replies":[{"embeddable":true,"href":"https:\/\/challengeseconomiques.com\/index.php?rest_route=%2Fwp%2Fv2%2Fcomments&post=6106"}],"version-history":[{"count":1,"href":"https:\/\/challengeseconomiques.com\/index.php?rest_route=\/wp\/v2\/posts\/6106\/revisions"}],"predecessor-version":[{"id":6107,"href":"https:\/\/challengeseconomiques.com\/index.php?rest_route=\/wp\/v2\/posts\/6106\/revisions\/6107"}],"wp:featuredmedia":[{"embeddable":true,"href":"https:\/\/challengeseconomiques.com\/index.php?rest_route=\/wp\/v2\/media\/3494"}],"wp:attachment":[{"href":"https:\/\/challengeseconomiques.com\/index.php?rest_route=%2Fwp%2Fv2%2Fmedia&parent=6106"}],"wp:term":[{"taxonomy":"category","embeddable":true,"href":"https:\/\/challengeseconomiques.com\/index.php?rest_route=%2Fwp%2Fv2%2Fcategories&post=6106"},{"taxonomy":"post_tag","embeddable":true,"href":"https:\/\/challengeseconomiques.com\/index.php?rest_route=%2Fwp%2Fv2%2Ftags&post=6106"}],"curies":[{"name":"wp","href":"https:\/\/api.w.org\/{rel}","templated":true}]}}