{"id":6084,"date":"2024-03-05T13:40:01","date_gmt":"2024-03-05T13:40:01","guid":{"rendered":"https:\/\/challengeseconomiques.com\/?p=6084"},"modified":"2024-03-05T13:40:37","modified_gmt":"2024-03-05T13:40:37","slug":"rallier-dakar-par-train-a-partir-de-thies-sera-bientot-une-realite","status":"publish","type":"post","link":"https:\/\/challengeseconomiques.com\/?p=6084","title":{"rendered":"Rallier Dakar par train \u00e0 partir de Thi\u00e8s sera bient\u00f4t une r\u00e9alit\u00e9"},"content":{"rendered":"<p>Les habitants de la cit\u00e9 du rail, Thi\u00e8s pourront bient\u00f4t rallier Dakar par train. En effet avec les grands trains du S\u00e9n\u00e9gal (GTS), des rotations seront effectu\u00e9es entre Thi\u00e8s et Diamniadio et \u00e0 partir de Diamniadio, le train express r\u00e9gional(TER) pourra permettre aux passagers en provenance de Thi\u00e8s de voyager vers Dakar. La dur\u00e9e du trajet entre Thi\u00e8s \u00e0 Diamniadio est dans un premier temps arr\u00eat\u00e9 \u00e0 1 heure, mais pourrait avec la pratique redescendre \u201cautour des 50 minutes\u201d selon l\u2019APS. Ce qui porte la dur\u00e9e totale du voyage entre Thi\u00e8s et Dakar \u00e0 1h45mn, en comptant les 45 minutes de trajet du TER.<\/p>\n<p>Pour le retour \u00e0 partir de Dakar, les passagers \u00e0 destination de Thi\u00e8s pourront avec le TER rallier la gare de Diamniadio, pour ensuite se rendre \u00e0 Thi\u00e8s, avec les trains de GTS.<\/p>\n<p>Au niveau des tarifs, ils sont \u00e0 1000 francs pour la seconde classe et \u00e0 1500 pour la premi\u00e8re classe laquelle pr\u00e9cise-t\u2013on au niveau de GTS est climatis\u00e9e.<\/p>\n<p>Cette mise en service \u00a0des trains de GTS sur le tron\u00e7on Thi\u00e8s \u2013 Diamniadio est une bonne nouvelle pour les habitants de Thi\u00e8s et pour toutes les personnes qui se rendent dans la cit\u00e9 du rail. Elle \u00a0va \u00a0grandement leur faciliter le\u00a0 d\u00e9placement surtout ceux \u00a0qui quittaient Thi\u00e8s pour aller travailler \u00e0 Dakar. Le d\u00e9marrage officielle de la ligne aura lieu le premier lundi du mois de ramadan.<\/p>\n<p><strong>Aminata Ka<\/strong><\/p>\n","protected":false},"excerpt":{"rendered":"<p>Les habitants de la cit\u00e9 du rail, Thi\u00e8s pourront bient\u00f4t rallier Dakar par train. En effet avec les grands trains du S\u00e9n\u00e9gal (GTS), des rotations&#8230;<\/p>\n","protected":false},"author":1,"featured_media":6070,"comment_status":"closed","ping_status":"open","sticky":false,"template":"","format":"standard","meta":{"_jetpack_memberships_contains_paid_content":false,"footnotes":""},"categories":[23,8],"tags":[],"class_list":["post-6084","post","type-post","status-publish","format-standard","has-post-thumbnail","hentry","category-a-la-une","category-actualite-economique","wpcat-23-id","wpcat-8-id"],"yoast_head":"<!-- This site is optimized with the Yoast SEO plugin v27.1.1 - https:\/\/yoast.com\/product\/yoast-seo-wordpress\/ -->\n<title>Rallier Dakar par train \u00e0 partir de Thi\u00e8s sera bient\u00f4t une r\u00e9alit\u00e9 - challenges economiques<\/title>\n<meta name=\"robots\" content=\"index, follow, max-snippet:-1, max-image-preview:large, max-video-preview:-1\" \/>\n<link rel=\"canonical\" href=\"https:\/\/challengeseconomiques.com\/?p=6084\" \/>\n<meta property=\"og:locale\" content=\"fr_FR\" \/>\n<meta property=\"og:type\" content=\"article\" \/>\n<meta property=\"og:title\" content=\"Rallier Dakar par train \u00e0 partir de Thi\u00e8s sera bient\u00f4t une r\u00e9alit\u00e9 - challenges economiques\" \/>\n<meta property=\"og:description\" content=\"Les habitants de la cit\u00e9 du rail, Thi\u00e8s pourront bient\u00f4t rallier Dakar par train. En effet avec les grands trains du S\u00e9n\u00e9gal (GTS), des rotations...\" \/>\n<meta property=\"og:url\" content=\"https:\/\/challengeseconomiques.com\/?p=6084\" \/>\n<meta property=\"og:site_name\" content=\"challenges economiques\" \/>\n<meta property=\"article:published_time\" content=\"2024-03-05T13:40:01+00:00\" \/>\n<meta property=\"article:modified_time\" content=\"2024-03-05T13:40:37+00:00\" \/>\n<meta property=\"og:image\" content=\"https:\/\/challengeseconomiques.com\/wp-content\/uploads\/2024\/02\/traindusenegal.jpg\" \/>\n\t<meta property=\"og:image:width\" content=\"450\" \/>\n\t<meta property=\"og:image:height\" content=\"282\" \/>\n\t<meta property=\"og:image:type\" content=\"image\/jpeg\" \/>\n<meta name=\"author\" content=\"admin\" \/>\n<meta name=\"twitter:card\" content=\"summary_large_image\" \/>\n<meta name=\"twitter:label1\" content=\"\u00c9crit par\" \/>\n\t<meta name=\"twitter:data1\" content=\"admin\" \/>\n\t<meta name=\"twitter:label2\" content=\"Dur\u00e9e de lecture estim\u00e9e\" \/>\n\t<meta name=\"twitter:data2\" content=\"1 minute\" \/>\n<script type=\"application\/ld+json\" class=\"yoast-schema-graph\">{\"@context\":\"https:\/\/schema.org\",\"@graph\":[{\"@type\":\"Article\",\"@id\":\"https:\/\/challengeseconomiques.com\/?p=6084#article\",\"isPartOf\":{\"@id\":\"https:\/\/challengeseconomiques.com\/?p=6084\"},\"author\":{\"name\":\"admin\",\"@id\":\"https:\/\/challengeseconomiques.com\/#\/schema\/person\/b4568c9afebc5a9238a771873801e349\"},\"headline\":\"Rallier Dakar par train \u00e0 partir de Thi\u00e8s sera bient\u00f4t une r\u00e9alit\u00e9\",\"datePublished\":\"2024-03-05T13:40:01+00:00\",\"dateModified\":\"2024-03-05T13:40:37+00:00\",\"mainEntityOfPage\":{\"@id\":\"https:\/\/challengeseconomiques.com\/?p=6084\"},\"wordCount\":261,\"image\":{\"@id\":\"https:\/\/challengeseconomiques.com\/?p=6084#primaryimage\"},\"thumbnailUrl\":\"https:\/\/challengeseconomiques.com\/wp-content\/uploads\/2024\/02\/traindusenegal.jpg\",\"articleSection\":[\"A la une\",\"Actualit\u00e9 \u00e9conomique\"],\"inLanguage\":\"fr-FR\"},{\"@type\":\"WebPage\",\"@id\":\"https:\/\/challengeseconomiques.com\/?p=6084\",\"url\":\"https:\/\/challengeseconomiques.com\/?p=6084\",\"name\":\"Rallier Dakar par train \u00e0 partir de Thi\u00e8s sera bient\u00f4t une r\u00e9alit\u00e9 - challenges economiques\",\"isPartOf\":{\"@id\":\"https:\/\/challengeseconomiques.com\/#website\"},\"primaryImageOfPage\":{\"@id\":\"https:\/\/challengeseconomiques.com\/?p=6084#primaryimage\"},\"image\":{\"@id\":\"https:\/\/challengeseconomiques.com\/?p=6084#primaryimage\"},\"thumbnailUrl\":\"https:\/\/challengeseconomiques.com\/wp-content\/uploads\/2024\/02\/traindusenegal.jpg\",\"datePublished\":\"2024-03-05T13:40:01+00:00\",\"dateModified\":\"2024-03-05T13:40:37+00:00\",\"author\":{\"@id\":\"https:\/\/challengeseconomiques.com\/#\/schema\/person\/b4568c9afebc5a9238a771873801e349\"},\"breadcrumb\":{\"@id\":\"https:\/\/challengeseconomiques.com\/?p=6084#breadcrumb\"},\"inLanguage\":\"fr-FR\",\"potentialAction\":[{\"@type\":\"ReadAction\",\"target\":[\"https:\/\/challengeseconomiques.com\/?p=6084\"]}]},{\"@type\":\"ImageObject\",\"inLanguage\":\"fr-FR\",\"@id\":\"https:\/\/challengeseconomiques.com\/?p=6084#primaryimage\",\"url\":\"https:\/\/challengeseconomiques.com\/wp-content\/uploads\/2024\/02\/traindusenegal.jpg\",\"contentUrl\":\"https:\/\/challengeseconomiques.com\/wp-content\/uploads\/2024\/02\/traindusenegal.jpg\",\"width\":450,\"height\":282},{\"@type\":\"BreadcrumbList\",\"@id\":\"https:\/\/challengeseconomiques.com\/?p=6084#breadcrumb\",\"itemListElement\":[{\"@type\":\"ListItem\",\"position\":1,\"name\":\"Home\",\"item\":\"https:\/\/challengeseconomiques.com\/\"},{\"@type\":\"ListItem\",\"position\":2,\"name\":\"Rallier Dakar par train \u00e0 partir de Thi\u00e8s sera bient\u00f4t une r\u00e9alit\u00e9\"}]},{\"@type\":\"WebSite\",\"@id\":\"https:\/\/challengeseconomiques.com\/#website\",\"url\":\"https:\/\/challengeseconomiques.com\/\",\"name\":\"challenges economiques\",\"description\":\"\",\"potentialAction\":[{\"@type\":\"SearchAction\",\"target\":{\"@type\":\"EntryPoint\",\"urlTemplate\":\"https:\/\/challengeseconomiques.com\/?s={search_term_string}\"},\"query-input\":{\"@type\":\"PropertyValueSpecification\",\"valueRequired\":true,\"valueName\":\"search_term_string\"}}],\"inLanguage\":\"fr-FR\"},{\"@type\":\"Person\",\"@id\":\"https:\/\/challengeseconomiques.com\/#\/schema\/person\/b4568c9afebc5a9238a771873801e349\",\"name\":\"admin\",\"image\":{\"@type\":\"ImageObject\",\"inLanguage\":\"fr-FR\",\"@id\":\"https:\/\/challengeseconomiques.com\/#\/schema\/person\/image\/\",\"url\":\"https:\/\/secure.gravatar.com\/avatar\/099e42240b5eea11acdb72751fcce0dd918603f0749d24974b7984ea47ed9fd9?s=96&d=mm&r=g\",\"contentUrl\":\"https:\/\/secure.gravatar.com\/avatar\/099e42240b5eea11acdb72751fcce0dd918603f0749d24974b7984ea47ed9fd9?s=96&d=mm&r=g\",\"caption\":\"admin\"},\"sameAs\":[\"https:\/\/challengeseconomiques.com\"],\"url\":\"https:\/\/challengeseconomiques.com\/?author=1\"}]}<\/script>\n<!-- \/ Yoast SEO plugin. -->","yoast_head_json":{"title":"Rallier Dakar par train \u00e0 partir de Thi\u00e8s sera bient\u00f4t une r\u00e9alit\u00e9 - challenges economiques","robots":{"index":"index","follow":"follow","max-snippet":"max-snippet:-1","max-image-preview":"max-image-preview:large","max-video-preview":"max-video-preview:-1"},"canonical":"https:\/\/challengeseconomiques.com\/?p=6084","og_locale":"fr_FR","og_type":"article","og_title":"Rallier Dakar par train \u00e0 partir de Thi\u00e8s sera bient\u00f4t une r\u00e9alit\u00e9 - challenges economiques","og_description":"Les habitants de la cit\u00e9 du rail, Thi\u00e8s pourront bient\u00f4t rallier Dakar par train. En effet avec les grands trains du S\u00e9n\u00e9gal (GTS), des rotations...","og_url":"https:\/\/challengeseconomiques.com\/?p=6084","og_site_name":"challenges economiques","article_published_time":"2024-03-05T13:40:01+00:00","article_modified_time":"2024-03-05T13:40:37+00:00","og_image":[{"width":450,"height":282,"url":"https:\/\/challengeseconomiques.com\/wp-content\/uploads\/2024\/02\/traindusenegal.jpg","type":"image\/jpeg"}],"author":"admin","twitter_card":"summary_large_image","twitter_misc":{"\u00c9crit par":"admin","Dur\u00e9e de lecture estim\u00e9e":"1 minute"},"schema":{"@context":"https:\/\/schema.org","@graph":[{"@type":"Article","@id":"https:\/\/challengeseconomiques.com\/?p=6084#article","isPartOf":{"@id":"https:\/\/challengeseconomiques.com\/?p=6084"},"author":{"name":"admin","@id":"https:\/\/challengeseconomiques.com\/#\/schema\/person\/b4568c9afebc5a9238a771873801e349"},"headline":"Rallier Dakar par train \u00e0 partir de Thi\u00e8s sera bient\u00f4t une r\u00e9alit\u00e9","datePublished":"2024-03-05T13:40:01+00:00","dateModified":"2024-03-05T13:40:37+00:00","mainEntityOfPage":{"@id":"https:\/\/challengeseconomiques.com\/?p=6084"},"wordCount":261,"image":{"@id":"https:\/\/challengeseconomiques.com\/?p=6084#primaryimage"},"thumbnailUrl":"https:\/\/challengeseconomiques.com\/wp-content\/uploads\/2024\/02\/traindusenegal.jpg","articleSection":["A la une","Actualit\u00e9 \u00e9conomique"],"inLanguage":"fr-FR"},{"@type":"WebPage","@id":"https:\/\/challengeseconomiques.com\/?p=6084","url":"https:\/\/challengeseconomiques.com\/?p=6084","name":"Rallier Dakar par train \u00e0 partir de Thi\u00e8s sera bient\u00f4t une r\u00e9alit\u00e9 - challenges economiques","isPartOf":{"@id":"https:\/\/challengeseconomiques.com\/#website"},"primaryImageOfPage":{"@id":"https:\/\/challengeseconomiques.com\/?p=6084#primaryimage"},"image":{"@id":"https:\/\/challengeseconomiques.com\/?p=6084#primaryimage"},"thumbnailUrl":"https:\/\/challengeseconomiques.com\/wp-content\/uploads\/2024\/02\/traindusenegal.jpg","datePublished":"2024-03-05T13:40:01+00:00","dateModified":"2024-03-05T13:40:37+00:00","author":{"@id":"https:\/\/challengeseconomiques.com\/#\/schema\/person\/b4568c9afebc5a9238a771873801e349"},"breadcrumb":{"@id":"https:\/\/challengeseconomiques.com\/?p=6084#breadcrumb"},"inLanguage":"fr-FR","potentialAction":[{"@type":"ReadAction","target":["https:\/\/challengeseconomiques.com\/?p=6084"]}]},{"@type":"ImageObject","inLanguage":"fr-FR","@id":"https:\/\/challengeseconomiques.com\/?p=6084#primaryimage","url":"https:\/\/challengeseconomiques.com\/wp-content\/uploads\/2024\/02\/traindusenegal.jpg","contentUrl":"https:\/\/challengeseconomiques.com\/wp-content\/uploads\/2024\/02\/traindusenegal.jpg","width":450,"height":282},{"@type":"BreadcrumbList","@id":"https:\/\/challengeseconomiques.com\/?p=6084#breadcrumb","itemListElement":[{"@type":"ListItem","position":1,"name":"Home","item":"https:\/\/challengeseconomiques.com\/"},{"@type":"ListItem","position":2,"name":"Rallier Dakar par train \u00e0 partir de Thi\u00e8s sera bient\u00f4t une r\u00e9alit\u00e9"}]},{"@type":"WebSite","@id":"https:\/\/challengeseconomiques.com\/#website","url":"https:\/\/challengeseconomiques.com\/","name":"challenges economiques","description":"","potentialAction":[{"@type":"SearchAction","target":{"@type":"EntryPoint","urlTemplate":"https:\/\/challengeseconomiques.com\/?s={search_term_string}"},"query-input":{"@type":"PropertyValueSpecification","valueRequired":true,"valueName":"search_term_string"}}],"inLanguage":"fr-FR"},{"@type":"Person","@id":"https:\/\/challengeseconomiques.com\/#\/schema\/person\/b4568c9afebc5a9238a771873801e349","name":"admin","image":{"@type":"ImageObject","inLanguage":"fr-FR","@id":"https:\/\/challengeseconomiques.com\/#\/schema\/person\/image\/","url":"https:\/\/secure.gravatar.com\/avatar\/099e42240b5eea11acdb72751fcce0dd918603f0749d24974b7984ea47ed9fd9?s=96&d=mm&r=g","contentUrl":"https:\/\/secure.gravatar.com\/avatar\/099e42240b5eea11acdb72751fcce0dd918603f0749d24974b7984ea47ed9fd9?s=96&d=mm&r=g","caption":"admin"},"sameAs":["https:\/\/challengeseconomiques.com"],"url":"https:\/\/challengeseconomiques.com\/?author=1"}]}},"jetpack_featured_media_url":"https:\/\/challengeseconomiques.com\/wp-content\/uploads\/2024\/02\/traindusenegal.jpg","jetpack_sharing_enabled":true,"_links":{"self":[{"href":"https:\/\/challengeseconomiques.com\/index.php?rest_route=\/wp\/v2\/posts\/6084","targetHints":{"allow":["GET"]}}],"collection":[{"href":"https:\/\/challengeseconomiques.com\/index.php?rest_route=\/wp\/v2\/posts"}],"about":[{"href":"https:\/\/challengeseconomiques.com\/index.php?rest_route=\/wp\/v2\/types\/post"}],"author":[{"embeddable":true,"href":"https:\/\/challengeseconomiques.com\/index.php?rest_route=\/wp\/v2\/users\/1"}],"replies":[{"embeddable":true,"href":"https:\/\/challengeseconomiques.com\/index.php?rest_route=%2Fwp%2Fv2%2Fcomments&post=6084"}],"version-history":[{"count":2,"href":"https:\/\/challengeseconomiques.com\/index.php?rest_route=\/wp\/v2\/posts\/6084\/revisions"}],"predecessor-version":[{"id":6087,"href":"https:\/\/challengeseconomiques.com\/index.php?rest_route=\/wp\/v2\/posts\/6084\/revisions\/6087"}],"wp:featuredmedia":[{"embeddable":true,"href":"https:\/\/challengeseconomiques.com\/index.php?rest_route=\/wp\/v2\/media\/6070"}],"wp:attachment":[{"href":"https:\/\/challengeseconomiques.com\/index.php?rest_route=%2Fwp%2Fv2%2Fmedia&parent=6084"}],"wp:term":[{"taxonomy":"category","embeddable":true,"href":"https:\/\/challengeseconomiques.com\/index.php?rest_route=%2Fwp%2Fv2%2Fcategories&post=6084"},{"taxonomy":"post_tag","embeddable":true,"href":"https:\/\/challengeseconomiques.com\/index.php?rest_route=%2Fwp%2Fv2%2Ftags&post=6084"}],"curies":[{"name":"wp","href":"https:\/\/api.w.org\/{rel}","templated":true}]}}