{"id":6075,"date":"2024-03-01T21:34:45","date_gmt":"2024-03-01T21:34:45","guid":{"rendered":"https:\/\/challengeseconomiques.com\/?p=6075"},"modified":"2024-03-01T21:35:06","modified_gmt":"2024-03-01T21:35:06","slug":"le-senegal-rejoint-le-forum-des-pays-exportateurs-de-gaz-fpeg","status":"publish","type":"post","link":"https:\/\/challengeseconomiques.com\/?p=6075","title":{"rendered":"Le S\u00e9n\u00e9gal rejoint le forum des pays exportateurs de Gaz (FPEG)"},"content":{"rendered":"<p><strong>Le S\u00e9n\u00e9gal est officiellement devenu le vendredi, 1<sup>er<\/sup> mars 2024 un membre observateur du forum des pays exportateurs de gaz (FPEG), lors d\u2019une r\u00e9union minist\u00e9rielle, qui s\u2019est\u00a0 tenue \u00e0 Alger, pr\u00e9cise un communiqu\u00e9 du minist\u00e8re du p\u00e9trole et des \u00e9nergies transmis \u00e0 notre r\u00e9daction.<\/strong><\/p>\n<p>Le ministre du p\u00e9trole et des \u00e9nergies, Antoine F\u00e9lix Abdoulaye Diome, qui a repr\u00e9sent\u00e9 le S\u00e9n\u00e9gal \u00e0 la r\u00e9union d\u2019Alger, a fait part des salutations du Pr\u00e9sident de la R\u00e9publique Macky Sall, ainsi que celles du peuple s\u00e9n\u00e9galais en exprimant sa gratitude envers ses homologues pour la confiance accord\u00e9e au S\u00e9n\u00e9gal \u00a0pour cette opportunit\u00e9 majeure offerte \u00e0 notre pays.<\/p>\n<p>Antoine F\u00e9lix Abdoulaye Diome\u00a0 a \u00e9galement soulign\u00e9 l&rsquo;importance pour le S\u00e9n\u00e9gal de tirer profit des exp\u00e9riences des autres membres du FPEG, notamment en mati\u00e8re de production, de gestion des ressources gazi\u00e8res et de formation, dans ce secteur vital pour le d\u00e9veloppement.<\/p>\n<p>\u00ab\u00a0L&rsquo;adh\u00e9sion du S\u00e9n\u00e9gal en tant que membre observateur au GECF sera un catalyseur pour l&rsquo;utilisation judicieuse de notre gaz naturel dans la r\u00e9alisation de nos objectifs de d\u00e9veloppement, notamment \u00e0 travers la strat\u00e9gie Gas to Power\u00bb, a d\u00e9clar\u00e9 le ministre du p\u00e9trole et des \u00e9nergies.<\/p>\n<p>Il a ajout\u00e9 que la strat\u00e9gie qui vise \u00e0 utiliser le gaz pour la production d&rsquo;\u00e9lectricit\u00e9, contribuera \u00e0 l&rsquo;acc\u00e8s universel \u00e0 l&rsquo;\u00e9lectricit\u00e9 d&rsquo;ici 2026 et \u00e0 la r\u00e9duction des co\u00fbts de production, favorisant ainsi l\u2019industrialisation du S\u00e9n\u00e9gal.<\/p>\n<p>Cr\u00e9\u00e9 par accord intergouvernemental, le FPEG comptait 19 pays dont 12 pays membres (Alg\u00e9rie, Bolivie, \u00c9gypte, Guin\u00e9e \u00e9quatoriale, Iran, Libye, Nig\u00e9ria, Qatar, Russie, Trinidad et Tobago, \u00c9mirats arabes unis, Venezuela) et 07 pays membres observateurs (Angola, Azerba\u00efdjan, Irak, Malaisie, Mauritanie, Mozambique, P\u00e9rou). L&rsquo;int\u00e9gration du S\u00e9n\u00e9gal en tant que membre observateur porte le nombre total de pays \u00e0 20.<\/p>\n<p>Pour rappel, le FPEG s&rsquo;engage \u00e0 soutenir les droits souverains de ses membres sur leurs ressources en gaz naturel et leurs capacit\u00e9s \u00e0 planifier et g\u00e9rer de mani\u00e8re ind\u00e9pendante le d\u00e9veloppement, l&rsquo;utilisation et la conservation durables \u00a0efficaces et respectueux de l&rsquo;environnement des ressources en gaz naturel au profit de leurs peuples.<\/p>\n<p>En devenant membre observateur du GECF, le S\u00e9n\u00e9gal franchit une nouvelle \u00e9tape vers une exploitation responsable de ses ressources naturelles au profit de ses populations.<\/p>\n<p>Rappelons aussi que l&rsquo;extraction offshore d&rsquo;un champ de gaz transfrontalier, \u00e0 pr\u00e8s de 3000 m\u00e8tres de profondeur, a d\u00e9marr\u00e9 au dernier trimestre 2023 au large de Saint-Louis, une ville portuaire de 200 000 habitants, dans le nord-ouest du S\u00e9n\u00e9gal. Il produira 2,5 millions de tonnes de gaz naturel liqu\u00e9fi\u00e9 (GNL) par an. D&rsquo;ici 2030, sa capacit\u00e9 devrait augmenter \u00e0 10 millions.<\/p>\n<p>Outre ce projet principal, appel\u00e9 Grand Tortue Ahmeyim, exploit\u00e9 par British Petroleum (BP) et le groupe am\u00e9ricain Kosmos Energy, avec une participation chinoise pour la construction de la plateforme GNL \u00e0 dix kilom\u00e8tres des\u00a0 c\u00f4tes, deux autres d\u00e9couvertes de gaz et de p\u00e9trole, \u00e9galement en mer, placent le pays ouest-africain sur la carte mondiale des producteurs d&rsquo;hydrocarbures.<\/p>\n","protected":false},"excerpt":{"rendered":"<p>Le S\u00e9n\u00e9gal est officiellement devenu le vendredi, 1er mars 2024 un membre observateur du forum des pays exportateurs de gaz (FPEG), lors d\u2019une r\u00e9union minist\u00e9rielle,&#8230;<\/p>\n","protected":false},"author":1,"featured_media":400,"comment_status":"closed","ping_status":"open","sticky":false,"template":"","format":"standard","meta":{"_jetpack_memberships_contains_paid_content":false,"footnotes":""},"categories":[23,8],"tags":[],"class_list":["post-6075","post","type-post","status-publish","format-standard","has-post-thumbnail","hentry","category-a-la-une","category-actualite-economique","wpcat-23-id","wpcat-8-id"],"yoast_head":"<!-- This site is optimized with the Yoast SEO plugin v27.1.1 - https:\/\/yoast.com\/product\/yoast-seo-wordpress\/ -->\n<title>Le S\u00e9n\u00e9gal rejoint le forum des pays exportateurs de Gaz (FPEG) - challenges economiques<\/title>\n<meta name=\"robots\" content=\"index, follow, max-snippet:-1, max-image-preview:large, max-video-preview:-1\" \/>\n<link rel=\"canonical\" href=\"https:\/\/challengeseconomiques.com\/?p=6075\" \/>\n<meta property=\"og:locale\" content=\"fr_FR\" \/>\n<meta property=\"og:type\" content=\"article\" \/>\n<meta property=\"og:title\" content=\"Le S\u00e9n\u00e9gal rejoint le forum des pays exportateurs de Gaz (FPEG) - challenges economiques\" \/>\n<meta property=\"og:description\" content=\"Le S\u00e9n\u00e9gal est officiellement devenu le vendredi, 1er mars 2024 un membre observateur du forum des pays exportateurs de gaz (FPEG), lors d\u2019une r\u00e9union minist\u00e9rielle,...\" \/>\n<meta property=\"og:url\" content=\"https:\/\/challengeseconomiques.com\/?p=6075\" \/>\n<meta property=\"og:site_name\" content=\"challenges economiques\" \/>\n<meta property=\"article:published_time\" content=\"2024-03-01T21:34:45+00:00\" \/>\n<meta property=\"article:modified_time\" content=\"2024-03-01T21:35:06+00:00\" \/>\n<meta property=\"og:image\" content=\"https:\/\/challengeseconomiques.com\/wp-content\/uploads\/2020\/12\/petrol_gaz.jpg\" \/>\n\t<meta property=\"og:image:width\" content=\"700\" \/>\n\t<meta property=\"og:image:height\" content=\"476\" \/>\n\t<meta property=\"og:image:type\" content=\"image\/jpeg\" \/>\n<meta name=\"author\" content=\"admin\" \/>\n<meta name=\"twitter:card\" content=\"summary_large_image\" \/>\n<meta name=\"twitter:label1\" content=\"\u00c9crit par\" \/>\n\t<meta name=\"twitter:data1\" content=\"admin\" \/>\n\t<meta name=\"twitter:label2\" content=\"Dur\u00e9e de lecture estim\u00e9e\" \/>\n\t<meta name=\"twitter:data2\" content=\"3 minutes\" \/>\n<script type=\"application\/ld+json\" class=\"yoast-schema-graph\">{\"@context\":\"https:\/\/schema.org\",\"@graph\":[{\"@type\":\"Article\",\"@id\":\"https:\/\/challengeseconomiques.com\/?p=6075#article\",\"isPartOf\":{\"@id\":\"https:\/\/challengeseconomiques.com\/?p=6075\"},\"author\":{\"name\":\"admin\",\"@id\":\"https:\/\/challengeseconomiques.com\/#\/schema\/person\/b4568c9afebc5a9238a771873801e349\"},\"headline\":\"Le S\u00e9n\u00e9gal rejoint le forum des pays exportateurs de Gaz (FPEG)\",\"datePublished\":\"2024-03-01T21:34:45+00:00\",\"dateModified\":\"2024-03-01T21:35:06+00:00\",\"mainEntityOfPage\":{\"@id\":\"https:\/\/challengeseconomiques.com\/?p=6075\"},\"wordCount\":550,\"image\":{\"@id\":\"https:\/\/challengeseconomiques.com\/?p=6075#primaryimage\"},\"thumbnailUrl\":\"https:\/\/challengeseconomiques.com\/wp-content\/uploads\/2020\/12\/petrol_gaz.jpg\",\"articleSection\":[\"A la une\",\"Actualit\u00e9 \u00e9conomique\"],\"inLanguage\":\"fr-FR\"},{\"@type\":\"WebPage\",\"@id\":\"https:\/\/challengeseconomiques.com\/?p=6075\",\"url\":\"https:\/\/challengeseconomiques.com\/?p=6075\",\"name\":\"Le S\u00e9n\u00e9gal rejoint le forum des pays exportateurs de Gaz (FPEG) - challenges economiques\",\"isPartOf\":{\"@id\":\"https:\/\/challengeseconomiques.com\/#website\"},\"primaryImageOfPage\":{\"@id\":\"https:\/\/challengeseconomiques.com\/?p=6075#primaryimage\"},\"image\":{\"@id\":\"https:\/\/challengeseconomiques.com\/?p=6075#primaryimage\"},\"thumbnailUrl\":\"https:\/\/challengeseconomiques.com\/wp-content\/uploads\/2020\/12\/petrol_gaz.jpg\",\"datePublished\":\"2024-03-01T21:34:45+00:00\",\"dateModified\":\"2024-03-01T21:35:06+00:00\",\"author\":{\"@id\":\"https:\/\/challengeseconomiques.com\/#\/schema\/person\/b4568c9afebc5a9238a771873801e349\"},\"breadcrumb\":{\"@id\":\"https:\/\/challengeseconomiques.com\/?p=6075#breadcrumb\"},\"inLanguage\":\"fr-FR\",\"potentialAction\":[{\"@type\":\"ReadAction\",\"target\":[\"https:\/\/challengeseconomiques.com\/?p=6075\"]}]},{\"@type\":\"ImageObject\",\"inLanguage\":\"fr-FR\",\"@id\":\"https:\/\/challengeseconomiques.com\/?p=6075#primaryimage\",\"url\":\"https:\/\/challengeseconomiques.com\/wp-content\/uploads\/2020\/12\/petrol_gaz.jpg\",\"contentUrl\":\"https:\/\/challengeseconomiques.com\/wp-content\/uploads\/2020\/12\/petrol_gaz.jpg\",\"width\":700,\"height\":476},{\"@type\":\"BreadcrumbList\",\"@id\":\"https:\/\/challengeseconomiques.com\/?p=6075#breadcrumb\",\"itemListElement\":[{\"@type\":\"ListItem\",\"position\":1,\"name\":\"Home\",\"item\":\"https:\/\/challengeseconomiques.com\/\"},{\"@type\":\"ListItem\",\"position\":2,\"name\":\"Le S\u00e9n\u00e9gal rejoint le forum des pays exportateurs de Gaz (FPEG)\"}]},{\"@type\":\"WebSite\",\"@id\":\"https:\/\/challengeseconomiques.com\/#website\",\"url\":\"https:\/\/challengeseconomiques.com\/\",\"name\":\"challenges economiques\",\"description\":\"\",\"potentialAction\":[{\"@type\":\"SearchAction\",\"target\":{\"@type\":\"EntryPoint\",\"urlTemplate\":\"https:\/\/challengeseconomiques.com\/?s={search_term_string}\"},\"query-input\":{\"@type\":\"PropertyValueSpecification\",\"valueRequired\":true,\"valueName\":\"search_term_string\"}}],\"inLanguage\":\"fr-FR\"},{\"@type\":\"Person\",\"@id\":\"https:\/\/challengeseconomiques.com\/#\/schema\/person\/b4568c9afebc5a9238a771873801e349\",\"name\":\"admin\",\"image\":{\"@type\":\"ImageObject\",\"inLanguage\":\"fr-FR\",\"@id\":\"https:\/\/challengeseconomiques.com\/#\/schema\/person\/image\/\",\"url\":\"https:\/\/secure.gravatar.com\/avatar\/099e42240b5eea11acdb72751fcce0dd918603f0749d24974b7984ea47ed9fd9?s=96&d=mm&r=g\",\"contentUrl\":\"https:\/\/secure.gravatar.com\/avatar\/099e42240b5eea11acdb72751fcce0dd918603f0749d24974b7984ea47ed9fd9?s=96&d=mm&r=g\",\"caption\":\"admin\"},\"sameAs\":[\"https:\/\/challengeseconomiques.com\"],\"url\":\"https:\/\/challengeseconomiques.com\/?author=1\"}]}<\/script>\n<!-- \/ Yoast SEO plugin. -->","yoast_head_json":{"title":"Le S\u00e9n\u00e9gal rejoint le forum des pays exportateurs de Gaz (FPEG) - challenges economiques","robots":{"index":"index","follow":"follow","max-snippet":"max-snippet:-1","max-image-preview":"max-image-preview:large","max-video-preview":"max-video-preview:-1"},"canonical":"https:\/\/challengeseconomiques.com\/?p=6075","og_locale":"fr_FR","og_type":"article","og_title":"Le S\u00e9n\u00e9gal rejoint le forum des pays exportateurs de Gaz (FPEG) - challenges economiques","og_description":"Le S\u00e9n\u00e9gal est officiellement devenu le vendredi, 1er mars 2024 un membre observateur du forum des pays exportateurs de gaz (FPEG), lors d\u2019une r\u00e9union minist\u00e9rielle,...","og_url":"https:\/\/challengeseconomiques.com\/?p=6075","og_site_name":"challenges economiques","article_published_time":"2024-03-01T21:34:45+00:00","article_modified_time":"2024-03-01T21:35:06+00:00","og_image":[{"width":700,"height":476,"url":"https:\/\/challengeseconomiques.com\/wp-content\/uploads\/2020\/12\/petrol_gaz.jpg","type":"image\/jpeg"}],"author":"admin","twitter_card":"summary_large_image","twitter_misc":{"\u00c9crit par":"admin","Dur\u00e9e de lecture estim\u00e9e":"3 minutes"},"schema":{"@context":"https:\/\/schema.org","@graph":[{"@type":"Article","@id":"https:\/\/challengeseconomiques.com\/?p=6075#article","isPartOf":{"@id":"https:\/\/challengeseconomiques.com\/?p=6075"},"author":{"name":"admin","@id":"https:\/\/challengeseconomiques.com\/#\/schema\/person\/b4568c9afebc5a9238a771873801e349"},"headline":"Le S\u00e9n\u00e9gal rejoint le forum des pays exportateurs de Gaz (FPEG)","datePublished":"2024-03-01T21:34:45+00:00","dateModified":"2024-03-01T21:35:06+00:00","mainEntityOfPage":{"@id":"https:\/\/challengeseconomiques.com\/?p=6075"},"wordCount":550,"image":{"@id":"https:\/\/challengeseconomiques.com\/?p=6075#primaryimage"},"thumbnailUrl":"https:\/\/challengeseconomiques.com\/wp-content\/uploads\/2020\/12\/petrol_gaz.jpg","articleSection":["A la une","Actualit\u00e9 \u00e9conomique"],"inLanguage":"fr-FR"},{"@type":"WebPage","@id":"https:\/\/challengeseconomiques.com\/?p=6075","url":"https:\/\/challengeseconomiques.com\/?p=6075","name":"Le S\u00e9n\u00e9gal rejoint le forum des pays exportateurs de Gaz (FPEG) - challenges economiques","isPartOf":{"@id":"https:\/\/challengeseconomiques.com\/#website"},"primaryImageOfPage":{"@id":"https:\/\/challengeseconomiques.com\/?p=6075#primaryimage"},"image":{"@id":"https:\/\/challengeseconomiques.com\/?p=6075#primaryimage"},"thumbnailUrl":"https:\/\/challengeseconomiques.com\/wp-content\/uploads\/2020\/12\/petrol_gaz.jpg","datePublished":"2024-03-01T21:34:45+00:00","dateModified":"2024-03-01T21:35:06+00:00","author":{"@id":"https:\/\/challengeseconomiques.com\/#\/schema\/person\/b4568c9afebc5a9238a771873801e349"},"breadcrumb":{"@id":"https:\/\/challengeseconomiques.com\/?p=6075#breadcrumb"},"inLanguage":"fr-FR","potentialAction":[{"@type":"ReadAction","target":["https:\/\/challengeseconomiques.com\/?p=6075"]}]},{"@type":"ImageObject","inLanguage":"fr-FR","@id":"https:\/\/challengeseconomiques.com\/?p=6075#primaryimage","url":"https:\/\/challengeseconomiques.com\/wp-content\/uploads\/2020\/12\/petrol_gaz.jpg","contentUrl":"https:\/\/challengeseconomiques.com\/wp-content\/uploads\/2020\/12\/petrol_gaz.jpg","width":700,"height":476},{"@type":"BreadcrumbList","@id":"https:\/\/challengeseconomiques.com\/?p=6075#breadcrumb","itemListElement":[{"@type":"ListItem","position":1,"name":"Home","item":"https:\/\/challengeseconomiques.com\/"},{"@type":"ListItem","position":2,"name":"Le S\u00e9n\u00e9gal rejoint le forum des pays exportateurs de Gaz (FPEG)"}]},{"@type":"WebSite","@id":"https:\/\/challengeseconomiques.com\/#website","url":"https:\/\/challengeseconomiques.com\/","name":"challenges economiques","description":"","potentialAction":[{"@type":"SearchAction","target":{"@type":"EntryPoint","urlTemplate":"https:\/\/challengeseconomiques.com\/?s={search_term_string}"},"query-input":{"@type":"PropertyValueSpecification","valueRequired":true,"valueName":"search_term_string"}}],"inLanguage":"fr-FR"},{"@type":"Person","@id":"https:\/\/challengeseconomiques.com\/#\/schema\/person\/b4568c9afebc5a9238a771873801e349","name":"admin","image":{"@type":"ImageObject","inLanguage":"fr-FR","@id":"https:\/\/challengeseconomiques.com\/#\/schema\/person\/image\/","url":"https:\/\/secure.gravatar.com\/avatar\/099e42240b5eea11acdb72751fcce0dd918603f0749d24974b7984ea47ed9fd9?s=96&d=mm&r=g","contentUrl":"https:\/\/secure.gravatar.com\/avatar\/099e42240b5eea11acdb72751fcce0dd918603f0749d24974b7984ea47ed9fd9?s=96&d=mm&r=g","caption":"admin"},"sameAs":["https:\/\/challengeseconomiques.com"],"url":"https:\/\/challengeseconomiques.com\/?author=1"}]}},"jetpack_featured_media_url":"https:\/\/challengeseconomiques.com\/wp-content\/uploads\/2020\/12\/petrol_gaz.jpg","jetpack_sharing_enabled":true,"_links":{"self":[{"href":"https:\/\/challengeseconomiques.com\/index.php?rest_route=\/wp\/v2\/posts\/6075","targetHints":{"allow":["GET"]}}],"collection":[{"href":"https:\/\/challengeseconomiques.com\/index.php?rest_route=\/wp\/v2\/posts"}],"about":[{"href":"https:\/\/challengeseconomiques.com\/index.php?rest_route=\/wp\/v2\/types\/post"}],"author":[{"embeddable":true,"href":"https:\/\/challengeseconomiques.com\/index.php?rest_route=\/wp\/v2\/users\/1"}],"replies":[{"embeddable":true,"href":"https:\/\/challengeseconomiques.com\/index.php?rest_route=%2Fwp%2Fv2%2Fcomments&post=6075"}],"version-history":[{"count":1,"href":"https:\/\/challengeseconomiques.com\/index.php?rest_route=\/wp\/v2\/posts\/6075\/revisions"}],"predecessor-version":[{"id":6076,"href":"https:\/\/challengeseconomiques.com\/index.php?rest_route=\/wp\/v2\/posts\/6075\/revisions\/6076"}],"wp:featuredmedia":[{"embeddable":true,"href":"https:\/\/challengeseconomiques.com\/index.php?rest_route=\/wp\/v2\/media\/400"}],"wp:attachment":[{"href":"https:\/\/challengeseconomiques.com\/index.php?rest_route=%2Fwp%2Fv2%2Fmedia&parent=6075"}],"wp:term":[{"taxonomy":"category","embeddable":true,"href":"https:\/\/challengeseconomiques.com\/index.php?rest_route=%2Fwp%2Fv2%2Fcategories&post=6075"},{"taxonomy":"post_tag","embeddable":true,"href":"https:\/\/challengeseconomiques.com\/index.php?rest_route=%2Fwp%2Fv2%2Ftags&post=6075"}],"curies":[{"name":"wp","href":"https:\/\/api.w.org\/{rel}","templated":true}]}}