{"id":6044,"date":"2024-02-18T12:28:00","date_gmt":"2024-02-18T12:28:00","guid":{"rendered":"https:\/\/challengeseconomiques.com\/?p=6044"},"modified":"2024-02-18T12:28:25","modified_gmt":"2024-02-18T12:28:25","slug":"la-beac-a-un-nouveau-gouverneur","status":"publish","type":"post","link":"https:\/\/challengeseconomiques.com\/?p=6044","title":{"rendered":"La BEAC a un nouveau gouverneur"},"content":{"rendered":"<p><strong>Homme de la maison, au profil d\u2019ing\u00e9nieur informaticien, le Centrafricain Yvon Sana Bangui a \u00e9t\u00e9 d\u00e9sign\u00e9 Gouverneur de la Banque des \u00c9tats d\u2019Afrique centrale.<\/strong><\/p>\n<p><strong>\u00a0<\/strong><\/p>\n<p>Le processus de d\u00e9signation a \u00e9t\u00e9 g\u00e2ch\u00e9 par des querelles internes \u00e9tal\u00e9es sur la place publique, mais la BEAC (Banque des \u00c9tats de l\u2019Afrique centrale) a un nouveau gouverneur. La succession d<strong>\u2019<\/strong>Abbas Mahamat Tolli, dont le mandat a pris fin le 6 f\u00e9vrier, peut s\u2019organiser plus sereinement.<\/p>\n<p>Sans grande surprise, c\u2019est Yvon Sana Bangui qui lui succ\u00e9dera\u00a0; un Centrafricain apr\u00e8s un Tchadien. La nationalit\u00e9 est d\u2019importance, car le pr\u00e9sident de la Centrafrique, Faustin-Archange Touad\u00e9ra, est un chaud partisan des cybermonnaies dont se m\u00e9fie particuli\u00e8rement la Banque centrale (<em>lire ci-dessous<\/em>). Selon le syst\u00e8me de rotation des postes, il \u00e9tait acquis que le poste reviendrait \u00e0 un Centrafricain.<\/p>\n<p>Le nouveau gouverneur a \u00e9t\u00e9 d\u00e9sign\u00e9 \u00e0 l\u2019issue d\u2019une session extraordinaire de la Conf\u00e9rence des chefs d\u2019\u00c9tat des six pays (Cameroun, Centrafrique, Congo, Gabon, Guin\u00e9e \u00e9quatoriale, Tchad) membres de la CEMAC, qui s\u2019est d\u00e9roul\u00e9e ce 9 f\u00e9vrier par visioconf\u00e9rence.<\/p>\n<p>Yvon Sana Bangui avait donc \u00e9t\u00e9 d\u00e9sign\u00e9 comme candidat au poste par le pr\u00e9sident centrafricain, \u00e9galement pr\u00e9sident de la Conf\u00e9rence des chefs d\u2019\u00c9tat de la CEMAC.<\/p>\n<p>D\u00e8s la mi-janvier, Faustin Archange Touadera avait demand\u00e9 \u00e0 la ministre des Relations ext\u00e9rieures de pr\u00e9parer l\u2019\u00e9lection du nouveau gouverneur, aupr\u00e8s de ses pairs de la sous-r\u00e9gion. Il s\u2019agissait de faire accepter le profil d\u2019Yvon Sana Bangui et obtenir l\u2019approbation des cinq autres dirigeants africains. Les mauvaises langues y verront une \u00ab\u00a0tradition familiale\u00a0\u00bb, dont les Centrafricains ont l\u2019habitude\u00a0: Yvon Sana Bangui est un proche parent du pr\u00e9sident Touadera.<\/p>\n<p>Toutefois, le nouveau gouverneur ne manque pas d\u2019atouts \u00e0 faire valoir. Il revendique 19 ann\u00e9es d\u2019exp\u00e9rience professionnelle au sein de la BEAC, o\u00f9 il a contribu\u00e9 \u00e0 la mise en \u0153uvre de plusieurs r\u00e9formes. Il a particip\u00e9 \u00e0 la gestion des Comptes uniques des Tr\u00e9sors nationaux, \u00e0 la r\u00e9forme de la programmation mon\u00e9taire en zone Cemac, \u00e0 la refonte de la Centrale des risques bancaires de la Cemac ; \u00e0 l\u2019\u00e9laboration d\u2019une strat\u00e9gie r\u00e9gionale d\u2019inclusion financi\u00e8re et la mise en place d\u2019un dispositif de suivi et de promotion de l\u2019acc\u00e8s aux services financiers dans la CEMAC, entre autres titres de gloire.<\/p>\n<p><strong>Quelques remous internes<\/strong><\/p>\n<p>N\u00e9 en 1974, Yvon Sana Bangui est originaire de la r\u00e9gion de la Lobaye. Form\u00e9 au Maroc et en France, il est titulaire d\u2019un dipl\u00f4me en math\u00e9matiques appliqu\u00e9es, d\u2019un DESS en informatique et t\u00e9l\u00e9communications, ainsi que de deux masters en \u00e9conomie et gestion publique. Il int\u00e8gre la BEAC en 2005 o\u00f9 il occupera plusieurs postes dont celui de directeur central de la Comptabilit\u00e9, du budget et du contr\u00f4le de gestion. Auparavant, il aurait entam\u00e9 son parcours professionnel comme ing\u00e9nieur data pour un op\u00e9rateur de t\u00e9l\u00e9phonie et enseign\u00e9 \u00e0 l\u2019Universit\u00e9 de Bangui,\u00a0relate la Pr\u00e9sidence centrafricaine. C\u2019est donc davantage un \u00ab\u00a0informaticien\u00a0\u00bb, un technicien, qui s\u2019installe \u00e0 la t\u00eate de l\u2019institution mon\u00e9taire de la CEMAC, davantage qu\u2019un \u00e9conomiste.<\/p>\n<p>Dans un premier temps, il lui faudra surtout des qualit\u00e9s de diplomate et de fermet\u00e9\u00a0: la transition a \u00e9t\u00e9 \u00e9maill\u00e9e de querelles internes \u00e0 la BEAC\u00a0qui n\u2019ont pas \u00e9chapp\u00e9 \u00e0 la presse, notamment celle du Cameroun \u2013 la BEAC a son si\u00e8ge \u00e0 Yaound\u00e9. Dans ce genre d\u2019institution, notamment, il n\u2019est pas sain que le directeur g\u00e9n\u00e9ral du Contr\u00f4le exige le d\u00e9part dans les 24 heures du Gouverneur, sit\u00f4t atteinte la fin officielle de son mandat\u2026<\/p>\n<p><strong>Le Magazine de l&rsquo;Afrique<\/strong><\/p>\n","protected":false},"excerpt":{"rendered":"<p>Homme de la maison, au profil d\u2019ing\u00e9nieur informaticien, le Centrafricain Yvon Sana Bangui a \u00e9t\u00e9 d\u00e9sign\u00e9 Gouverneur de la Banque des \u00c9tats d\u2019Afrique centrale. \u00a0&#8230;<\/p>\n","protected":false},"author":1,"featured_media":6045,"comment_status":"closed","ping_status":"open","sticky":false,"template":"","format":"standard","meta":{"_jetpack_memberships_contains_paid_content":false,"footnotes":""},"categories":[8,10],"tags":[],"class_list":["post-6044","post","type-post","status-publish","format-standard","has-post-thumbnail","hentry","category-actualite-economique","category-infos-eco","wpcat-8-id","wpcat-10-id"],"yoast_head":"<!-- This site is optimized with the Yoast SEO plugin v27.1.1 - https:\/\/yoast.com\/product\/yoast-seo-wordpress\/ -->\n<title>La BEAC a un nouveau gouverneur - challenges economiques<\/title>\n<meta name=\"robots\" content=\"index, follow, max-snippet:-1, max-image-preview:large, max-video-preview:-1\" \/>\n<link rel=\"canonical\" href=\"https:\/\/challengeseconomiques.com\/?p=6044\" \/>\n<meta property=\"og:locale\" content=\"fr_FR\" \/>\n<meta property=\"og:type\" content=\"article\" \/>\n<meta property=\"og:title\" content=\"La BEAC a un nouveau gouverneur - challenges economiques\" \/>\n<meta property=\"og:description\" content=\"Homme de la maison, au profil d\u2019ing\u00e9nieur informaticien, le Centrafricain Yvon Sana Bangui a \u00e9t\u00e9 d\u00e9sign\u00e9 Gouverneur de la Banque des \u00c9tats d\u2019Afrique centrale. \u00a0...\" \/>\n<meta property=\"og:url\" content=\"https:\/\/challengeseconomiques.com\/?p=6044\" \/>\n<meta property=\"og:site_name\" content=\"challenges economiques\" \/>\n<meta property=\"article:published_time\" content=\"2024-02-18T12:28:00+00:00\" \/>\n<meta property=\"article:modified_time\" content=\"2024-02-18T12:28:25+00:00\" \/>\n<meta property=\"og:image\" content=\"https:\/\/challengeseconomiques.com\/wp-content\/uploads\/2024\/02\/Yvon-Sana-Bangui-720x470-1.webp\" \/>\n\t<meta property=\"og:image:width\" content=\"720\" \/>\n\t<meta property=\"og:image:height\" content=\"470\" \/>\n\t<meta property=\"og:image:type\" content=\"image\/webp\" \/>\n<meta name=\"author\" content=\"admin\" \/>\n<meta name=\"twitter:card\" content=\"summary_large_image\" \/>\n<meta name=\"twitter:label1\" content=\"\u00c9crit par\" \/>\n\t<meta name=\"twitter:data1\" content=\"admin\" \/>\n\t<meta name=\"twitter:label2\" content=\"Dur\u00e9e de lecture estim\u00e9e\" \/>\n\t<meta name=\"twitter:data2\" content=\"3 minutes\" \/>\n<script type=\"application\/ld+json\" class=\"yoast-schema-graph\">{\"@context\":\"https:\/\/schema.org\",\"@graph\":[{\"@type\":\"Article\",\"@id\":\"https:\/\/challengeseconomiques.com\/?p=6044#article\",\"isPartOf\":{\"@id\":\"https:\/\/challengeseconomiques.com\/?p=6044\"},\"author\":{\"name\":\"admin\",\"@id\":\"https:\/\/challengeseconomiques.com\/#\/schema\/person\/b4568c9afebc5a9238a771873801e349\"},\"headline\":\"La BEAC a un nouveau gouverneur\",\"datePublished\":\"2024-02-18T12:28:00+00:00\",\"dateModified\":\"2024-02-18T12:28:25+00:00\",\"mainEntityOfPage\":{\"@id\":\"https:\/\/challengeseconomiques.com\/?p=6044\"},\"wordCount\":646,\"image\":{\"@id\":\"https:\/\/challengeseconomiques.com\/?p=6044#primaryimage\"},\"thumbnailUrl\":\"https:\/\/challengeseconomiques.com\/wp-content\/uploads\/2024\/02\/Yvon-Sana-Bangui-720x470-1.webp\",\"articleSection\":[\"Actualit\u00e9 \u00e9conomique\",\"Infos \u00e9co\"],\"inLanguage\":\"fr-FR\"},{\"@type\":\"WebPage\",\"@id\":\"https:\/\/challengeseconomiques.com\/?p=6044\",\"url\":\"https:\/\/challengeseconomiques.com\/?p=6044\",\"name\":\"La BEAC a un nouveau gouverneur - challenges economiques\",\"isPartOf\":{\"@id\":\"https:\/\/challengeseconomiques.com\/#website\"},\"primaryImageOfPage\":{\"@id\":\"https:\/\/challengeseconomiques.com\/?p=6044#primaryimage\"},\"image\":{\"@id\":\"https:\/\/challengeseconomiques.com\/?p=6044#primaryimage\"},\"thumbnailUrl\":\"https:\/\/challengeseconomiques.com\/wp-content\/uploads\/2024\/02\/Yvon-Sana-Bangui-720x470-1.webp\",\"datePublished\":\"2024-02-18T12:28:00+00:00\",\"dateModified\":\"2024-02-18T12:28:25+00:00\",\"author\":{\"@id\":\"https:\/\/challengeseconomiques.com\/#\/schema\/person\/b4568c9afebc5a9238a771873801e349\"},\"breadcrumb\":{\"@id\":\"https:\/\/challengeseconomiques.com\/?p=6044#breadcrumb\"},\"inLanguage\":\"fr-FR\",\"potentialAction\":[{\"@type\":\"ReadAction\",\"target\":[\"https:\/\/challengeseconomiques.com\/?p=6044\"]}]},{\"@type\":\"ImageObject\",\"inLanguage\":\"fr-FR\",\"@id\":\"https:\/\/challengeseconomiques.com\/?p=6044#primaryimage\",\"url\":\"https:\/\/challengeseconomiques.com\/wp-content\/uploads\/2024\/02\/Yvon-Sana-Bangui-720x470-1.webp\",\"contentUrl\":\"https:\/\/challengeseconomiques.com\/wp-content\/uploads\/2024\/02\/Yvon-Sana-Bangui-720x470-1.webp\",\"width\":720,\"height\":470},{\"@type\":\"BreadcrumbList\",\"@id\":\"https:\/\/challengeseconomiques.com\/?p=6044#breadcrumb\",\"itemListElement\":[{\"@type\":\"ListItem\",\"position\":1,\"name\":\"Home\",\"item\":\"https:\/\/challengeseconomiques.com\/\"},{\"@type\":\"ListItem\",\"position\":2,\"name\":\"La BEAC a un nouveau gouverneur\"}]},{\"@type\":\"WebSite\",\"@id\":\"https:\/\/challengeseconomiques.com\/#website\",\"url\":\"https:\/\/challengeseconomiques.com\/\",\"name\":\"challenges economiques\",\"description\":\"\",\"potentialAction\":[{\"@type\":\"SearchAction\",\"target\":{\"@type\":\"EntryPoint\",\"urlTemplate\":\"https:\/\/challengeseconomiques.com\/?s={search_term_string}\"},\"query-input\":{\"@type\":\"PropertyValueSpecification\",\"valueRequired\":true,\"valueName\":\"search_term_string\"}}],\"inLanguage\":\"fr-FR\"},{\"@type\":\"Person\",\"@id\":\"https:\/\/challengeseconomiques.com\/#\/schema\/person\/b4568c9afebc5a9238a771873801e349\",\"name\":\"admin\",\"image\":{\"@type\":\"ImageObject\",\"inLanguage\":\"fr-FR\",\"@id\":\"https:\/\/challengeseconomiques.com\/#\/schema\/person\/image\/\",\"url\":\"https:\/\/secure.gravatar.com\/avatar\/099e42240b5eea11acdb72751fcce0dd918603f0749d24974b7984ea47ed9fd9?s=96&d=mm&r=g\",\"contentUrl\":\"https:\/\/secure.gravatar.com\/avatar\/099e42240b5eea11acdb72751fcce0dd918603f0749d24974b7984ea47ed9fd9?s=96&d=mm&r=g\",\"caption\":\"admin\"},\"sameAs\":[\"https:\/\/challengeseconomiques.com\"],\"url\":\"https:\/\/challengeseconomiques.com\/?author=1\"}]}<\/script>\n<!-- \/ Yoast SEO plugin. -->","yoast_head_json":{"title":"La BEAC a un nouveau gouverneur - challenges economiques","robots":{"index":"index","follow":"follow","max-snippet":"max-snippet:-1","max-image-preview":"max-image-preview:large","max-video-preview":"max-video-preview:-1"},"canonical":"https:\/\/challengeseconomiques.com\/?p=6044","og_locale":"fr_FR","og_type":"article","og_title":"La BEAC a un nouveau gouverneur - challenges economiques","og_description":"Homme de la maison, au profil d\u2019ing\u00e9nieur informaticien, le Centrafricain Yvon Sana Bangui a \u00e9t\u00e9 d\u00e9sign\u00e9 Gouverneur de la Banque des \u00c9tats d\u2019Afrique centrale. \u00a0...","og_url":"https:\/\/challengeseconomiques.com\/?p=6044","og_site_name":"challenges economiques","article_published_time":"2024-02-18T12:28:00+00:00","article_modified_time":"2024-02-18T12:28:25+00:00","og_image":[{"width":720,"height":470,"url":"https:\/\/challengeseconomiques.com\/wp-content\/uploads\/2024\/02\/Yvon-Sana-Bangui-720x470-1.webp","type":"image\/webp"}],"author":"admin","twitter_card":"summary_large_image","twitter_misc":{"\u00c9crit par":"admin","Dur\u00e9e de lecture estim\u00e9e":"3 minutes"},"schema":{"@context":"https:\/\/schema.org","@graph":[{"@type":"Article","@id":"https:\/\/challengeseconomiques.com\/?p=6044#article","isPartOf":{"@id":"https:\/\/challengeseconomiques.com\/?p=6044"},"author":{"name":"admin","@id":"https:\/\/challengeseconomiques.com\/#\/schema\/person\/b4568c9afebc5a9238a771873801e349"},"headline":"La BEAC a un nouveau gouverneur","datePublished":"2024-02-18T12:28:00+00:00","dateModified":"2024-02-18T12:28:25+00:00","mainEntityOfPage":{"@id":"https:\/\/challengeseconomiques.com\/?p=6044"},"wordCount":646,"image":{"@id":"https:\/\/challengeseconomiques.com\/?p=6044#primaryimage"},"thumbnailUrl":"https:\/\/challengeseconomiques.com\/wp-content\/uploads\/2024\/02\/Yvon-Sana-Bangui-720x470-1.webp","articleSection":["Actualit\u00e9 \u00e9conomique","Infos \u00e9co"],"inLanguage":"fr-FR"},{"@type":"WebPage","@id":"https:\/\/challengeseconomiques.com\/?p=6044","url":"https:\/\/challengeseconomiques.com\/?p=6044","name":"La BEAC a un nouveau gouverneur - challenges economiques","isPartOf":{"@id":"https:\/\/challengeseconomiques.com\/#website"},"primaryImageOfPage":{"@id":"https:\/\/challengeseconomiques.com\/?p=6044#primaryimage"},"image":{"@id":"https:\/\/challengeseconomiques.com\/?p=6044#primaryimage"},"thumbnailUrl":"https:\/\/challengeseconomiques.com\/wp-content\/uploads\/2024\/02\/Yvon-Sana-Bangui-720x470-1.webp","datePublished":"2024-02-18T12:28:00+00:00","dateModified":"2024-02-18T12:28:25+00:00","author":{"@id":"https:\/\/challengeseconomiques.com\/#\/schema\/person\/b4568c9afebc5a9238a771873801e349"},"breadcrumb":{"@id":"https:\/\/challengeseconomiques.com\/?p=6044#breadcrumb"},"inLanguage":"fr-FR","potentialAction":[{"@type":"ReadAction","target":["https:\/\/challengeseconomiques.com\/?p=6044"]}]},{"@type":"ImageObject","inLanguage":"fr-FR","@id":"https:\/\/challengeseconomiques.com\/?p=6044#primaryimage","url":"https:\/\/challengeseconomiques.com\/wp-content\/uploads\/2024\/02\/Yvon-Sana-Bangui-720x470-1.webp","contentUrl":"https:\/\/challengeseconomiques.com\/wp-content\/uploads\/2024\/02\/Yvon-Sana-Bangui-720x470-1.webp","width":720,"height":470},{"@type":"BreadcrumbList","@id":"https:\/\/challengeseconomiques.com\/?p=6044#breadcrumb","itemListElement":[{"@type":"ListItem","position":1,"name":"Home","item":"https:\/\/challengeseconomiques.com\/"},{"@type":"ListItem","position":2,"name":"La BEAC a un nouveau gouverneur"}]},{"@type":"WebSite","@id":"https:\/\/challengeseconomiques.com\/#website","url":"https:\/\/challengeseconomiques.com\/","name":"challenges economiques","description":"","potentialAction":[{"@type":"SearchAction","target":{"@type":"EntryPoint","urlTemplate":"https:\/\/challengeseconomiques.com\/?s={search_term_string}"},"query-input":{"@type":"PropertyValueSpecification","valueRequired":true,"valueName":"search_term_string"}}],"inLanguage":"fr-FR"},{"@type":"Person","@id":"https:\/\/challengeseconomiques.com\/#\/schema\/person\/b4568c9afebc5a9238a771873801e349","name":"admin","image":{"@type":"ImageObject","inLanguage":"fr-FR","@id":"https:\/\/challengeseconomiques.com\/#\/schema\/person\/image\/","url":"https:\/\/secure.gravatar.com\/avatar\/099e42240b5eea11acdb72751fcce0dd918603f0749d24974b7984ea47ed9fd9?s=96&d=mm&r=g","contentUrl":"https:\/\/secure.gravatar.com\/avatar\/099e42240b5eea11acdb72751fcce0dd918603f0749d24974b7984ea47ed9fd9?s=96&d=mm&r=g","caption":"admin"},"sameAs":["https:\/\/challengeseconomiques.com"],"url":"https:\/\/challengeseconomiques.com\/?author=1"}]}},"jetpack_featured_media_url":"https:\/\/challengeseconomiques.com\/wp-content\/uploads\/2024\/02\/Yvon-Sana-Bangui-720x470-1.webp","jetpack_sharing_enabled":true,"_links":{"self":[{"href":"https:\/\/challengeseconomiques.com\/index.php?rest_route=\/wp\/v2\/posts\/6044","targetHints":{"allow":["GET"]}}],"collection":[{"href":"https:\/\/challengeseconomiques.com\/index.php?rest_route=\/wp\/v2\/posts"}],"about":[{"href":"https:\/\/challengeseconomiques.com\/index.php?rest_route=\/wp\/v2\/types\/post"}],"author":[{"embeddable":true,"href":"https:\/\/challengeseconomiques.com\/index.php?rest_route=\/wp\/v2\/users\/1"}],"replies":[{"embeddable":true,"href":"https:\/\/challengeseconomiques.com\/index.php?rest_route=%2Fwp%2Fv2%2Fcomments&post=6044"}],"version-history":[{"count":1,"href":"https:\/\/challengeseconomiques.com\/index.php?rest_route=\/wp\/v2\/posts\/6044\/revisions"}],"predecessor-version":[{"id":6046,"href":"https:\/\/challengeseconomiques.com\/index.php?rest_route=\/wp\/v2\/posts\/6044\/revisions\/6046"}],"wp:featuredmedia":[{"embeddable":true,"href":"https:\/\/challengeseconomiques.com\/index.php?rest_route=\/wp\/v2\/media\/6045"}],"wp:attachment":[{"href":"https:\/\/challengeseconomiques.com\/index.php?rest_route=%2Fwp%2Fv2%2Fmedia&parent=6044"}],"wp:term":[{"taxonomy":"category","embeddable":true,"href":"https:\/\/challengeseconomiques.com\/index.php?rest_route=%2Fwp%2Fv2%2Fcategories&post=6044"},{"taxonomy":"post_tag","embeddable":true,"href":"https:\/\/challengeseconomiques.com\/index.php?rest_route=%2Fwp%2Fv2%2Ftags&post=6044"}],"curies":[{"name":"wp","href":"https:\/\/api.w.org\/{rel}","templated":true}]}}